{"id":42442,"date":"2022-06-29T13:50:21","date_gmt":"2022-06-29T11:50:21","guid":{"rendered":"https:\/\/swissbaker.ch\/?p=42442"},"modified":"2022-06-29T14:47:53","modified_gmt":"2022-06-29T12:47:53","slug":"ma-joie-est-immense","status":"publish","type":"post","link":"https:\/\/swissbaker.ch\/fr\/panissimo-news\/ma-joie-est-immense\/","title":{"rendered":"\u00ab\u00a0Ma joie est immense\u00a0\u00bb"},"content":{"rendered":"\n<p><strong>Lors du <a href=\"https:\/\/swissbaker.ch\/fr\/panissimo-news\/galerie\/congres-bcs-2022\/\" target=\"_blank\" rel=\"noreferrer noopener\">136e congr\u00e8s de la BCS<\/a>, le 13 juin \u00e0 Berne, le confiseur glaronnais Ludwig Caderas a \u00e9t\u00e9 nomm\u00e9 membre d\u2019honneur.<\/strong><\/p>\n\n\n\n<figure class=\"wp-block-image size-full\"><img decoding=\"async\" width=\"256\" height=\"336\" src=\"https:\/\/swissbaker.ch\/wp-content\/uploads\/2022\/06\/ludwig-caderas_korr.png\" alt=\"\" class=\"wp-image-42405\"\/><figcaption><em>Ludwig Caderas<\/em><\/figcaption><\/figure>\n\n\n\n<p><br>Malheureusement, il n\u2019a pas pu recevoir cet honneur sur place pour des raisons de sant\u00e9. \u00ab Panissimo \u00bb a appel\u00e9 Ludwig Caderas quelques jours plus tard pour s\u2019enqu\u00e9rir de son \u00e9tat de sant\u00e9. \u00ab Je suis \u00e0 pr\u00e9sent \u00e0 nouveau en pleine forme. J\u2019ai aval\u00e9 quelque chose de mauvais. Je n\u2019ai rien pu faire \u00bb, a-t-il regrett\u00e9, lui qui n\u2019avait jamais manqu\u00e9 une r\u00e9union de la commission. Honor\u00e9, il a d\u00fb passer son tour\u2026 Si bien que le pr\u00e9sident cantonal Hans Jenny a r\u00e9ceptionn\u00e9 le dipl\u00f4me \u00e0 sa place. <\/p>\n\n\n\n<p>Jusqu\u2019au dernier moment, toutes les personnes impliqu\u00e9es dans son entourage ont tenu bon, afin que la surprise soit totale. \u00ab Ma joie est immense et cela fait du bien \u00bb, se r\u00e9jouit-il.<\/p>\n\n\n\n<h2 class=\"wp-block-heading\" id=\"h-un-coeur-pour-la-confiserie\">Un coeur pour la confiserie<\/h2>\n\n\n\n<p>\u00ab Son coeur bat pour la confiserie \u00bb, a d\u00e9clar\u00e9 le pr\u00e9sident de la BCS Silvan Hotz dans son \u00e9loge lors du congr\u00e8s. Ludwig Caderas s\u2019\u00e9tait fortement engag\u00e9 pour la formation professionnelle au sein de l\u2019ancienne Union suisse des patrons p\u00e2tissiers-confiseurs et il a ressenti \u00ab l\u2019ouragan Orfo \u00bb avec toute sa violence. En tant que \u00ab confiseur pur et dur \u00bb de Suisse orientale, il a particip\u00e9 aux discussions sur la fusion des deux associations des boulangers et des confiseurs. Apr\u00e8s cette r\u00e9union, il a \u00e9t\u00e9 membre du comit\u00e9 central de la BCS pendant quatre ans en tant que repr\u00e9sentant des confiseurs. Ludwig Caderas a fait preuve d\u2019un engagement extraordinaire en faveur de la rel\u00e8ve. Il a particip\u00e9 \u00e0 de nombreuses commissions et organisations.<br><\/p>\n\n\n\n<h2 class=\"wp-block-heading\">Passionn\u00e9ment li\u00e9 \u00e0 la branche<\/h2>\n\n\n\n<p>A la fin de l\u2019entretien t\u00e9l\u00e9phonique, \u00ab Panissimo \u00bb lui a demand\u00e9 quels \u00e9taient ses projets. En tant que propri\u00e9taire de plusieurs magasins, il veillera d\u2019une mani\u00e8re ou d\u2019une autre \u00e0 ce que ceux-ci continuent d\u2019exister. Diverses personnes sont int\u00e9ress\u00e9es. Il accompagnera ses apprentis jusqu\u2019\u00e0 la proc\u00e9dure de qualification. En outre, Ludwig Caderas pr\u00e9voit de continuer \u00e0 proposer ses produits, comme le pain aux poires, sur diff\u00e9rents march\u00e9s de Suisse. \u00ab Quoi qu\u2019il en soit, je resterai li\u00e9 \u00e0 la branche avec mon coeur et ma passion, et avec mes produits ! \u00bb<\/p>\n\n\n\n<p><\/p>\n\n\n\n<p>Claudia Vernocchi<\/p>\n","protected":false},"excerpt":{"rendered":"<p>Lors du 136e congr\u00e8s de la BCS, le 13 juin \u00e0 Berne, le confiseur glaronnais Ludwig Caderas a \u00e9t\u00e9 nomm\u00e9 membre d\u2019honneur. Malheureusement, il n\u2019a pas pu recevoir cet honneur sur place pour des raisons de sant\u00e9. \u00ab Panissimo \u00bb a appel\u00e9 Ludwig Caderas quelques jours plus tard pour s\u2019enqu\u00e9rir de son \u00e9tat de sant\u00e9. \u00ab Je suis \u00e0 pr\u00e9sent [&hellip;]<\/p>\n","protected":false},"author":4,"featured_media":42545,"comment_status":"open","ping_status":"closed","sticky":true,"template":"","format":"standard","meta":{"_acf_changed":false,"footnotes":""},"categories":[41],"tags":[],"class_list":["post-42442","post","type-post","status-publish","format-standard","has-post-thumbnail","hentry","category-association"],"acf":[],"yoast_head":"<!-- This site is optimized with the Yoast SEO Premium plugin v26.8 (Yoast SEO v26.8) - https:\/\/yoast.com\/product\/yoast-seo-premium-wordpress\/ -->\n<title>\u00ab\u00a0Ma joie est immense\u00a0\u00bb | SBC<\/title>\n<meta name=\"robots\" content=\"index, follow, max-snippet:-1, max-image-preview:large, max-video-preview:-1\" \/>\n<link rel=\"canonical\" href=\"https:\/\/swissbaker.ch\/fr\/panissimo-news\/ma-joie-est-immense\/\" \/>\n<meta property=\"og:locale\" content=\"fr_FR\" \/>\n<meta property=\"og:type\" content=\"article\" \/>\n<meta property=\"og:title\" content=\"\u00ab\u00a0Ma joie est immense\u00a0\u00bb\" \/>\n<meta property=\"og:description\" content=\"Lors du 136e congr\u00e8s de la BCS, le 13 juin \u00e0 Berne, le confiseur glaronnais Ludwig Caderas a \u00e9t\u00e9 nomm\u00e9 membre d\u2019honneur. Malheureusement, il n\u2019a pas pu recevoir cet honneur sur place pour des raisons de sant\u00e9. \u00ab Panissimo \u00bb a appel\u00e9 Ludwig Caderas quelques jours plus tard pour s\u2019enqu\u00e9rir de son \u00e9tat de sant\u00e9. \u00ab Je suis \u00e0 pr\u00e9sent [&hellip;]\" \/>\n<meta property=\"og:url\" content=\"https:\/\/swissbaker.ch\/fr\/panissimo-news\/ma-joie-est-immense\/\" \/>\n<meta property=\"og:site_name\" content=\"SBC\" \/>\n<meta property=\"article:publisher\" content=\"https:\/\/www.facebook.com\/swissbaker.ch\" \/>\n<meta property=\"article:published_time\" content=\"2022-06-29T11:50:21+00:00\" \/>\n<meta property=\"article:modified_time\" content=\"2022-06-29T12:47:53+00:00\" \/>\n<meta property=\"og:image\" content=\"https:\/\/swissbaker.ch\/wp-content\/uploads\/2022\/06\/caderas_6.jpg\" \/>\n\t<meta property=\"og:image:width\" content=\"1590\" \/>\n\t<meta property=\"og:image:height\" content=\"1121\" \/>\n\t<meta property=\"og:image:type\" content=\"image\/jpeg\" \/>\n<meta name=\"author\" content=\"Elina Laich\" \/>\n<meta name=\"twitter:card\" content=\"summary_large_image\" \/>\n<meta name=\"twitter:creator\" content=\"@ch_swissbaker\" \/>\n<meta name=\"twitter:site\" content=\"@ch_swissbaker\" \/>\n<meta name=\"twitter:label1\" content=\"Written by\" \/>\n\t<meta name=\"twitter:data1\" content=\"Elina Laich\" \/>\n\t<meta name=\"twitter:label2\" content=\"Est. reading time\" \/>\n\t<meta name=\"twitter:data2\" content=\"3 minutes\" \/>\n<script type=\"application\/ld+json\" class=\"yoast-schema-graph\">{\"@context\":\"https:\/\/schema.org\",\"@graph\":[{\"@type\":\"Article\",\"@id\":\"https:\/\/swissbaker.ch\/fr\/panissimo-news\/ma-joie-est-immense\/#article\",\"isPartOf\":{\"@id\":\"https:\/\/swissbaker.ch\/fr\/panissimo-news\/ma-joie-est-immense\/\"},\"author\":{\"name\":\"Elina Laich\",\"@id\":\"https:\/\/swissbaker.ch\/fr\/#\/schema\/person\/0c7464407782a0917d6e91a74206a176\"},\"headline\":\"\u00ab\u00a0Ma joie est immense\u00a0\u00bb\",\"datePublished\":\"2022-06-29T11:50:21+00:00\",\"dateModified\":\"2022-06-29T12:47:53+00:00\",\"mainEntityOfPage\":{\"@id\":\"https:\/\/swissbaker.ch\/fr\/panissimo-news\/ma-joie-est-immense\/\"},\"wordCount\":396,\"commentCount\":0,\"publisher\":{\"@id\":\"https:\/\/swissbaker.ch\/fr\/#organization\"},\"image\":{\"@id\":\"https:\/\/swissbaker.ch\/fr\/panissimo-news\/ma-joie-est-immense\/#primaryimage\"},\"thumbnailUrl\":\"https:\/\/swissbaker.ch\/wp-content\/uploads\/2022\/06\/caderas_6.jpg\",\"articleSection\":[\"Association\"],\"inLanguage\":\"fr-FR\",\"potentialAction\":[{\"@type\":\"CommentAction\",\"name\":\"Comment\",\"target\":[\"https:\/\/swissbaker.ch\/fr\/panissimo-news\/ma-joie-est-immense\/#respond\"]}]},{\"@type\":\"WebPage\",\"@id\":\"https:\/\/swissbaker.ch\/fr\/panissimo-news\/ma-joie-est-immense\/\",\"url\":\"https:\/\/swissbaker.ch\/fr\/panissimo-news\/ma-joie-est-immense\/\",\"name\":\"\u00ab\u00a0Ma joie est immense\u00a0\u00bb | SBC\",\"isPartOf\":{\"@id\":\"https:\/\/swissbaker.ch\/fr\/#website\"},\"primaryImageOfPage\":{\"@id\":\"https:\/\/swissbaker.ch\/fr\/panissimo-news\/ma-joie-est-immense\/#primaryimage\"},\"image\":{\"@id\":\"https:\/\/swissbaker.ch\/fr\/panissimo-news\/ma-joie-est-immense\/#primaryimage\"},\"thumbnailUrl\":\"https:\/\/swissbaker.ch\/wp-content\/uploads\/2022\/06\/caderas_6.jpg\",\"datePublished\":\"2022-06-29T11:50:21+00:00\",\"dateModified\":\"2022-06-29T12:47:53+00:00\",\"breadcrumb\":{\"@id\":\"https:\/\/swissbaker.ch\/fr\/panissimo-news\/ma-joie-est-immense\/#breadcrumb\"},\"inLanguage\":\"fr-FR\",\"potentialAction\":[{\"@type\":\"ReadAction\",\"target\":[\"https:\/\/swissbaker.ch\/fr\/panissimo-news\/ma-joie-est-immense\/\"]}]},{\"@type\":\"ImageObject\",\"inLanguage\":\"fr-FR\",\"@id\":\"https:\/\/swissbaker.ch\/fr\/panissimo-news\/ma-joie-est-immense\/#primaryimage\",\"url\":\"https:\/\/swissbaker.ch\/wp-content\/uploads\/2022\/06\/caderas_6.jpg\",\"contentUrl\":\"https:\/\/swissbaker.ch\/wp-content\/uploads\/2022\/06\/caderas_6.jpg\",\"width\":1590,\"height\":1121},{\"@type\":\"BreadcrumbList\",\"@id\":\"https:\/\/swissbaker.ch\/fr\/panissimo-news\/ma-joie-est-immense\/#breadcrumb\",\"itemListElement\":[{\"@type\":\"ListItem\",\"position\":1,\"name\":\"\",\"item\":\"https:\/\/swissbaker.ch\/fr\/\"},{\"@type\":\"ListItem\",\"position\":2,\"name\":\"Association\",\"item\":\"https:\/\/swissbaker.ch\/fr\/panissimo-news\/category\/association\/\"},{\"@type\":\"ListItem\",\"position\":3,\"name\":\"\u00ab\u00a0Ma joie est immense\u00a0\u00bb\"}]},{\"@type\":\"WebSite\",\"@id\":\"https:\/\/swissbaker.ch\/fr\/#website\",\"url\":\"https:\/\/swissbaker.ch\/fr\/\",\"name\":\"SBC\",\"description\":\"\",\"publisher\":{\"@id\":\"https:\/\/swissbaker.ch\/fr\/#organization\"},\"potentialAction\":[{\"@type\":\"SearchAction\",\"target\":{\"@type\":\"EntryPoint\",\"urlTemplate\":\"https:\/\/swissbaker.ch\/fr\/?s={search_term_string}\"},\"query-input\":{\"@type\":\"PropertyValueSpecification\",\"valueRequired\":true,\"valueName\":\"search_term_string\"}}],\"inLanguage\":\"fr-FR\"},{\"@type\":\"Organization\",\"@id\":\"https:\/\/swissbaker.ch\/fr\/#organization\",\"name\":\"Schweizerischer B\u00e4cker-Confiseurmeister-Verband\",\"url\":\"https:\/\/swissbaker.ch\/fr\/\",\"logo\":{\"@type\":\"ImageObject\",\"inLanguage\":\"fr-FR\",\"@id\":\"https:\/\/swissbaker.ch\/fr\/#\/schema\/logo\/image\/\",\"url\":\"https:\/\/swissbaker.ch\/wp-content\/uploads\/2022\/04\/sbc-logo-yoast.jpg\",\"contentUrl\":\"https:\/\/swissbaker.ch\/wp-content\/uploads\/2022\/04\/sbc-logo-yoast.jpg\",\"width\":512,\"height\":512,\"caption\":\"Schweizerischer B\u00e4cker-Confiseurmeister-Verband\"},\"image\":{\"@id\":\"https:\/\/swissbaker.ch\/fr\/#\/schema\/logo\/image\/\"},\"sameAs\":[\"https:\/\/www.facebook.com\/swissbaker.ch\",\"https:\/\/x.com\/ch_swissbaker\"]},{\"@type\":\"Person\",\"@id\":\"https:\/\/swissbaker.ch\/fr\/#\/schema\/person\/0c7464407782a0917d6e91a74206a176\",\"name\":\"Elina Laich\",\"image\":{\"@type\":\"ImageObject\",\"inLanguage\":\"fr-FR\",\"@id\":\"https:\/\/swissbaker.ch\/fr\/#\/schema\/person\/image\/\",\"url\":\"https:\/\/secure.gravatar.com\/avatar\/f942ca5f8668781d3ded9592a21de46001e053aff264ff1c6deb97b59d3604b2?s=96&d=mm&r=g\",\"contentUrl\":\"https:\/\/secure.gravatar.com\/avatar\/f942ca5f8668781d3ded9592a21de46001e053aff264ff1c6deb97b59d3604b2?s=96&d=mm&r=g\",\"caption\":\"Elina Laich\"},\"url\":\"https:\/\/swissbaker.ch\/fr\/panissimo-news\/author\/elina-laich\/\"}]}<\/script>\n<!-- \/ Yoast SEO Premium plugin. -->","yoast_head_json":{"title":"\u00ab\u00a0Ma joie est immense\u00a0\u00bb | SBC","robots":{"index":"index","follow":"follow","max-snippet":"max-snippet:-1","max-image-preview":"max-image-preview:large","max-video-preview":"max-video-preview:-1"},"canonical":"https:\/\/swissbaker.ch\/fr\/panissimo-news\/ma-joie-est-immense\/","og_locale":"fr_FR","og_type":"article","og_title":"\u00ab\u00a0Ma joie est immense\u00a0\u00bb","og_description":"Lors du 136e congr\u00e8s de la BCS, le 13 juin \u00e0 Berne, le confiseur glaronnais Ludwig Caderas a \u00e9t\u00e9 nomm\u00e9 membre d\u2019honneur. Malheureusement, il n\u2019a pas pu recevoir cet honneur sur place pour des raisons de sant\u00e9. \u00ab Panissimo \u00bb a appel\u00e9 Ludwig Caderas quelques jours plus tard pour s\u2019enqu\u00e9rir de son \u00e9tat de sant\u00e9. \u00ab Je suis \u00e0 pr\u00e9sent [&hellip;]","og_url":"https:\/\/swissbaker.ch\/fr\/panissimo-news\/ma-joie-est-immense\/","og_site_name":"SBC","article_publisher":"https:\/\/www.facebook.com\/swissbaker.ch","article_published_time":"2022-06-29T11:50:21+00:00","article_modified_time":"2022-06-29T12:47:53+00:00","og_image":[{"width":1590,"height":1121,"url":"https:\/\/swissbaker.ch\/wp-content\/uploads\/2022\/06\/caderas_6.jpg","type":"image\/jpeg"}],"author":"Elina Laich","twitter_card":"summary_large_image","twitter_creator":"@ch_swissbaker","twitter_site":"@ch_swissbaker","twitter_misc":{"Written by":"Elina Laich","Est. reading time":"3 minutes"},"schema":{"@context":"https:\/\/schema.org","@graph":[{"@type":"Article","@id":"https:\/\/swissbaker.ch\/fr\/panissimo-news\/ma-joie-est-immense\/#article","isPartOf":{"@id":"https:\/\/swissbaker.ch\/fr\/panissimo-news\/ma-joie-est-immense\/"},"author":{"name":"Elina Laich","@id":"https:\/\/swissbaker.ch\/fr\/#\/schema\/person\/0c7464407782a0917d6e91a74206a176"},"headline":"\u00ab\u00a0Ma joie est immense\u00a0\u00bb","datePublished":"2022-06-29T11:50:21+00:00","dateModified":"2022-06-29T12:47:53+00:00","mainEntityOfPage":{"@id":"https:\/\/swissbaker.ch\/fr\/panissimo-news\/ma-joie-est-immense\/"},"wordCount":396,"commentCount":0,"publisher":{"@id":"https:\/\/swissbaker.ch\/fr\/#organization"},"image":{"@id":"https:\/\/swissbaker.ch\/fr\/panissimo-news\/ma-joie-est-immense\/#primaryimage"},"thumbnailUrl":"https:\/\/swissbaker.ch\/wp-content\/uploads\/2022\/06\/caderas_6.jpg","articleSection":["Association"],"inLanguage":"fr-FR","potentialAction":[{"@type":"CommentAction","name":"Comment","target":["https:\/\/swissbaker.ch\/fr\/panissimo-news\/ma-joie-est-immense\/#respond"]}]},{"@type":"WebPage","@id":"https:\/\/swissbaker.ch\/fr\/panissimo-news\/ma-joie-est-immense\/","url":"https:\/\/swissbaker.ch\/fr\/panissimo-news\/ma-joie-est-immense\/","name":"\u00ab\u00a0Ma joie est immense\u00a0\u00bb | SBC","isPartOf":{"@id":"https:\/\/swissbaker.ch\/fr\/#website"},"primaryImageOfPage":{"@id":"https:\/\/swissbaker.ch\/fr\/panissimo-news\/ma-joie-est-immense\/#primaryimage"},"image":{"@id":"https:\/\/swissbaker.ch\/fr\/panissimo-news\/ma-joie-est-immense\/#primaryimage"},"thumbnailUrl":"https:\/\/swissbaker.ch\/wp-content\/uploads\/2022\/06\/caderas_6.jpg","datePublished":"2022-06-29T11:50:21+00:00","dateModified":"2022-06-29T12:47:53+00:00","breadcrumb":{"@id":"https:\/\/swissbaker.ch\/fr\/panissimo-news\/ma-joie-est-immense\/#breadcrumb"},"inLanguage":"fr-FR","potentialAction":[{"@type":"ReadAction","target":["https:\/\/swissbaker.ch\/fr\/panissimo-news\/ma-joie-est-immense\/"]}]},{"@type":"ImageObject","inLanguage":"fr-FR","@id":"https:\/\/swissbaker.ch\/fr\/panissimo-news\/ma-joie-est-immense\/#primaryimage","url":"https:\/\/swissbaker.ch\/wp-content\/uploads\/2022\/06\/caderas_6.jpg","contentUrl":"https:\/\/swissbaker.ch\/wp-content\/uploads\/2022\/06\/caderas_6.jpg","width":1590,"height":1121},{"@type":"BreadcrumbList","@id":"https:\/\/swissbaker.ch\/fr\/panissimo-news\/ma-joie-est-immense\/#breadcrumb","itemListElement":[{"@type":"ListItem","position":1,"name":"","item":"https:\/\/swissbaker.ch\/fr\/"},{"@type":"ListItem","position":2,"name":"Association","item":"https:\/\/swissbaker.ch\/fr\/panissimo-news\/category\/association\/"},{"@type":"ListItem","position":3,"name":"\u00ab\u00a0Ma joie est immense\u00a0\u00bb"}]},{"@type":"WebSite","@id":"https:\/\/swissbaker.ch\/fr\/#website","url":"https:\/\/swissbaker.ch\/fr\/","name":"SBC","description":"","publisher":{"@id":"https:\/\/swissbaker.ch\/fr\/#organization"},"potentialAction":[{"@type":"SearchAction","target":{"@type":"EntryPoint","urlTemplate":"https:\/\/swissbaker.ch\/fr\/?s={search_term_string}"},"query-input":{"@type":"PropertyValueSpecification","valueRequired":true,"valueName":"search_term_string"}}],"inLanguage":"fr-FR"},{"@type":"Organization","@id":"https:\/\/swissbaker.ch\/fr\/#organization","name":"Schweizerischer B\u00e4cker-Confiseurmeister-Verband","url":"https:\/\/swissbaker.ch\/fr\/","logo":{"@type":"ImageObject","inLanguage":"fr-FR","@id":"https:\/\/swissbaker.ch\/fr\/#\/schema\/logo\/image\/","url":"https:\/\/swissbaker.ch\/wp-content\/uploads\/2022\/04\/sbc-logo-yoast.jpg","contentUrl":"https:\/\/swissbaker.ch\/wp-content\/uploads\/2022\/04\/sbc-logo-yoast.jpg","width":512,"height":512,"caption":"Schweizerischer B\u00e4cker-Confiseurmeister-Verband"},"image":{"@id":"https:\/\/swissbaker.ch\/fr\/#\/schema\/logo\/image\/"},"sameAs":["https:\/\/www.facebook.com\/swissbaker.ch","https:\/\/x.com\/ch_swissbaker"]},{"@type":"Person","@id":"https:\/\/swissbaker.ch\/fr\/#\/schema\/person\/0c7464407782a0917d6e91a74206a176","name":"Elina Laich","image":{"@type":"ImageObject","inLanguage":"fr-FR","@id":"https:\/\/swissbaker.ch\/fr\/#\/schema\/person\/image\/","url":"https:\/\/secure.gravatar.com\/avatar\/f942ca5f8668781d3ded9592a21de46001e053aff264ff1c6deb97b59d3604b2?s=96&d=mm&r=g","contentUrl":"https:\/\/secure.gravatar.com\/avatar\/f942ca5f8668781d3ded9592a21de46001e053aff264ff1c6deb97b59d3604b2?s=96&d=mm&r=g","caption":"Elina Laich"},"url":"https:\/\/swissbaker.ch\/fr\/panissimo-news\/author\/elina-laich\/"}]}},"_links":{"self":[{"href":"https:\/\/swissbaker.ch\/fr\/wp-json\/wp\/v2\/posts\/42442","targetHints":{"allow":["GET"]}}],"collection":[{"href":"https:\/\/swissbaker.ch\/fr\/wp-json\/wp\/v2\/posts"}],"about":[{"href":"https:\/\/swissbaker.ch\/fr\/wp-json\/wp\/v2\/types\/post"}],"author":[{"embeddable":true,"href":"https:\/\/swissbaker.ch\/fr\/wp-json\/wp\/v2\/users\/4"}],"replies":[{"embeddable":true,"href":"https:\/\/swissbaker.ch\/fr\/wp-json\/wp\/v2\/comments?post=42442"}],"version-history":[{"count":0,"href":"https:\/\/swissbaker.ch\/fr\/wp-json\/wp\/v2\/posts\/42442\/revisions"}],"wp:featuredmedia":[{"embeddable":true,"href":"https:\/\/swissbaker.ch\/fr\/wp-json\/wp\/v2\/media\/42545"}],"wp:attachment":[{"href":"https:\/\/swissbaker.ch\/fr\/wp-json\/wp\/v2\/media?parent=42442"}],"wp:term":[{"taxonomy":"category","embeddable":true,"href":"https:\/\/swissbaker.ch\/fr\/wp-json\/wp\/v2\/categories?post=42442"},{"taxonomy":"post_tag","embeddable":true,"href":"https:\/\/swissbaker.ch\/fr\/wp-json\/wp\/v2\/tags?post=42442"}],"curies":[{"name":"wp","href":"https:\/\/api.w.org\/{rel}","templated":true}]}}