{"id":40118,"date":"2022-06-23T12:55:36","date_gmt":"2022-06-23T10:55:36","guid":{"rendered":"https:\/\/swissbaker.ch\/?p=40118"},"modified":"2022-06-23T13:02:16","modified_gmt":"2022-06-23T11:02:16","slug":"visite-chez-schlossberg-beck","status":"publish","type":"post","link":"https:\/\/swissbaker.ch\/fr\/panissimo-news\/visite-chez-schlossberg-beck\/","title":{"rendered":"Visite chez Schlossberg-Beck"},"content":{"rendered":"\n<p><strong>Fond\u00e9e en 1989, Schlossberg-Beck est une boulangerie de quartier typique de la ville de Lucerne. Peter Wyler en est le propri\u00e9taire depuis janvier. En s\u2019entretenant avec lui, il appara\u00eet rapidement que cet humble et ing\u00e9nieux entrepreneur a encore beaucoup de projets pour son entreprise, et qu\u2019il peut compter pour ce faire sur une \u00e9quipe engag\u00e9e.<\/strong><\/p>\n\n\n\n<p>Le journaliste de \u00ab\u2009Panissimo\u2009\u00bb entre dans la boulangerie Schlossberg-Beck un vendredi matin peu apr\u00e8s 9 heures, et est impressionn\u00e9 par la vari\u00e9t\u00e9 de l\u2019assortiment\u2009: diff\u00e9rents pains, petits pains, sandwiches garnis avec soin et g\u00e2teaux faits maison se disputent les faveurs des nombreux clients et clientes. Des m\u00e8res avec leurs enfants commandent du caf\u00e9 et des croissants, des artisans prennent des forces avec des sandwiches, tandis que des habitants du quartier plus \u00e2g\u00e9s font des provisions pour la prochaine pause-caf\u00e9. Au milieu de tout cela se trouvent le propri\u00e9taire Peter Wyler et sa responsable des ventes Patricia Weiss. Tous deux ont l\u2019air tr\u00e8s d\u00e9tendus malgr\u00e9 l\u2019activit\u00e9 intense.<\/p>\n\n\n\n<p><strong>Bonheur trouv\u00e9 au Schlossberg avec Proback<\/strong><br>Une fois assis \u00e0 une table du caf\u00e9, Peter Wyler explique\u2009: \u00ab\u2009J\u2019ai tenu pendant 15 ans une boulangerie \u00e0 Sins (AG). L\u2019am\u00e9nagement avait besoin d\u2019\u00eatre r\u00e9nov\u00e9 et les travaux de construction d\u2019un contournement \u00e0 proximit\u00e9 nous faisaient perdre 20\u202f% de notre chiffre d\u2019affaires.\u2009\u00bb Les propri\u00e9taires ne voulant pas proc\u00e9der \u00e0 l\u2019assainissement requis, il s\u2019est mis en qu\u00eate d\u2019un nouveau lieu de travail. \u00ab\u2009Le directeur de Proback de l\u2019\u00e9poque, Bruno von Rotz, a attir\u00e9 mon attention sur le couple M\u00fcller de Schlossberg-Beck, qui souhaitait cesser son activit\u00e9 en raison de son \u00e2ge. Il m\u2019a mis en contact avec lui et j\u2019ai rencontr\u00e9 Peter et Esther M\u00fcller. Nous avons sympathis\u00e9 et nous sommes rapidement mis d\u2019accord sur la vente.\u2009\u00bb&#8230;<\/p>\n\n\n\n<p><em>Lisez l&#8217;article complet dans \u00abPanissimo\u00bb du 17 juin 2022.<\/em><\/p>\n\n\n\n<p><a href=\"https:\/\/swissbaker.ch\/fr\/panissimo-news\/galerie\/schlossbergbeck-luzern\/\" target=\"_blank\" rel=\"noreferrer noopener\">Galerie de photos&#8230;\u00bb<\/a><\/p>\n\n\n\n<p><a href=\"https:\/\/www.schlossbergbeck.ch\/\" target=\"_blank\" rel=\"noreferrer noopener\">schlossbergbeck.ch<\/a><\/p>\n\n\n\n<p>Christian B\u00e4rtschi<\/p>\n","protected":false},"excerpt":{"rendered":"<p>Fond\u00e9e en 1989, Schlossberg-Beck est une boulangerie de quartier typique de la ville de Lucerne. Peter Wyler en est le propri\u00e9taire depuis janvier. En s\u2019entretenant avec lui, il appara\u00eet rapidement que cet humble et ing\u00e9nieux entrepreneur a encore beaucoup de projets pour son entreprise, et qu\u2019il peut compter pour ce faire sur une \u00e9quipe engag\u00e9e. Le journaliste de \u00ab\u2009Panissimo\u2009\u00bb entre [&hellip;]<\/p>\n","protected":false},"author":5,"featured_media":40056,"comment_status":"open","ping_status":"closed","sticky":true,"template":"","format":"standard","meta":{"_acf_changed":false,"footnotes":""},"categories":[42],"tags":[],"class_list":["post-40118","post","type-post","status-publish","format-standard","has-post-thumbnail","hentry","category-boulangeries-confiseries"],"acf":[],"yoast_head":"<!-- This site is optimized with the Yoast SEO Premium plugin v26.8 (Yoast SEO v26.8) - https:\/\/yoast.com\/product\/yoast-seo-premium-wordpress\/ -->\n<title>Visite chez Schlossberg-Beck | SBC<\/title>\n<meta name=\"description\" content=\"Schlossberg-Beck, Lucerne\" \/>\n<meta name=\"robots\" content=\"index, follow, max-snippet:-1, max-image-preview:large, max-video-preview:-1\" \/>\n<link rel=\"canonical\" href=\"https:\/\/swissbaker.ch\/fr\/panissimo-news\/visite-chez-schlossberg-beck\/\" \/>\n<meta property=\"og:locale\" content=\"fr_FR\" \/>\n<meta property=\"og:type\" content=\"article\" \/>\n<meta property=\"og:title\" content=\"Visite chez Schlossberg-Beck\" \/>\n<meta property=\"og:description\" content=\"Schlossberg-Beck, Lucerne\" \/>\n<meta property=\"og:url\" content=\"https:\/\/swissbaker.ch\/fr\/panissimo-news\/visite-chez-schlossberg-beck\/\" \/>\n<meta property=\"og:site_name\" content=\"SBC\" \/>\n<meta property=\"article:publisher\" content=\"https:\/\/www.facebook.com\/swissbaker.ch\" \/>\n<meta property=\"article:published_time\" content=\"2022-06-23T10:55:36+00:00\" \/>\n<meta property=\"article:modified_time\" content=\"2022-06-23T11:02:16+00:00\" \/>\n<meta property=\"og:image\" content=\"https:\/\/swissbaker.ch\/wp-content\/uploads\/2022\/06\/schlossbergbeck-6-e1655980936977.jpg\" \/>\n\t<meta property=\"og:image:width\" content=\"1495\" \/>\n\t<meta property=\"og:image:height\" content=\"1226\" \/>\n\t<meta property=\"og:image:type\" content=\"image\/jpeg\" \/>\n<meta name=\"author\" content=\"Simon Nussbaum\" \/>\n<meta name=\"twitter:card\" content=\"summary_large_image\" \/>\n<meta name=\"twitter:creator\" content=\"@ch_swissbaker\" \/>\n<meta name=\"twitter:site\" content=\"@ch_swissbaker\" \/>\n<meta name=\"twitter:label1\" content=\"Written by\" \/>\n\t<meta name=\"twitter:data1\" content=\"Simon Nussbaum\" \/>\n\t<meta name=\"twitter:label2\" content=\"Est. reading time\" \/>\n\t<meta name=\"twitter:data2\" content=\"2 minutes\" \/>\n<script type=\"application\/ld+json\" class=\"yoast-schema-graph\">{\"@context\":\"https:\/\/schema.org\",\"@graph\":[{\"@type\":\"Article\",\"@id\":\"https:\/\/swissbaker.ch\/fr\/panissimo-news\/visite-chez-schlossberg-beck\/#article\",\"isPartOf\":{\"@id\":\"https:\/\/swissbaker.ch\/fr\/panissimo-news\/visite-chez-schlossberg-beck\/\"},\"author\":{\"name\":\"Simon Nussbaum\",\"@id\":\"https:\/\/swissbaker.ch\/fr\/#\/schema\/person\/74bd327b08c18ca6042c02ff6f0ed5e2\"},\"headline\":\"Visite chez Schlossberg-Beck\",\"datePublished\":\"2022-06-23T10:55:36+00:00\",\"dateModified\":\"2022-06-23T11:02:16+00:00\",\"mainEntityOfPage\":{\"@id\":\"https:\/\/swissbaker.ch\/fr\/panissimo-news\/visite-chez-schlossberg-beck\/\"},\"wordCount\":333,\"commentCount\":0,\"publisher\":{\"@id\":\"https:\/\/swissbaker.ch\/fr\/#organization\"},\"image\":{\"@id\":\"https:\/\/swissbaker.ch\/fr\/panissimo-news\/visite-chez-schlossberg-beck\/#primaryimage\"},\"thumbnailUrl\":\"https:\/\/swissbaker.ch\/wp-content\/uploads\/2022\/06\/schlossbergbeck-6-e1655980936977.jpg\",\"articleSection\":[\"Boulangeries\/Confiseries\"],\"inLanguage\":\"fr-FR\",\"potentialAction\":[{\"@type\":\"CommentAction\",\"name\":\"Comment\",\"target\":[\"https:\/\/swissbaker.ch\/fr\/panissimo-news\/visite-chez-schlossberg-beck\/#respond\"]}]},{\"@type\":\"WebPage\",\"@id\":\"https:\/\/swissbaker.ch\/fr\/panissimo-news\/visite-chez-schlossberg-beck\/\",\"url\":\"https:\/\/swissbaker.ch\/fr\/panissimo-news\/visite-chez-schlossberg-beck\/\",\"name\":\"Visite chez Schlossberg-Beck | SBC\",\"isPartOf\":{\"@id\":\"https:\/\/swissbaker.ch\/fr\/#website\"},\"primaryImageOfPage\":{\"@id\":\"https:\/\/swissbaker.ch\/fr\/panissimo-news\/visite-chez-schlossberg-beck\/#primaryimage\"},\"image\":{\"@id\":\"https:\/\/swissbaker.ch\/fr\/panissimo-news\/visite-chez-schlossberg-beck\/#primaryimage\"},\"thumbnailUrl\":\"https:\/\/swissbaker.ch\/wp-content\/uploads\/2022\/06\/schlossbergbeck-6-e1655980936977.jpg\",\"datePublished\":\"2022-06-23T10:55:36+00:00\",\"dateModified\":\"2022-06-23T11:02:16+00:00\",\"description\":\"Schlossberg-Beck, Lucerne\",\"breadcrumb\":{\"@id\":\"https:\/\/swissbaker.ch\/fr\/panissimo-news\/visite-chez-schlossberg-beck\/#breadcrumb\"},\"inLanguage\":\"fr-FR\",\"potentialAction\":[{\"@type\":\"ReadAction\",\"target\":[\"https:\/\/swissbaker.ch\/fr\/panissimo-news\/visite-chez-schlossberg-beck\/\"]}]},{\"@type\":\"ImageObject\",\"inLanguage\":\"fr-FR\",\"@id\":\"https:\/\/swissbaker.ch\/fr\/panissimo-news\/visite-chez-schlossberg-beck\/#primaryimage\",\"url\":\"https:\/\/swissbaker.ch\/wp-content\/uploads\/2022\/06\/schlossbergbeck-6-e1655980936977.jpg\",\"contentUrl\":\"https:\/\/swissbaker.ch\/wp-content\/uploads\/2022\/06\/schlossbergbeck-6-e1655980936977.jpg\",\"width\":1495,\"height\":1226},{\"@type\":\"BreadcrumbList\",\"@id\":\"https:\/\/swissbaker.ch\/fr\/panissimo-news\/visite-chez-schlossberg-beck\/#breadcrumb\",\"itemListElement\":[{\"@type\":\"ListItem\",\"position\":1,\"name\":\"\",\"item\":\"https:\/\/swissbaker.ch\/fr\/\"},{\"@type\":\"ListItem\",\"position\":2,\"name\":\"Boulangeries\/Confiseries\",\"item\":\"https:\/\/swissbaker.ch\/fr\/panissimo-news\/category\/boulangeries-confiseries\/\"},{\"@type\":\"ListItem\",\"position\":3,\"name\":\"Visite chez Schlossberg-Beck\"}]},{\"@type\":\"WebSite\",\"@id\":\"https:\/\/swissbaker.ch\/fr\/#website\",\"url\":\"https:\/\/swissbaker.ch\/fr\/\",\"name\":\"SBC\",\"description\":\"\",\"publisher\":{\"@id\":\"https:\/\/swissbaker.ch\/fr\/#organization\"},\"potentialAction\":[{\"@type\":\"SearchAction\",\"target\":{\"@type\":\"EntryPoint\",\"urlTemplate\":\"https:\/\/swissbaker.ch\/fr\/?s={search_term_string}\"},\"query-input\":{\"@type\":\"PropertyValueSpecification\",\"valueRequired\":true,\"valueName\":\"search_term_string\"}}],\"inLanguage\":\"fr-FR\"},{\"@type\":\"Organization\",\"@id\":\"https:\/\/swissbaker.ch\/fr\/#organization\",\"name\":\"Schweizerischer B\u00e4cker-Confiseurmeister-Verband\",\"url\":\"https:\/\/swissbaker.ch\/fr\/\",\"logo\":{\"@type\":\"ImageObject\",\"inLanguage\":\"fr-FR\",\"@id\":\"https:\/\/swissbaker.ch\/fr\/#\/schema\/logo\/image\/\",\"url\":\"https:\/\/swissbaker.ch\/wp-content\/uploads\/2022\/04\/sbc-logo-yoast.jpg\",\"contentUrl\":\"https:\/\/swissbaker.ch\/wp-content\/uploads\/2022\/04\/sbc-logo-yoast.jpg\",\"width\":512,\"height\":512,\"caption\":\"Schweizerischer B\u00e4cker-Confiseurmeister-Verband\"},\"image\":{\"@id\":\"https:\/\/swissbaker.ch\/fr\/#\/schema\/logo\/image\/\"},\"sameAs\":[\"https:\/\/www.facebook.com\/swissbaker.ch\",\"https:\/\/x.com\/ch_swissbaker\"]},{\"@type\":\"Person\",\"@id\":\"https:\/\/swissbaker.ch\/fr\/#\/schema\/person\/74bd327b08c18ca6042c02ff6f0ed5e2\",\"name\":\"Simon Nussbaum\",\"image\":{\"@type\":\"ImageObject\",\"inLanguage\":\"fr-FR\",\"@id\":\"https:\/\/swissbaker.ch\/fr\/#\/schema\/person\/image\/\",\"url\":\"https:\/\/secure.gravatar.com\/avatar\/df0eced3bb556c806cb760cf503ade1ed1df25b4104d80d6fd28d93a9509aa12?s=96&d=mm&r=g\",\"contentUrl\":\"https:\/\/secure.gravatar.com\/avatar\/df0eced3bb556c806cb760cf503ade1ed1df25b4104d80d6fd28d93a9509aa12?s=96&d=mm&r=g\",\"caption\":\"Simon Nussbaum\"},\"url\":\"https:\/\/swissbaker.ch\/fr\/panissimo-news\/author\/simon-nussbaum\/\"}]}<\/script>\n<!-- \/ Yoast SEO Premium plugin. -->","yoast_head_json":{"title":"Visite chez Schlossberg-Beck | SBC","description":"Schlossberg-Beck, Lucerne","robots":{"index":"index","follow":"follow","max-snippet":"max-snippet:-1","max-image-preview":"max-image-preview:large","max-video-preview":"max-video-preview:-1"},"canonical":"https:\/\/swissbaker.ch\/fr\/panissimo-news\/visite-chez-schlossberg-beck\/","og_locale":"fr_FR","og_type":"article","og_title":"Visite chez Schlossberg-Beck","og_description":"Schlossberg-Beck, Lucerne","og_url":"https:\/\/swissbaker.ch\/fr\/panissimo-news\/visite-chez-schlossberg-beck\/","og_site_name":"SBC","article_publisher":"https:\/\/www.facebook.com\/swissbaker.ch","article_published_time":"2022-06-23T10:55:36+00:00","article_modified_time":"2022-06-23T11:02:16+00:00","og_image":[{"width":1495,"height":1226,"url":"https:\/\/swissbaker.ch\/wp-content\/uploads\/2022\/06\/schlossbergbeck-6-e1655980936977.jpg","type":"image\/jpeg"}],"author":"Simon Nussbaum","twitter_card":"summary_large_image","twitter_creator":"@ch_swissbaker","twitter_site":"@ch_swissbaker","twitter_misc":{"Written by":"Simon Nussbaum","Est. reading time":"2 minutes"},"schema":{"@context":"https:\/\/schema.org","@graph":[{"@type":"Article","@id":"https:\/\/swissbaker.ch\/fr\/panissimo-news\/visite-chez-schlossberg-beck\/#article","isPartOf":{"@id":"https:\/\/swissbaker.ch\/fr\/panissimo-news\/visite-chez-schlossberg-beck\/"},"author":{"name":"Simon Nussbaum","@id":"https:\/\/swissbaker.ch\/fr\/#\/schema\/person\/74bd327b08c18ca6042c02ff6f0ed5e2"},"headline":"Visite chez Schlossberg-Beck","datePublished":"2022-06-23T10:55:36+00:00","dateModified":"2022-06-23T11:02:16+00:00","mainEntityOfPage":{"@id":"https:\/\/swissbaker.ch\/fr\/panissimo-news\/visite-chez-schlossberg-beck\/"},"wordCount":333,"commentCount":0,"publisher":{"@id":"https:\/\/swissbaker.ch\/fr\/#organization"},"image":{"@id":"https:\/\/swissbaker.ch\/fr\/panissimo-news\/visite-chez-schlossberg-beck\/#primaryimage"},"thumbnailUrl":"https:\/\/swissbaker.ch\/wp-content\/uploads\/2022\/06\/schlossbergbeck-6-e1655980936977.jpg","articleSection":["Boulangeries\/Confiseries"],"inLanguage":"fr-FR","potentialAction":[{"@type":"CommentAction","name":"Comment","target":["https:\/\/swissbaker.ch\/fr\/panissimo-news\/visite-chez-schlossberg-beck\/#respond"]}]},{"@type":"WebPage","@id":"https:\/\/swissbaker.ch\/fr\/panissimo-news\/visite-chez-schlossberg-beck\/","url":"https:\/\/swissbaker.ch\/fr\/panissimo-news\/visite-chez-schlossberg-beck\/","name":"Visite chez Schlossberg-Beck | SBC","isPartOf":{"@id":"https:\/\/swissbaker.ch\/fr\/#website"},"primaryImageOfPage":{"@id":"https:\/\/swissbaker.ch\/fr\/panissimo-news\/visite-chez-schlossberg-beck\/#primaryimage"},"image":{"@id":"https:\/\/swissbaker.ch\/fr\/panissimo-news\/visite-chez-schlossberg-beck\/#primaryimage"},"thumbnailUrl":"https:\/\/swissbaker.ch\/wp-content\/uploads\/2022\/06\/schlossbergbeck-6-e1655980936977.jpg","datePublished":"2022-06-23T10:55:36+00:00","dateModified":"2022-06-23T11:02:16+00:00","description":"Schlossberg-Beck, Lucerne","breadcrumb":{"@id":"https:\/\/swissbaker.ch\/fr\/panissimo-news\/visite-chez-schlossberg-beck\/#breadcrumb"},"inLanguage":"fr-FR","potentialAction":[{"@type":"ReadAction","target":["https:\/\/swissbaker.ch\/fr\/panissimo-news\/visite-chez-schlossberg-beck\/"]}]},{"@type":"ImageObject","inLanguage":"fr-FR","@id":"https:\/\/swissbaker.ch\/fr\/panissimo-news\/visite-chez-schlossberg-beck\/#primaryimage","url":"https:\/\/swissbaker.ch\/wp-content\/uploads\/2022\/06\/schlossbergbeck-6-e1655980936977.jpg","contentUrl":"https:\/\/swissbaker.ch\/wp-content\/uploads\/2022\/06\/schlossbergbeck-6-e1655980936977.jpg","width":1495,"height":1226},{"@type":"BreadcrumbList","@id":"https:\/\/swissbaker.ch\/fr\/panissimo-news\/visite-chez-schlossberg-beck\/#breadcrumb","itemListElement":[{"@type":"ListItem","position":1,"name":"","item":"https:\/\/swissbaker.ch\/fr\/"},{"@type":"ListItem","position":2,"name":"Boulangeries\/Confiseries","item":"https:\/\/swissbaker.ch\/fr\/panissimo-news\/category\/boulangeries-confiseries\/"},{"@type":"ListItem","position":3,"name":"Visite chez Schlossberg-Beck"}]},{"@type":"WebSite","@id":"https:\/\/swissbaker.ch\/fr\/#website","url":"https:\/\/swissbaker.ch\/fr\/","name":"SBC","description":"","publisher":{"@id":"https:\/\/swissbaker.ch\/fr\/#organization"},"potentialAction":[{"@type":"SearchAction","target":{"@type":"EntryPoint","urlTemplate":"https:\/\/swissbaker.ch\/fr\/?s={search_term_string}"},"query-input":{"@type":"PropertyValueSpecification","valueRequired":true,"valueName":"search_term_string"}}],"inLanguage":"fr-FR"},{"@type":"Organization","@id":"https:\/\/swissbaker.ch\/fr\/#organization","name":"Schweizerischer B\u00e4cker-Confiseurmeister-Verband","url":"https:\/\/swissbaker.ch\/fr\/","logo":{"@type":"ImageObject","inLanguage":"fr-FR","@id":"https:\/\/swissbaker.ch\/fr\/#\/schema\/logo\/image\/","url":"https:\/\/swissbaker.ch\/wp-content\/uploads\/2022\/04\/sbc-logo-yoast.jpg","contentUrl":"https:\/\/swissbaker.ch\/wp-content\/uploads\/2022\/04\/sbc-logo-yoast.jpg","width":512,"height":512,"caption":"Schweizerischer B\u00e4cker-Confiseurmeister-Verband"},"image":{"@id":"https:\/\/swissbaker.ch\/fr\/#\/schema\/logo\/image\/"},"sameAs":["https:\/\/www.facebook.com\/swissbaker.ch","https:\/\/x.com\/ch_swissbaker"]},{"@type":"Person","@id":"https:\/\/swissbaker.ch\/fr\/#\/schema\/person\/74bd327b08c18ca6042c02ff6f0ed5e2","name":"Simon Nussbaum","image":{"@type":"ImageObject","inLanguage":"fr-FR","@id":"https:\/\/swissbaker.ch\/fr\/#\/schema\/person\/image\/","url":"https:\/\/secure.gravatar.com\/avatar\/df0eced3bb556c806cb760cf503ade1ed1df25b4104d80d6fd28d93a9509aa12?s=96&d=mm&r=g","contentUrl":"https:\/\/secure.gravatar.com\/avatar\/df0eced3bb556c806cb760cf503ade1ed1df25b4104d80d6fd28d93a9509aa12?s=96&d=mm&r=g","caption":"Simon Nussbaum"},"url":"https:\/\/swissbaker.ch\/fr\/panissimo-news\/author\/simon-nussbaum\/"}]}},"_links":{"self":[{"href":"https:\/\/swissbaker.ch\/fr\/wp-json\/wp\/v2\/posts\/40118","targetHints":{"allow":["GET"]}}],"collection":[{"href":"https:\/\/swissbaker.ch\/fr\/wp-json\/wp\/v2\/posts"}],"about":[{"href":"https:\/\/swissbaker.ch\/fr\/wp-json\/wp\/v2\/types\/post"}],"author":[{"embeddable":true,"href":"https:\/\/swissbaker.ch\/fr\/wp-json\/wp\/v2\/users\/5"}],"replies":[{"embeddable":true,"href":"https:\/\/swissbaker.ch\/fr\/wp-json\/wp\/v2\/comments?post=40118"}],"version-history":[{"count":0,"href":"https:\/\/swissbaker.ch\/fr\/wp-json\/wp\/v2\/posts\/40118\/revisions"}],"wp:featuredmedia":[{"embeddable":true,"href":"https:\/\/swissbaker.ch\/fr\/wp-json\/wp\/v2\/media\/40056"}],"wp:attachment":[{"href":"https:\/\/swissbaker.ch\/fr\/wp-json\/wp\/v2\/media?parent=40118"}],"wp:term":[{"taxonomy":"category","embeddable":true,"href":"https:\/\/swissbaker.ch\/fr\/wp-json\/wp\/v2\/categories?post=40118"},{"taxonomy":"post_tag","embeddable":true,"href":"https:\/\/swissbaker.ch\/fr\/wp-json\/wp\/v2\/tags?post=40118"}],"curies":[{"name":"wp","href":"https:\/\/api.w.org\/{rel}","templated":true}]}}