{"id":39977,"date":"2022-06-23T09:21:44","date_gmt":"2022-06-23T07:21:44","guid":{"rendered":"https:\/\/swissbaker.ch\/?p=39977"},"modified":"2022-07-06T17:11:50","modified_gmt":"2022-07-06T15:11:50","slug":"la-fete-des-fetes-sest-presentee","status":"publish","type":"post","link":"https:\/\/swissbaker.ch\/fr\/panissimo-news\/la-fete-des-fetes-sest-presentee\/","title":{"rendered":"La F\u00eate des f\u00eates s&#8217;est pr\u00e9sent\u00e9e"},"content":{"rendered":"\n<p><strong>Le mardi 21 juin a eu lieu la premi\u00e8re conf\u00e9rence de presse concernant l\u2019\u00e9v\u00e9nement pr\u00e9vu \u00e0 Ballenberg \u00e0 Brienz (BE) : la F\u00eate des F\u00eates<\/strong>.<\/p>\n\n\n\n<figure class=\"wp-block-image size-large\"><img decoding=\"async\" width=\"1024\" height=\"768\" src=\"https:\/\/swissbaker.ch\/wp-content\/uploads\/2022\/06\/12_2_festderfeste-1024x768.jpg\" alt=\"Fest der Feste\" class=\"wp-image-39970\" srcset=\"https:\/\/swissbaker.ch\/wp-content\/uploads\/2022\/06\/12_2_festderfeste-1024x768.jpg 1024w, https:\/\/swissbaker.ch\/wp-content\/uploads\/2022\/06\/12_2_festderfeste-768x576.jpg 768w, https:\/\/swissbaker.ch\/wp-content\/uploads\/2022\/06\/12_2_festderfeste-1000x750.jpg 1000w, https:\/\/swissbaker.ch\/wp-content\/uploads\/2022\/06\/12_2_festderfeste.jpg 1200w\" sizes=\"(max-width: 1024px) 100vw, 1024px\" \/><figcaption>Photo (de gauche \u00e0 droite) : Yves Girard, secr\u00e9taire g\u00e9n\u00e9ral des boulangers-confiseurs vaudois, J\u00fcrg Tr\u00f6hler, chef de projet de la F\u00eate des f\u00eates, et Landry Pahud, membre de l&#8217;organisation de la F\u00eate vaudoise des moissons.<\/figcaption><\/figure>\n\n\n\n<p><br>Quinze traditions et f\u00eates r\u00e9gionales de Suisse pr\u00e9senteront la diversit\u00e9 culinaire et culturelle dans les espaces paysagers et les b\u00e2timents du mus\u00e9e de plein air pendant deux week-ends d&#8217;automne, les 24 et 25 septembre et les 1er et 2 octobre. Les coutumes paysannes, la production agricole et le raffinement artisanal seront sous les projecteurs. Le pr\u00e9sent et l\u2019avenir feront aussi partis des th\u00e8mes.<\/p>\n\n\n<div class=\"wp-block-image\">\n<figure class=\"aligncenter size-large is-resized\"><img decoding=\"async\" src=\"https:\/\/swissbaker.ch\/wp-content\/uploads\/2022\/06\/fest_der_feste_3-768x1024.jpg\" alt=\"\" class=\"wp-image-40241\" width=\"421\" height=\"561\" srcset=\"https:\/\/swissbaker.ch\/wp-content\/uploads\/2022\/06\/fest_der_feste_3-768x1024.jpg 768w, https:\/\/swissbaker.ch\/wp-content\/uploads\/2022\/06\/fest_der_feste_3-1152x1536.jpg 1152w, https:\/\/swissbaker.ch\/wp-content\/uploads\/2022\/06\/fest_der_feste_3.jpg 1536w\" sizes=\"(max-width: 421px) 100vw, 421px\" \/><figcaption><em>C&#8217;est avec des produits de la r\u00e9gion que les deux repr\u00e9sentants vaudois se sont rendus au Ballenberg.<\/em><\/figcaption><\/figure>\n<\/div>\n\n\n<p><br>L&#8217;une de ces f\u00eates est la F\u00eate vaudoise des moissons, organis\u00e9e par les Artisans boulangers-p\u00e2tissiers-confiseurs vaudois. L\u2019association collabore \u00e0 son tour avec des organisations cantonales. Son secr\u00e9taire g\u00e9n\u00e9ral, Yves Girard, a pr\u00e9sent\u00e9 la f\u00eate lors de la conf\u00e9rence de presse. Hormis une exposition sur les c\u00e9r\u00e9ales et les moulins ainsi que des activit\u00e9s pour les plus jeunes visiteurs, l&#8217;artisanat sera mis \u00e0 l&#8217;honneur. Petits p\u00e2t\u00e9s vaudois, sal\u00e9es \u00e0 la cr\u00e8me, taill\u00e9s, pain du Gros-de-Vaud\u2026 Des sp\u00e9cialit\u00e9s vaudoises seront fabriqu\u00e9es sur place.<\/p>\n\n\n<div class=\"wp-block-image\">\n<figure class=\"aligncenter size-large is-resized\"><img decoding=\"async\" src=\"https:\/\/swissbaker.ch\/wp-content\/uploads\/2022\/06\/fest_der_feste-768x1024.jpg\" alt=\"\" class=\"wp-image-40245\" width=\"374\" height=\"498\" srcset=\"https:\/\/swissbaker.ch\/wp-content\/uploads\/2022\/06\/fest_der_feste-768x1024.jpg 768w, https:\/\/swissbaker.ch\/wp-content\/uploads\/2022\/06\/fest_der_feste-1152x1536.jpg 1152w, https:\/\/swissbaker.ch\/wp-content\/uploads\/2022\/06\/fest_der_feste.jpg 1536w\" sizes=\"(max-width: 374px) 100vw, 374px\" \/><figcaption><em>Tous les partenaires pr\u00e9sents ont pu faire des d\u00e9clarations vid\u00e9o qui seront diffus\u00e9es ult\u00e9rieurement. (Yves Girard avec microphone)<\/em><\/figcaption><\/figure>\n<\/div>\n\n\n<p><br>De plus, les Chevaliers du bon pain du canton tiendront leur c\u00e9r\u00e9monie solennelle le 25 septembre. Quant \u00e0 la finale du concours des apprentis, elle s\u2019y d\u00e9roulera le 2 octobre.<\/p>\n\n\n\n<p><a href=\"https:\/\/festderfeste.ch\/fr\/fete-des-fetes\/\" target=\"_blank\" rel=\"noreferrer noopener\">festderfeste.ch<\/a><br><em>cv\/jr<\/em><\/p>\n","protected":false},"excerpt":{"rendered":"<p>Le mardi 21 juin a eu lieu la premi\u00e8re conf\u00e9rence de presse concernant l\u2019\u00e9v\u00e9nement pr\u00e9vu \u00e0 Ballenberg \u00e0 Brienz (BE) : la F\u00eate des F\u00eates. Quinze traditions et f\u00eates r\u00e9gionales de Suisse pr\u00e9senteront la diversit\u00e9 culinaire et culturelle dans les espaces paysagers et les b\u00e2timents du mus\u00e9e de plein air pendant deux week-ends d&#8217;automne, les 24 et 25 septembre et [&hellip;]<\/p>\n","protected":false},"author":5,"featured_media":39970,"comment_status":"open","ping_status":"closed","sticky":true,"template":"","format":"standard","meta":{"_acf_changed":false,"footnotes":""},"categories":[39,40,46],"tags":[],"class_list":["post-39977","post","type-post","status-publish","format-standard","has-post-thumbnail","hentry","category-de-la-branche","category-des-cantons","category-evenement"],"acf":[],"yoast_head":"<!-- This site is optimized with the Yoast SEO Premium plugin v26.8 (Yoast SEO v26.8) - https:\/\/yoast.com\/product\/yoast-seo-premium-wordpress\/ -->\n<title>La F\u00eate des f\u00eates s&#039;est pr\u00e9sent\u00e9e | SBC<\/title>\n<meta name=\"description\" content=\"F\u00eate des f\u00eates, Ballenberg, Boulangeries vaudoises\" \/>\n<meta name=\"robots\" content=\"index, follow, max-snippet:-1, max-image-preview:large, max-video-preview:-1\" \/>\n<link rel=\"canonical\" href=\"https:\/\/swissbaker.ch\/fr\/panissimo-news\/la-fete-des-fetes-sest-presentee\/\" \/>\n<meta property=\"og:locale\" content=\"fr_FR\" \/>\n<meta property=\"og:type\" content=\"article\" \/>\n<meta property=\"og:title\" content=\"La F\u00eate des f\u00eates s&#039;est pr\u00e9sent\u00e9e\" \/>\n<meta property=\"og:description\" content=\"F\u00eate des f\u00eates, Ballenberg, Boulangeries vaudoises\" \/>\n<meta property=\"og:url\" content=\"https:\/\/swissbaker.ch\/fr\/panissimo-news\/la-fete-des-fetes-sest-presentee\/\" \/>\n<meta property=\"og:site_name\" content=\"SBC\" \/>\n<meta property=\"article:publisher\" content=\"https:\/\/www.facebook.com\/swissbaker.ch\" \/>\n<meta property=\"article:published_time\" content=\"2022-06-23T07:21:44+00:00\" \/>\n<meta property=\"article:modified_time\" content=\"2022-07-06T15:11:50+00:00\" \/>\n<meta property=\"og:image\" content=\"https:\/\/swissbaker.ch\/wp-content\/uploads\/2022\/06\/12_2_festderfeste.jpg\" \/>\n\t<meta property=\"og:image:width\" content=\"1200\" \/>\n\t<meta property=\"og:image:height\" content=\"900\" \/>\n\t<meta property=\"og:image:type\" content=\"image\/jpeg\" \/>\n<meta name=\"author\" content=\"Simon Nussbaum\" \/>\n<meta name=\"twitter:card\" content=\"summary_large_image\" \/>\n<meta name=\"twitter:creator\" content=\"@ch_swissbaker\" \/>\n<meta name=\"twitter:site\" content=\"@ch_swissbaker\" \/>\n<meta name=\"twitter:label1\" content=\"Written by\" \/>\n\t<meta name=\"twitter:data1\" content=\"Simon Nussbaum\" \/>\n\t<meta name=\"twitter:label2\" content=\"Est. reading time\" \/>\n\t<meta name=\"twitter:data2\" content=\"3 minutes\" \/>\n<script type=\"application\/ld+json\" class=\"yoast-schema-graph\">{\"@context\":\"https:\/\/schema.org\",\"@graph\":[{\"@type\":\"Article\",\"@id\":\"https:\/\/swissbaker.ch\/fr\/panissimo-news\/la-fete-des-fetes-sest-presentee\/#article\",\"isPartOf\":{\"@id\":\"https:\/\/swissbaker.ch\/fr\/panissimo-news\/la-fete-des-fetes-sest-presentee\/\"},\"author\":{\"name\":\"Simon Nussbaum\",\"@id\":\"https:\/\/swissbaker.ch\/fr\/#\/schema\/person\/74bd327b08c18ca6042c02ff6f0ed5e2\"},\"headline\":\"La F\u00eate des f\u00eates s&#8217;est pr\u00e9sent\u00e9e\",\"datePublished\":\"2022-06-23T07:21:44+00:00\",\"dateModified\":\"2022-07-06T15:11:50+00:00\",\"mainEntityOfPage\":{\"@id\":\"https:\/\/swissbaker.ch\/fr\/panissimo-news\/la-fete-des-fetes-sest-presentee\/\"},\"wordCount\":331,\"commentCount\":0,\"publisher\":{\"@id\":\"https:\/\/swissbaker.ch\/fr\/#organization\"},\"image\":{\"@id\":\"https:\/\/swissbaker.ch\/fr\/panissimo-news\/la-fete-des-fetes-sest-presentee\/#primaryimage\"},\"thumbnailUrl\":\"https:\/\/swissbaker.ch\/wp-content\/uploads\/2022\/06\/12_2_festderfeste.jpg\",\"articleSection\":[\"De la branche\",\"Des cantons\",\"Ev\u00e9nement\"],\"inLanguage\":\"fr-FR\",\"potentialAction\":[{\"@type\":\"CommentAction\",\"name\":\"Comment\",\"target\":[\"https:\/\/swissbaker.ch\/fr\/panissimo-news\/la-fete-des-fetes-sest-presentee\/#respond\"]}]},{\"@type\":\"WebPage\",\"@id\":\"https:\/\/swissbaker.ch\/fr\/panissimo-news\/la-fete-des-fetes-sest-presentee\/\",\"url\":\"https:\/\/swissbaker.ch\/fr\/panissimo-news\/la-fete-des-fetes-sest-presentee\/\",\"name\":\"La F\u00eate des f\u00eates s'est pr\u00e9sent\u00e9e | SBC\",\"isPartOf\":{\"@id\":\"https:\/\/swissbaker.ch\/fr\/#website\"},\"primaryImageOfPage\":{\"@id\":\"https:\/\/swissbaker.ch\/fr\/panissimo-news\/la-fete-des-fetes-sest-presentee\/#primaryimage\"},\"image\":{\"@id\":\"https:\/\/swissbaker.ch\/fr\/panissimo-news\/la-fete-des-fetes-sest-presentee\/#primaryimage\"},\"thumbnailUrl\":\"https:\/\/swissbaker.ch\/wp-content\/uploads\/2022\/06\/12_2_festderfeste.jpg\",\"datePublished\":\"2022-06-23T07:21:44+00:00\",\"dateModified\":\"2022-07-06T15:11:50+00:00\",\"description\":\"F\u00eate des f\u00eates, Ballenberg, Boulangeries vaudoises\",\"breadcrumb\":{\"@id\":\"https:\/\/swissbaker.ch\/fr\/panissimo-news\/la-fete-des-fetes-sest-presentee\/#breadcrumb\"},\"inLanguage\":\"fr-FR\",\"potentialAction\":[{\"@type\":\"ReadAction\",\"target\":[\"https:\/\/swissbaker.ch\/fr\/panissimo-news\/la-fete-des-fetes-sest-presentee\/\"]}]},{\"@type\":\"ImageObject\",\"inLanguage\":\"fr-FR\",\"@id\":\"https:\/\/swissbaker.ch\/fr\/panissimo-news\/la-fete-des-fetes-sest-presentee\/#primaryimage\",\"url\":\"https:\/\/swissbaker.ch\/wp-content\/uploads\/2022\/06\/12_2_festderfeste.jpg\",\"contentUrl\":\"https:\/\/swissbaker.ch\/wp-content\/uploads\/2022\/06\/12_2_festderfeste.jpg\",\"width\":1200,\"height\":900,\"caption\":\"Fest der Feste\"},{\"@type\":\"BreadcrumbList\",\"@id\":\"https:\/\/swissbaker.ch\/fr\/panissimo-news\/la-fete-des-fetes-sest-presentee\/#breadcrumb\",\"itemListElement\":[{\"@type\":\"ListItem\",\"position\":1,\"name\":\"\",\"item\":\"https:\/\/swissbaker.ch\/fr\/\"},{\"@type\":\"ListItem\",\"position\":2,\"name\":\"Des cantons\",\"item\":\"https:\/\/swissbaker.ch\/fr\/panissimo-news\/category\/des-cantons\/\"},{\"@type\":\"ListItem\",\"position\":3,\"name\":\"La F\u00eate des f\u00eates s&rsquo;est pr\u00e9sent\u00e9e\"}]},{\"@type\":\"WebSite\",\"@id\":\"https:\/\/swissbaker.ch\/fr\/#website\",\"url\":\"https:\/\/swissbaker.ch\/fr\/\",\"name\":\"SBC\",\"description\":\"\",\"publisher\":{\"@id\":\"https:\/\/swissbaker.ch\/fr\/#organization\"},\"potentialAction\":[{\"@type\":\"SearchAction\",\"target\":{\"@type\":\"EntryPoint\",\"urlTemplate\":\"https:\/\/swissbaker.ch\/fr\/?s={search_term_string}\"},\"query-input\":{\"@type\":\"PropertyValueSpecification\",\"valueRequired\":true,\"valueName\":\"search_term_string\"}}],\"inLanguage\":\"fr-FR\"},{\"@type\":\"Organization\",\"@id\":\"https:\/\/swissbaker.ch\/fr\/#organization\",\"name\":\"Schweizerischer B\u00e4cker-Confiseurmeister-Verband\",\"url\":\"https:\/\/swissbaker.ch\/fr\/\",\"logo\":{\"@type\":\"ImageObject\",\"inLanguage\":\"fr-FR\",\"@id\":\"https:\/\/swissbaker.ch\/fr\/#\/schema\/logo\/image\/\",\"url\":\"https:\/\/swissbaker.ch\/wp-content\/uploads\/2022\/04\/sbc-logo-yoast.jpg\",\"contentUrl\":\"https:\/\/swissbaker.ch\/wp-content\/uploads\/2022\/04\/sbc-logo-yoast.jpg\",\"width\":512,\"height\":512,\"caption\":\"Schweizerischer B\u00e4cker-Confiseurmeister-Verband\"},\"image\":{\"@id\":\"https:\/\/swissbaker.ch\/fr\/#\/schema\/logo\/image\/\"},\"sameAs\":[\"https:\/\/www.facebook.com\/swissbaker.ch\",\"https:\/\/x.com\/ch_swissbaker\"]},{\"@type\":\"Person\",\"@id\":\"https:\/\/swissbaker.ch\/fr\/#\/schema\/person\/74bd327b08c18ca6042c02ff6f0ed5e2\",\"name\":\"Simon Nussbaum\",\"image\":{\"@type\":\"ImageObject\",\"inLanguage\":\"fr-FR\",\"@id\":\"https:\/\/swissbaker.ch\/fr\/#\/schema\/person\/image\/\",\"url\":\"https:\/\/secure.gravatar.com\/avatar\/df0eced3bb556c806cb760cf503ade1ed1df25b4104d80d6fd28d93a9509aa12?s=96&d=mm&r=g\",\"contentUrl\":\"https:\/\/secure.gravatar.com\/avatar\/df0eced3bb556c806cb760cf503ade1ed1df25b4104d80d6fd28d93a9509aa12?s=96&d=mm&r=g\",\"caption\":\"Simon Nussbaum\"},\"url\":\"https:\/\/swissbaker.ch\/fr\/panissimo-news\/author\/simon-nussbaum\/\"}]}<\/script>\n<!-- \/ Yoast SEO Premium plugin. -->","yoast_head_json":{"title":"La F\u00eate des f\u00eates s'est pr\u00e9sent\u00e9e | SBC","description":"F\u00eate des f\u00eates, Ballenberg, Boulangeries vaudoises","robots":{"index":"index","follow":"follow","max-snippet":"max-snippet:-1","max-image-preview":"max-image-preview:large","max-video-preview":"max-video-preview:-1"},"canonical":"https:\/\/swissbaker.ch\/fr\/panissimo-news\/la-fete-des-fetes-sest-presentee\/","og_locale":"fr_FR","og_type":"article","og_title":"La F\u00eate des f\u00eates s'est pr\u00e9sent\u00e9e","og_description":"F\u00eate des f\u00eates, Ballenberg, Boulangeries vaudoises","og_url":"https:\/\/swissbaker.ch\/fr\/panissimo-news\/la-fete-des-fetes-sest-presentee\/","og_site_name":"SBC","article_publisher":"https:\/\/www.facebook.com\/swissbaker.ch","article_published_time":"2022-06-23T07:21:44+00:00","article_modified_time":"2022-07-06T15:11:50+00:00","og_image":[{"width":1200,"height":900,"url":"https:\/\/swissbaker.ch\/wp-content\/uploads\/2022\/06\/12_2_festderfeste.jpg","type":"image\/jpeg"}],"author":"Simon Nussbaum","twitter_card":"summary_large_image","twitter_creator":"@ch_swissbaker","twitter_site":"@ch_swissbaker","twitter_misc":{"Written by":"Simon Nussbaum","Est. reading time":"3 minutes"},"schema":{"@context":"https:\/\/schema.org","@graph":[{"@type":"Article","@id":"https:\/\/swissbaker.ch\/fr\/panissimo-news\/la-fete-des-fetes-sest-presentee\/#article","isPartOf":{"@id":"https:\/\/swissbaker.ch\/fr\/panissimo-news\/la-fete-des-fetes-sest-presentee\/"},"author":{"name":"Simon Nussbaum","@id":"https:\/\/swissbaker.ch\/fr\/#\/schema\/person\/74bd327b08c18ca6042c02ff6f0ed5e2"},"headline":"La F\u00eate des f\u00eates s&#8217;est pr\u00e9sent\u00e9e","datePublished":"2022-06-23T07:21:44+00:00","dateModified":"2022-07-06T15:11:50+00:00","mainEntityOfPage":{"@id":"https:\/\/swissbaker.ch\/fr\/panissimo-news\/la-fete-des-fetes-sest-presentee\/"},"wordCount":331,"commentCount":0,"publisher":{"@id":"https:\/\/swissbaker.ch\/fr\/#organization"},"image":{"@id":"https:\/\/swissbaker.ch\/fr\/panissimo-news\/la-fete-des-fetes-sest-presentee\/#primaryimage"},"thumbnailUrl":"https:\/\/swissbaker.ch\/wp-content\/uploads\/2022\/06\/12_2_festderfeste.jpg","articleSection":["De la branche","Des cantons","Ev\u00e9nement"],"inLanguage":"fr-FR","potentialAction":[{"@type":"CommentAction","name":"Comment","target":["https:\/\/swissbaker.ch\/fr\/panissimo-news\/la-fete-des-fetes-sest-presentee\/#respond"]}]},{"@type":"WebPage","@id":"https:\/\/swissbaker.ch\/fr\/panissimo-news\/la-fete-des-fetes-sest-presentee\/","url":"https:\/\/swissbaker.ch\/fr\/panissimo-news\/la-fete-des-fetes-sest-presentee\/","name":"La F\u00eate des f\u00eates s'est pr\u00e9sent\u00e9e | SBC","isPartOf":{"@id":"https:\/\/swissbaker.ch\/fr\/#website"},"primaryImageOfPage":{"@id":"https:\/\/swissbaker.ch\/fr\/panissimo-news\/la-fete-des-fetes-sest-presentee\/#primaryimage"},"image":{"@id":"https:\/\/swissbaker.ch\/fr\/panissimo-news\/la-fete-des-fetes-sest-presentee\/#primaryimage"},"thumbnailUrl":"https:\/\/swissbaker.ch\/wp-content\/uploads\/2022\/06\/12_2_festderfeste.jpg","datePublished":"2022-06-23T07:21:44+00:00","dateModified":"2022-07-06T15:11:50+00:00","description":"F\u00eate des f\u00eates, Ballenberg, Boulangeries vaudoises","breadcrumb":{"@id":"https:\/\/swissbaker.ch\/fr\/panissimo-news\/la-fete-des-fetes-sest-presentee\/#breadcrumb"},"inLanguage":"fr-FR","potentialAction":[{"@type":"ReadAction","target":["https:\/\/swissbaker.ch\/fr\/panissimo-news\/la-fete-des-fetes-sest-presentee\/"]}]},{"@type":"ImageObject","inLanguage":"fr-FR","@id":"https:\/\/swissbaker.ch\/fr\/panissimo-news\/la-fete-des-fetes-sest-presentee\/#primaryimage","url":"https:\/\/swissbaker.ch\/wp-content\/uploads\/2022\/06\/12_2_festderfeste.jpg","contentUrl":"https:\/\/swissbaker.ch\/wp-content\/uploads\/2022\/06\/12_2_festderfeste.jpg","width":1200,"height":900,"caption":"Fest der Feste"},{"@type":"BreadcrumbList","@id":"https:\/\/swissbaker.ch\/fr\/panissimo-news\/la-fete-des-fetes-sest-presentee\/#breadcrumb","itemListElement":[{"@type":"ListItem","position":1,"name":"","item":"https:\/\/swissbaker.ch\/fr\/"},{"@type":"ListItem","position":2,"name":"Des cantons","item":"https:\/\/swissbaker.ch\/fr\/panissimo-news\/category\/des-cantons\/"},{"@type":"ListItem","position":3,"name":"La F\u00eate des f\u00eates s&rsquo;est pr\u00e9sent\u00e9e"}]},{"@type":"WebSite","@id":"https:\/\/swissbaker.ch\/fr\/#website","url":"https:\/\/swissbaker.ch\/fr\/","name":"SBC","description":"","publisher":{"@id":"https:\/\/swissbaker.ch\/fr\/#organization"},"potentialAction":[{"@type":"SearchAction","target":{"@type":"EntryPoint","urlTemplate":"https:\/\/swissbaker.ch\/fr\/?s={search_term_string}"},"query-input":{"@type":"PropertyValueSpecification","valueRequired":true,"valueName":"search_term_string"}}],"inLanguage":"fr-FR"},{"@type":"Organization","@id":"https:\/\/swissbaker.ch\/fr\/#organization","name":"Schweizerischer B\u00e4cker-Confiseurmeister-Verband","url":"https:\/\/swissbaker.ch\/fr\/","logo":{"@type":"ImageObject","inLanguage":"fr-FR","@id":"https:\/\/swissbaker.ch\/fr\/#\/schema\/logo\/image\/","url":"https:\/\/swissbaker.ch\/wp-content\/uploads\/2022\/04\/sbc-logo-yoast.jpg","contentUrl":"https:\/\/swissbaker.ch\/wp-content\/uploads\/2022\/04\/sbc-logo-yoast.jpg","width":512,"height":512,"caption":"Schweizerischer B\u00e4cker-Confiseurmeister-Verband"},"image":{"@id":"https:\/\/swissbaker.ch\/fr\/#\/schema\/logo\/image\/"},"sameAs":["https:\/\/www.facebook.com\/swissbaker.ch","https:\/\/x.com\/ch_swissbaker"]},{"@type":"Person","@id":"https:\/\/swissbaker.ch\/fr\/#\/schema\/person\/74bd327b08c18ca6042c02ff6f0ed5e2","name":"Simon Nussbaum","image":{"@type":"ImageObject","inLanguage":"fr-FR","@id":"https:\/\/swissbaker.ch\/fr\/#\/schema\/person\/image\/","url":"https:\/\/secure.gravatar.com\/avatar\/df0eced3bb556c806cb760cf503ade1ed1df25b4104d80d6fd28d93a9509aa12?s=96&d=mm&r=g","contentUrl":"https:\/\/secure.gravatar.com\/avatar\/df0eced3bb556c806cb760cf503ade1ed1df25b4104d80d6fd28d93a9509aa12?s=96&d=mm&r=g","caption":"Simon Nussbaum"},"url":"https:\/\/swissbaker.ch\/fr\/panissimo-news\/author\/simon-nussbaum\/"}]}},"_links":{"self":[{"href":"https:\/\/swissbaker.ch\/fr\/wp-json\/wp\/v2\/posts\/39977","targetHints":{"allow":["GET"]}}],"collection":[{"href":"https:\/\/swissbaker.ch\/fr\/wp-json\/wp\/v2\/posts"}],"about":[{"href":"https:\/\/swissbaker.ch\/fr\/wp-json\/wp\/v2\/types\/post"}],"author":[{"embeddable":true,"href":"https:\/\/swissbaker.ch\/fr\/wp-json\/wp\/v2\/users\/5"}],"replies":[{"embeddable":true,"href":"https:\/\/swissbaker.ch\/fr\/wp-json\/wp\/v2\/comments?post=39977"}],"version-history":[{"count":0,"href":"https:\/\/swissbaker.ch\/fr\/wp-json\/wp\/v2\/posts\/39977\/revisions"}],"wp:featuredmedia":[{"embeddable":true,"href":"https:\/\/swissbaker.ch\/fr\/wp-json\/wp\/v2\/media\/39970"}],"wp:attachment":[{"href":"https:\/\/swissbaker.ch\/fr\/wp-json\/wp\/v2\/media?parent=39977"}],"wp:term":[{"taxonomy":"category","embeddable":true,"href":"https:\/\/swissbaker.ch\/fr\/wp-json\/wp\/v2\/categories?post=39977"},{"taxonomy":"post_tag","embeddable":true,"href":"https:\/\/swissbaker.ch\/fr\/wp-json\/wp\/v2\/tags?post=39977"}],"curies":[{"name":"wp","href":"https:\/\/api.w.org\/{rel}","templated":true}]}}