{"id":39618,"date":"2022-06-22T14:09:30","date_gmt":"2022-06-22T12:09:30","guid":{"rendered":"https:\/\/swissbaker.ch\/?p=39618"},"modified":"2022-06-22T14:16:17","modified_gmt":"2022-06-22T12:16:17","slug":"souvenirs-denfance","status":"publish","type":"post","link":"https:\/\/swissbaker.ch\/fr\/panissimo-news\/souvenirs-denfance\/","title":{"rendered":"Souvenirs d\u2019enfance"},"content":{"rendered":"\n<p>\u00c7a klaxonnait toujours dans les rues du petit village de Camedo (TI), en haut des Centovalli, tant dans la partie \u00ab\u2009du bas\u2009\u00bb qui m\u00e8ne \u00e0 la douane, que dans les rues \u00ab\u2009du haut\u2009\u00bb, qui montent vers les autres hameaux. La camionnette faisait la tourn\u00e9e, elle paraissait \u00e9norme et magique \u00e0 mes yeux d\u2019enfants (alors qu\u2019elle \u00e9tait en r\u00e9alit\u00e9 tout \u00e0 fait normale) et transportait de nombreuses gourmandises et du pain frais. Ce dernier arrivait dans le haut de la vall\u00e9e vers midi en semaine, vers 16 heures le samedi (\u00e0 l\u2019heure du go\u00fbter\u2009!).<\/p>\n\n\n\n<p><strong>\u00ab Il panino marmellata\u2009\u00bb<\/strong><br>Grand-p\u00e8re Domenico me donnait toujours deux sous, pour que mon fr\u00e8re et moi puissions acheter l\u2019une des gourmandises les plus douces et les plus d\u00e9licieuses qui soit\u2009: \u00ab\u2009il panino marmellata\u2009\u00bb (petit pain \u00e0 la confiture)\u2009; un sandwich plat de la taille d\u2019une rosette de p\u00e2te sucr\u00e9e (semblable \u00e0 celle d\u2019une tresse au beurre), fourr\u00e9 d\u2019une confiture de fruits rouges, fra\u00eeche et sucr\u00e9e, le meilleur snack au monde\u2009! Et apr\u00e8s l\u2019avoir d\u00e9gust\u00e9 en quelques bouch\u00e9es, je retournais jouer. Mon fr\u00e8re et moi avions l\u2019habitude de nous rendre ensemble, avec le sac \u00e0 pain, au point de rencontre o\u00f9 se rassemblait un petit groupe d\u2019habitants du village pittoresque, alors dens\u00e9ment peupl\u00e9, en attendant l\u2019arriv\u00e9e du boulanger.<\/p>\n\n\n\n<p>Le sac \u00e0 pain \u00e9tait un simple sac en toile (ou similaire), utilis\u00e9 comme \u00ab\u2009panier\u2009\u00bb dans lequel on d\u00e9posait le pain frais (ou d\u2019autres produits tels que le lait). Les commandes \u00e9taient not\u00e9es dans de petits carnets (\u00e0 la main avec l\u2019\u00e9criture de grand-p\u00e8re ou grand-m\u00e8re). J\u2019en ai encore quelques-uns chez moi. Ils me rappellent mon enfance et le lien ind\u00e9fectible entre les \u00eatres chers qui ne sont plus parmi nous et les produits associ\u00e9s au pain, \u00e0 la nourriture et \u00e0 la convivialit\u00e9.<\/p>\n\n\n\n<p>Durant les moments que nous qualifierions aujourd\u2019hui de \u00ab\u2009moments de rassemblement\u2009\u00bb marquant la vie du village, il r\u00e9gnait une pagaille anim\u00e9e et criarde entre les habitants du village et le boulanger venu d\u2019Intragna (TI). De petits moments \u00e9ph\u00e9m\u00e8res d\u2019\u00e9change, de rattrapage, de \u00ab\u2009vie\u2009\u00bb, grav\u00e9s \u00e0 jamais dans ma m\u00e9moire.<\/p>\n\n\n\n<hr class=\"wp-block-separator has-alpha-channel-opacity\"\/>\n\n\n\n<p><em><strong>Lisa Pantini<\/strong> est responsable du service relations membres de la Chambre du commerce, de l\u2019industrie, de l\u2019artisanat et des services du canton du Tessin.<\/em><\/p>\n\n\n\n<hr class=\"wp-block-separator has-alpha-channel-opacity\"\/>\n\n\n\n<p><strong><a href=\"https:\/\/www.swissbaker.ch\/de\/panissimo-news\/swissbaker-blog\/\" target=\"_blank\" rel=\"noreferrer noopener\">swissbaker-blog<\/a><\/strong><br>Les swissbaker-blogs refl\u00e8tent l\u2019opinion de leur auteur. \u00ab Panissimo \u00bb d\u00e9cline toute responsabilit\u00e9 quant \u00e0 l\u2019exactitude et l\u2019exhaustivit\u00e9 de leur contenu.<\/p>\n","protected":false},"excerpt":{"rendered":"<p>\u00c7a klaxonnait toujours dans les rues du petit village de Camedo (TI), en haut des Centovalli, tant dans la partie \u00ab\u2009du bas\u2009\u00bb qui m\u00e8ne \u00e0 la douane, que dans les rues \u00ab\u2009du haut\u2009\u00bb, qui montent vers les autres hameaux. La camionnette faisait la tourn\u00e9e, elle paraissait \u00e9norme et magique \u00e0 mes yeux d\u2019enfants (alors qu\u2019elle \u00e9tait en r\u00e9alit\u00e9 tout \u00e0 [&hellip;]<\/p>\n","protected":false},"author":5,"featured_media":38893,"comment_status":"open","ping_status":"closed","sticky":true,"template":"","format":"standard","meta":{"_acf_changed":false,"footnotes":""},"categories":[58],"tags":[],"class_list":["post-39618","post","type-post","status-publish","format-standard","has-post-thumbnail","hentry","category-swissbaker-blog-fr"],"acf":[],"yoast_head":"<!-- This site is optimized with the Yoast SEO Premium plugin v26.8 (Yoast SEO v26.8) - https:\/\/yoast.com\/product\/yoast-seo-premium-wordpress\/ -->\n<title>Souvenirs d\u2019enfance | SBC<\/title>\n<meta name=\"description\" content=\"Souvenirs d\u2019enfance\" \/>\n<meta name=\"robots\" content=\"index, follow, max-snippet:-1, max-image-preview:large, max-video-preview:-1\" \/>\n<link rel=\"canonical\" href=\"https:\/\/swissbaker.ch\/fr\/panissimo-news\/souvenirs-denfance\/\" \/>\n<meta property=\"og:locale\" content=\"fr_FR\" \/>\n<meta property=\"og:type\" content=\"article\" \/>\n<meta property=\"og:title\" content=\"Souvenirs d\u2019enfance\" \/>\n<meta property=\"og:description\" content=\"Souvenirs d\u2019enfance\" \/>\n<meta property=\"og:url\" content=\"https:\/\/swissbaker.ch\/fr\/panissimo-news\/souvenirs-denfance\/\" \/>\n<meta property=\"og:site_name\" content=\"SBC\" \/>\n<meta property=\"article:publisher\" content=\"https:\/\/www.facebook.com\/swissbaker.ch\" \/>\n<meta property=\"article:published_time\" content=\"2022-06-22T12:09:30+00:00\" \/>\n<meta property=\"article:modified_time\" content=\"2022-06-22T12:16:17+00:00\" \/>\n<meta property=\"og:image\" content=\"https:\/\/swissbaker.ch\/wp-content\/uploads\/2022\/06\/12_2_blog.jpg\" \/>\n\t<meta property=\"og:image:width\" content=\"1200\" \/>\n\t<meta property=\"og:image:height\" content=\"800\" \/>\n\t<meta property=\"og:image:type\" content=\"image\/jpeg\" \/>\n<meta name=\"author\" content=\"Simon Nussbaum\" \/>\n<meta name=\"twitter:card\" content=\"summary_large_image\" \/>\n<meta name=\"twitter:creator\" content=\"@ch_swissbaker\" \/>\n<meta name=\"twitter:site\" content=\"@ch_swissbaker\" \/>\n<meta name=\"twitter:label1\" content=\"Written by\" \/>\n\t<meta name=\"twitter:data1\" content=\"Simon Nussbaum\" \/>\n\t<meta name=\"twitter:label2\" content=\"Est. reading time\" \/>\n\t<meta name=\"twitter:data2\" content=\"3 minutes\" \/>\n<script type=\"application\/ld+json\" class=\"yoast-schema-graph\">{\"@context\":\"https:\/\/schema.org\",\"@graph\":[{\"@type\":\"Article\",\"@id\":\"https:\/\/swissbaker.ch\/fr\/panissimo-news\/souvenirs-denfance\/#article\",\"isPartOf\":{\"@id\":\"https:\/\/swissbaker.ch\/fr\/panissimo-news\/souvenirs-denfance\/\"},\"author\":{\"name\":\"Simon Nussbaum\",\"@id\":\"https:\/\/swissbaker.ch\/fr\/#\/schema\/person\/74bd327b08c18ca6042c02ff6f0ed5e2\"},\"headline\":\"Souvenirs d\u2019enfance\",\"datePublished\":\"2022-06-22T12:09:30+00:00\",\"dateModified\":\"2022-06-22T12:16:17+00:00\",\"mainEntityOfPage\":{\"@id\":\"https:\/\/swissbaker.ch\/fr\/panissimo-news\/souvenirs-denfance\/\"},\"wordCount\":430,\"commentCount\":0,\"publisher\":{\"@id\":\"https:\/\/swissbaker.ch\/fr\/#organization\"},\"image\":{\"@id\":\"https:\/\/swissbaker.ch\/fr\/panissimo-news\/souvenirs-denfance\/#primaryimage\"},\"thumbnailUrl\":\"https:\/\/swissbaker.ch\/wp-content\/uploads\/2022\/06\/12_2_blog.jpg\",\"articleSection\":[\"swissbaker-blog\"],\"inLanguage\":\"fr-FR\",\"potentialAction\":[{\"@type\":\"CommentAction\",\"name\":\"Comment\",\"target\":[\"https:\/\/swissbaker.ch\/fr\/panissimo-news\/souvenirs-denfance\/#respond\"]}]},{\"@type\":\"WebPage\",\"@id\":\"https:\/\/swissbaker.ch\/fr\/panissimo-news\/souvenirs-denfance\/\",\"url\":\"https:\/\/swissbaker.ch\/fr\/panissimo-news\/souvenirs-denfance\/\",\"name\":\"Souvenirs d\u2019enfance | SBC\",\"isPartOf\":{\"@id\":\"https:\/\/swissbaker.ch\/fr\/#website\"},\"primaryImageOfPage\":{\"@id\":\"https:\/\/swissbaker.ch\/fr\/panissimo-news\/souvenirs-denfance\/#primaryimage\"},\"image\":{\"@id\":\"https:\/\/swissbaker.ch\/fr\/panissimo-news\/souvenirs-denfance\/#primaryimage\"},\"thumbnailUrl\":\"https:\/\/swissbaker.ch\/wp-content\/uploads\/2022\/06\/12_2_blog.jpg\",\"datePublished\":\"2022-06-22T12:09:30+00:00\",\"dateModified\":\"2022-06-22T12:16:17+00:00\",\"description\":\"Souvenirs d\u2019enfance\",\"breadcrumb\":{\"@id\":\"https:\/\/swissbaker.ch\/fr\/panissimo-news\/souvenirs-denfance\/#breadcrumb\"},\"inLanguage\":\"fr-FR\",\"potentialAction\":[{\"@type\":\"ReadAction\",\"target\":[\"https:\/\/swissbaker.ch\/fr\/panissimo-news\/souvenirs-denfance\/\"]}]},{\"@type\":\"ImageObject\",\"inLanguage\":\"fr-FR\",\"@id\":\"https:\/\/swissbaker.ch\/fr\/panissimo-news\/souvenirs-denfance\/#primaryimage\",\"url\":\"https:\/\/swissbaker.ch\/wp-content\/uploads\/2022\/06\/12_2_blog.jpg\",\"contentUrl\":\"https:\/\/swissbaker.ch\/wp-content\/uploads\/2022\/06\/12_2_blog.jpg\",\"width\":1200,\"height\":800,\"caption\":\"Lisa Pantini\"},{\"@type\":\"BreadcrumbList\",\"@id\":\"https:\/\/swissbaker.ch\/fr\/panissimo-news\/souvenirs-denfance\/#breadcrumb\",\"itemListElement\":[{\"@type\":\"ListItem\",\"position\":1,\"name\":\"\",\"item\":\"https:\/\/swissbaker.ch\/fr\/\"},{\"@type\":\"ListItem\",\"position\":2,\"name\":\"swissbaker-blog\",\"item\":\"https:\/\/swissbaker.ch\/fr\/panissimo-news\/category\/swissbaker-blog-fr\/\"},{\"@type\":\"ListItem\",\"position\":3,\"name\":\"Souvenirs d\u2019enfance\"}]},{\"@type\":\"WebSite\",\"@id\":\"https:\/\/swissbaker.ch\/fr\/#website\",\"url\":\"https:\/\/swissbaker.ch\/fr\/\",\"name\":\"SBC\",\"description\":\"\",\"publisher\":{\"@id\":\"https:\/\/swissbaker.ch\/fr\/#organization\"},\"potentialAction\":[{\"@type\":\"SearchAction\",\"target\":{\"@type\":\"EntryPoint\",\"urlTemplate\":\"https:\/\/swissbaker.ch\/fr\/?s={search_term_string}\"},\"query-input\":{\"@type\":\"PropertyValueSpecification\",\"valueRequired\":true,\"valueName\":\"search_term_string\"}}],\"inLanguage\":\"fr-FR\"},{\"@type\":\"Organization\",\"@id\":\"https:\/\/swissbaker.ch\/fr\/#organization\",\"name\":\"Schweizerischer B\u00e4cker-Confiseurmeister-Verband\",\"url\":\"https:\/\/swissbaker.ch\/fr\/\",\"logo\":{\"@type\":\"ImageObject\",\"inLanguage\":\"fr-FR\",\"@id\":\"https:\/\/swissbaker.ch\/fr\/#\/schema\/logo\/image\/\",\"url\":\"https:\/\/swissbaker.ch\/wp-content\/uploads\/2022\/04\/sbc-logo-yoast.jpg\",\"contentUrl\":\"https:\/\/swissbaker.ch\/wp-content\/uploads\/2022\/04\/sbc-logo-yoast.jpg\",\"width\":512,\"height\":512,\"caption\":\"Schweizerischer B\u00e4cker-Confiseurmeister-Verband\"},\"image\":{\"@id\":\"https:\/\/swissbaker.ch\/fr\/#\/schema\/logo\/image\/\"},\"sameAs\":[\"https:\/\/www.facebook.com\/swissbaker.ch\",\"https:\/\/x.com\/ch_swissbaker\"]},{\"@type\":\"Person\",\"@id\":\"https:\/\/swissbaker.ch\/fr\/#\/schema\/person\/74bd327b08c18ca6042c02ff6f0ed5e2\",\"name\":\"Simon Nussbaum\",\"image\":{\"@type\":\"ImageObject\",\"inLanguage\":\"fr-FR\",\"@id\":\"https:\/\/swissbaker.ch\/fr\/#\/schema\/person\/image\/\",\"url\":\"https:\/\/secure.gravatar.com\/avatar\/df0eced3bb556c806cb760cf503ade1ed1df25b4104d80d6fd28d93a9509aa12?s=96&d=mm&r=g\",\"contentUrl\":\"https:\/\/secure.gravatar.com\/avatar\/df0eced3bb556c806cb760cf503ade1ed1df25b4104d80d6fd28d93a9509aa12?s=96&d=mm&r=g\",\"caption\":\"Simon Nussbaum\"},\"url\":\"https:\/\/swissbaker.ch\/fr\/panissimo-news\/author\/simon-nussbaum\/\"}]}<\/script>\n<!-- \/ Yoast SEO Premium plugin. -->","yoast_head_json":{"title":"Souvenirs d\u2019enfance | SBC","description":"Souvenirs d\u2019enfance","robots":{"index":"index","follow":"follow","max-snippet":"max-snippet:-1","max-image-preview":"max-image-preview:large","max-video-preview":"max-video-preview:-1"},"canonical":"https:\/\/swissbaker.ch\/fr\/panissimo-news\/souvenirs-denfance\/","og_locale":"fr_FR","og_type":"article","og_title":"Souvenirs d\u2019enfance","og_description":"Souvenirs d\u2019enfance","og_url":"https:\/\/swissbaker.ch\/fr\/panissimo-news\/souvenirs-denfance\/","og_site_name":"SBC","article_publisher":"https:\/\/www.facebook.com\/swissbaker.ch","article_published_time":"2022-06-22T12:09:30+00:00","article_modified_time":"2022-06-22T12:16:17+00:00","og_image":[{"width":1200,"height":800,"url":"https:\/\/swissbaker.ch\/wp-content\/uploads\/2022\/06\/12_2_blog.jpg","type":"image\/jpeg"}],"author":"Simon Nussbaum","twitter_card":"summary_large_image","twitter_creator":"@ch_swissbaker","twitter_site":"@ch_swissbaker","twitter_misc":{"Written by":"Simon Nussbaum","Est. reading time":"3 minutes"},"schema":{"@context":"https:\/\/schema.org","@graph":[{"@type":"Article","@id":"https:\/\/swissbaker.ch\/fr\/panissimo-news\/souvenirs-denfance\/#article","isPartOf":{"@id":"https:\/\/swissbaker.ch\/fr\/panissimo-news\/souvenirs-denfance\/"},"author":{"name":"Simon Nussbaum","@id":"https:\/\/swissbaker.ch\/fr\/#\/schema\/person\/74bd327b08c18ca6042c02ff6f0ed5e2"},"headline":"Souvenirs d\u2019enfance","datePublished":"2022-06-22T12:09:30+00:00","dateModified":"2022-06-22T12:16:17+00:00","mainEntityOfPage":{"@id":"https:\/\/swissbaker.ch\/fr\/panissimo-news\/souvenirs-denfance\/"},"wordCount":430,"commentCount":0,"publisher":{"@id":"https:\/\/swissbaker.ch\/fr\/#organization"},"image":{"@id":"https:\/\/swissbaker.ch\/fr\/panissimo-news\/souvenirs-denfance\/#primaryimage"},"thumbnailUrl":"https:\/\/swissbaker.ch\/wp-content\/uploads\/2022\/06\/12_2_blog.jpg","articleSection":["swissbaker-blog"],"inLanguage":"fr-FR","potentialAction":[{"@type":"CommentAction","name":"Comment","target":["https:\/\/swissbaker.ch\/fr\/panissimo-news\/souvenirs-denfance\/#respond"]}]},{"@type":"WebPage","@id":"https:\/\/swissbaker.ch\/fr\/panissimo-news\/souvenirs-denfance\/","url":"https:\/\/swissbaker.ch\/fr\/panissimo-news\/souvenirs-denfance\/","name":"Souvenirs d\u2019enfance | SBC","isPartOf":{"@id":"https:\/\/swissbaker.ch\/fr\/#website"},"primaryImageOfPage":{"@id":"https:\/\/swissbaker.ch\/fr\/panissimo-news\/souvenirs-denfance\/#primaryimage"},"image":{"@id":"https:\/\/swissbaker.ch\/fr\/panissimo-news\/souvenirs-denfance\/#primaryimage"},"thumbnailUrl":"https:\/\/swissbaker.ch\/wp-content\/uploads\/2022\/06\/12_2_blog.jpg","datePublished":"2022-06-22T12:09:30+00:00","dateModified":"2022-06-22T12:16:17+00:00","description":"Souvenirs d\u2019enfance","breadcrumb":{"@id":"https:\/\/swissbaker.ch\/fr\/panissimo-news\/souvenirs-denfance\/#breadcrumb"},"inLanguage":"fr-FR","potentialAction":[{"@type":"ReadAction","target":["https:\/\/swissbaker.ch\/fr\/panissimo-news\/souvenirs-denfance\/"]}]},{"@type":"ImageObject","inLanguage":"fr-FR","@id":"https:\/\/swissbaker.ch\/fr\/panissimo-news\/souvenirs-denfance\/#primaryimage","url":"https:\/\/swissbaker.ch\/wp-content\/uploads\/2022\/06\/12_2_blog.jpg","contentUrl":"https:\/\/swissbaker.ch\/wp-content\/uploads\/2022\/06\/12_2_blog.jpg","width":1200,"height":800,"caption":"Lisa Pantini"},{"@type":"BreadcrumbList","@id":"https:\/\/swissbaker.ch\/fr\/panissimo-news\/souvenirs-denfance\/#breadcrumb","itemListElement":[{"@type":"ListItem","position":1,"name":"","item":"https:\/\/swissbaker.ch\/fr\/"},{"@type":"ListItem","position":2,"name":"swissbaker-blog","item":"https:\/\/swissbaker.ch\/fr\/panissimo-news\/category\/swissbaker-blog-fr\/"},{"@type":"ListItem","position":3,"name":"Souvenirs d\u2019enfance"}]},{"@type":"WebSite","@id":"https:\/\/swissbaker.ch\/fr\/#website","url":"https:\/\/swissbaker.ch\/fr\/","name":"SBC","description":"","publisher":{"@id":"https:\/\/swissbaker.ch\/fr\/#organization"},"potentialAction":[{"@type":"SearchAction","target":{"@type":"EntryPoint","urlTemplate":"https:\/\/swissbaker.ch\/fr\/?s={search_term_string}"},"query-input":{"@type":"PropertyValueSpecification","valueRequired":true,"valueName":"search_term_string"}}],"inLanguage":"fr-FR"},{"@type":"Organization","@id":"https:\/\/swissbaker.ch\/fr\/#organization","name":"Schweizerischer B\u00e4cker-Confiseurmeister-Verband","url":"https:\/\/swissbaker.ch\/fr\/","logo":{"@type":"ImageObject","inLanguage":"fr-FR","@id":"https:\/\/swissbaker.ch\/fr\/#\/schema\/logo\/image\/","url":"https:\/\/swissbaker.ch\/wp-content\/uploads\/2022\/04\/sbc-logo-yoast.jpg","contentUrl":"https:\/\/swissbaker.ch\/wp-content\/uploads\/2022\/04\/sbc-logo-yoast.jpg","width":512,"height":512,"caption":"Schweizerischer B\u00e4cker-Confiseurmeister-Verband"},"image":{"@id":"https:\/\/swissbaker.ch\/fr\/#\/schema\/logo\/image\/"},"sameAs":["https:\/\/www.facebook.com\/swissbaker.ch","https:\/\/x.com\/ch_swissbaker"]},{"@type":"Person","@id":"https:\/\/swissbaker.ch\/fr\/#\/schema\/person\/74bd327b08c18ca6042c02ff6f0ed5e2","name":"Simon Nussbaum","image":{"@type":"ImageObject","inLanguage":"fr-FR","@id":"https:\/\/swissbaker.ch\/fr\/#\/schema\/person\/image\/","url":"https:\/\/secure.gravatar.com\/avatar\/df0eced3bb556c806cb760cf503ade1ed1df25b4104d80d6fd28d93a9509aa12?s=96&d=mm&r=g","contentUrl":"https:\/\/secure.gravatar.com\/avatar\/df0eced3bb556c806cb760cf503ade1ed1df25b4104d80d6fd28d93a9509aa12?s=96&d=mm&r=g","caption":"Simon Nussbaum"},"url":"https:\/\/swissbaker.ch\/fr\/panissimo-news\/author\/simon-nussbaum\/"}]}},"_links":{"self":[{"href":"https:\/\/swissbaker.ch\/fr\/wp-json\/wp\/v2\/posts\/39618","targetHints":{"allow":["GET"]}}],"collection":[{"href":"https:\/\/swissbaker.ch\/fr\/wp-json\/wp\/v2\/posts"}],"about":[{"href":"https:\/\/swissbaker.ch\/fr\/wp-json\/wp\/v2\/types\/post"}],"author":[{"embeddable":true,"href":"https:\/\/swissbaker.ch\/fr\/wp-json\/wp\/v2\/users\/5"}],"replies":[{"embeddable":true,"href":"https:\/\/swissbaker.ch\/fr\/wp-json\/wp\/v2\/comments?post=39618"}],"version-history":[{"count":0,"href":"https:\/\/swissbaker.ch\/fr\/wp-json\/wp\/v2\/posts\/39618\/revisions"}],"wp:featuredmedia":[{"embeddable":true,"href":"https:\/\/swissbaker.ch\/fr\/wp-json\/wp\/v2\/media\/38893"}],"wp:attachment":[{"href":"https:\/\/swissbaker.ch\/fr\/wp-json\/wp\/v2\/media?parent=39618"}],"wp:term":[{"taxonomy":"category","embeddable":true,"href":"https:\/\/swissbaker.ch\/fr\/wp-json\/wp\/v2\/categories?post=39618"},{"taxonomy":"post_tag","embeddable":true,"href":"https:\/\/swissbaker.ch\/fr\/wp-json\/wp\/v2\/tags?post=39618"}],"curies":[{"name":"wp","href":"https:\/\/api.w.org\/{rel}","templated":true}]}}