{"id":38856,"date":"2022-06-16T14:30:30","date_gmt":"2022-06-16T12:30:30","guid":{"rendered":"https:\/\/swissbaker.ch\/?p=38856"},"modified":"2022-06-16T14:38:42","modified_gmt":"2022-06-16T12:38:42","slug":"interdiction-definitive-de-lagent-blanchissant-dioxyde-de-titane","status":"publish","type":"post","link":"https:\/\/swissbaker.ch\/fr\/panissimo-news\/interdiction-definitive-de-lagent-blanchissant-dioxyde-de-titane\/","title":{"rendered":"Interdiction d\u00e9finitive de l\u2019agent blanchissant dioxyde de titane"},"content":{"rendered":"\n<p><strong>Apr\u00e8s une p\u00e9riode de transition de six mois, l\u2019utilisation de l\u2019agent blanchissant dioxyde de titane sera d\u00e9finitivement interdite \u00e0 partir du 15\u202fseptembre.<\/strong><\/p>\n\n\n\n<p>Le 6\u202fmai 2021, l\u2019Autorit\u00e9 europ\u00e9enne de s\u00e9curit\u00e9 des aliments (EFSA) a publi\u00e9 l\u2019analyse actualis\u00e9e de la s\u00e9curit\u00e9 de l\u2019additif dioxyde de titane E171. L\u2019\u00e9valuation des donn\u00e9es disponibles n\u2019a pas permis de lever le doute relatif \u00e0 un effet d\u00e9l\u00e9t\u00e8re des particules de dioxyde de titane sur le patrimoine g\u00e9n\u00e9tique. Ainsi, au vu d\u2019autres incertitudes scientifiques, les experts de l\u2019EFSA ont conclu que l\u2019utilisation du dioxyde de titane en tant qu\u2019additif alimentaire ne peut plus \u00eatre consid\u00e9r\u00e9e comme s\u00fbre.<\/p>\n\n\n\n<p>L\u2019Office f\u00e9d\u00e9ral de la s\u00e9curit\u00e9 alimentaire et des affaires v\u00e9t\u00e9rinaires a suivi l\u2019UE\u2009: l\u2019interdiction d\u2019utiliser le E171 s\u2019applique \u00e9galement en Suisse depuis mars\u202f2022.<\/p>\n\n\n\n<p><em>Benjamin Horand<\/em><\/p>\n","protected":false},"excerpt":{"rendered":"<p>Apr\u00e8s une p\u00e9riode de transition de six mois, l\u2019utilisation de l\u2019agent blanchissant dioxyde de titane sera d\u00e9finitivement interdite \u00e0 partir du 15\u202fseptembre. Le 6\u202fmai 2021, l\u2019Autorit\u00e9 europ\u00e9enne de s\u00e9curit\u00e9 des aliments (EFSA) a publi\u00e9 l\u2019analyse actualis\u00e9e de la s\u00e9curit\u00e9 de l\u2019additif dioxyde de titane E171. L\u2019\u00e9valuation des donn\u00e9es disponibles n\u2019a pas permis de lever le doute relatif \u00e0 un effet [&hellip;]<\/p>\n","protected":false},"author":5,"featured_media":38855,"comment_status":"open","ping_status":"closed","sticky":false,"template":"","format":"standard","meta":{"_acf_changed":false,"footnotes":""},"categories":[49],"tags":[],"class_list":["post-38856","post","type-post","status-publish","format-standard","has-post-thumbnail","hentry","category-sante-securite"],"acf":[],"yoast_head":"<!-- This site is optimized with the Yoast SEO Premium plugin v26.8 (Yoast SEO v26.8) - https:\/\/yoast.com\/product\/yoast-seo-premium-wordpress\/ -->\n<title>Interdiction d\u00e9finitive de l\u2019agent blanchissant dioxyde de titane | SBC<\/title>\n<meta name=\"robots\" content=\"index, follow, max-snippet:-1, max-image-preview:large, max-video-preview:-1\" \/>\n<link rel=\"canonical\" href=\"https:\/\/swissbaker.ch\/fr\/panissimo-news\/interdiction-definitive-de-lagent-blanchissant-dioxyde-de-titane\/\" \/>\n<meta property=\"og:locale\" content=\"fr_FR\" \/>\n<meta property=\"og:type\" content=\"article\" \/>\n<meta property=\"og:title\" content=\"Interdiction d\u00e9finitive de l\u2019agent blanchissant dioxyde de titane\" \/>\n<meta property=\"og:description\" content=\"Apr\u00e8s une p\u00e9riode de transition de six mois, l\u2019utilisation de l\u2019agent blanchissant dioxyde de titane sera d\u00e9finitivement interdite \u00e0 partir du 15\u202fseptembre. Le 6\u202fmai 2021, l\u2019Autorit\u00e9 europ\u00e9enne de s\u00e9curit\u00e9 des aliments (EFSA) a publi\u00e9 l\u2019analyse actualis\u00e9e de la s\u00e9curit\u00e9 de l\u2019additif dioxyde de titane E171. L\u2019\u00e9valuation des donn\u00e9es disponibles n\u2019a pas permis de lever le doute relatif \u00e0 un effet [&hellip;]\" \/>\n<meta property=\"og:url\" content=\"https:\/\/swissbaker.ch\/fr\/panissimo-news\/interdiction-definitive-de-lagent-blanchissant-dioxyde-de-titane\/\" \/>\n<meta property=\"og:site_name\" content=\"SBC\" \/>\n<meta property=\"article:publisher\" content=\"https:\/\/www.facebook.com\/swissbaker.ch\" \/>\n<meta property=\"article:published_time\" content=\"2022-06-16T12:30:30+00:00\" \/>\n<meta property=\"article:modified_time\" content=\"2022-06-16T12:38:42+00:00\" \/>\n<meta property=\"og:image\" content=\"https:\/\/swissbaker.ch\/wp-content\/uploads\/2022\/06\/12_2_weissmacher.jpg\" \/>\n\t<meta property=\"og:image:width\" content=\"1674\" \/>\n\t<meta property=\"og:image:height\" content=\"1116\" \/>\n\t<meta property=\"og:image:type\" content=\"image\/jpeg\" \/>\n<meta name=\"author\" content=\"Simon Nussbaum\" \/>\n<meta name=\"twitter:card\" content=\"summary_large_image\" \/>\n<meta name=\"twitter:creator\" content=\"@ch_swissbaker\" \/>\n<meta name=\"twitter:site\" content=\"@ch_swissbaker\" \/>\n<meta name=\"twitter:label1\" content=\"Written by\" \/>\n\t<meta name=\"twitter:data1\" content=\"Simon Nussbaum\" \/>\n\t<meta name=\"twitter:label2\" content=\"Est. reading time\" \/>\n\t<meta name=\"twitter:data2\" content=\"1 minute\" \/>\n<script type=\"application\/ld+json\" class=\"yoast-schema-graph\">{\"@context\":\"https:\/\/schema.org\",\"@graph\":[{\"@type\":\"Article\",\"@id\":\"https:\/\/swissbaker.ch\/fr\/panissimo-news\/interdiction-definitive-de-lagent-blanchissant-dioxyde-de-titane\/#article\",\"isPartOf\":{\"@id\":\"https:\/\/swissbaker.ch\/fr\/panissimo-news\/interdiction-definitive-de-lagent-blanchissant-dioxyde-de-titane\/\"},\"author\":{\"name\":\"Simon Nussbaum\",\"@id\":\"https:\/\/swissbaker.ch\/fr\/#\/schema\/person\/74bd327b08c18ca6042c02ff6f0ed5e2\"},\"headline\":\"Interdiction d\u00e9finitive de l\u2019agent blanchissant dioxyde de titane\",\"datePublished\":\"2022-06-16T12:30:30+00:00\",\"dateModified\":\"2022-06-16T12:38:42+00:00\",\"mainEntityOfPage\":{\"@id\":\"https:\/\/swissbaker.ch\/fr\/panissimo-news\/interdiction-definitive-de-lagent-blanchissant-dioxyde-de-titane\/\"},\"wordCount\":169,\"commentCount\":0,\"publisher\":{\"@id\":\"https:\/\/swissbaker.ch\/fr\/#organization\"},\"image\":{\"@id\":\"https:\/\/swissbaker.ch\/fr\/panissimo-news\/interdiction-definitive-de-lagent-blanchissant-dioxyde-de-titane\/#primaryimage\"},\"thumbnailUrl\":\"https:\/\/swissbaker.ch\/wp-content\/uploads\/2022\/06\/12_2_weissmacher.jpg\",\"articleSection\":[\"Sant\u00e9\/S\u00e9curit\u00e9\"],\"inLanguage\":\"fr-FR\",\"potentialAction\":[{\"@type\":\"CommentAction\",\"name\":\"Comment\",\"target\":[\"https:\/\/swissbaker.ch\/fr\/panissimo-news\/interdiction-definitive-de-lagent-blanchissant-dioxyde-de-titane\/#respond\"]}]},{\"@type\":\"WebPage\",\"@id\":\"https:\/\/swissbaker.ch\/fr\/panissimo-news\/interdiction-definitive-de-lagent-blanchissant-dioxyde-de-titane\/\",\"url\":\"https:\/\/swissbaker.ch\/fr\/panissimo-news\/interdiction-definitive-de-lagent-blanchissant-dioxyde-de-titane\/\",\"name\":\"Interdiction d\u00e9finitive de l\u2019agent blanchissant dioxyde de titane | SBC\",\"isPartOf\":{\"@id\":\"https:\/\/swissbaker.ch\/fr\/#website\"},\"primaryImageOfPage\":{\"@id\":\"https:\/\/swissbaker.ch\/fr\/panissimo-news\/interdiction-definitive-de-lagent-blanchissant-dioxyde-de-titane\/#primaryimage\"},\"image\":{\"@id\":\"https:\/\/swissbaker.ch\/fr\/panissimo-news\/interdiction-definitive-de-lagent-blanchissant-dioxyde-de-titane\/#primaryimage\"},\"thumbnailUrl\":\"https:\/\/swissbaker.ch\/wp-content\/uploads\/2022\/06\/12_2_weissmacher.jpg\",\"datePublished\":\"2022-06-16T12:30:30+00:00\",\"dateModified\":\"2022-06-16T12:38:42+00:00\",\"breadcrumb\":{\"@id\":\"https:\/\/swissbaker.ch\/fr\/panissimo-news\/interdiction-definitive-de-lagent-blanchissant-dioxyde-de-titane\/#breadcrumb\"},\"inLanguage\":\"fr-FR\",\"potentialAction\":[{\"@type\":\"ReadAction\",\"target\":[\"https:\/\/swissbaker.ch\/fr\/panissimo-news\/interdiction-definitive-de-lagent-blanchissant-dioxyde-de-titane\/\"]}]},{\"@type\":\"ImageObject\",\"inLanguage\":\"fr-FR\",\"@id\":\"https:\/\/swissbaker.ch\/fr\/panissimo-news\/interdiction-definitive-de-lagent-blanchissant-dioxyde-de-titane\/#primaryimage\",\"url\":\"https:\/\/swissbaker.ch\/wp-content\/uploads\/2022\/06\/12_2_weissmacher.jpg\",\"contentUrl\":\"https:\/\/swissbaker.ch\/wp-content\/uploads\/2022\/06\/12_2_weissmacher.jpg\",\"width\":1674,\"height\":1116},{\"@type\":\"BreadcrumbList\",\"@id\":\"https:\/\/swissbaker.ch\/fr\/panissimo-news\/interdiction-definitive-de-lagent-blanchissant-dioxyde-de-titane\/#breadcrumb\",\"itemListElement\":[{\"@type\":\"ListItem\",\"position\":1,\"name\":\"\",\"item\":\"https:\/\/swissbaker.ch\/fr\/\"},{\"@type\":\"ListItem\",\"position\":2,\"name\":\"Non classifi\u00e9(e)\",\"item\":\"https:\/\/swissbaker.ch\/fr\/panissimo-news\/category\/non-classifiee\/\"},{\"@type\":\"ListItem\",\"position\":3,\"name\":\"Interdiction d\u00e9finitive de l\u2019agent blanchissant dioxyde de titane\"}]},{\"@type\":\"WebSite\",\"@id\":\"https:\/\/swissbaker.ch\/fr\/#website\",\"url\":\"https:\/\/swissbaker.ch\/fr\/\",\"name\":\"SBC\",\"description\":\"\",\"publisher\":{\"@id\":\"https:\/\/swissbaker.ch\/fr\/#organization\"},\"potentialAction\":[{\"@type\":\"SearchAction\",\"target\":{\"@type\":\"EntryPoint\",\"urlTemplate\":\"https:\/\/swissbaker.ch\/fr\/?s={search_term_string}\"},\"query-input\":{\"@type\":\"PropertyValueSpecification\",\"valueRequired\":true,\"valueName\":\"search_term_string\"}}],\"inLanguage\":\"fr-FR\"},{\"@type\":\"Organization\",\"@id\":\"https:\/\/swissbaker.ch\/fr\/#organization\",\"name\":\"Schweizerischer B\u00e4cker-Confiseurmeister-Verband\",\"url\":\"https:\/\/swissbaker.ch\/fr\/\",\"logo\":{\"@type\":\"ImageObject\",\"inLanguage\":\"fr-FR\",\"@id\":\"https:\/\/swissbaker.ch\/fr\/#\/schema\/logo\/image\/\",\"url\":\"https:\/\/swissbaker.ch\/wp-content\/uploads\/2022\/04\/sbc-logo-yoast.jpg\",\"contentUrl\":\"https:\/\/swissbaker.ch\/wp-content\/uploads\/2022\/04\/sbc-logo-yoast.jpg\",\"width\":512,\"height\":512,\"caption\":\"Schweizerischer B\u00e4cker-Confiseurmeister-Verband\"},\"image\":{\"@id\":\"https:\/\/swissbaker.ch\/fr\/#\/schema\/logo\/image\/\"},\"sameAs\":[\"https:\/\/www.facebook.com\/swissbaker.ch\",\"https:\/\/x.com\/ch_swissbaker\"]},{\"@type\":\"Person\",\"@id\":\"https:\/\/swissbaker.ch\/fr\/#\/schema\/person\/74bd327b08c18ca6042c02ff6f0ed5e2\",\"name\":\"Simon Nussbaum\",\"image\":{\"@type\":\"ImageObject\",\"inLanguage\":\"fr-FR\",\"@id\":\"https:\/\/swissbaker.ch\/fr\/#\/schema\/person\/image\/\",\"url\":\"https:\/\/secure.gravatar.com\/avatar\/df0eced3bb556c806cb760cf503ade1ed1df25b4104d80d6fd28d93a9509aa12?s=96&d=mm&r=g\",\"contentUrl\":\"https:\/\/secure.gravatar.com\/avatar\/df0eced3bb556c806cb760cf503ade1ed1df25b4104d80d6fd28d93a9509aa12?s=96&d=mm&r=g\",\"caption\":\"Simon Nussbaum\"},\"url\":\"https:\/\/swissbaker.ch\/fr\/panissimo-news\/author\/simon-nussbaum\/\"}]}<\/script>\n<!-- \/ Yoast SEO Premium plugin. -->","yoast_head_json":{"title":"Interdiction d\u00e9finitive de l\u2019agent blanchissant dioxyde de titane | SBC","robots":{"index":"index","follow":"follow","max-snippet":"max-snippet:-1","max-image-preview":"max-image-preview:large","max-video-preview":"max-video-preview:-1"},"canonical":"https:\/\/swissbaker.ch\/fr\/panissimo-news\/interdiction-definitive-de-lagent-blanchissant-dioxyde-de-titane\/","og_locale":"fr_FR","og_type":"article","og_title":"Interdiction d\u00e9finitive de l\u2019agent blanchissant dioxyde de titane","og_description":"Apr\u00e8s une p\u00e9riode de transition de six mois, l\u2019utilisation de l\u2019agent blanchissant dioxyde de titane sera d\u00e9finitivement interdite \u00e0 partir du 15\u202fseptembre. Le 6\u202fmai 2021, l\u2019Autorit\u00e9 europ\u00e9enne de s\u00e9curit\u00e9 des aliments (EFSA) a publi\u00e9 l\u2019analyse actualis\u00e9e de la s\u00e9curit\u00e9 de l\u2019additif dioxyde de titane E171. L\u2019\u00e9valuation des donn\u00e9es disponibles n\u2019a pas permis de lever le doute relatif \u00e0 un effet [&hellip;]","og_url":"https:\/\/swissbaker.ch\/fr\/panissimo-news\/interdiction-definitive-de-lagent-blanchissant-dioxyde-de-titane\/","og_site_name":"SBC","article_publisher":"https:\/\/www.facebook.com\/swissbaker.ch","article_published_time":"2022-06-16T12:30:30+00:00","article_modified_time":"2022-06-16T12:38:42+00:00","og_image":[{"width":1674,"height":1116,"url":"https:\/\/swissbaker.ch\/wp-content\/uploads\/2022\/06\/12_2_weissmacher.jpg","type":"image\/jpeg"}],"author":"Simon Nussbaum","twitter_card":"summary_large_image","twitter_creator":"@ch_swissbaker","twitter_site":"@ch_swissbaker","twitter_misc":{"Written by":"Simon Nussbaum","Est. reading time":"1 minute"},"schema":{"@context":"https:\/\/schema.org","@graph":[{"@type":"Article","@id":"https:\/\/swissbaker.ch\/fr\/panissimo-news\/interdiction-definitive-de-lagent-blanchissant-dioxyde-de-titane\/#article","isPartOf":{"@id":"https:\/\/swissbaker.ch\/fr\/panissimo-news\/interdiction-definitive-de-lagent-blanchissant-dioxyde-de-titane\/"},"author":{"name":"Simon Nussbaum","@id":"https:\/\/swissbaker.ch\/fr\/#\/schema\/person\/74bd327b08c18ca6042c02ff6f0ed5e2"},"headline":"Interdiction d\u00e9finitive de l\u2019agent blanchissant dioxyde de titane","datePublished":"2022-06-16T12:30:30+00:00","dateModified":"2022-06-16T12:38:42+00:00","mainEntityOfPage":{"@id":"https:\/\/swissbaker.ch\/fr\/panissimo-news\/interdiction-definitive-de-lagent-blanchissant-dioxyde-de-titane\/"},"wordCount":169,"commentCount":0,"publisher":{"@id":"https:\/\/swissbaker.ch\/fr\/#organization"},"image":{"@id":"https:\/\/swissbaker.ch\/fr\/panissimo-news\/interdiction-definitive-de-lagent-blanchissant-dioxyde-de-titane\/#primaryimage"},"thumbnailUrl":"https:\/\/swissbaker.ch\/wp-content\/uploads\/2022\/06\/12_2_weissmacher.jpg","articleSection":["Sant\u00e9\/S\u00e9curit\u00e9"],"inLanguage":"fr-FR","potentialAction":[{"@type":"CommentAction","name":"Comment","target":["https:\/\/swissbaker.ch\/fr\/panissimo-news\/interdiction-definitive-de-lagent-blanchissant-dioxyde-de-titane\/#respond"]}]},{"@type":"WebPage","@id":"https:\/\/swissbaker.ch\/fr\/panissimo-news\/interdiction-definitive-de-lagent-blanchissant-dioxyde-de-titane\/","url":"https:\/\/swissbaker.ch\/fr\/panissimo-news\/interdiction-definitive-de-lagent-blanchissant-dioxyde-de-titane\/","name":"Interdiction d\u00e9finitive de l\u2019agent blanchissant dioxyde de titane | SBC","isPartOf":{"@id":"https:\/\/swissbaker.ch\/fr\/#website"},"primaryImageOfPage":{"@id":"https:\/\/swissbaker.ch\/fr\/panissimo-news\/interdiction-definitive-de-lagent-blanchissant-dioxyde-de-titane\/#primaryimage"},"image":{"@id":"https:\/\/swissbaker.ch\/fr\/panissimo-news\/interdiction-definitive-de-lagent-blanchissant-dioxyde-de-titane\/#primaryimage"},"thumbnailUrl":"https:\/\/swissbaker.ch\/wp-content\/uploads\/2022\/06\/12_2_weissmacher.jpg","datePublished":"2022-06-16T12:30:30+00:00","dateModified":"2022-06-16T12:38:42+00:00","breadcrumb":{"@id":"https:\/\/swissbaker.ch\/fr\/panissimo-news\/interdiction-definitive-de-lagent-blanchissant-dioxyde-de-titane\/#breadcrumb"},"inLanguage":"fr-FR","potentialAction":[{"@type":"ReadAction","target":["https:\/\/swissbaker.ch\/fr\/panissimo-news\/interdiction-definitive-de-lagent-blanchissant-dioxyde-de-titane\/"]}]},{"@type":"ImageObject","inLanguage":"fr-FR","@id":"https:\/\/swissbaker.ch\/fr\/panissimo-news\/interdiction-definitive-de-lagent-blanchissant-dioxyde-de-titane\/#primaryimage","url":"https:\/\/swissbaker.ch\/wp-content\/uploads\/2022\/06\/12_2_weissmacher.jpg","contentUrl":"https:\/\/swissbaker.ch\/wp-content\/uploads\/2022\/06\/12_2_weissmacher.jpg","width":1674,"height":1116},{"@type":"BreadcrumbList","@id":"https:\/\/swissbaker.ch\/fr\/panissimo-news\/interdiction-definitive-de-lagent-blanchissant-dioxyde-de-titane\/#breadcrumb","itemListElement":[{"@type":"ListItem","position":1,"name":"","item":"https:\/\/swissbaker.ch\/fr\/"},{"@type":"ListItem","position":2,"name":"Non classifi\u00e9(e)","item":"https:\/\/swissbaker.ch\/fr\/panissimo-news\/category\/non-classifiee\/"},{"@type":"ListItem","position":3,"name":"Interdiction d\u00e9finitive de l\u2019agent blanchissant dioxyde de titane"}]},{"@type":"WebSite","@id":"https:\/\/swissbaker.ch\/fr\/#website","url":"https:\/\/swissbaker.ch\/fr\/","name":"SBC","description":"","publisher":{"@id":"https:\/\/swissbaker.ch\/fr\/#organization"},"potentialAction":[{"@type":"SearchAction","target":{"@type":"EntryPoint","urlTemplate":"https:\/\/swissbaker.ch\/fr\/?s={search_term_string}"},"query-input":{"@type":"PropertyValueSpecification","valueRequired":true,"valueName":"search_term_string"}}],"inLanguage":"fr-FR"},{"@type":"Organization","@id":"https:\/\/swissbaker.ch\/fr\/#organization","name":"Schweizerischer B\u00e4cker-Confiseurmeister-Verband","url":"https:\/\/swissbaker.ch\/fr\/","logo":{"@type":"ImageObject","inLanguage":"fr-FR","@id":"https:\/\/swissbaker.ch\/fr\/#\/schema\/logo\/image\/","url":"https:\/\/swissbaker.ch\/wp-content\/uploads\/2022\/04\/sbc-logo-yoast.jpg","contentUrl":"https:\/\/swissbaker.ch\/wp-content\/uploads\/2022\/04\/sbc-logo-yoast.jpg","width":512,"height":512,"caption":"Schweizerischer B\u00e4cker-Confiseurmeister-Verband"},"image":{"@id":"https:\/\/swissbaker.ch\/fr\/#\/schema\/logo\/image\/"},"sameAs":["https:\/\/www.facebook.com\/swissbaker.ch","https:\/\/x.com\/ch_swissbaker"]},{"@type":"Person","@id":"https:\/\/swissbaker.ch\/fr\/#\/schema\/person\/74bd327b08c18ca6042c02ff6f0ed5e2","name":"Simon Nussbaum","image":{"@type":"ImageObject","inLanguage":"fr-FR","@id":"https:\/\/swissbaker.ch\/fr\/#\/schema\/person\/image\/","url":"https:\/\/secure.gravatar.com\/avatar\/df0eced3bb556c806cb760cf503ade1ed1df25b4104d80d6fd28d93a9509aa12?s=96&d=mm&r=g","contentUrl":"https:\/\/secure.gravatar.com\/avatar\/df0eced3bb556c806cb760cf503ade1ed1df25b4104d80d6fd28d93a9509aa12?s=96&d=mm&r=g","caption":"Simon Nussbaum"},"url":"https:\/\/swissbaker.ch\/fr\/panissimo-news\/author\/simon-nussbaum\/"}]}},"_links":{"self":[{"href":"https:\/\/swissbaker.ch\/fr\/wp-json\/wp\/v2\/posts\/38856","targetHints":{"allow":["GET"]}}],"collection":[{"href":"https:\/\/swissbaker.ch\/fr\/wp-json\/wp\/v2\/posts"}],"about":[{"href":"https:\/\/swissbaker.ch\/fr\/wp-json\/wp\/v2\/types\/post"}],"author":[{"embeddable":true,"href":"https:\/\/swissbaker.ch\/fr\/wp-json\/wp\/v2\/users\/5"}],"replies":[{"embeddable":true,"href":"https:\/\/swissbaker.ch\/fr\/wp-json\/wp\/v2\/comments?post=38856"}],"version-history":[{"count":0,"href":"https:\/\/swissbaker.ch\/fr\/wp-json\/wp\/v2\/posts\/38856\/revisions"}],"wp:featuredmedia":[{"embeddable":true,"href":"https:\/\/swissbaker.ch\/fr\/wp-json\/wp\/v2\/media\/38855"}],"wp:attachment":[{"href":"https:\/\/swissbaker.ch\/fr\/wp-json\/wp\/v2\/media?parent=38856"}],"wp:term":[{"taxonomy":"category","embeddable":true,"href":"https:\/\/swissbaker.ch\/fr\/wp-json\/wp\/v2\/categories?post=38856"},{"taxonomy":"post_tag","embeddable":true,"href":"https:\/\/swissbaker.ch\/fr\/wp-json\/wp\/v2\/tags?post=38856"}],"curies":[{"name":"wp","href":"https:\/\/api.w.org\/{rel}","templated":true}]}}