{"id":38248,"date":"2022-06-13T18:45:01","date_gmt":"2022-06-13T16:45:01","guid":{"rendered":"https:\/\/swissbaker.ch\/?p=38248"},"modified":"2022-06-15T09:18:39","modified_gmt":"2022-06-15T07:18:39","slug":"la-couronne-boulangere-2022-attribuee-a-eigenbrotler-backwerke-gmbh","status":"publish","type":"post","link":"https:\/\/swissbaker.ch\/fr\/panissimo-news\/la-couronne-boulangere-2022-attribuee-a-eigenbrotler-backwerke-gmbh\/","title":{"rendered":"La \u00abcouronne boulang\u00e8re\u00a02022\u00bb attribu\u00e9e \u00e0 eigenbr\u00f6tler Backwerke GmbH"},"content":{"rendered":"\n<p><\/p>\n\n\n\n<p><strong>La distinction nationale du secteur qu\u2019est la \u00abcouronne boulang\u00e8re\u00bb a \u00e9t\u00e9 remise cette ann\u00e9e \u00e0 eigenbr\u00f6tler Backwerke GmbH \u00e0 Wauwil (LU). L\u2019\u00abexcentrique\u00bb Daniel Amrein est \u2013 dans le sens positif du terme \u2013 un \u00abfreak\u00bb et une figure de proue non conventionnelle dans le secteur de la boulangerie-confiserie. Les places d\u2019honneur sont revenues \u00e0 la boulangerie-p\u00e2tisserie-confiserie P. Cl\u00e9ment, \u00e0 Daillens (VD), et \u00e0 Jovi\u2019s glutenfreie B\u00e4ckerei, \u00e0 Berne.<\/strong><\/p>\n\n\n\n<p>Inventivit\u00e9, professionnalisme, talent et engagement extraordinaire sont les ma\u00eetres mots de la distinction que repr\u00e9sente la \u00abcouronne boulang\u00e8re\u00bb \u2013 dot\u00e9e d\u2019un prix de 15&#8217;000&nbsp;francs. L\u2019Association suisse des patrons boulangers-confiseurs (BCS) et l\u2019Union suisse de la levure (SHV) ont, le 13&nbsp;juin&nbsp;2022, d\u00e9cern\u00e9 pour la dixi\u00e8me fois d\u00e9j\u00e0 le prix cr\u00e9\u00e9 par cette derni\u00e8re. Cette distinction r\u00e9compense des id\u00e9es et des actions sociales, \u00e9conomiques, professionnelles ou \u00e9cologiques.<\/p>\n\n\n\n<h3 class=\"wp-block-heading\"><strong>Une figure de proue novatrice et authentique dans le secteur de la boulangerie-confiserie<\/strong><\/h3>\n\n\n\n<p>L\u2019\u00abexcentrique\u00bb Daniel Amrein ne dirige pas une entreprise traditionnelle. Il a repris la boulangerie de village de son p\u00e8re il y a 33\u00a0ans pour remanier compl\u00e8tement son concept. Le laur\u00e9at de la \u00abcouronne boulang\u00e8re\u00bb n\u2019a pas de magasin, mais vend ses pains et ses produits de boulangerie directement depuis son fournil \u00e0 Wauwil ou sur le march\u00e9 de Lucerne. Daniel Amrein utilise des ingr\u00e9dients biologiques de la r\u00e9gion depuis le passage au nouveau mill\u00e9naire. Il cuit certaines sortes de pain dans un four \u00e0 bois sp\u00e9cial qui fait battre le c\u0153ur de tous les boulangers.<\/p>\n\n\n\n<p>A ce jour, de nombreux restaurants gastronomiques et h\u00f4tels de toute la Suisse s\u2019approvisionnent en pain aupr\u00e8s d\u2019eigenbr\u00f6tler Backwerke GmbH. Daniel Amrein est \u2013 dans le sens positif du terme \u2013 un \u00abfreak\u00bb et une figure de proue novatrice et authentique dans le secteur de la boulangerie-confiserie. Son concept et sa passion ont convaincu le jury de la \u00abcouronne boulang\u00e8re\u00bb.<\/p>\n\n\n\n<p>Outre <a href=\"https:\/\/www.eigenbroetler.info\/\">eigenbr\u00f6tler Backwerke GmbH<\/a>, les deux heureuses entreprises suivantes faisaient \u00e9galement partie des finalistes de la \u00abcouronne boulang\u00e8re 2022\u00bb:<\/p>\n\n\n\n<ul class=\"wp-block-list\"><li><strong>Boulangerie-p\u00e2tisserie-confiserie P. Cl\u00e9ment, Daillens (VD)<br><\/strong>Le propri\u00e9taire, Pascal Cl\u00e9ment, est une personne extr\u00eamement engag\u00e9e et novatrice, tr\u00e8s active au sein de l\u2019association (BCS). Son engagement est aussi tr\u00e8s marqu\u00e9 dans les villages dans lesquels il exploite des sites. N\u00e9 \u00e0 Daillens, l\u2019entrepreneur est \u00e9galement fan et partenaire commercial du club de hockey sur glace de Lausanne, le LHC. Sa client\u00e8le appr\u00e9cie notamment ses cr\u00e9ations humoristiques, telles que le \u00abpain Covid-19\u00bb ou le \u00abParme-Lin\u00bb (un sandwich en l\u2019honneur du conseiller f\u00e9d\u00e9ral Guy Parmelin).<br><a href=\"https:\/\/www.boulangerieclement.ch\/\" target=\"_blank\" rel=\"noreferrer noopener\">boulangerieclement.ch<\/a><br><\/li><li><strong>Jovi\u2019s glutenfreie B\u00e4ckerei, Berne<br><\/strong>La jeune entrepreneuse bernoise Jovana Beslac, Jovi pour les intimes, est elle-m\u00eame atteinte de coeliakie. Elle a ouvert en janvier&nbsp;2021 \u00e0 Berne sa propre boulangerie-confiserie sans gluten, l\u2019une des premi\u00e8res de Suisse sp\u00e9cialis\u00e9e dans le domaine. Son offre comprend des produits sans gluten, des pains et des friandises sans lactose, sans noix et sans \u0153ufs, ainsi que des produits v\u00e9g\u00e9taliens. Outre un magasin, l&#8217;entreprise dispose \u00e9galement d&#8217;une boutique en ligne.<br><a href=\"https:\/\/jovis-glutenfreiebaeckerei.ch\/\" target=\"_blank\" rel=\"noreferrer noopener\">jovis-glutenfreiebaeckerei.ch<\/a><\/li><\/ul>\n\n\n\n<h3 class=\"wp-block-heading\" id=\"h-70-boulangeries-confiseries-en-lice\"><strong>70 boulangeries-confiseries en lice<\/strong><\/h3>\n\n\n\n<p>Au total, 70 entreprises de boulangerie-confiserie \u00e9taient en lice \u2013 apr\u00e8s nomination par des clients et clientes ou d\u00e9p\u00f4t d\u2019un dossier de candidature. Une d\u00e9l\u00e9gation du jury \u2013 comprenant la pr\u00e9sidente du jury Nicole Emmenegger (directrice de SHV), Daniel Daepp (directeur de Klipfel Levure SA), Mathias Roost (directeur de Levure Suisse SA), Silvan Hotz (pr\u00e9sident de la BCS), Urs Wellauer (directeur de la BCS) et Irene Muralt (boulangerie Muralt \u00e0 Ostermundigen) \u2013 s\u2019est rendue dans les entreprises pr\u00e9s\u00e9lectionn\u00e9es en vue de les \u00e9valuer.<\/p>\n\n\n\n<p>La SHV et la BCS f\u00e9licitent tous les nomin\u00e9s, ainsi que le laur\u00e9at de la \u00abcouronne boulang\u00e8re&nbsp;2022\u00bb, et leur souhaitent plein succ\u00e8s pour l\u2018avenir.<\/p>\n\n\n\n<p><em>BCS<\/em><\/p>\n","protected":false},"excerpt":{"rendered":"<p>La distinction nationale du secteur qu\u2019est la \u00abcouronne boulang\u00e8re\u00bb a \u00e9t\u00e9 remise cette ann\u00e9e \u00e0 eigenbr\u00f6tler Backwerke GmbH \u00e0 Wauwil (LU). L\u2019\u00abexcentrique\u00bb Daniel Amrein est \u2013 dans le sens positif du terme \u2013 un \u00abfreak\u00bb et une figure de proue non conventionnelle dans le secteur de la boulangerie-confiserie. Les places d\u2019honneur sont revenues \u00e0 la boulangerie-p\u00e2tisserie-confiserie P. Cl\u00e9ment, \u00e0 Daillens [&hellip;]<\/p>\n","protected":false},"author":5,"featured_media":38141,"comment_status":"open","ping_status":"closed","sticky":true,"template":"","format":"standard","meta":{"_acf_changed":false,"footnotes":""},"categories":[41,42],"tags":[],"class_list":["post-38248","post","type-post","status-publish","format-standard","has-post-thumbnail","hentry","category-association","category-boulangeries-confiseries"],"acf":[],"yoast_head":"<!-- This site is optimized with the Yoast SEO Premium plugin v26.8 (Yoast SEO v26.8) - https:\/\/yoast.com\/product\/yoast-seo-premium-wordpress\/ -->\n<title>La \u00abcouronne boulang\u00e8re\u00a02022\u00bb attribu\u00e9e \u00e0 eigenbr\u00f6tler Backwerke GmbH | SBC<\/title>\n<meta name=\"description\" content=\"La \u00abcouronne boulang\u00e8re\u00a02022\u00bb attribu\u00e9e \u00e0 eigenbr\u00f6tler Backwerke GmbH\" \/>\n<meta name=\"robots\" content=\"index, follow, max-snippet:-1, max-image-preview:large, max-video-preview:-1\" \/>\n<link rel=\"canonical\" href=\"https:\/\/swissbaker.ch\/fr\/panissimo-news\/la-couronne-boulangere-2022-attribuee-a-eigenbrotler-backwerke-gmbh\/\" \/>\n<meta property=\"og:locale\" content=\"fr_FR\" \/>\n<meta property=\"og:type\" content=\"article\" \/>\n<meta property=\"og:title\" content=\"La \u00abcouronne boulang\u00e8re\u00a02022\u00bb attribu\u00e9e \u00e0 eigenbr\u00f6tler Backwerke GmbH\" \/>\n<meta property=\"og:description\" content=\"La \u00abcouronne boulang\u00e8re\u00a02022\u00bb attribu\u00e9e \u00e0 eigenbr\u00f6tler Backwerke GmbH\" \/>\n<meta property=\"og:url\" content=\"https:\/\/swissbaker.ch\/fr\/panissimo-news\/la-couronne-boulangere-2022-attribuee-a-eigenbrotler-backwerke-gmbh\/\" \/>\n<meta property=\"og:site_name\" content=\"SBC\" \/>\n<meta property=\"article:publisher\" content=\"https:\/\/www.facebook.com\/swissbaker.ch\" \/>\n<meta property=\"article:published_time\" content=\"2022-06-13T16:45:01+00:00\" \/>\n<meta property=\"article:modified_time\" content=\"2022-06-15T07:18:39+00:00\" \/>\n<meta property=\"og:image\" content=\"https:\/\/swissbaker.ch\/wp-content\/uploads\/2022\/06\/baeckerkrone_2022_bild_2-scaled.jpg\" \/>\n\t<meta property=\"og:image:width\" content=\"2048\" \/>\n\t<meta property=\"og:image:height\" content=\"1365\" \/>\n\t<meta property=\"og:image:type\" content=\"image\/jpeg\" \/>\n<meta name=\"author\" content=\"Simon Nussbaum\" \/>\n<meta name=\"twitter:card\" content=\"summary_large_image\" \/>\n<meta name=\"twitter:creator\" content=\"@ch_swissbaker\" \/>\n<meta name=\"twitter:site\" content=\"@ch_swissbaker\" \/>\n<meta name=\"twitter:label1\" content=\"Written by\" \/>\n\t<meta name=\"twitter:data1\" content=\"Simon Nussbaum\" \/>\n\t<meta name=\"twitter:label2\" content=\"Est. reading time\" \/>\n\t<meta name=\"twitter:data2\" content=\"4 minutes\" \/>\n<script type=\"application\/ld+json\" class=\"yoast-schema-graph\">{\"@context\":\"https:\/\/schema.org\",\"@graph\":[{\"@type\":\"Article\",\"@id\":\"https:\/\/swissbaker.ch\/fr\/panissimo-news\/la-couronne-boulangere-2022-attribuee-a-eigenbrotler-backwerke-gmbh\/#article\",\"isPartOf\":{\"@id\":\"https:\/\/swissbaker.ch\/fr\/panissimo-news\/la-couronne-boulangere-2022-attribuee-a-eigenbrotler-backwerke-gmbh\/\"},\"author\":{\"name\":\"Simon Nussbaum\",\"@id\":\"https:\/\/swissbaker.ch\/fr\/#\/schema\/person\/74bd327b08c18ca6042c02ff6f0ed5e2\"},\"headline\":\"La \u00abcouronne boulang\u00e8re\u00a02022\u00bb attribu\u00e9e \u00e0 eigenbr\u00f6tler Backwerke GmbH\",\"datePublished\":\"2022-06-13T16:45:01+00:00\",\"dateModified\":\"2022-06-15T07:18:39+00:00\",\"mainEntityOfPage\":{\"@id\":\"https:\/\/swissbaker.ch\/fr\/panissimo-news\/la-couronne-boulangere-2022-attribuee-a-eigenbrotler-backwerke-gmbh\/\"},\"wordCount\":672,\"commentCount\":0,\"publisher\":{\"@id\":\"https:\/\/swissbaker.ch\/fr\/#organization\"},\"image\":{\"@id\":\"https:\/\/swissbaker.ch\/fr\/panissimo-news\/la-couronne-boulangere-2022-attribuee-a-eigenbrotler-backwerke-gmbh\/#primaryimage\"},\"thumbnailUrl\":\"https:\/\/swissbaker.ch\/wp-content\/uploads\/2022\/06\/baeckerkrone_2022_bild_2-scaled.jpg\",\"articleSection\":[\"Association\",\"Boulangeries\/Confiseries\"],\"inLanguage\":\"fr-FR\",\"potentialAction\":[{\"@type\":\"CommentAction\",\"name\":\"Comment\",\"target\":[\"https:\/\/swissbaker.ch\/fr\/panissimo-news\/la-couronne-boulangere-2022-attribuee-a-eigenbrotler-backwerke-gmbh\/#respond\"]}]},{\"@type\":\"WebPage\",\"@id\":\"https:\/\/swissbaker.ch\/fr\/panissimo-news\/la-couronne-boulangere-2022-attribuee-a-eigenbrotler-backwerke-gmbh\/\",\"url\":\"https:\/\/swissbaker.ch\/fr\/panissimo-news\/la-couronne-boulangere-2022-attribuee-a-eigenbrotler-backwerke-gmbh\/\",\"name\":\"La \u00abcouronne boulang\u00e8re\u00a02022\u00bb attribu\u00e9e \u00e0 eigenbr\u00f6tler Backwerke GmbH | SBC\",\"isPartOf\":{\"@id\":\"https:\/\/swissbaker.ch\/fr\/#website\"},\"primaryImageOfPage\":{\"@id\":\"https:\/\/swissbaker.ch\/fr\/panissimo-news\/la-couronne-boulangere-2022-attribuee-a-eigenbrotler-backwerke-gmbh\/#primaryimage\"},\"image\":{\"@id\":\"https:\/\/swissbaker.ch\/fr\/panissimo-news\/la-couronne-boulangere-2022-attribuee-a-eigenbrotler-backwerke-gmbh\/#primaryimage\"},\"thumbnailUrl\":\"https:\/\/swissbaker.ch\/wp-content\/uploads\/2022\/06\/baeckerkrone_2022_bild_2-scaled.jpg\",\"datePublished\":\"2022-06-13T16:45:01+00:00\",\"dateModified\":\"2022-06-15T07:18:39+00:00\",\"description\":\"La \u00abcouronne boulang\u00e8re\u00a02022\u00bb attribu\u00e9e \u00e0 eigenbr\u00f6tler Backwerke GmbH\",\"breadcrumb\":{\"@id\":\"https:\/\/swissbaker.ch\/fr\/panissimo-news\/la-couronne-boulangere-2022-attribuee-a-eigenbrotler-backwerke-gmbh\/#breadcrumb\"},\"inLanguage\":\"fr-FR\",\"potentialAction\":[{\"@type\":\"ReadAction\",\"target\":[\"https:\/\/swissbaker.ch\/fr\/panissimo-news\/la-couronne-boulangere-2022-attribuee-a-eigenbrotler-backwerke-gmbh\/\"]}]},{\"@type\":\"ImageObject\",\"inLanguage\":\"fr-FR\",\"@id\":\"https:\/\/swissbaker.ch\/fr\/panissimo-news\/la-couronne-boulangere-2022-attribuee-a-eigenbrotler-backwerke-gmbh\/#primaryimage\",\"url\":\"https:\/\/swissbaker.ch\/wp-content\/uploads\/2022\/06\/baeckerkrone_2022_bild_2-scaled.jpg\",\"contentUrl\":\"https:\/\/swissbaker.ch\/wp-content\/uploads\/2022\/06\/baeckerkrone_2022_bild_2-scaled.jpg\",\"width\":2048,\"height\":1365,\"caption\":\"Photo 2: v. l. n. r. Urs Wellauer (Direktor SBC), Mathias Roost (Gesch\u00e4ftsf\u00fchrer Hefe Schweiz AG), Nicole Emmengger (Gesch\u00e4ftsf\u00fchrerin SHV), Daniel Amrein (Gewinner \u00abB\u00e4ckerkrone 2022\u00bb), Daniel Daepp (Gesch\u00e4ftsf\u00fchrer Klipfel Hefe AG), Silvan Hotz (Pr\u00e4sident SBC)\"},{\"@type\":\"BreadcrumbList\",\"@id\":\"https:\/\/swissbaker.ch\/fr\/panissimo-news\/la-couronne-boulangere-2022-attribuee-a-eigenbrotler-backwerke-gmbh\/#breadcrumb\",\"itemListElement\":[{\"@type\":\"ListItem\",\"position\":1,\"name\":\"\",\"item\":\"https:\/\/swissbaker.ch\/fr\/\"},{\"@type\":\"ListItem\",\"position\":2,\"name\":\"Association\",\"item\":\"https:\/\/swissbaker.ch\/fr\/panissimo-news\/category\/association\/\"},{\"@type\":\"ListItem\",\"position\":3,\"name\":\"La \u00abcouronne boulang\u00e8re\u00a02022\u00bb attribu\u00e9e \u00e0 eigenbr\u00f6tler Backwerke GmbH\"}]},{\"@type\":\"WebSite\",\"@id\":\"https:\/\/swissbaker.ch\/fr\/#website\",\"url\":\"https:\/\/swissbaker.ch\/fr\/\",\"name\":\"SBC\",\"description\":\"\",\"publisher\":{\"@id\":\"https:\/\/swissbaker.ch\/fr\/#organization\"},\"potentialAction\":[{\"@type\":\"SearchAction\",\"target\":{\"@type\":\"EntryPoint\",\"urlTemplate\":\"https:\/\/swissbaker.ch\/fr\/?s={search_term_string}\"},\"query-input\":{\"@type\":\"PropertyValueSpecification\",\"valueRequired\":true,\"valueName\":\"search_term_string\"}}],\"inLanguage\":\"fr-FR\"},{\"@type\":\"Organization\",\"@id\":\"https:\/\/swissbaker.ch\/fr\/#organization\",\"name\":\"Schweizerischer B\u00e4cker-Confiseurmeister-Verband\",\"url\":\"https:\/\/swissbaker.ch\/fr\/\",\"logo\":{\"@type\":\"ImageObject\",\"inLanguage\":\"fr-FR\",\"@id\":\"https:\/\/swissbaker.ch\/fr\/#\/schema\/logo\/image\/\",\"url\":\"https:\/\/swissbaker.ch\/wp-content\/uploads\/2022\/04\/sbc-logo-yoast.jpg\",\"contentUrl\":\"https:\/\/swissbaker.ch\/wp-content\/uploads\/2022\/04\/sbc-logo-yoast.jpg\",\"width\":512,\"height\":512,\"caption\":\"Schweizerischer B\u00e4cker-Confiseurmeister-Verband\"},\"image\":{\"@id\":\"https:\/\/swissbaker.ch\/fr\/#\/schema\/logo\/image\/\"},\"sameAs\":[\"https:\/\/www.facebook.com\/swissbaker.ch\",\"https:\/\/x.com\/ch_swissbaker\"]},{\"@type\":\"Person\",\"@id\":\"https:\/\/swissbaker.ch\/fr\/#\/schema\/person\/74bd327b08c18ca6042c02ff6f0ed5e2\",\"name\":\"Simon Nussbaum\",\"image\":{\"@type\":\"ImageObject\",\"inLanguage\":\"fr-FR\",\"@id\":\"https:\/\/swissbaker.ch\/fr\/#\/schema\/person\/image\/\",\"url\":\"https:\/\/secure.gravatar.com\/avatar\/df0eced3bb556c806cb760cf503ade1ed1df25b4104d80d6fd28d93a9509aa12?s=96&d=mm&r=g\",\"contentUrl\":\"https:\/\/secure.gravatar.com\/avatar\/df0eced3bb556c806cb760cf503ade1ed1df25b4104d80d6fd28d93a9509aa12?s=96&d=mm&r=g\",\"caption\":\"Simon Nussbaum\"},\"url\":\"https:\/\/swissbaker.ch\/fr\/panissimo-news\/author\/simon-nussbaum\/\"}]}<\/script>\n<!-- \/ Yoast SEO Premium plugin. -->","yoast_head_json":{"title":"La \u00abcouronne boulang\u00e8re\u00a02022\u00bb attribu\u00e9e \u00e0 eigenbr\u00f6tler Backwerke GmbH | SBC","description":"La \u00abcouronne boulang\u00e8re\u00a02022\u00bb attribu\u00e9e \u00e0 eigenbr\u00f6tler Backwerke GmbH","robots":{"index":"index","follow":"follow","max-snippet":"max-snippet:-1","max-image-preview":"max-image-preview:large","max-video-preview":"max-video-preview:-1"},"canonical":"https:\/\/swissbaker.ch\/fr\/panissimo-news\/la-couronne-boulangere-2022-attribuee-a-eigenbrotler-backwerke-gmbh\/","og_locale":"fr_FR","og_type":"article","og_title":"La \u00abcouronne boulang\u00e8re\u00a02022\u00bb attribu\u00e9e \u00e0 eigenbr\u00f6tler Backwerke GmbH","og_description":"La \u00abcouronne boulang\u00e8re\u00a02022\u00bb attribu\u00e9e \u00e0 eigenbr\u00f6tler Backwerke GmbH","og_url":"https:\/\/swissbaker.ch\/fr\/panissimo-news\/la-couronne-boulangere-2022-attribuee-a-eigenbrotler-backwerke-gmbh\/","og_site_name":"SBC","article_publisher":"https:\/\/www.facebook.com\/swissbaker.ch","article_published_time":"2022-06-13T16:45:01+00:00","article_modified_time":"2022-06-15T07:18:39+00:00","og_image":[{"width":2048,"height":1365,"url":"https:\/\/swissbaker.ch\/wp-content\/uploads\/2022\/06\/baeckerkrone_2022_bild_2-scaled.jpg","type":"image\/jpeg"}],"author":"Simon Nussbaum","twitter_card":"summary_large_image","twitter_creator":"@ch_swissbaker","twitter_site":"@ch_swissbaker","twitter_misc":{"Written by":"Simon Nussbaum","Est. reading time":"4 minutes"},"schema":{"@context":"https:\/\/schema.org","@graph":[{"@type":"Article","@id":"https:\/\/swissbaker.ch\/fr\/panissimo-news\/la-couronne-boulangere-2022-attribuee-a-eigenbrotler-backwerke-gmbh\/#article","isPartOf":{"@id":"https:\/\/swissbaker.ch\/fr\/panissimo-news\/la-couronne-boulangere-2022-attribuee-a-eigenbrotler-backwerke-gmbh\/"},"author":{"name":"Simon Nussbaum","@id":"https:\/\/swissbaker.ch\/fr\/#\/schema\/person\/74bd327b08c18ca6042c02ff6f0ed5e2"},"headline":"La \u00abcouronne boulang\u00e8re\u00a02022\u00bb attribu\u00e9e \u00e0 eigenbr\u00f6tler Backwerke GmbH","datePublished":"2022-06-13T16:45:01+00:00","dateModified":"2022-06-15T07:18:39+00:00","mainEntityOfPage":{"@id":"https:\/\/swissbaker.ch\/fr\/panissimo-news\/la-couronne-boulangere-2022-attribuee-a-eigenbrotler-backwerke-gmbh\/"},"wordCount":672,"commentCount":0,"publisher":{"@id":"https:\/\/swissbaker.ch\/fr\/#organization"},"image":{"@id":"https:\/\/swissbaker.ch\/fr\/panissimo-news\/la-couronne-boulangere-2022-attribuee-a-eigenbrotler-backwerke-gmbh\/#primaryimage"},"thumbnailUrl":"https:\/\/swissbaker.ch\/wp-content\/uploads\/2022\/06\/baeckerkrone_2022_bild_2-scaled.jpg","articleSection":["Association","Boulangeries\/Confiseries"],"inLanguage":"fr-FR","potentialAction":[{"@type":"CommentAction","name":"Comment","target":["https:\/\/swissbaker.ch\/fr\/panissimo-news\/la-couronne-boulangere-2022-attribuee-a-eigenbrotler-backwerke-gmbh\/#respond"]}]},{"@type":"WebPage","@id":"https:\/\/swissbaker.ch\/fr\/panissimo-news\/la-couronne-boulangere-2022-attribuee-a-eigenbrotler-backwerke-gmbh\/","url":"https:\/\/swissbaker.ch\/fr\/panissimo-news\/la-couronne-boulangere-2022-attribuee-a-eigenbrotler-backwerke-gmbh\/","name":"La \u00abcouronne boulang\u00e8re\u00a02022\u00bb attribu\u00e9e \u00e0 eigenbr\u00f6tler Backwerke GmbH | SBC","isPartOf":{"@id":"https:\/\/swissbaker.ch\/fr\/#website"},"primaryImageOfPage":{"@id":"https:\/\/swissbaker.ch\/fr\/panissimo-news\/la-couronne-boulangere-2022-attribuee-a-eigenbrotler-backwerke-gmbh\/#primaryimage"},"image":{"@id":"https:\/\/swissbaker.ch\/fr\/panissimo-news\/la-couronne-boulangere-2022-attribuee-a-eigenbrotler-backwerke-gmbh\/#primaryimage"},"thumbnailUrl":"https:\/\/swissbaker.ch\/wp-content\/uploads\/2022\/06\/baeckerkrone_2022_bild_2-scaled.jpg","datePublished":"2022-06-13T16:45:01+00:00","dateModified":"2022-06-15T07:18:39+00:00","description":"La \u00abcouronne boulang\u00e8re\u00a02022\u00bb attribu\u00e9e \u00e0 eigenbr\u00f6tler Backwerke GmbH","breadcrumb":{"@id":"https:\/\/swissbaker.ch\/fr\/panissimo-news\/la-couronne-boulangere-2022-attribuee-a-eigenbrotler-backwerke-gmbh\/#breadcrumb"},"inLanguage":"fr-FR","potentialAction":[{"@type":"ReadAction","target":["https:\/\/swissbaker.ch\/fr\/panissimo-news\/la-couronne-boulangere-2022-attribuee-a-eigenbrotler-backwerke-gmbh\/"]}]},{"@type":"ImageObject","inLanguage":"fr-FR","@id":"https:\/\/swissbaker.ch\/fr\/panissimo-news\/la-couronne-boulangere-2022-attribuee-a-eigenbrotler-backwerke-gmbh\/#primaryimage","url":"https:\/\/swissbaker.ch\/wp-content\/uploads\/2022\/06\/baeckerkrone_2022_bild_2-scaled.jpg","contentUrl":"https:\/\/swissbaker.ch\/wp-content\/uploads\/2022\/06\/baeckerkrone_2022_bild_2-scaled.jpg","width":2048,"height":1365,"caption":"Photo 2: v. l. n. r. Urs Wellauer (Direktor SBC), Mathias Roost (Gesch\u00e4ftsf\u00fchrer Hefe Schweiz AG), Nicole Emmengger (Gesch\u00e4ftsf\u00fchrerin SHV), Daniel Amrein (Gewinner \u00abB\u00e4ckerkrone 2022\u00bb), Daniel Daepp (Gesch\u00e4ftsf\u00fchrer Klipfel Hefe AG), Silvan Hotz (Pr\u00e4sident SBC)"},{"@type":"BreadcrumbList","@id":"https:\/\/swissbaker.ch\/fr\/panissimo-news\/la-couronne-boulangere-2022-attribuee-a-eigenbrotler-backwerke-gmbh\/#breadcrumb","itemListElement":[{"@type":"ListItem","position":1,"name":"","item":"https:\/\/swissbaker.ch\/fr\/"},{"@type":"ListItem","position":2,"name":"Association","item":"https:\/\/swissbaker.ch\/fr\/panissimo-news\/category\/association\/"},{"@type":"ListItem","position":3,"name":"La \u00abcouronne boulang\u00e8re\u00a02022\u00bb attribu\u00e9e \u00e0 eigenbr\u00f6tler Backwerke GmbH"}]},{"@type":"WebSite","@id":"https:\/\/swissbaker.ch\/fr\/#website","url":"https:\/\/swissbaker.ch\/fr\/","name":"SBC","description":"","publisher":{"@id":"https:\/\/swissbaker.ch\/fr\/#organization"},"potentialAction":[{"@type":"SearchAction","target":{"@type":"EntryPoint","urlTemplate":"https:\/\/swissbaker.ch\/fr\/?s={search_term_string}"},"query-input":{"@type":"PropertyValueSpecification","valueRequired":true,"valueName":"search_term_string"}}],"inLanguage":"fr-FR"},{"@type":"Organization","@id":"https:\/\/swissbaker.ch\/fr\/#organization","name":"Schweizerischer B\u00e4cker-Confiseurmeister-Verband","url":"https:\/\/swissbaker.ch\/fr\/","logo":{"@type":"ImageObject","inLanguage":"fr-FR","@id":"https:\/\/swissbaker.ch\/fr\/#\/schema\/logo\/image\/","url":"https:\/\/swissbaker.ch\/wp-content\/uploads\/2022\/04\/sbc-logo-yoast.jpg","contentUrl":"https:\/\/swissbaker.ch\/wp-content\/uploads\/2022\/04\/sbc-logo-yoast.jpg","width":512,"height":512,"caption":"Schweizerischer B\u00e4cker-Confiseurmeister-Verband"},"image":{"@id":"https:\/\/swissbaker.ch\/fr\/#\/schema\/logo\/image\/"},"sameAs":["https:\/\/www.facebook.com\/swissbaker.ch","https:\/\/x.com\/ch_swissbaker"]},{"@type":"Person","@id":"https:\/\/swissbaker.ch\/fr\/#\/schema\/person\/74bd327b08c18ca6042c02ff6f0ed5e2","name":"Simon Nussbaum","image":{"@type":"ImageObject","inLanguage":"fr-FR","@id":"https:\/\/swissbaker.ch\/fr\/#\/schema\/person\/image\/","url":"https:\/\/secure.gravatar.com\/avatar\/df0eced3bb556c806cb760cf503ade1ed1df25b4104d80d6fd28d93a9509aa12?s=96&d=mm&r=g","contentUrl":"https:\/\/secure.gravatar.com\/avatar\/df0eced3bb556c806cb760cf503ade1ed1df25b4104d80d6fd28d93a9509aa12?s=96&d=mm&r=g","caption":"Simon Nussbaum"},"url":"https:\/\/swissbaker.ch\/fr\/panissimo-news\/author\/simon-nussbaum\/"}]}},"_links":{"self":[{"href":"https:\/\/swissbaker.ch\/fr\/wp-json\/wp\/v2\/posts\/38248","targetHints":{"allow":["GET"]}}],"collection":[{"href":"https:\/\/swissbaker.ch\/fr\/wp-json\/wp\/v2\/posts"}],"about":[{"href":"https:\/\/swissbaker.ch\/fr\/wp-json\/wp\/v2\/types\/post"}],"author":[{"embeddable":true,"href":"https:\/\/swissbaker.ch\/fr\/wp-json\/wp\/v2\/users\/5"}],"replies":[{"embeddable":true,"href":"https:\/\/swissbaker.ch\/fr\/wp-json\/wp\/v2\/comments?post=38248"}],"version-history":[{"count":0,"href":"https:\/\/swissbaker.ch\/fr\/wp-json\/wp\/v2\/posts\/38248\/revisions"}],"wp:featuredmedia":[{"embeddable":true,"href":"https:\/\/swissbaker.ch\/fr\/wp-json\/wp\/v2\/media\/38141"}],"wp:attachment":[{"href":"https:\/\/swissbaker.ch\/fr\/wp-json\/wp\/v2\/media?parent=38248"}],"wp:term":[{"taxonomy":"category","embeddable":true,"href":"https:\/\/swissbaker.ch\/fr\/wp-json\/wp\/v2\/categories?post=38248"},{"taxonomy":"post_tag","embeddable":true,"href":"https:\/\/swissbaker.ch\/fr\/wp-json\/wp\/v2\/tags?post=38248"}],"curies":[{"name":"wp","href":"https:\/\/api.w.org\/{rel}","templated":true}]}}