{"id":29918,"date":"2022-06-02T10:58:26","date_gmt":"2022-06-02T08:58:26","guid":{"rendered":"https:\/\/swissbaker.ch\/panissimo-news\/der-kontakt-im-mittelpunkt\/"},"modified":"2022-06-10T09:18:23","modified_gmt":"2022-06-10T07:18:23","slug":"der-kontakt-im-mittelpunkt","status":"publish","type":"post","link":"https:\/\/swissbaker.ch\/fr\/panissimo-news\/der-kontakt-im-mittelpunkt\/","title":{"rendered":"Le contact au centre de tout"},"content":{"rendered":"\n<p><strong>Diego Cayrol est gestionnaire du commerce de d\u00e9tail (GCD) en premi\u00e8re ann\u00e9e d\u2019apprentissage \u00e0 la Tarterie du Littoral \u00e0 Neuch\u00e2tel. Avec les questions de sa formatrice Marie Perriard, il revient sur cette ann\u00e9e passionnante et r\u00e9fl\u00e9chit entre autres sur lui-m\u00eame.<\/strong><\/p>\n\n\n<div class=\"wp-block-image\">\n<figure class=\"aligncenter size-large is-resized\"><img decoding=\"async\" src=\"https:\/\/swissbaker.ch\/wp-content\/uploads\/2022\/06\/diego-2-scaled-e1654159848612.jpg\" alt=\"Diego Cayrol\" class=\"wp-image-29707\" width=\"637\" height=\"768\"\/><figcaption>Diego Cayrol<\/figcaption><\/figure>\n<\/div>\n\n\n<p><strong>Qu&#8217;est-ce qui vous pla\u00eet dans la m\u00e9tier de GCD en boulangerie-confiserie ?<\/strong><br>Le contact avec la client\u00e8le, instaurer une ambiance amusante, qui am\u00e8ne \u00e0 des ventes suppl\u00e9mentaires. R\u00e9aliser des ventes additionnelles. La fiert\u00e9 de vendre de mani\u00e8re efficace, de proposer et convaincre le client. Amuser le client pour vendre, trouver les bons arguments.<\/p>\n\n\n\n<p><strong>Qu&#8217;est-ce qui vous motive \u00e0 vous former dans cette branche ?<\/strong><br>La branche a toujours \u00e9t\u00e9 attirante pour moi, depuis l\u2019enfance, elle paraissait plus attractive que les autres. La possibilit\u00e9 de cr\u00e9er un lien particulier avec les gens, que l\u2019on voit r\u00e9guli\u00e8rement.<\/p>\n\n\n\n<p><strong>Qu&#8217;est-ce que vous aves appris sur vous-m\u00eame ?<\/strong><br>J\u2019ai vu que mes comp\u00e9tences se d\u00e9veloppaient, que j\u2019arrivais bien \u00e0 r\u00e9aliser des ventes suppl\u00e9mentaires, \u00e0 cr\u00e9er un lien avec les gens. Je craignais de prendre des commandes au t\u00e9l\u00e9phone, et je peux le faire aujourd\u2019hui de mani\u00e8re autonome. Je suis capable d\u2019\u00eatre convaincant et comp\u00e9tent.<\/p>\n\n\n\n<p><strong>Qu&#8217;est-ce qui vous a \u00e9tonn\u00e9 en d\u00e9couvrant cette branche ?<\/strong><br>La complexit\u00e9 du processus de fabrication de certains produits, avant la mise en vente au magasin. Par exemple, petits fours, amandines. L\u2019\u00e9tendue des connaissances n\u00e9cessaires pour la bonne pratique du m\u00e9tier.<\/p>\n\n\n\n<p><strong>Quels sont les bons c\u00f4t\u00e9s du m\u00e9tier ?<\/strong><br>Le contact avec la client\u00e8le est au centre de tout.<\/p>\n\n\n\n<p><strong>Quels en sont les aspects plus compliqu\u00e9s ou d\u00e9sagr\u00e9ables ?<\/strong><br>Le c\u00f4t\u00e9 r\u00e9p\u00e9titif de certaines t\u00e2ches : remplissages des boissons, remplissage du papier.<\/p>\n\n\n\n<p><strong>Qu&#8217;est-ce que vous garderez de votre formation ?<\/strong><br>Le fait que le contact avec le client est le plus important pour une future carri\u00e8re.<\/p>\n\n\n\n<p><strong>Qu&#8217;est-ce que \u00e7a fait d&#8217;\u00eatre un homme dans une \u00e9quipe de femmes ?<\/strong><br>Pas de diff\u00e9rences particuli\u00e8res, peut-\u00eatre un lien privil\u00e9gi\u00e9 avec certaines personnes de la vente. \u00c7a fait une diff\u00e9rence pour le client. \u00c7a cr\u00e9e un contexte diff\u00e9rent des \u00e9quipes de vente majoritairement f\u00e9minines. Je pense aussi que je fonce droit au but sans trop me poser de questions, je tente les ventes suppl\u00e9mentaires dans l\u2019optique \u00ab qui ne tente rien n\u2019a rien \u00bb. En revanche c\u2019est important pour moi d\u2019\u00eatre reconnu en tant qu\u2019homme et pas assimil\u00e9 au personnel f\u00e9minin. Je pense en tant qu\u2019homme.<\/p>\n\n\n\n<p><strong>Quelles sont les qualit\u00e9s que vous avez d\u00e9velopp\u00e9es en vous formant ?<\/strong><br>Plus d\u2019assurance, plus d\u2019efficacit\u00e9 et de rapidit\u00e9. Plus de pr\u00e9cision dans le conseil.<\/p>\n\n\n\n<p><strong>Quelles sont les qualit\u00e9s dont il faut disposer au d\u00e9part ? <\/strong><br>\u00catre souriant, avoir de la volont\u00e9 d\u2019apprendre, hygi\u00e8ne personnelle irr\u00e9prochable. Avoir le feeling avec les gens.<\/p>\n\n\n\n<p><strong>Comment se passe la relation client-gestionnaire ?<\/strong><br>Super bien, je m\u2019entends tr\u00e8s bien avec tous les clients.<\/p>\n\n\n\n<p><strong>Comment se passe la relation production-vente ?<\/strong><br>\u00c9galement bien, je m\u2019entends tr\u00e8s bien avec tous et je peux me permettre de leur poser toutes les questions utiles aux commandes.<\/p>\n\n\n\n<p><strong>Quelle est la meilleure partie de la semaine ? <\/strong><br>Fin de semaine, vendredi et samedi parce qu\u2019il y a beaucoup de commandes et les journ\u00e9es sont stimulantes.<\/p>\n\n\n\n<p><strong>Quelle est votre p\u00e9riode de l&#8217;ann\u00e9e pr\u00e9f\u00e9r\u00e9e ? <\/strong><br>Le jour de No\u00ebl (24 d\u00e9cembre). L\u2019ambiance est festive, c\u2019est une journ\u00e9e particuli\u00e8re, qui change de tous les jours. <\/p>\n\n\n\n<p><strong>Pourquoi l&#8217;apprentissage plut\u00f4t que les \u00e9tudes ?<\/strong><br>Le monde des \u00e9tudes ne m\u2019attirait pas plus que \u00e7a, j\u2019ai donc privil\u00e9gi\u00e9 une formation duale.<\/p>\n\n\n\n<p><strong>Pourquoi \u00eates-vous important au sein de l&#8217;\u00e9quipe de la Tarterie ?<\/strong><br>Car je suis toujours l\u00e0 pour rendre service. <\/p>\n\n\n\n<p><br><strong>Votre conclusion&#8230;<\/strong><br>Il ne faut pas se fier aux apparences, il faut essayer avant de juger. M\u00eame si le m\u00e9tier de GCD en boulangerie-confiserie semble connot\u00e9 f\u00e9minin, un homme y a \u00e9galement sa place et peut y amener ses propres forces et qualit\u00e9s.<\/p>\n\n\n\n<p><\/p>\n","protected":false},"excerpt":{"rendered":"<p>Diego Cayrol est gestionnaire du commerce de d\u00e9tail (GCD) en premi\u00e8re ann\u00e9e d\u2019apprentissage \u00e0 la Tarterie du Littoral \u00e0 Neuch\u00e2tel. Avec les questions de sa formatrice Marie Perriard, il revient sur cette ann\u00e9e passionnante et r\u00e9fl\u00e9chit entre autres sur lui-m\u00eame. Qu&#8217;est-ce qui vous pla\u00eet dans la m\u00e9tier de GCD en boulangerie-confiserie ?Le contact avec la client\u00e8le, instaurer une ambiance amusante, [&hellip;]<\/p>\n","protected":false},"author":4,"featured_media":26767,"comment_status":"open","ping_status":"closed","sticky":true,"template":"","format":"standard","meta":{"_acf_changed":false,"footnotes":""},"categories":[53],"tags":[],"class_list":["post-29918","post","type-post","status-publish","format-standard","has-post-thumbnail","hentry","category-our-future-fr"],"acf":[],"yoast_head":"<!-- This site is optimized with the Yoast SEO Premium plugin v26.8 (Yoast SEO v26.8) - https:\/\/yoast.com\/product\/yoast-seo-premium-wordpress\/ -->\n<title>Le contact au centre de tout | SBC<\/title>\n<meta name=\"description\" content=\"Diego Cayrol ist Detailhandelsfachmann im ersten Lehrjahr in der Tarterie du Littoral in Neuch\u00e2tel und blickt auf sein 1. Lehrjahr zur\u00fcck.\" \/>\n<meta name=\"robots\" content=\"index, follow, max-snippet:-1, max-image-preview:large, max-video-preview:-1\" \/>\n<link rel=\"canonical\" href=\"https:\/\/swissbaker.ch\/fr\/panissimo-news\/der-kontakt-im-mittelpunkt\/\" \/>\n<meta property=\"og:locale\" content=\"fr_FR\" \/>\n<meta property=\"og:type\" content=\"article\" \/>\n<meta property=\"og:title\" content=\"Le contact au centre de tout\" \/>\n<meta property=\"og:description\" content=\"Diego Cayrol ist Detailhandelsfachmann im ersten Lehrjahr in der Tarterie du Littoral in Neuch\u00e2tel und blickt auf sein 1. Lehrjahr zur\u00fcck.\" \/>\n<meta property=\"og:url\" content=\"https:\/\/swissbaker.ch\/fr\/panissimo-news\/der-kontakt-im-mittelpunkt\/\" \/>\n<meta property=\"og:site_name\" content=\"SBC\" \/>\n<meta property=\"article:publisher\" content=\"https:\/\/www.facebook.com\/swissbaker.ch\" \/>\n<meta property=\"article:published_time\" content=\"2022-06-02T08:58:26+00:00\" \/>\n<meta property=\"article:modified_time\" content=\"2022-06-10T07:18:23+00:00\" \/>\n<meta property=\"og:image\" content=\"https:\/\/swissbaker.ch\/wp-content\/uploads\/2022\/06\/diego-scaled-e1654099791434.jpg\" \/>\n\t<meta property=\"og:image:width\" content=\"2038\" \/>\n\t<meta property=\"og:image:height\" content=\"2560\" \/>\n\t<meta property=\"og:image:type\" content=\"image\/jpeg\" \/>\n<meta name=\"author\" content=\"Elina Laich\" \/>\n<meta name=\"twitter:card\" content=\"summary_large_image\" \/>\n<meta name=\"twitter:creator\" content=\"@ch_swissbaker\" \/>\n<meta name=\"twitter:site\" content=\"@ch_swissbaker\" \/>\n<meta name=\"twitter:label1\" content=\"Written by\" \/>\n\t<meta name=\"twitter:data1\" content=\"Elina Laich\" \/>\n\t<meta name=\"twitter:label2\" content=\"Est. reading time\" \/>\n\t<meta name=\"twitter:data2\" content=\"4 minutes\" \/>\n<script type=\"application\/ld+json\" class=\"yoast-schema-graph\">{\"@context\":\"https:\/\/schema.org\",\"@graph\":[{\"@type\":\"Article\",\"@id\":\"https:\/\/swissbaker.ch\/fr\/panissimo-news\/der-kontakt-im-mittelpunkt\/#article\",\"isPartOf\":{\"@id\":\"https:\/\/swissbaker.ch\/fr\/panissimo-news\/der-kontakt-im-mittelpunkt\/\"},\"author\":{\"name\":\"Elina Laich\",\"@id\":\"https:\/\/swissbaker.ch\/fr\/#\/schema\/person\/0c7464407782a0917d6e91a74206a176\"},\"headline\":\"Le contact au centre de tout\",\"datePublished\":\"2022-06-02T08:58:26+00:00\",\"dateModified\":\"2022-06-10T07:18:23+00:00\",\"mainEntityOfPage\":{\"@id\":\"https:\/\/swissbaker.ch\/fr\/panissimo-news\/der-kontakt-im-mittelpunkt\/\"},\"wordCount\":724,\"commentCount\":0,\"publisher\":{\"@id\":\"https:\/\/swissbaker.ch\/fr\/#organization\"},\"image\":{\"@id\":\"https:\/\/swissbaker.ch\/fr\/panissimo-news\/der-kontakt-im-mittelpunkt\/#primaryimage\"},\"thumbnailUrl\":\"https:\/\/swissbaker.ch\/wp-content\/uploads\/2022\/06\/diego.jpg\",\"articleSection\":[\"Our Future\"],\"inLanguage\":\"fr-FR\",\"potentialAction\":[{\"@type\":\"CommentAction\",\"name\":\"Comment\",\"target\":[\"https:\/\/swissbaker.ch\/fr\/panissimo-news\/der-kontakt-im-mittelpunkt\/#respond\"]}]},{\"@type\":\"WebPage\",\"@id\":\"https:\/\/swissbaker.ch\/fr\/panissimo-news\/der-kontakt-im-mittelpunkt\/\",\"url\":\"https:\/\/swissbaker.ch\/fr\/panissimo-news\/der-kontakt-im-mittelpunkt\/\",\"name\":\"Le contact au centre de tout | SBC\",\"isPartOf\":{\"@id\":\"https:\/\/swissbaker.ch\/fr\/#website\"},\"primaryImageOfPage\":{\"@id\":\"https:\/\/swissbaker.ch\/fr\/panissimo-news\/der-kontakt-im-mittelpunkt\/#primaryimage\"},\"image\":{\"@id\":\"https:\/\/swissbaker.ch\/fr\/panissimo-news\/der-kontakt-im-mittelpunkt\/#primaryimage\"},\"thumbnailUrl\":\"https:\/\/swissbaker.ch\/wp-content\/uploads\/2022\/06\/diego.jpg\",\"datePublished\":\"2022-06-02T08:58:26+00:00\",\"dateModified\":\"2022-06-10T07:18:23+00:00\",\"description\":\"Diego Cayrol ist Detailhandelsfachmann im ersten Lehrjahr in der Tarterie du Littoral in Neuch\u00e2tel und blickt auf sein 1. Lehrjahr zur\u00fcck.\",\"breadcrumb\":{\"@id\":\"https:\/\/swissbaker.ch\/fr\/panissimo-news\/der-kontakt-im-mittelpunkt\/#breadcrumb\"},\"inLanguage\":\"fr-FR\",\"potentialAction\":[{\"@type\":\"ReadAction\",\"target\":[\"https:\/\/swissbaker.ch\/fr\/panissimo-news\/der-kontakt-im-mittelpunkt\/\"]}]},{\"@type\":\"ImageObject\",\"inLanguage\":\"fr-FR\",\"@id\":\"https:\/\/swissbaker.ch\/fr\/panissimo-news\/der-kontakt-im-mittelpunkt\/#primaryimage\",\"url\":\"https:\/\/swissbaker.ch\/wp-content\/uploads\/2022\/06\/diego.jpg\",\"contentUrl\":\"https:\/\/swissbaker.ch\/wp-content\/uploads\/2022\/06\/diego.jpg\",\"width\":2038,\"height\":2560,\"caption\":\"Diego Cayrol\"},{\"@type\":\"BreadcrumbList\",\"@id\":\"https:\/\/swissbaker.ch\/fr\/panissimo-news\/der-kontakt-im-mittelpunkt\/#breadcrumb\",\"itemListElement\":[{\"@type\":\"ListItem\",\"position\":1,\"name\":\"\",\"item\":\"https:\/\/swissbaker.ch\/fr\/\"},{\"@type\":\"ListItem\",\"position\":2,\"name\":\"Our Future\",\"item\":\"https:\/\/swissbaker.ch\/fr\/panissimo-news\/category\/our-future-fr\/\"},{\"@type\":\"ListItem\",\"position\":3,\"name\":\"Le contact au centre de tout\"}]},{\"@type\":\"WebSite\",\"@id\":\"https:\/\/swissbaker.ch\/fr\/#website\",\"url\":\"https:\/\/swissbaker.ch\/fr\/\",\"name\":\"SBC\",\"description\":\"\",\"publisher\":{\"@id\":\"https:\/\/swissbaker.ch\/fr\/#organization\"},\"potentialAction\":[{\"@type\":\"SearchAction\",\"target\":{\"@type\":\"EntryPoint\",\"urlTemplate\":\"https:\/\/swissbaker.ch\/fr\/?s={search_term_string}\"},\"query-input\":{\"@type\":\"PropertyValueSpecification\",\"valueRequired\":true,\"valueName\":\"search_term_string\"}}],\"inLanguage\":\"fr-FR\"},{\"@type\":\"Organization\",\"@id\":\"https:\/\/swissbaker.ch\/fr\/#organization\",\"name\":\"Schweizerischer B\u00e4cker-Confiseurmeister-Verband\",\"url\":\"https:\/\/swissbaker.ch\/fr\/\",\"logo\":{\"@type\":\"ImageObject\",\"inLanguage\":\"fr-FR\",\"@id\":\"https:\/\/swissbaker.ch\/fr\/#\/schema\/logo\/image\/\",\"url\":\"https:\/\/swissbaker.ch\/wp-content\/uploads\/2022\/04\/sbc-logo-yoast.jpg\",\"contentUrl\":\"https:\/\/swissbaker.ch\/wp-content\/uploads\/2022\/04\/sbc-logo-yoast.jpg\",\"width\":512,\"height\":512,\"caption\":\"Schweizerischer B\u00e4cker-Confiseurmeister-Verband\"},\"image\":{\"@id\":\"https:\/\/swissbaker.ch\/fr\/#\/schema\/logo\/image\/\"},\"sameAs\":[\"https:\/\/www.facebook.com\/swissbaker.ch\",\"https:\/\/x.com\/ch_swissbaker\"]},{\"@type\":\"Person\",\"@id\":\"https:\/\/swissbaker.ch\/fr\/#\/schema\/person\/0c7464407782a0917d6e91a74206a176\",\"name\":\"Elina Laich\",\"image\":{\"@type\":\"ImageObject\",\"inLanguage\":\"fr-FR\",\"@id\":\"https:\/\/swissbaker.ch\/fr\/#\/schema\/person\/image\/\",\"url\":\"https:\/\/secure.gravatar.com\/avatar\/f942ca5f8668781d3ded9592a21de46001e053aff264ff1c6deb97b59d3604b2?s=96&d=mm&r=g\",\"contentUrl\":\"https:\/\/secure.gravatar.com\/avatar\/f942ca5f8668781d3ded9592a21de46001e053aff264ff1c6deb97b59d3604b2?s=96&d=mm&r=g\",\"caption\":\"Elina Laich\"},\"url\":\"https:\/\/swissbaker.ch\/fr\/panissimo-news\/author\/elina-laich\/\"}]}<\/script>\n<!-- \/ Yoast SEO Premium plugin. -->","yoast_head_json":{"title":"Le contact au centre de tout | SBC","description":"Diego Cayrol ist Detailhandelsfachmann im ersten Lehrjahr in der Tarterie du Littoral in Neuch\u00e2tel und blickt auf sein 1. Lehrjahr zur\u00fcck.","robots":{"index":"index","follow":"follow","max-snippet":"max-snippet:-1","max-image-preview":"max-image-preview:large","max-video-preview":"max-video-preview:-1"},"canonical":"https:\/\/swissbaker.ch\/fr\/panissimo-news\/der-kontakt-im-mittelpunkt\/","og_locale":"fr_FR","og_type":"article","og_title":"Le contact au centre de tout","og_description":"Diego Cayrol ist Detailhandelsfachmann im ersten Lehrjahr in der Tarterie du Littoral in Neuch\u00e2tel und blickt auf sein 1. Lehrjahr zur\u00fcck.","og_url":"https:\/\/swissbaker.ch\/fr\/panissimo-news\/der-kontakt-im-mittelpunkt\/","og_site_name":"SBC","article_publisher":"https:\/\/www.facebook.com\/swissbaker.ch","article_published_time":"2022-06-02T08:58:26+00:00","article_modified_time":"2022-06-10T07:18:23+00:00","og_image":[{"width":2038,"height":2560,"url":"https:\/\/swissbaker.ch\/wp-content\/uploads\/2022\/06\/diego-scaled-e1654099791434.jpg","type":"image\/jpeg"}],"author":"Elina Laich","twitter_card":"summary_large_image","twitter_creator":"@ch_swissbaker","twitter_site":"@ch_swissbaker","twitter_misc":{"Written by":"Elina Laich","Est. reading time":"4 minutes"},"schema":{"@context":"https:\/\/schema.org","@graph":[{"@type":"Article","@id":"https:\/\/swissbaker.ch\/fr\/panissimo-news\/der-kontakt-im-mittelpunkt\/#article","isPartOf":{"@id":"https:\/\/swissbaker.ch\/fr\/panissimo-news\/der-kontakt-im-mittelpunkt\/"},"author":{"name":"Elina Laich","@id":"https:\/\/swissbaker.ch\/fr\/#\/schema\/person\/0c7464407782a0917d6e91a74206a176"},"headline":"Le contact au centre de tout","datePublished":"2022-06-02T08:58:26+00:00","dateModified":"2022-06-10T07:18:23+00:00","mainEntityOfPage":{"@id":"https:\/\/swissbaker.ch\/fr\/panissimo-news\/der-kontakt-im-mittelpunkt\/"},"wordCount":724,"commentCount":0,"publisher":{"@id":"https:\/\/swissbaker.ch\/fr\/#organization"},"image":{"@id":"https:\/\/swissbaker.ch\/fr\/panissimo-news\/der-kontakt-im-mittelpunkt\/#primaryimage"},"thumbnailUrl":"https:\/\/swissbaker.ch\/wp-content\/uploads\/2022\/06\/diego.jpg","articleSection":["Our Future"],"inLanguage":"fr-FR","potentialAction":[{"@type":"CommentAction","name":"Comment","target":["https:\/\/swissbaker.ch\/fr\/panissimo-news\/der-kontakt-im-mittelpunkt\/#respond"]}]},{"@type":"WebPage","@id":"https:\/\/swissbaker.ch\/fr\/panissimo-news\/der-kontakt-im-mittelpunkt\/","url":"https:\/\/swissbaker.ch\/fr\/panissimo-news\/der-kontakt-im-mittelpunkt\/","name":"Le contact au centre de tout | SBC","isPartOf":{"@id":"https:\/\/swissbaker.ch\/fr\/#website"},"primaryImageOfPage":{"@id":"https:\/\/swissbaker.ch\/fr\/panissimo-news\/der-kontakt-im-mittelpunkt\/#primaryimage"},"image":{"@id":"https:\/\/swissbaker.ch\/fr\/panissimo-news\/der-kontakt-im-mittelpunkt\/#primaryimage"},"thumbnailUrl":"https:\/\/swissbaker.ch\/wp-content\/uploads\/2022\/06\/diego.jpg","datePublished":"2022-06-02T08:58:26+00:00","dateModified":"2022-06-10T07:18:23+00:00","description":"Diego Cayrol ist Detailhandelsfachmann im ersten Lehrjahr in der Tarterie du Littoral in Neuch\u00e2tel und blickt auf sein 1. Lehrjahr zur\u00fcck.","breadcrumb":{"@id":"https:\/\/swissbaker.ch\/fr\/panissimo-news\/der-kontakt-im-mittelpunkt\/#breadcrumb"},"inLanguage":"fr-FR","potentialAction":[{"@type":"ReadAction","target":["https:\/\/swissbaker.ch\/fr\/panissimo-news\/der-kontakt-im-mittelpunkt\/"]}]},{"@type":"ImageObject","inLanguage":"fr-FR","@id":"https:\/\/swissbaker.ch\/fr\/panissimo-news\/der-kontakt-im-mittelpunkt\/#primaryimage","url":"https:\/\/swissbaker.ch\/wp-content\/uploads\/2022\/06\/diego.jpg","contentUrl":"https:\/\/swissbaker.ch\/wp-content\/uploads\/2022\/06\/diego.jpg","width":2038,"height":2560,"caption":"Diego Cayrol"},{"@type":"BreadcrumbList","@id":"https:\/\/swissbaker.ch\/fr\/panissimo-news\/der-kontakt-im-mittelpunkt\/#breadcrumb","itemListElement":[{"@type":"ListItem","position":1,"name":"","item":"https:\/\/swissbaker.ch\/fr\/"},{"@type":"ListItem","position":2,"name":"Our Future","item":"https:\/\/swissbaker.ch\/fr\/panissimo-news\/category\/our-future-fr\/"},{"@type":"ListItem","position":3,"name":"Le contact au centre de tout"}]},{"@type":"WebSite","@id":"https:\/\/swissbaker.ch\/fr\/#website","url":"https:\/\/swissbaker.ch\/fr\/","name":"SBC","description":"","publisher":{"@id":"https:\/\/swissbaker.ch\/fr\/#organization"},"potentialAction":[{"@type":"SearchAction","target":{"@type":"EntryPoint","urlTemplate":"https:\/\/swissbaker.ch\/fr\/?s={search_term_string}"},"query-input":{"@type":"PropertyValueSpecification","valueRequired":true,"valueName":"search_term_string"}}],"inLanguage":"fr-FR"},{"@type":"Organization","@id":"https:\/\/swissbaker.ch\/fr\/#organization","name":"Schweizerischer B\u00e4cker-Confiseurmeister-Verband","url":"https:\/\/swissbaker.ch\/fr\/","logo":{"@type":"ImageObject","inLanguage":"fr-FR","@id":"https:\/\/swissbaker.ch\/fr\/#\/schema\/logo\/image\/","url":"https:\/\/swissbaker.ch\/wp-content\/uploads\/2022\/04\/sbc-logo-yoast.jpg","contentUrl":"https:\/\/swissbaker.ch\/wp-content\/uploads\/2022\/04\/sbc-logo-yoast.jpg","width":512,"height":512,"caption":"Schweizerischer B\u00e4cker-Confiseurmeister-Verband"},"image":{"@id":"https:\/\/swissbaker.ch\/fr\/#\/schema\/logo\/image\/"},"sameAs":["https:\/\/www.facebook.com\/swissbaker.ch","https:\/\/x.com\/ch_swissbaker"]},{"@type":"Person","@id":"https:\/\/swissbaker.ch\/fr\/#\/schema\/person\/0c7464407782a0917d6e91a74206a176","name":"Elina Laich","image":{"@type":"ImageObject","inLanguage":"fr-FR","@id":"https:\/\/swissbaker.ch\/fr\/#\/schema\/person\/image\/","url":"https:\/\/secure.gravatar.com\/avatar\/f942ca5f8668781d3ded9592a21de46001e053aff264ff1c6deb97b59d3604b2?s=96&d=mm&r=g","contentUrl":"https:\/\/secure.gravatar.com\/avatar\/f942ca5f8668781d3ded9592a21de46001e053aff264ff1c6deb97b59d3604b2?s=96&d=mm&r=g","caption":"Elina Laich"},"url":"https:\/\/swissbaker.ch\/fr\/panissimo-news\/author\/elina-laich\/"}]}},"_links":{"self":[{"href":"https:\/\/swissbaker.ch\/fr\/wp-json\/wp\/v2\/posts\/29918","targetHints":{"allow":["GET"]}}],"collection":[{"href":"https:\/\/swissbaker.ch\/fr\/wp-json\/wp\/v2\/posts"}],"about":[{"href":"https:\/\/swissbaker.ch\/fr\/wp-json\/wp\/v2\/types\/post"}],"author":[{"embeddable":true,"href":"https:\/\/swissbaker.ch\/fr\/wp-json\/wp\/v2\/users\/4"}],"replies":[{"embeddable":true,"href":"https:\/\/swissbaker.ch\/fr\/wp-json\/wp\/v2\/comments?post=29918"}],"version-history":[{"count":0,"href":"https:\/\/swissbaker.ch\/fr\/wp-json\/wp\/v2\/posts\/29918\/revisions"}],"wp:featuredmedia":[{"embeddable":true,"href":"https:\/\/swissbaker.ch\/fr\/wp-json\/wp\/v2\/media\/26767"}],"wp:attachment":[{"href":"https:\/\/swissbaker.ch\/fr\/wp-json\/wp\/v2\/media?parent=29918"}],"wp:term":[{"taxonomy":"category","embeddable":true,"href":"https:\/\/swissbaker.ch\/fr\/wp-json\/wp\/v2\/categories?post=29918"},{"taxonomy":"post_tag","embeddable":true,"href":"https:\/\/swissbaker.ch\/fr\/wp-json\/wp\/v2\/tags?post=29918"}],"curies":[{"name":"wp","href":"https:\/\/api.w.org\/{rel}","templated":true}]}}