{"id":27660,"date":"2022-06-02T09:29:19","date_gmt":"2022-06-02T07:29:19","guid":{"rendered":"https:\/\/swissbaker.ch\/?p=27660"},"modified":"2022-06-02T15:09:02","modified_gmt":"2022-06-02T13:09:02","slug":"comite-des-artisans-boulangers-confiseurs-genevois-reelu","status":"publish","type":"post","link":"https:\/\/swissbaker.ch\/fr\/panissimo-news\/comite-des-artisans-boulangers-confiseurs-genevois-reelu\/","title":{"rendered":"Comit\u00e9 des artisans boulangers-confiseurs genevois r\u00e9\u00e9lu"},"content":{"rendered":"\n<figure class=\"wp-block-image size-large\"><img decoding=\"async\" width=\"1024\" height=\"768\" src=\"https:\/\/swissbaker.ch\/wp-content\/uploads\/2022\/06\/ge3-1024x768.jpg\" alt=\"Genf\" class=\"wp-image-28017\" srcset=\"https:\/\/swissbaker.ch\/wp-content\/uploads\/2022\/06\/ge3-1024x768.jpg 1024w, https:\/\/swissbaker.ch\/wp-content\/uploads\/2022\/06\/ge3-768x576.jpg 768w, https:\/\/swissbaker.ch\/wp-content\/uploads\/2022\/06\/ge3-1536x1152.jpg 1536w, https:\/\/swissbaker.ch\/wp-content\/uploads\/2022\/06\/ge3-scaled.jpg 2048w, https:\/\/swissbaker.ch\/wp-content\/uploads\/2022\/06\/ge3-1000x750.jpg 1000w\" sizes=\"(max-width: 1024px) 100vw, 1024px\" \/><figcaption>De gauche \u00e0 droite\u2009: Jo\u00ebl M\u00e9rigonde, Eric Emery, Scott Jenny, Anita Dahan, Leonhard Bernard<br>et Philippe Taill\u00e9. Absents\u2009: Patricia Richard et St\u00e9phane Oberson.<\/figcaption><\/figure>\n\n\n\n<p>Quatorze membres avec commerce ont assist\u00e9 \u00e0 l\u2019assembl\u00e9e g\u00e9n\u00e9rale des Artisans boulangers-p\u00e2tissiers-confiseurs du canton de Gen\u00e8ve (ABCGe), le 19\u202fmai \u00e0 la Ferme du Lignon.<br>Apr\u00e8s deux ans de pand\u00e9mie, Eric Emery s\u2019est r\u00e9joui \u00ab\u2009que certains coll\u00e8gues retrouvent un bon niveau de vente\u2009\u00bb. Le pr\u00e9sident a cependant pr\u00e9cis\u00e9 rester \u00ab\u2009attentif \u00e0 la situation, car certains ne sont de loin pas sortis d\u2019affaire.\u2009\u00bb Attentif, il l\u2019est \u00e9galement en ce qui concerne les nouveaux d\u00e9fis qui attendent ses membres, dont la \u00ab\u2009nouvelle CCT avec des demandes des syndicats qui se basent sur des \u00e9tudes indiquant que le commerce de d\u00e9tail est un des secteurs qui a le mieux r\u00e9sist\u00e9.\u2009\u00bb M.\u202fEmery a inform\u00e9 l\u2019assembl\u00e9e avoir \u00e0 ce sujet d\u00e9pos\u00e9 plainte contre l\u2019un d\u2019entre eux pour propos diffamatoires, calomnieux et discriminatoires.<\/p>\n\n\n\n<h2 class=\"wp-block-heading\" id=\"h-dix-jubilaires\">Dix jubilaires<\/h2>\n\n\n\n<p>Les membres pr\u00e9sents ont t\u00e9moign\u00e9 leur confiance au comit\u00e9, en le r\u00e9\u00e9lisant pour une dur\u00e9e de trois ans. Ils ont \u00e9galement honor\u00e9 leurs membres jubilaires de 2020 \u00e0 2022\u2009: La Boulangerie Oberson (70 ans), la Boulangerie M. Briffaz (60 ans), la Boulangerie-P\u00e2tisserie Woflisberg (60 ans), Boulangerie Contel (25 ans), la Boulangerie Eric Emery (25 ans), la Boulangerie des Genets (25 ans), Boulangerie Leonhard Bretzel (25 ans), la Boulangerie Tea-room d\u2019Onex (25 ans), la Boulangerie Tea-room d\u2019Onex (25 ans) et O Bom Gosto (25 ans).<\/p>\n","protected":false},"excerpt":{"rendered":"<p>Quatorze membres avec commerce ont assist\u00e9 \u00e0 l\u2019assembl\u00e9e g\u00e9n\u00e9rale des Artisans boulangers-p\u00e2tissiers-confiseurs du canton de Gen\u00e8ve (ABCGe), le 19\u202fmai \u00e0 la Ferme du Lignon.Apr\u00e8s deux ans de pand\u00e9mie, Eric Emery s\u2019est r\u00e9joui \u00ab\u2009que certains coll\u00e8gues retrouvent un bon niveau de vente\u2009\u00bb. Le pr\u00e9sident a cependant pr\u00e9cis\u00e9 rester \u00ab\u2009attentif \u00e0 la situation, car certains ne sont de loin pas sortis d\u2019affaire.\u2009\u00bb [&hellip;]<\/p>\n","protected":false},"author":4,"featured_media":28017,"comment_status":"open","ping_status":"closed","sticky":true,"template":"","format":"standard","meta":{"_acf_changed":false,"footnotes":""},"categories":[40],"tags":[],"class_list":["post-27660","post","type-post","status-publish","format-standard","has-post-thumbnail","hentry","category-des-cantons"],"acf":[],"yoast_head":"<!-- This site is optimized with the Yoast SEO Premium plugin v26.8 (Yoast SEO v26.8) - https:\/\/yoast.com\/product\/yoast-seo-premium-wordpress\/ -->\n<title>Comit\u00e9 des artisans boulangers-confiseurs genevois r\u00e9\u00e9lu | SBC<\/title>\n<meta name=\"description\" content=\"Quatorze membres avec commerce ont assist\u00e9 \u00e0 l\u2019assembl\u00e9e g\u00e9n\u00e9rale des Artisans boulangers-p\u00e2tissiers-confiseurs du canton de Gen\u00e8ve (ABCGe), le 19\u202fmai \u00e0 la Ferme du Lignon.\" \/>\n<meta name=\"robots\" content=\"index, follow, max-snippet:-1, max-image-preview:large, max-video-preview:-1\" \/>\n<link rel=\"canonical\" href=\"https:\/\/swissbaker.ch\/fr\/panissimo-news\/comite-des-artisans-boulangers-confiseurs-genevois-reelu\/\" \/>\n<meta property=\"og:locale\" content=\"fr_FR\" \/>\n<meta property=\"og:type\" content=\"article\" \/>\n<meta property=\"og:title\" content=\"Comit\u00e9 des artisans boulangers-confiseurs genevois r\u00e9\u00e9lu\" \/>\n<meta property=\"og:description\" content=\"Quatorze membres avec commerce ont assist\u00e9 \u00e0 l\u2019assembl\u00e9e g\u00e9n\u00e9rale des Artisans boulangers-p\u00e2tissiers-confiseurs du canton de Gen\u00e8ve (ABCGe), le 19\u202fmai \u00e0 la Ferme du Lignon.\" \/>\n<meta property=\"og:url\" content=\"https:\/\/swissbaker.ch\/fr\/panissimo-news\/comite-des-artisans-boulangers-confiseurs-genevois-reelu\/\" \/>\n<meta property=\"og:site_name\" content=\"SBC\" \/>\n<meta property=\"article:publisher\" content=\"https:\/\/www.facebook.com\/swissbaker.ch\" \/>\n<meta property=\"article:published_time\" content=\"2022-06-02T07:29:19+00:00\" \/>\n<meta property=\"article:modified_time\" content=\"2022-06-02T13:09:02+00:00\" \/>\n<meta property=\"og:image\" content=\"https:\/\/swissbaker.ch\/wp-content\/uploads\/2022\/06\/ge3-scaled.jpg\" \/>\n\t<meta property=\"og:image:width\" content=\"2560\" \/>\n\t<meta property=\"og:image:height\" content=\"1920\" \/>\n\t<meta property=\"og:image:type\" content=\"image\/jpeg\" \/>\n<meta name=\"author\" content=\"Elina Laich\" \/>\n<meta name=\"twitter:card\" content=\"summary_large_image\" \/>\n<meta name=\"twitter:creator\" content=\"@ch_swissbaker\" \/>\n<meta name=\"twitter:site\" content=\"@ch_swissbaker\" \/>\n<meta name=\"twitter:label1\" content=\"Written by\" \/>\n\t<meta name=\"twitter:data1\" content=\"Elina Laich\" \/>\n\t<meta name=\"twitter:label2\" content=\"Est. reading time\" \/>\n\t<meta name=\"twitter:data2\" content=\"2 minutes\" \/>\n<script type=\"application\/ld+json\" class=\"yoast-schema-graph\">{\"@context\":\"https:\/\/schema.org\",\"@graph\":[{\"@type\":\"Article\",\"@id\":\"https:\/\/swissbaker.ch\/fr\/panissimo-news\/comite-des-artisans-boulangers-confiseurs-genevois-reelu\/#article\",\"isPartOf\":{\"@id\":\"https:\/\/swissbaker.ch\/fr\/panissimo-news\/comite-des-artisans-boulangers-confiseurs-genevois-reelu\/\"},\"author\":{\"name\":\"Elina Laich\",\"@id\":\"https:\/\/swissbaker.ch\/fr\/#\/schema\/person\/0c7464407782a0917d6e91a74206a176\"},\"headline\":\"Comit\u00e9 des artisans boulangers-confiseurs genevois r\u00e9\u00e9lu\",\"datePublished\":\"2022-06-02T07:29:19+00:00\",\"dateModified\":\"2022-06-02T13:09:02+00:00\",\"mainEntityOfPage\":{\"@id\":\"https:\/\/swissbaker.ch\/fr\/panissimo-news\/comite-des-artisans-boulangers-confiseurs-genevois-reelu\/\"},\"wordCount\":257,\"commentCount\":0,\"publisher\":{\"@id\":\"https:\/\/swissbaker.ch\/fr\/#organization\"},\"image\":{\"@id\":\"https:\/\/swissbaker.ch\/fr\/panissimo-news\/comite-des-artisans-boulangers-confiseurs-genevois-reelu\/#primaryimage\"},\"thumbnailUrl\":\"https:\/\/swissbaker.ch\/wp-content\/uploads\/2022\/06\/ge3-scaled.jpg\",\"articleSection\":[\"Des cantons\"],\"inLanguage\":\"fr-FR\",\"potentialAction\":[{\"@type\":\"CommentAction\",\"name\":\"Comment\",\"target\":[\"https:\/\/swissbaker.ch\/fr\/panissimo-news\/comite-des-artisans-boulangers-confiseurs-genevois-reelu\/#respond\"]}]},{\"@type\":\"WebPage\",\"@id\":\"https:\/\/swissbaker.ch\/fr\/panissimo-news\/comite-des-artisans-boulangers-confiseurs-genevois-reelu\/\",\"url\":\"https:\/\/swissbaker.ch\/fr\/panissimo-news\/comite-des-artisans-boulangers-confiseurs-genevois-reelu\/\",\"name\":\"Comit\u00e9 des artisans boulangers-confiseurs genevois r\u00e9\u00e9lu | SBC\",\"isPartOf\":{\"@id\":\"https:\/\/swissbaker.ch\/fr\/#website\"},\"primaryImageOfPage\":{\"@id\":\"https:\/\/swissbaker.ch\/fr\/panissimo-news\/comite-des-artisans-boulangers-confiseurs-genevois-reelu\/#primaryimage\"},\"image\":{\"@id\":\"https:\/\/swissbaker.ch\/fr\/panissimo-news\/comite-des-artisans-boulangers-confiseurs-genevois-reelu\/#primaryimage\"},\"thumbnailUrl\":\"https:\/\/swissbaker.ch\/wp-content\/uploads\/2022\/06\/ge3-scaled.jpg\",\"datePublished\":\"2022-06-02T07:29:19+00:00\",\"dateModified\":\"2022-06-02T13:09:02+00:00\",\"description\":\"Quatorze membres avec commerce ont assist\u00e9 \u00e0 l\u2019assembl\u00e9e g\u00e9n\u00e9rale des Artisans boulangers-p\u00e2tissiers-confiseurs du canton de Gen\u00e8ve (ABCGe), le 19\u202fmai \u00e0 la Ferme du Lignon.\",\"breadcrumb\":{\"@id\":\"https:\/\/swissbaker.ch\/fr\/panissimo-news\/comite-des-artisans-boulangers-confiseurs-genevois-reelu\/#breadcrumb\"},\"inLanguage\":\"fr-FR\",\"potentialAction\":[{\"@type\":\"ReadAction\",\"target\":[\"https:\/\/swissbaker.ch\/fr\/panissimo-news\/comite-des-artisans-boulangers-confiseurs-genevois-reelu\/\"]}]},{\"@type\":\"ImageObject\",\"inLanguage\":\"fr-FR\",\"@id\":\"https:\/\/swissbaker.ch\/fr\/panissimo-news\/comite-des-artisans-boulangers-confiseurs-genevois-reelu\/#primaryimage\",\"url\":\"https:\/\/swissbaker.ch\/wp-content\/uploads\/2022\/06\/ge3-scaled.jpg\",\"contentUrl\":\"https:\/\/swissbaker.ch\/wp-content\/uploads\/2022\/06\/ge3-scaled.jpg\",\"width\":2048,\"height\":1536,\"caption\":\"geneve\"},{\"@type\":\"BreadcrumbList\",\"@id\":\"https:\/\/swissbaker.ch\/fr\/panissimo-news\/comite-des-artisans-boulangers-confiseurs-genevois-reelu\/#breadcrumb\",\"itemListElement\":[{\"@type\":\"ListItem\",\"position\":1,\"name\":\"\",\"item\":\"https:\/\/swissbaker.ch\/fr\/\"},{\"@type\":\"ListItem\",\"position\":2,\"name\":\"Des cantons\",\"item\":\"https:\/\/swissbaker.ch\/fr\/panissimo-news\/category\/des-cantons\/\"},{\"@type\":\"ListItem\",\"position\":3,\"name\":\"Comit\u00e9 des artisans boulangers-confiseurs genevois r\u00e9\u00e9lu\"}]},{\"@type\":\"WebSite\",\"@id\":\"https:\/\/swissbaker.ch\/fr\/#website\",\"url\":\"https:\/\/swissbaker.ch\/fr\/\",\"name\":\"SBC\",\"description\":\"\",\"publisher\":{\"@id\":\"https:\/\/swissbaker.ch\/fr\/#organization\"},\"potentialAction\":[{\"@type\":\"SearchAction\",\"target\":{\"@type\":\"EntryPoint\",\"urlTemplate\":\"https:\/\/swissbaker.ch\/fr\/?s={search_term_string}\"},\"query-input\":{\"@type\":\"PropertyValueSpecification\",\"valueRequired\":true,\"valueName\":\"search_term_string\"}}],\"inLanguage\":\"fr-FR\"},{\"@type\":\"Organization\",\"@id\":\"https:\/\/swissbaker.ch\/fr\/#organization\",\"name\":\"Schweizerischer B\u00e4cker-Confiseurmeister-Verband\",\"url\":\"https:\/\/swissbaker.ch\/fr\/\",\"logo\":{\"@type\":\"ImageObject\",\"inLanguage\":\"fr-FR\",\"@id\":\"https:\/\/swissbaker.ch\/fr\/#\/schema\/logo\/image\/\",\"url\":\"https:\/\/swissbaker.ch\/wp-content\/uploads\/2022\/04\/sbc-logo-yoast.jpg\",\"contentUrl\":\"https:\/\/swissbaker.ch\/wp-content\/uploads\/2022\/04\/sbc-logo-yoast.jpg\",\"width\":512,\"height\":512,\"caption\":\"Schweizerischer B\u00e4cker-Confiseurmeister-Verband\"},\"image\":{\"@id\":\"https:\/\/swissbaker.ch\/fr\/#\/schema\/logo\/image\/\"},\"sameAs\":[\"https:\/\/www.facebook.com\/swissbaker.ch\",\"https:\/\/x.com\/ch_swissbaker\"]},{\"@type\":\"Person\",\"@id\":\"https:\/\/swissbaker.ch\/fr\/#\/schema\/person\/0c7464407782a0917d6e91a74206a176\",\"name\":\"Elina Laich\",\"image\":{\"@type\":\"ImageObject\",\"inLanguage\":\"fr-FR\",\"@id\":\"https:\/\/swissbaker.ch\/fr\/#\/schema\/person\/image\/\",\"url\":\"https:\/\/secure.gravatar.com\/avatar\/f942ca5f8668781d3ded9592a21de46001e053aff264ff1c6deb97b59d3604b2?s=96&d=mm&r=g\",\"contentUrl\":\"https:\/\/secure.gravatar.com\/avatar\/f942ca5f8668781d3ded9592a21de46001e053aff264ff1c6deb97b59d3604b2?s=96&d=mm&r=g\",\"caption\":\"Elina Laich\"},\"url\":\"https:\/\/swissbaker.ch\/fr\/panissimo-news\/author\/elina-laich\/\"}]}<\/script>\n<!-- \/ Yoast SEO Premium plugin. -->","yoast_head_json":{"title":"Comit\u00e9 des artisans boulangers-confiseurs genevois r\u00e9\u00e9lu | SBC","description":"Quatorze membres avec commerce ont assist\u00e9 \u00e0 l\u2019assembl\u00e9e g\u00e9n\u00e9rale des Artisans boulangers-p\u00e2tissiers-confiseurs du canton de Gen\u00e8ve (ABCGe), le 19\u202fmai \u00e0 la Ferme du Lignon.","robots":{"index":"index","follow":"follow","max-snippet":"max-snippet:-1","max-image-preview":"max-image-preview:large","max-video-preview":"max-video-preview:-1"},"canonical":"https:\/\/swissbaker.ch\/fr\/panissimo-news\/comite-des-artisans-boulangers-confiseurs-genevois-reelu\/","og_locale":"fr_FR","og_type":"article","og_title":"Comit\u00e9 des artisans boulangers-confiseurs genevois r\u00e9\u00e9lu","og_description":"Quatorze membres avec commerce ont assist\u00e9 \u00e0 l\u2019assembl\u00e9e g\u00e9n\u00e9rale des Artisans boulangers-p\u00e2tissiers-confiseurs du canton de Gen\u00e8ve (ABCGe), le 19\u202fmai \u00e0 la Ferme du Lignon.","og_url":"https:\/\/swissbaker.ch\/fr\/panissimo-news\/comite-des-artisans-boulangers-confiseurs-genevois-reelu\/","og_site_name":"SBC","article_publisher":"https:\/\/www.facebook.com\/swissbaker.ch","article_published_time":"2022-06-02T07:29:19+00:00","article_modified_time":"2022-06-02T13:09:02+00:00","og_image":[{"width":2560,"height":1920,"url":"https:\/\/swissbaker.ch\/wp-content\/uploads\/2022\/06\/ge3-scaled.jpg","type":"image\/jpeg"}],"author":"Elina Laich","twitter_card":"summary_large_image","twitter_creator":"@ch_swissbaker","twitter_site":"@ch_swissbaker","twitter_misc":{"Written by":"Elina Laich","Est. reading time":"2 minutes"},"schema":{"@context":"https:\/\/schema.org","@graph":[{"@type":"Article","@id":"https:\/\/swissbaker.ch\/fr\/panissimo-news\/comite-des-artisans-boulangers-confiseurs-genevois-reelu\/#article","isPartOf":{"@id":"https:\/\/swissbaker.ch\/fr\/panissimo-news\/comite-des-artisans-boulangers-confiseurs-genevois-reelu\/"},"author":{"name":"Elina Laich","@id":"https:\/\/swissbaker.ch\/fr\/#\/schema\/person\/0c7464407782a0917d6e91a74206a176"},"headline":"Comit\u00e9 des artisans boulangers-confiseurs genevois r\u00e9\u00e9lu","datePublished":"2022-06-02T07:29:19+00:00","dateModified":"2022-06-02T13:09:02+00:00","mainEntityOfPage":{"@id":"https:\/\/swissbaker.ch\/fr\/panissimo-news\/comite-des-artisans-boulangers-confiseurs-genevois-reelu\/"},"wordCount":257,"commentCount":0,"publisher":{"@id":"https:\/\/swissbaker.ch\/fr\/#organization"},"image":{"@id":"https:\/\/swissbaker.ch\/fr\/panissimo-news\/comite-des-artisans-boulangers-confiseurs-genevois-reelu\/#primaryimage"},"thumbnailUrl":"https:\/\/swissbaker.ch\/wp-content\/uploads\/2022\/06\/ge3-scaled.jpg","articleSection":["Des cantons"],"inLanguage":"fr-FR","potentialAction":[{"@type":"CommentAction","name":"Comment","target":["https:\/\/swissbaker.ch\/fr\/panissimo-news\/comite-des-artisans-boulangers-confiseurs-genevois-reelu\/#respond"]}]},{"@type":"WebPage","@id":"https:\/\/swissbaker.ch\/fr\/panissimo-news\/comite-des-artisans-boulangers-confiseurs-genevois-reelu\/","url":"https:\/\/swissbaker.ch\/fr\/panissimo-news\/comite-des-artisans-boulangers-confiseurs-genevois-reelu\/","name":"Comit\u00e9 des artisans boulangers-confiseurs genevois r\u00e9\u00e9lu | SBC","isPartOf":{"@id":"https:\/\/swissbaker.ch\/fr\/#website"},"primaryImageOfPage":{"@id":"https:\/\/swissbaker.ch\/fr\/panissimo-news\/comite-des-artisans-boulangers-confiseurs-genevois-reelu\/#primaryimage"},"image":{"@id":"https:\/\/swissbaker.ch\/fr\/panissimo-news\/comite-des-artisans-boulangers-confiseurs-genevois-reelu\/#primaryimage"},"thumbnailUrl":"https:\/\/swissbaker.ch\/wp-content\/uploads\/2022\/06\/ge3-scaled.jpg","datePublished":"2022-06-02T07:29:19+00:00","dateModified":"2022-06-02T13:09:02+00:00","description":"Quatorze membres avec commerce ont assist\u00e9 \u00e0 l\u2019assembl\u00e9e g\u00e9n\u00e9rale des Artisans boulangers-p\u00e2tissiers-confiseurs du canton de Gen\u00e8ve (ABCGe), le 19\u202fmai \u00e0 la Ferme du Lignon.","breadcrumb":{"@id":"https:\/\/swissbaker.ch\/fr\/panissimo-news\/comite-des-artisans-boulangers-confiseurs-genevois-reelu\/#breadcrumb"},"inLanguage":"fr-FR","potentialAction":[{"@type":"ReadAction","target":["https:\/\/swissbaker.ch\/fr\/panissimo-news\/comite-des-artisans-boulangers-confiseurs-genevois-reelu\/"]}]},{"@type":"ImageObject","inLanguage":"fr-FR","@id":"https:\/\/swissbaker.ch\/fr\/panissimo-news\/comite-des-artisans-boulangers-confiseurs-genevois-reelu\/#primaryimage","url":"https:\/\/swissbaker.ch\/wp-content\/uploads\/2022\/06\/ge3-scaled.jpg","contentUrl":"https:\/\/swissbaker.ch\/wp-content\/uploads\/2022\/06\/ge3-scaled.jpg","width":2048,"height":1536,"caption":"geneve"},{"@type":"BreadcrumbList","@id":"https:\/\/swissbaker.ch\/fr\/panissimo-news\/comite-des-artisans-boulangers-confiseurs-genevois-reelu\/#breadcrumb","itemListElement":[{"@type":"ListItem","position":1,"name":"","item":"https:\/\/swissbaker.ch\/fr\/"},{"@type":"ListItem","position":2,"name":"Des cantons","item":"https:\/\/swissbaker.ch\/fr\/panissimo-news\/category\/des-cantons\/"},{"@type":"ListItem","position":3,"name":"Comit\u00e9 des artisans boulangers-confiseurs genevois r\u00e9\u00e9lu"}]},{"@type":"WebSite","@id":"https:\/\/swissbaker.ch\/fr\/#website","url":"https:\/\/swissbaker.ch\/fr\/","name":"SBC","description":"","publisher":{"@id":"https:\/\/swissbaker.ch\/fr\/#organization"},"potentialAction":[{"@type":"SearchAction","target":{"@type":"EntryPoint","urlTemplate":"https:\/\/swissbaker.ch\/fr\/?s={search_term_string}"},"query-input":{"@type":"PropertyValueSpecification","valueRequired":true,"valueName":"search_term_string"}}],"inLanguage":"fr-FR"},{"@type":"Organization","@id":"https:\/\/swissbaker.ch\/fr\/#organization","name":"Schweizerischer B\u00e4cker-Confiseurmeister-Verband","url":"https:\/\/swissbaker.ch\/fr\/","logo":{"@type":"ImageObject","inLanguage":"fr-FR","@id":"https:\/\/swissbaker.ch\/fr\/#\/schema\/logo\/image\/","url":"https:\/\/swissbaker.ch\/wp-content\/uploads\/2022\/04\/sbc-logo-yoast.jpg","contentUrl":"https:\/\/swissbaker.ch\/wp-content\/uploads\/2022\/04\/sbc-logo-yoast.jpg","width":512,"height":512,"caption":"Schweizerischer B\u00e4cker-Confiseurmeister-Verband"},"image":{"@id":"https:\/\/swissbaker.ch\/fr\/#\/schema\/logo\/image\/"},"sameAs":["https:\/\/www.facebook.com\/swissbaker.ch","https:\/\/x.com\/ch_swissbaker"]},{"@type":"Person","@id":"https:\/\/swissbaker.ch\/fr\/#\/schema\/person\/0c7464407782a0917d6e91a74206a176","name":"Elina Laich","image":{"@type":"ImageObject","inLanguage":"fr-FR","@id":"https:\/\/swissbaker.ch\/fr\/#\/schema\/person\/image\/","url":"https:\/\/secure.gravatar.com\/avatar\/f942ca5f8668781d3ded9592a21de46001e053aff264ff1c6deb97b59d3604b2?s=96&d=mm&r=g","contentUrl":"https:\/\/secure.gravatar.com\/avatar\/f942ca5f8668781d3ded9592a21de46001e053aff264ff1c6deb97b59d3604b2?s=96&d=mm&r=g","caption":"Elina Laich"},"url":"https:\/\/swissbaker.ch\/fr\/panissimo-news\/author\/elina-laich\/"}]}},"_links":{"self":[{"href":"https:\/\/swissbaker.ch\/fr\/wp-json\/wp\/v2\/posts\/27660","targetHints":{"allow":["GET"]}}],"collection":[{"href":"https:\/\/swissbaker.ch\/fr\/wp-json\/wp\/v2\/posts"}],"about":[{"href":"https:\/\/swissbaker.ch\/fr\/wp-json\/wp\/v2\/types\/post"}],"author":[{"embeddable":true,"href":"https:\/\/swissbaker.ch\/fr\/wp-json\/wp\/v2\/users\/4"}],"replies":[{"embeddable":true,"href":"https:\/\/swissbaker.ch\/fr\/wp-json\/wp\/v2\/comments?post=27660"}],"version-history":[{"count":0,"href":"https:\/\/swissbaker.ch\/fr\/wp-json\/wp\/v2\/posts\/27660\/revisions"}],"wp:featuredmedia":[{"embeddable":true,"href":"https:\/\/swissbaker.ch\/fr\/wp-json\/wp\/v2\/media\/28017"}],"wp:attachment":[{"href":"https:\/\/swissbaker.ch\/fr\/wp-json\/wp\/v2\/media?parent=27660"}],"wp:term":[{"taxonomy":"category","embeddable":true,"href":"https:\/\/swissbaker.ch\/fr\/wp-json\/wp\/v2\/categories?post=27660"},{"taxonomy":"post_tag","embeddable":true,"href":"https:\/\/swissbaker.ch\/fr\/wp-json\/wp\/v2\/tags?post=27660"}],"curies":[{"name":"wp","href":"https:\/\/api.w.org\/{rel}","templated":true}]}}