{"id":26613,"date":"2022-06-01T16:49:24","date_gmt":"2022-06-01T14:49:24","guid":{"rendered":"https:\/\/swissbaker.ch\/?p=26613"},"modified":"2022-06-03T10:33:13","modified_gmt":"2022-06-03T08:33:13","slug":"presentation-des-trois-finalistes","status":"publish","type":"post","link":"https:\/\/swissbaker.ch\/fr\/panissimo-news\/presentation-des-trois-finalistes\/","title":{"rendered":"Pr\u00e9sentation des trois finalistes"},"content":{"rendered":"\n<p><strong>La couronne boulang\u00e8re&nbsp;2022 sera remise lors du <a href=\"https:\/\/swissbaker.ch\/fr\/congres-2022\/\">136<sup>e<\/sup>&nbsp;congr\u00e8s<\/a> de l\u2019Association suisse des patrons boulangers-confiseurs (BCS), qui aura lieu le 13&nbsp;juin \u00e0 Berne. D\u00e9cern\u00e9e en partenariat avec l\u2019Union suisse de la levure, elle r\u00e9compense chaque ann\u00e9e le travail de boulangeries-confiseries remarquables et novatrices. Cette ann\u00e9e, le jury a fait son choix parmi 66&nbsp;entreprises nomin\u00e9es, et s\u00e9lectionn\u00e9 les trois finalistes pr\u00e9sent\u00e9s ci-apr\u00e8s.<\/strong><\/p>\n\n\n\n<h2 class=\"wp-block-heading\" id=\"h-boulangerie-patisserie-confiserie-p-clement-daillens\"><strong>Boulangerie-p\u00e2tisserie-confiserie P. Cl\u00e9ment, Daillens<\/strong><\/h2>\n\n\n\n<figure class=\"wp-block-image size-large is-resized\"><img decoding=\"async\" src=\"https:\/\/swissbaker.ch\/wp-content\/uploads\/2022\/06\/430100d5-2d44-4472-9295-1b7583e47719_korr-e1654094736719.jpg\" alt=\"Boulangerie P\u00e2tisserie Confiserie P. Cl\u00e9ment, Daillens\" class=\"wp-image-25873\" width=\"512\" height=\"384\"\/><figcaption>Pascal Cl\u00e9ment<\/figcaption><\/figure>\n\n\n\n<p>Le propri\u00e9taire, Pascal Cl\u00e9ment, est une personne extr\u00eamement novatrice, tr\u00e8s engag\u00e9e au sein de l\u2019association. Son engagement est aussi tr\u00e8s marqu\u00e9 dans les villages dans lesquelles il exploite des commerces. N\u00e9 en&nbsp;1973 \u00e0 Daillens, l\u2019entrepreneur est \u00e9galement fan et partenaire commercial du club de hockey sur glace de Lausanne, le LHC. Sa client\u00e8le appr\u00e9cie notamment ses cr\u00e9ations humoristiques, telles que le \u00abpain Covid-19\u00bb ou le \u00abParme-Lin\u00bb (un sandwich en l\u2019honneur du conseiller f\u00e9d\u00e9ral Guy Parmelin). Dans ses huit succursales de la r\u00e9gion lausannoise, la boulangerie-p\u00e2tisserie-confiserie P. Cl\u00e9ment emploie quelque 85&nbsp;personnes, apprentis compris, dont 55 en vente et 15&nbsp;en production. Pascal Cl\u00e9ment met \u00e9galement la main \u00e0 la p\u00e2te.<\/p>\n\n\n\n<h2 class=\"wp-block-heading\"><strong>Eigenbr\u00f6tler Backwerke, Wauwil<\/strong><\/h2>\n\n\n\n<figure class=\"wp-block-image size-large is-resized\"><img decoding=\"async\" src=\"https:\/\/swissbaker.ch\/wp-content\/uploads\/2022\/06\/img_0480_korr-768x1024.jpg\" alt=\"Eigenbr\u00f6tler\" class=\"wp-image-26264\" width=\"384\" height=\"512\" srcset=\"https:\/\/swissbaker.ch\/wp-content\/uploads\/2022\/06\/img_0480_korr-768x1024.jpg 768w, https:\/\/swissbaker.ch\/wp-content\/uploads\/2022\/06\/img_0480_korr-1152x1536.jpg 1152w, https:\/\/swissbaker.ch\/wp-content\/uploads\/2022\/06\/img_0480_korr.jpg 1536w\" sizes=\"(max-width: 384px) 100vw, 384px\" \/><figcaption>Daniel Amrein<\/figcaption><\/figure>\n\n\n\n<p>L\u2019\u00abexcentrique\u00bb Daniel Amrein ne dirige pas une entreprise traditionnelle. Il a repris la boulangerie de village de son p\u00e8re il y a plus de 20&nbsp;ans pour remanier compl\u00e8tement son concept. Il n\u2019a pas de magasin et vend ses pains et ses produits de boulangerie directement depuis son fournil \u00e0 Wauwil ou sur le march\u00e9 de Lucerne. Daniel Amrein utilise des ingr\u00e9dients biologiques de la r\u00e9gion depuis le passage au nouveau mill\u00e9naire.<\/p>\n\n\n\n<p>A ce jour, de nombreux restaurants gastronomiques et h\u00f4tels de toute la Suisse s\u2019approvisionnent en pain aupr\u00e8s de \u00abEigenbr\u00f6tler Backwerke\u00bb. Daniel Amrein est, dans le sens positif du terme un \u00abfreak\u00bb et une figure de proue non conventionnelle dans notre secteur.<\/p>\n\n\n\n<h2 class=\"wp-block-heading\"><strong>Jovi\u2019s glutenfreie B\u00e4ckerei AG, Berne<\/strong><\/h2>\n\n\n\n<figure class=\"wp-block-image size-large is-resized\"><img decoding=\"async\" src=\"https:\/\/swissbaker.ch\/wp-content\/uploads\/2022\/06\/dsc_1553-683x1024.jpg\" alt=\"Jovi\" class=\"wp-image-26325\" width=\"342\" height=\"512\" srcset=\"https:\/\/swissbaker.ch\/wp-content\/uploads\/2022\/06\/dsc_1553-683x1024.jpg 683w, https:\/\/swissbaker.ch\/wp-content\/uploads\/2022\/06\/dsc_1553-768x1152.jpg 768w, https:\/\/swissbaker.ch\/wp-content\/uploads\/2022\/06\/dsc_1553-1024x1536.jpg 1024w, https:\/\/swissbaker.ch\/wp-content\/uploads\/2022\/06\/dsc_1553-1365x2048.jpg 1365w, https:\/\/swissbaker.ch\/wp-content\/uploads\/2022\/06\/dsc_1553-scaled.jpg 1707w\" sizes=\"(max-width: 342px) 100vw, 342px\" \/><figcaption>Jovana Beslac<\/figcaption><\/figure>\n\n\n\n<p>La jeune entrepreneuse bernoise Jovana Beslac, Jovi pour les intimes, est elle-m\u00eame atteinte de coeliakie. Elle a ouvert en janvier&nbsp;2021 \u00e0 Berne sa propre boulangerie-confiserie sans gluten, l\u2019une des premi\u00e8res de Suisse sp\u00e9cialis\u00e9e dans le domaine. Outre des produits sans gluten, on y trouve des pains et des friandises sans lactose, sans noix et sans \u0153ufs, ainsi que des produits v\u00e9g\u00e9taliens. Dipl\u00f4m\u00e9e en gestion d\u2019entreprise, Jovi n\u2019est pas elle-m\u00eame boulang\u00e8re de m\u00e9tier, mais a d\u00e8s le d\u00e9but d\u00e9velopp\u00e9 ses produits avec le ma\u00eetre boulanger Salvi. Tous deux imaginent r\u00e9guli\u00e8rement de nouvelles cr\u00e9ations. Outre une boutique en ligne, les produits sont vendus dans des pop-up stores \u00e0 Lucerne et \u00e0 Zurich. Le premier magasin \u00e0 Berne (anciennement la boulangerie Christener) est d\u00e9j\u00e0 un lieu couru des personnes atteintes de coeliakie.<\/p>\n\n\n\n<p>((Kastentext B\u00e4ckerkrone))<\/p>\n\n\n\n<p>Inventivit\u00e9, professionnalisme, talent et engagement extraordinaire sont les ma\u00eetres mots de la distinction que repr\u00e9sente la couronne boulang\u00e8re \u2013 dot\u00e9e d\u2019un prix de 15000 francs. La BCS et l\u2019Union suisse de la levure (SHV) d\u00e9cernent pour la dixi\u00e8me fois le prix cr\u00e9\u00e9 par cette derni\u00e8re. La \u00abcouronne boulang\u00e8re\u00bb r\u00e9compense des boulangers et des confiseurs qui se distinguent par leurs actions exceptionnelles dans le domaine social, \u00e9conomique, professionnel ou \u00e9cologique. L\u2019actuel laur\u00e9at est David Schmid avec \u00abLa Patisserie David Schmid\u00bb \u00e0 Zofingen (AG). Pour plus de d\u00e9tails, voir l\u2019<a href=\"https:\/\/swissbaker.ch\/fr\/panissimo-news\/entree-dans-lolympe-de-la-branche\/\">interview de David Schmid<\/a>.<\/p>\n\n\n\n<p><a href=\"https:\/\/www.baeckerkrone.ch\/fr\/\">baeckerkrone.ch<\/a><\/p>\n\n\n\n<p><a id=\"_msocom_1\"><\/a><\/p>\n","protected":false},"excerpt":{"rendered":"<p>La couronne boulang\u00e8re&nbsp;2022 sera remise lors du 136e&nbsp;congr\u00e8s de l\u2019Association suisse des patrons boulangers-confiseurs (BCS), qui aura lieu le 13&nbsp;juin \u00e0 Berne. D\u00e9cern\u00e9e en partenariat avec l\u2019Union suisse de la levure, elle r\u00e9compense chaque ann\u00e9e le travail de boulangeries-confiseries remarquables et novatrices. Cette ann\u00e9e, le jury a fait son choix parmi 66&nbsp;entreprises nomin\u00e9es, et s\u00e9lectionn\u00e9 les trois finalistes pr\u00e9sent\u00e9s ci-apr\u00e8s. [&hellip;]<\/p>\n","protected":false},"author":4,"featured_media":10183,"comment_status":"open","ping_status":"closed","sticky":true,"template":"","format":"standard","meta":{"_acf_changed":false,"footnotes":""},"categories":[41,46],"tags":[],"class_list":["post-26613","post","type-post","status-publish","format-standard","has-post-thumbnail","hentry","category-association","category-evenement"],"acf":[],"yoast_head":"<!-- This site is optimized with the Yoast SEO Premium plugin v26.8 (Yoast SEO v26.8) - https:\/\/yoast.com\/product\/yoast-seo-premium-wordpress\/ -->\n<title>Pr\u00e9sentation des trois finalistes | SBC<\/title>\n<meta name=\"description\" content=\"La couronne boulang\u00e8re\u00a02022 sera remise lors du 136e\u00a0congr\u00e8s de l\u2019Association suisse des patrons boulangers-confiseurs (BCS), qui aura lieu le 13\u00a0juin \u00e0 Berne. D\u00e9cern\u00e9e en partenariat avec l\u2019Union suisse de la levure, elle r\u00e9compense chaque ann\u00e9e le travail de boulangeries-confiseries remarquables et novatrices. Cette ann\u00e9e, le jury a fait son choix parmi 66\u00a0entreprises nomin\u00e9es, et s\u00e9lectionn\u00e9 les trois finalistes pr\u00e9sent\u00e9s ci-apr\u00e8s.\" \/>\n<meta name=\"robots\" content=\"index, follow, max-snippet:-1, max-image-preview:large, max-video-preview:-1\" \/>\n<link rel=\"canonical\" href=\"https:\/\/swissbaker.ch\/fr\/panissimo-news\/presentation-des-trois-finalistes\/\" \/>\n<meta property=\"og:locale\" content=\"fr_FR\" \/>\n<meta property=\"og:type\" content=\"article\" \/>\n<meta property=\"og:title\" content=\"Pr\u00e9sentation des trois finalistes\" \/>\n<meta property=\"og:description\" content=\"La couronne boulang\u00e8re\u00a02022 sera remise lors du 136e\u00a0congr\u00e8s de l\u2019Association suisse des patrons boulangers-confiseurs (BCS), qui aura lieu le 13\u00a0juin \u00e0 Berne. D\u00e9cern\u00e9e en partenariat avec l\u2019Union suisse de la levure, elle r\u00e9compense chaque ann\u00e9e le travail de boulangeries-confiseries remarquables et novatrices. Cette ann\u00e9e, le jury a fait son choix parmi 66\u00a0entreprises nomin\u00e9es, et s\u00e9lectionn\u00e9 les trois finalistes pr\u00e9sent\u00e9s ci-apr\u00e8s.\" \/>\n<meta property=\"og:url\" content=\"https:\/\/swissbaker.ch\/fr\/panissimo-news\/presentation-des-trois-finalistes\/\" \/>\n<meta property=\"og:site_name\" content=\"SBC\" \/>\n<meta property=\"article:publisher\" content=\"https:\/\/www.facebook.com\/swissbaker.ch\" \/>\n<meta property=\"article:published_time\" content=\"2022-06-01T14:49:24+00:00\" \/>\n<meta property=\"article:modified_time\" content=\"2022-06-03T08:33:13+00:00\" \/>\n<meta property=\"og:image\" content=\"https:\/\/swissbaker.ch\/wp-content\/uploads\/2022\/05\/3_2_couronne_boulanger.jpeg\" \/>\n\t<meta property=\"og:image:width\" content=\"800\" \/>\n\t<meta property=\"og:image:height\" content=\"474\" \/>\n\t<meta property=\"og:image:type\" content=\"image\/jpeg\" \/>\n<meta name=\"author\" content=\"Elina Laich\" \/>\n<meta name=\"twitter:card\" content=\"summary_large_image\" \/>\n<meta name=\"twitter:creator\" content=\"@ch_swissbaker\" \/>\n<meta name=\"twitter:site\" content=\"@ch_swissbaker\" \/>\n<meta name=\"twitter:label1\" content=\"Written by\" \/>\n\t<meta name=\"twitter:data1\" content=\"Elina Laich\" \/>\n\t<meta name=\"twitter:label2\" content=\"Est. reading time\" \/>\n\t<meta name=\"twitter:data2\" content=\"4 minutes\" \/>\n<script type=\"application\/ld+json\" class=\"yoast-schema-graph\">{\"@context\":\"https:\/\/schema.org\",\"@graph\":[{\"@type\":\"Article\",\"@id\":\"https:\/\/swissbaker.ch\/fr\/panissimo-news\/presentation-des-trois-finalistes\/#article\",\"isPartOf\":{\"@id\":\"https:\/\/swissbaker.ch\/fr\/panissimo-news\/presentation-des-trois-finalistes\/\"},\"author\":{\"name\":\"Elina Laich\",\"@id\":\"https:\/\/swissbaker.ch\/fr\/#\/schema\/person\/0c7464407782a0917d6e91a74206a176\"},\"headline\":\"Pr\u00e9sentation des trois finalistes\",\"datePublished\":\"2022-06-01T14:49:24+00:00\",\"dateModified\":\"2022-06-03T08:33:13+00:00\",\"mainEntityOfPage\":{\"@id\":\"https:\/\/swissbaker.ch\/fr\/panissimo-news\/presentation-des-trois-finalistes\/\"},\"wordCount\":613,\"commentCount\":0,\"publisher\":{\"@id\":\"https:\/\/swissbaker.ch\/fr\/#organization\"},\"image\":{\"@id\":\"https:\/\/swissbaker.ch\/fr\/panissimo-news\/presentation-des-trois-finalistes\/#primaryimage\"},\"thumbnailUrl\":\"https:\/\/swissbaker.ch\/wp-content\/uploads\/2022\/05\/3_2_couronne_boulanger.jpeg\",\"articleSection\":[\"Association\",\"Ev\u00e9nement\"],\"inLanguage\":\"fr-FR\",\"potentialAction\":[{\"@type\":\"CommentAction\",\"name\":\"Comment\",\"target\":[\"https:\/\/swissbaker.ch\/fr\/panissimo-news\/presentation-des-trois-finalistes\/#respond\"]}]},{\"@type\":\"WebPage\",\"@id\":\"https:\/\/swissbaker.ch\/fr\/panissimo-news\/presentation-des-trois-finalistes\/\",\"url\":\"https:\/\/swissbaker.ch\/fr\/panissimo-news\/presentation-des-trois-finalistes\/\",\"name\":\"Pr\u00e9sentation des trois finalistes | SBC\",\"isPartOf\":{\"@id\":\"https:\/\/swissbaker.ch\/fr\/#website\"},\"primaryImageOfPage\":{\"@id\":\"https:\/\/swissbaker.ch\/fr\/panissimo-news\/presentation-des-trois-finalistes\/#primaryimage\"},\"image\":{\"@id\":\"https:\/\/swissbaker.ch\/fr\/panissimo-news\/presentation-des-trois-finalistes\/#primaryimage\"},\"thumbnailUrl\":\"https:\/\/swissbaker.ch\/wp-content\/uploads\/2022\/05\/3_2_couronne_boulanger.jpeg\",\"datePublished\":\"2022-06-01T14:49:24+00:00\",\"dateModified\":\"2022-06-03T08:33:13+00:00\",\"description\":\"La couronne boulang\u00e8re\u00a02022 sera remise lors du 136e\u00a0congr\u00e8s de l\u2019Association suisse des patrons boulangers-confiseurs (BCS), qui aura lieu le 13\u00a0juin \u00e0 Berne. D\u00e9cern\u00e9e en partenariat avec l\u2019Union suisse de la levure, elle r\u00e9compense chaque ann\u00e9e le travail de boulangeries-confiseries remarquables et novatrices. Cette ann\u00e9e, le jury a fait son choix parmi 66\u00a0entreprises nomin\u00e9es, et s\u00e9lectionn\u00e9 les trois finalistes pr\u00e9sent\u00e9s ci-apr\u00e8s.\",\"breadcrumb\":{\"@id\":\"https:\/\/swissbaker.ch\/fr\/panissimo-news\/presentation-des-trois-finalistes\/#breadcrumb\"},\"inLanguage\":\"fr-FR\",\"potentialAction\":[{\"@type\":\"ReadAction\",\"target\":[\"https:\/\/swissbaker.ch\/fr\/panissimo-news\/presentation-des-trois-finalistes\/\"]}]},{\"@type\":\"ImageObject\",\"inLanguage\":\"fr-FR\",\"@id\":\"https:\/\/swissbaker.ch\/fr\/panissimo-news\/presentation-des-trois-finalistes\/#primaryimage\",\"url\":\"https:\/\/swissbaker.ch\/wp-content\/uploads\/2022\/05\/3_2_couronne_boulanger.jpeg\",\"contentUrl\":\"https:\/\/swissbaker.ch\/wp-content\/uploads\/2022\/05\/3_2_couronne_boulanger.jpeg\",\"width\":800,\"height\":474,\"caption\":\"Qui remportera la couronne en 2020?\"},{\"@type\":\"BreadcrumbList\",\"@id\":\"https:\/\/swissbaker.ch\/fr\/panissimo-news\/presentation-des-trois-finalistes\/#breadcrumb\",\"itemListElement\":[{\"@type\":\"ListItem\",\"position\":1,\"name\":\"\",\"item\":\"https:\/\/swissbaker.ch\/fr\/\"},{\"@type\":\"ListItem\",\"position\":2,\"name\":\"Association\",\"item\":\"https:\/\/swissbaker.ch\/fr\/panissimo-news\/category\/association\/\"},{\"@type\":\"ListItem\",\"position\":3,\"name\":\"Pr\u00e9sentation des trois finalistes\"}]},{\"@type\":\"WebSite\",\"@id\":\"https:\/\/swissbaker.ch\/fr\/#website\",\"url\":\"https:\/\/swissbaker.ch\/fr\/\",\"name\":\"SBC\",\"description\":\"\",\"publisher\":{\"@id\":\"https:\/\/swissbaker.ch\/fr\/#organization\"},\"potentialAction\":[{\"@type\":\"SearchAction\",\"target\":{\"@type\":\"EntryPoint\",\"urlTemplate\":\"https:\/\/swissbaker.ch\/fr\/?s={search_term_string}\"},\"query-input\":{\"@type\":\"PropertyValueSpecification\",\"valueRequired\":true,\"valueName\":\"search_term_string\"}}],\"inLanguage\":\"fr-FR\"},{\"@type\":\"Organization\",\"@id\":\"https:\/\/swissbaker.ch\/fr\/#organization\",\"name\":\"Schweizerischer B\u00e4cker-Confiseurmeister-Verband\",\"url\":\"https:\/\/swissbaker.ch\/fr\/\",\"logo\":{\"@type\":\"ImageObject\",\"inLanguage\":\"fr-FR\",\"@id\":\"https:\/\/swissbaker.ch\/fr\/#\/schema\/logo\/image\/\",\"url\":\"https:\/\/swissbaker.ch\/wp-content\/uploads\/2022\/04\/sbc-logo-yoast.jpg\",\"contentUrl\":\"https:\/\/swissbaker.ch\/wp-content\/uploads\/2022\/04\/sbc-logo-yoast.jpg\",\"width\":512,\"height\":512,\"caption\":\"Schweizerischer B\u00e4cker-Confiseurmeister-Verband\"},\"image\":{\"@id\":\"https:\/\/swissbaker.ch\/fr\/#\/schema\/logo\/image\/\"},\"sameAs\":[\"https:\/\/www.facebook.com\/swissbaker.ch\",\"https:\/\/x.com\/ch_swissbaker\"]},{\"@type\":\"Person\",\"@id\":\"https:\/\/swissbaker.ch\/fr\/#\/schema\/person\/0c7464407782a0917d6e91a74206a176\",\"name\":\"Elina Laich\",\"image\":{\"@type\":\"ImageObject\",\"inLanguage\":\"fr-FR\",\"@id\":\"https:\/\/swissbaker.ch\/fr\/#\/schema\/person\/image\/\",\"url\":\"https:\/\/secure.gravatar.com\/avatar\/f942ca5f8668781d3ded9592a21de46001e053aff264ff1c6deb97b59d3604b2?s=96&d=mm&r=g\",\"contentUrl\":\"https:\/\/secure.gravatar.com\/avatar\/f942ca5f8668781d3ded9592a21de46001e053aff264ff1c6deb97b59d3604b2?s=96&d=mm&r=g\",\"caption\":\"Elina Laich\"},\"url\":\"https:\/\/swissbaker.ch\/fr\/panissimo-news\/author\/elina-laich\/\"}]}<\/script>\n<!-- \/ Yoast SEO Premium plugin. -->","yoast_head_json":{"title":"Pr\u00e9sentation des trois finalistes | SBC","description":"La couronne boulang\u00e8re\u00a02022 sera remise lors du 136e\u00a0congr\u00e8s de l\u2019Association suisse des patrons boulangers-confiseurs (BCS), qui aura lieu le 13\u00a0juin \u00e0 Berne. D\u00e9cern\u00e9e en partenariat avec l\u2019Union suisse de la levure, elle r\u00e9compense chaque ann\u00e9e le travail de boulangeries-confiseries remarquables et novatrices. Cette ann\u00e9e, le jury a fait son choix parmi 66\u00a0entreprises nomin\u00e9es, et s\u00e9lectionn\u00e9 les trois finalistes pr\u00e9sent\u00e9s ci-apr\u00e8s.","robots":{"index":"index","follow":"follow","max-snippet":"max-snippet:-1","max-image-preview":"max-image-preview:large","max-video-preview":"max-video-preview:-1"},"canonical":"https:\/\/swissbaker.ch\/fr\/panissimo-news\/presentation-des-trois-finalistes\/","og_locale":"fr_FR","og_type":"article","og_title":"Pr\u00e9sentation des trois finalistes","og_description":"La couronne boulang\u00e8re\u00a02022 sera remise lors du 136e\u00a0congr\u00e8s de l\u2019Association suisse des patrons boulangers-confiseurs (BCS), qui aura lieu le 13\u00a0juin \u00e0 Berne. D\u00e9cern\u00e9e en partenariat avec l\u2019Union suisse de la levure, elle r\u00e9compense chaque ann\u00e9e le travail de boulangeries-confiseries remarquables et novatrices. Cette ann\u00e9e, le jury a fait son choix parmi 66\u00a0entreprises nomin\u00e9es, et s\u00e9lectionn\u00e9 les trois finalistes pr\u00e9sent\u00e9s ci-apr\u00e8s.","og_url":"https:\/\/swissbaker.ch\/fr\/panissimo-news\/presentation-des-trois-finalistes\/","og_site_name":"SBC","article_publisher":"https:\/\/www.facebook.com\/swissbaker.ch","article_published_time":"2022-06-01T14:49:24+00:00","article_modified_time":"2022-06-03T08:33:13+00:00","og_image":[{"width":800,"height":474,"url":"https:\/\/swissbaker.ch\/wp-content\/uploads\/2022\/05\/3_2_couronne_boulanger.jpeg","type":"image\/jpeg"}],"author":"Elina Laich","twitter_card":"summary_large_image","twitter_creator":"@ch_swissbaker","twitter_site":"@ch_swissbaker","twitter_misc":{"Written by":"Elina Laich","Est. reading time":"4 minutes"},"schema":{"@context":"https:\/\/schema.org","@graph":[{"@type":"Article","@id":"https:\/\/swissbaker.ch\/fr\/panissimo-news\/presentation-des-trois-finalistes\/#article","isPartOf":{"@id":"https:\/\/swissbaker.ch\/fr\/panissimo-news\/presentation-des-trois-finalistes\/"},"author":{"name":"Elina Laich","@id":"https:\/\/swissbaker.ch\/fr\/#\/schema\/person\/0c7464407782a0917d6e91a74206a176"},"headline":"Pr\u00e9sentation des trois finalistes","datePublished":"2022-06-01T14:49:24+00:00","dateModified":"2022-06-03T08:33:13+00:00","mainEntityOfPage":{"@id":"https:\/\/swissbaker.ch\/fr\/panissimo-news\/presentation-des-trois-finalistes\/"},"wordCount":613,"commentCount":0,"publisher":{"@id":"https:\/\/swissbaker.ch\/fr\/#organization"},"image":{"@id":"https:\/\/swissbaker.ch\/fr\/panissimo-news\/presentation-des-trois-finalistes\/#primaryimage"},"thumbnailUrl":"https:\/\/swissbaker.ch\/wp-content\/uploads\/2022\/05\/3_2_couronne_boulanger.jpeg","articleSection":["Association","Ev\u00e9nement"],"inLanguage":"fr-FR","potentialAction":[{"@type":"CommentAction","name":"Comment","target":["https:\/\/swissbaker.ch\/fr\/panissimo-news\/presentation-des-trois-finalistes\/#respond"]}]},{"@type":"WebPage","@id":"https:\/\/swissbaker.ch\/fr\/panissimo-news\/presentation-des-trois-finalistes\/","url":"https:\/\/swissbaker.ch\/fr\/panissimo-news\/presentation-des-trois-finalistes\/","name":"Pr\u00e9sentation des trois finalistes | SBC","isPartOf":{"@id":"https:\/\/swissbaker.ch\/fr\/#website"},"primaryImageOfPage":{"@id":"https:\/\/swissbaker.ch\/fr\/panissimo-news\/presentation-des-trois-finalistes\/#primaryimage"},"image":{"@id":"https:\/\/swissbaker.ch\/fr\/panissimo-news\/presentation-des-trois-finalistes\/#primaryimage"},"thumbnailUrl":"https:\/\/swissbaker.ch\/wp-content\/uploads\/2022\/05\/3_2_couronne_boulanger.jpeg","datePublished":"2022-06-01T14:49:24+00:00","dateModified":"2022-06-03T08:33:13+00:00","description":"La couronne boulang\u00e8re\u00a02022 sera remise lors du 136e\u00a0congr\u00e8s de l\u2019Association suisse des patrons boulangers-confiseurs (BCS), qui aura lieu le 13\u00a0juin \u00e0 Berne. D\u00e9cern\u00e9e en partenariat avec l\u2019Union suisse de la levure, elle r\u00e9compense chaque ann\u00e9e le travail de boulangeries-confiseries remarquables et novatrices. Cette ann\u00e9e, le jury a fait son choix parmi 66\u00a0entreprises nomin\u00e9es, et s\u00e9lectionn\u00e9 les trois finalistes pr\u00e9sent\u00e9s ci-apr\u00e8s.","breadcrumb":{"@id":"https:\/\/swissbaker.ch\/fr\/panissimo-news\/presentation-des-trois-finalistes\/#breadcrumb"},"inLanguage":"fr-FR","potentialAction":[{"@type":"ReadAction","target":["https:\/\/swissbaker.ch\/fr\/panissimo-news\/presentation-des-trois-finalistes\/"]}]},{"@type":"ImageObject","inLanguage":"fr-FR","@id":"https:\/\/swissbaker.ch\/fr\/panissimo-news\/presentation-des-trois-finalistes\/#primaryimage","url":"https:\/\/swissbaker.ch\/wp-content\/uploads\/2022\/05\/3_2_couronne_boulanger.jpeg","contentUrl":"https:\/\/swissbaker.ch\/wp-content\/uploads\/2022\/05\/3_2_couronne_boulanger.jpeg","width":800,"height":474,"caption":"Qui remportera la couronne en 2020?"},{"@type":"BreadcrumbList","@id":"https:\/\/swissbaker.ch\/fr\/panissimo-news\/presentation-des-trois-finalistes\/#breadcrumb","itemListElement":[{"@type":"ListItem","position":1,"name":"","item":"https:\/\/swissbaker.ch\/fr\/"},{"@type":"ListItem","position":2,"name":"Association","item":"https:\/\/swissbaker.ch\/fr\/panissimo-news\/category\/association\/"},{"@type":"ListItem","position":3,"name":"Pr\u00e9sentation des trois finalistes"}]},{"@type":"WebSite","@id":"https:\/\/swissbaker.ch\/fr\/#website","url":"https:\/\/swissbaker.ch\/fr\/","name":"SBC","description":"","publisher":{"@id":"https:\/\/swissbaker.ch\/fr\/#organization"},"potentialAction":[{"@type":"SearchAction","target":{"@type":"EntryPoint","urlTemplate":"https:\/\/swissbaker.ch\/fr\/?s={search_term_string}"},"query-input":{"@type":"PropertyValueSpecification","valueRequired":true,"valueName":"search_term_string"}}],"inLanguage":"fr-FR"},{"@type":"Organization","@id":"https:\/\/swissbaker.ch\/fr\/#organization","name":"Schweizerischer B\u00e4cker-Confiseurmeister-Verband","url":"https:\/\/swissbaker.ch\/fr\/","logo":{"@type":"ImageObject","inLanguage":"fr-FR","@id":"https:\/\/swissbaker.ch\/fr\/#\/schema\/logo\/image\/","url":"https:\/\/swissbaker.ch\/wp-content\/uploads\/2022\/04\/sbc-logo-yoast.jpg","contentUrl":"https:\/\/swissbaker.ch\/wp-content\/uploads\/2022\/04\/sbc-logo-yoast.jpg","width":512,"height":512,"caption":"Schweizerischer B\u00e4cker-Confiseurmeister-Verband"},"image":{"@id":"https:\/\/swissbaker.ch\/fr\/#\/schema\/logo\/image\/"},"sameAs":["https:\/\/www.facebook.com\/swissbaker.ch","https:\/\/x.com\/ch_swissbaker"]},{"@type":"Person","@id":"https:\/\/swissbaker.ch\/fr\/#\/schema\/person\/0c7464407782a0917d6e91a74206a176","name":"Elina Laich","image":{"@type":"ImageObject","inLanguage":"fr-FR","@id":"https:\/\/swissbaker.ch\/fr\/#\/schema\/person\/image\/","url":"https:\/\/secure.gravatar.com\/avatar\/f942ca5f8668781d3ded9592a21de46001e053aff264ff1c6deb97b59d3604b2?s=96&d=mm&r=g","contentUrl":"https:\/\/secure.gravatar.com\/avatar\/f942ca5f8668781d3ded9592a21de46001e053aff264ff1c6deb97b59d3604b2?s=96&d=mm&r=g","caption":"Elina Laich"},"url":"https:\/\/swissbaker.ch\/fr\/panissimo-news\/author\/elina-laich\/"}]}},"_links":{"self":[{"href":"https:\/\/swissbaker.ch\/fr\/wp-json\/wp\/v2\/posts\/26613","targetHints":{"allow":["GET"]}}],"collection":[{"href":"https:\/\/swissbaker.ch\/fr\/wp-json\/wp\/v2\/posts"}],"about":[{"href":"https:\/\/swissbaker.ch\/fr\/wp-json\/wp\/v2\/types\/post"}],"author":[{"embeddable":true,"href":"https:\/\/swissbaker.ch\/fr\/wp-json\/wp\/v2\/users\/4"}],"replies":[{"embeddable":true,"href":"https:\/\/swissbaker.ch\/fr\/wp-json\/wp\/v2\/comments?post=26613"}],"version-history":[{"count":0,"href":"https:\/\/swissbaker.ch\/fr\/wp-json\/wp\/v2\/posts\/26613\/revisions"}],"wp:featuredmedia":[{"embeddable":true,"href":"https:\/\/swissbaker.ch\/fr\/wp-json\/wp\/v2\/media\/10183"}],"wp:attachment":[{"href":"https:\/\/swissbaker.ch\/fr\/wp-json\/wp\/v2\/media?parent=26613"}],"wp:term":[{"taxonomy":"category","embeddable":true,"href":"https:\/\/swissbaker.ch\/fr\/wp-json\/wp\/v2\/categories?post=26613"},{"taxonomy":"post_tag","embeddable":true,"href":"https:\/\/swissbaker.ch\/fr\/wp-json\/wp\/v2\/tags?post=26613"}],"curies":[{"name":"wp","href":"https:\/\/api.w.org\/{rel}","templated":true}]}}