{"id":165433,"date":"2026-06-20T07:29:00","date_gmt":"2026-06-20T05:29:00","guid":{"rendered":"https:\/\/swissbaker.ch\/?p=165433"},"modified":"2026-08-31T07:36:59","modified_gmt":"2026-08-31T05:36:59","slug":"les-championnes-en-visite","status":"publish","type":"post","link":"https:\/\/swissbaker.ch\/fr\/panissimo-news\/les-championnes-en-visite\/","title":{"rendered":"Les championnes en visite"},"content":{"rendered":"\n<p class=\"wp-block-paragraph\"><strong>Elles sont revenues sur le site de BernExpo pr\u00e8s de neuf mois apr\u00e8s leur sacre. En septembre dernier, Anna Putzi, Regula Baschung et Gwenda B\u00f6sch avaient en effet remport\u00e9 la m\u00e9daille d\u2019or aux championnats suisses \u00e0 Berne. \u00c0 l\u2019occasion du congr\u00e8s de la BCS, elles ont \u00e9voqu\u00e9 cette exp\u00e9rience, les mois qui ont suivi et les d\u00e9fis qui les attendent d\u00e9sormais.<\/strong><\/p>\n\n\n\n<p class=\"wp-block-paragraph\">Lors de la seconde partie du congr\u00e8s de la BCS, les championnes suisses en titre, Anna Putzi (commerce de d\u00e9tail), Regula Baschung (p\u00e2tisserie-confiserie) et Gwenda B\u00f6sch (boulangerie-p\u00e2tisserie), sont mont\u00e9es sur sc\u00e8ne sous un tonnerre d\u2019applaudissements. Leur intervention a montr\u00e9 que l\u2019enthousiasme restait intact, m\u00eame plusieurs mois apr\u00e8s leur victoire.<\/p>\n\n\n\n<figure class=\"wp-block-image size-large\"><img decoding=\"async\" width=\"1024\" height=\"608\" src=\"https:\/\/swissbaker.ch\/wp-content\/uploads\/2026\/08\/12_meisterninnen_2025-1024x608.jpg\" alt=\"\" class=\"wp-image-165428\" srcset=\"https:\/\/swissbaker.ch\/wp-content\/uploads\/2026\/08\/12_meisterninnen_2025-1024x608.jpg 1024w, https:\/\/swissbaker.ch\/wp-content\/uploads\/2026\/08\/12_meisterninnen_2025-768x456.jpg 768w, https:\/\/swissbaker.ch\/wp-content\/uploads\/2026\/08\/12_meisterninnen_2025.jpg 1200w\" sizes=\"(max-width: 1024px) 100vw, 1024px\" \/><figcaption class=\"wp-element-caption\"><em>Anna Putzi, Regula Baschung et Gwenda B\u00f6sch<\/em><\/figcaption><\/figure>\n\n\n\n<h2 id=\"h-des-souvenirs-emouvants\" class=\"wp-block-heading\">Des souvenirs \u00e9mouvants<\/h2>\n\n\n\n<p class=\"wp-block-paragraph\">Un retour en images a replong\u00e9 les jeunes talents et le public dans l\u2019ambiance de la derni\u00e8re \u00e9dition des SwissSkills. Toutes trois gardent un excellent souvenir de cette p\u00e9riode: \u00abToutes les \u00e9motions de l\u2019\u00e9poque refont surface, en particulier le soulagement d\u2019avoir accompli quelque chose de grand\u00bb, a confi\u00e9 Regula Baschung, avant qu\u2019Anna Putzi n\u2019ajoute: \u00abC\u2019\u00e9tait une p\u00e9riode magnifique durant laquelle nous avons nou\u00e9 de nombreuses amiti\u00e9s.\u00bb<\/p>\n\n\n\n<p class=\"wp-block-paragraph\">Pour les trois laur\u00e9ates, l\u2019essentiel \u00e9tait de participer et de vivre cette exp\u00e9rience. Aucune d\u2019entre elles ne s\u2019attendait \u00e0 remporter le concours. Gwenda B\u00f6sch se souvient tout particuli\u00e8rement du moment o\u00f9 les noms des trois premi\u00e8res de la cat\u00e9gorie boulangerie-p\u00e2tisserie sont apparus sur l\u2019\u00e9cran, lors de la c\u00e9r\u00e9monie de remise des prix.<\/p>\n\n\n\n<h2 id=\"h-de-nouvelles-perspectives\" class=\"wp-block-heading\">De nouvelles perspectives<\/h2>\n\n\n\n<p class=\"wp-block-paragraph\">Apr\u00e8s les championnats des m\u00e9tiers, Anna Putzi, gestionnaire du commerce de d\u00e9tail de formation, a fait ses premiers pas dans la vie professionnelle: chez son nouvel employeur, la Pastizaria Cantieni \u00e0 Scuol (GR), elle a pris en charge l\u2019am\u00e9nagement du magasin.<\/p>\n\n\n\n<p class=\"wp-block-paragraph\">Si elle appr\u00e9cie beaucoup le m\u00e9tier qu\u2019elle a appris \u2013 notamment parce qu\u2019elle aime voir la client\u00e8le quitter la boutique avec le sourire et parce qu\u2019il lui permet d\u2019exprimer sa cr\u00e9ativit\u00e9 \u2013, elle s\u2019appr\u00eate toutefois \u00e0 emprunter une nouvelle voie. D\u00e8s le mois d\u2019ao\u00fbt, elle entamera une deuxi\u00e8me formation de technologue du lait.<\/p>\n\n\n\n<h2 id=\"h-cap-sur-la-scene-mondiale\" class=\"wp-block-heading\">Cap sur la sc\u00e8ne mondiale<\/h2>\n\n\n\n<p class=\"wp-block-paragraph\">Pour les deux laur\u00e9ates issues des m\u00e9tiers de la production, l\u2019objectif est d\u00e9sormais clair: apr\u00e8s les SwissSkills, place aux WorldSkills, qui se d\u00e9rouleront en septembre \u00e0 Shanghai (CHN). Depuis leur victoire, elles travaillent et s\u2019entra\u00eenent \u00e0 l\u2019\u00c9cole professionnelle Richemont de Lucerne. Leur pr\u00e9paration intensive les conduit \u00e9galement au-del\u00e0 des fronti\u00e8res cantonales et nationales, selon Gwenda B\u00f6sch: \u00abJ\u2019ai eu la chance d\u2019acqu\u00e9rir de l\u2019exp\u00e9rience \u00e0 Londres. C\u2019\u00e9tait incroyable pour moi!\u00bb. Regula Baschung, p\u00e2tissi\u00e8re-confiseuse, tire elle aussi profit de ces s\u00e9ances d\u2019entra\u00eenement suppl\u00e9mentaires: \u00abC\u2019est un bon exercice pour moi de m\u2019entra\u00eener r\u00e9guli\u00e8rement dans des lieux diff\u00e9rents. Cela m\u2019aide beaucoup et c\u2019est un plaisir.\u00bb<\/p>\n\n\n\n<h2 id=\"h-plus-de-visibilite-et-de-temps\" class=\"wp-block-heading\">Plus de visibilit\u00e9 et de temps<\/h2>\n\n\n\n<p class=\"wp-block-paragraph\">Ces jeunes femmes ont m\u00fbrement r\u00e9fl\u00e9chi \u00e0 leur r\u00e9ponse \u00e0 la question de savoir ce qu\u2019elles attendent du secteur. \u00abInvestissez dans les apprentis! Consacrez-leur du temps et donnez-leur la possibilit\u00e9 de suivre des cours\u00bb, telles sont les demandes de Regula Baschung et de Gwenda B\u00f6sch, Anna Putzi souhaitant pour sa part \u00abplus de visibilit\u00e9 pour le commerce de d\u00e9tail\u00bb. Elle a cit\u00e9 en exemple le salon des m\u00e9tiers grison, Fiutscher, o\u00f9 les apprentis du commerce de d\u00e9tail am\u00e9nagent une vitrine \u00e0 chaque \u00e9dition. \u00abLorsque les enfants visitent le salon, seuls les boulangers-confiseurs sont pr\u00e9sents.&nbsp; Le commerce de d\u00e9tail passe donc souvent au second plan, alors qu\u2019il joue lui aussi un r\u00f4le essentiel\u00bb, a-t-elle soulign\u00e9.<\/p>\n\n\n\n<h2 id=\"h-ouvertes-a-l-avenir\" class=\"wp-block-heading\">Ouvertes \u00e0 l\u2019avenir<\/h2>\n\n\n\n<p class=\"wp-block-paragraph\">Les championnes ont profit\u00e9 de leur passage sur sc\u00e8ne pour remercier leurs familles, leurs amis, leurs entreprises et leurs coaches pour leur soutien avant, pendant et apr\u00e8s les championnats.<\/p>\n\n\n\n<p class=\"wp-block-paragraph\">Et o\u00f9 se voient-elles dans cinq ans? Anna Putzi esp\u00e8re avoir achev\u00e9 avec succ\u00e8s sa deuxi\u00e8me formation: \u00abEnsuite, je me r\u00e9jouis de voir o\u00f9 mon parcours me m\u00e8nera.\u00bb Quant \u00e0 Regula Baschung et Gwenda B\u00f6sch, elles concentrent pour l\u2019heure toute leur attention sur les championnats du monde \u00e0 venir. \u00abApr\u00e8s cela, je serai ouverte \u00e0 de nouveaux d\u00e9fis\u00bb, a d\u00e9clar\u00e9 Regula Baschung. \u00abJe pourrais tr\u00e8s bien m\u2019imaginer travailler \u00e0 l\u2019\u00e9tranger\u00bb, a confi\u00e9 Gwenda B\u00f6sch.<\/p>\n\n\n\n<p class=\"has-text-align-right wp-block-paragraph\"><em>Elina Laich<br><sup>Photo: Johann Ruppen<\/sup><\/em><\/p>\n","protected":false},"excerpt":{"rendered":"<p>Elles sont revenues sur le site de BernExpo pr\u00e8s de neuf mois apr\u00e8s leur sacre. En septembre dernier, Anna Putzi, Regula Baschung et Gwenda B\u00f6sch avaient en effet remport\u00e9 la m\u00e9daille d\u2019or aux championnats suisses \u00e0 Berne. \u00c0 l\u2019occasion du congr\u00e8s de la BCS, elles ont \u00e9voqu\u00e9 cette exp\u00e9rience, les mois qui ont suivi et les d\u00e9fis qui les attendent [&hellip;]<\/p>\n","protected":false},"author":5,"featured_media":165428,"comment_status":"closed","ping_status":"closed","sticky":false,"template":"","format":"standard","meta":{"_acf_changed":false,"footnotes":""},"categories":[43,47],"tags":[],"class_list":["post-165433","post","type-post","status-publish","format-standard","has-post-thumbnail","hentry","category-concours","category-formation-releve"],"acf":[],"yoast_head":"<!-- This site is optimized with the Yoast SEO Premium plugin v28.0 (Yoast SEO v28.0) - https:\/\/yoast.com\/product\/yoast-seo-premium-wordpress\/ -->\n<title>Les championnes en visite | SBC<\/title>\n<meta name=\"robots\" content=\"index, follow, max-snippet:-1, max-image-preview:large, max-video-preview:-1\" \/>\n<link rel=\"canonical\" href=\"https:\/\/swissbaker.ch\/fr\/panissimo-news\/les-championnes-en-visite\/\" \/>\n<meta property=\"og:locale\" content=\"fr_FR\" \/>\n<meta property=\"og:type\" content=\"article\" \/>\n<meta property=\"og:title\" content=\"Les championnes en visite\" \/>\n<meta property=\"og:description\" content=\"Elles sont revenues sur le site de BernExpo pr\u00e8s de neuf mois apr\u00e8s leur sacre. En septembre dernier, Anna Putzi, Regula Baschung et Gwenda B\u00f6sch avaient en effet remport\u00e9 la m\u00e9daille d\u2019or aux championnats suisses \u00e0 Berne. \u00c0 l\u2019occasion du congr\u00e8s de la BCS, elles ont \u00e9voqu\u00e9 cette exp\u00e9rience, les mois qui ont suivi et les d\u00e9fis qui les attendent [&hellip;]\" \/>\n<meta property=\"og:url\" content=\"https:\/\/swissbaker.ch\/fr\/panissimo-news\/les-championnes-en-visite\/\" \/>\n<meta property=\"og:site_name\" content=\"SBC\" \/>\n<meta property=\"article:publisher\" content=\"https:\/\/www.facebook.com\/swissbaker.ch\" \/>\n<meta property=\"article:published_time\" content=\"2026-06-20T05:29:00+00:00\" \/>\n<meta property=\"article:modified_time\" content=\"2026-08-31T05:36:59+00:00\" \/>\n<meta property=\"og:image\" content=\"https:\/\/swissbaker.ch\/wp-content\/uploads\/2026\/08\/12_meisterninnen_2025.jpg\" \/>\n\t<meta property=\"og:image:width\" content=\"1200\" \/>\n\t<meta property=\"og:image:height\" content=\"712\" \/>\n\t<meta property=\"og:image:type\" content=\"image\/jpeg\" \/>\n<meta name=\"author\" content=\"Simon Nussbaum\" \/>\n<meta name=\"twitter:card\" content=\"summary_large_image\" \/>\n<meta name=\"twitter:creator\" content=\"@ch_swissbaker\" \/>\n<meta name=\"twitter:site\" content=\"@ch_swissbaker\" \/>\n<meta name=\"twitter:label1\" content=\"Written by\" \/>\n\t<meta name=\"twitter:data1\" content=\"Simon Nussbaum\" \/>\n\t<meta name=\"twitter:label2\" content=\"Est. reading time\" \/>\n\t<meta name=\"twitter:data2\" content=\"4 minutes\" \/>\n<script type=\"application\/ld+json\" class=\"yoast-schema-graph\">{\"@context\":\"https:\\\/\\\/schema.org\",\"@graph\":[{\"@type\":\"Article\",\"@id\":\"https:\\\/\\\/swissbaker.ch\\\/fr\\\/panissimo-news\\\/les-championnes-en-visite\\\/#article\",\"isPartOf\":{\"@id\":\"https:\\\/\\\/swissbaker.ch\\\/fr\\\/panissimo-news\\\/les-championnes-en-visite\\\/\"},\"author\":{\"name\":\"Simon Nussbaum\",\"@id\":\"https:\\\/\\\/swissbaker.ch\\\/fr\\\/#\\\/schema\\\/person\\\/077067f597d6bd75ca4a3e20f25b337e\"},\"headline\":\"Les championnes en visite\",\"datePublished\":\"2026-06-20T05:29:00+00:00\",\"dateModified\":\"2026-08-31T05:36:59+00:00\",\"mainEntityOfPage\":{\"@id\":\"https:\\\/\\\/swissbaker.ch\\\/fr\\\/panissimo-news\\\/les-championnes-en-visite\\\/\"},\"wordCount\":787,\"publisher\":{\"@id\":\"https:\\\/\\\/swissbaker.ch\\\/fr\\\/#organization\"},\"image\":{\"@id\":\"https:\\\/\\\/swissbaker.ch\\\/fr\\\/panissimo-news\\\/les-championnes-en-visite\\\/#primaryimage\"},\"thumbnailUrl\":\"https:\\\/\\\/swissbaker.ch\\\/wp-content\\\/uploads\\\/2026\\\/08\\\/12_meisterninnen_2025.jpg\",\"articleSection\":[\"Concours\",\"Formation\\\/Rel\u00e8ve\"],\"inLanguage\":\"fr-FR\"},{\"@type\":\"WebPage\",\"@id\":\"https:\\\/\\\/swissbaker.ch\\\/fr\\\/panissimo-news\\\/les-championnes-en-visite\\\/\",\"url\":\"https:\\\/\\\/swissbaker.ch\\\/fr\\\/panissimo-news\\\/les-championnes-en-visite\\\/\",\"name\":\"Les championnes en visite | SBC\",\"isPartOf\":{\"@id\":\"https:\\\/\\\/swissbaker.ch\\\/fr\\\/#website\"},\"primaryImageOfPage\":{\"@id\":\"https:\\\/\\\/swissbaker.ch\\\/fr\\\/panissimo-news\\\/les-championnes-en-visite\\\/#primaryimage\"},\"image\":{\"@id\":\"https:\\\/\\\/swissbaker.ch\\\/fr\\\/panissimo-news\\\/les-championnes-en-visite\\\/#primaryimage\"},\"thumbnailUrl\":\"https:\\\/\\\/swissbaker.ch\\\/wp-content\\\/uploads\\\/2026\\\/08\\\/12_meisterninnen_2025.jpg\",\"datePublished\":\"2026-06-20T05:29:00+00:00\",\"dateModified\":\"2026-08-31T05:36:59+00:00\",\"breadcrumb\":{\"@id\":\"https:\\\/\\\/swissbaker.ch\\\/fr\\\/panissimo-news\\\/les-championnes-en-visite\\\/#breadcrumb\"},\"inLanguage\":\"fr-FR\",\"potentialAction\":[{\"@type\":\"ReadAction\",\"target\":[\"https:\\\/\\\/swissbaker.ch\\\/fr\\\/panissimo-news\\\/les-championnes-en-visite\\\/\"]}]},{\"@type\":\"ImageObject\",\"inLanguage\":\"fr-FR\",\"@id\":\"https:\\\/\\\/swissbaker.ch\\\/fr\\\/panissimo-news\\\/les-championnes-en-visite\\\/#primaryimage\",\"url\":\"https:\\\/\\\/swissbaker.ch\\\/wp-content\\\/uploads\\\/2026\\\/08\\\/12_meisterninnen_2025.jpg\",\"contentUrl\":\"https:\\\/\\\/swissbaker.ch\\\/wp-content\\\/uploads\\\/2026\\\/08\\\/12_meisterninnen_2025.jpg\",\"width\":1200,\"height\":712},{\"@type\":\"BreadcrumbList\",\"@id\":\"https:\\\/\\\/swissbaker.ch\\\/fr\\\/panissimo-news\\\/les-championnes-en-visite\\\/#breadcrumb\",\"itemListElement\":[{\"@type\":\"ListItem\",\"position\":1,\"name\":\"\",\"item\":\"https:\\\/\\\/swissbaker.ch\\\/fr\\\/\"},{\"@type\":\"ListItem\",\"position\":2,\"name\":\"Concours\",\"item\":\"https:\\\/\\\/swissbaker.ch\\\/fr\\\/panissimo-news\\\/category\\\/concours\\\/\"},{\"@type\":\"ListItem\",\"position\":3,\"name\":\"Les championnes en visite\"}]},{\"@type\":\"WebSite\",\"@id\":\"https:\\\/\\\/swissbaker.ch\\\/fr\\\/#website\",\"url\":\"https:\\\/\\\/swissbaker.ch\\\/fr\\\/\",\"name\":\"SBC\",\"description\":\"\",\"publisher\":{\"@id\":\"https:\\\/\\\/swissbaker.ch\\\/fr\\\/#organization\"},\"potentialAction\":[{\"@type\":\"SearchAction\",\"target\":{\"@type\":\"EntryPoint\",\"urlTemplate\":\"https:\\\/\\\/swissbaker.ch\\\/fr\\\/?s={search_term_string}\"},\"query-input\":{\"@type\":\"PropertyValueSpecification\",\"valueRequired\":true,\"valueName\":\"search_term_string\"}}],\"inLanguage\":\"fr-FR\"},{\"@type\":\"Organization\",\"@id\":\"https:\\\/\\\/swissbaker.ch\\\/fr\\\/#organization\",\"name\":\"Schweizerischer B\u00e4cker-Confiseurmeister-Verband\",\"url\":\"https:\\\/\\\/swissbaker.ch\\\/fr\\\/\",\"logo\":{\"@type\":\"ImageObject\",\"inLanguage\":\"fr-FR\",\"@id\":\"https:\\\/\\\/swissbaker.ch\\\/fr\\\/#\\\/schema\\\/logo\\\/image\\\/\",\"url\":\"https:\\\/\\\/swissbaker.ch\\\/wp-content\\\/uploads\\\/2022\\\/04\\\/sbc-logo-yoast.jpg\",\"contentUrl\":\"https:\\\/\\\/swissbaker.ch\\\/wp-content\\\/uploads\\\/2022\\\/04\\\/sbc-logo-yoast.jpg\",\"width\":512,\"height\":512,\"caption\":\"Schweizerischer B\u00e4cker-Confiseurmeister-Verband\"},\"image\":{\"@id\":\"https:\\\/\\\/swissbaker.ch\\\/fr\\\/#\\\/schema\\\/logo\\\/image\\\/\"},\"sameAs\":[\"https:\\\/\\\/www.facebook.com\\\/swissbaker.ch\",\"https:\\\/\\\/x.com\\\/ch_swissbaker\"]},{\"@type\":\"Person\",\"@id\":\"https:\\\/\\\/swissbaker.ch\\\/fr\\\/#\\\/schema\\\/person\\\/077067f597d6bd75ca4a3e20f25b337e\",\"name\":\"Simon Nussbaum\",\"image\":{\"@type\":\"ImageObject\",\"inLanguage\":\"fr-FR\",\"@id\":\"https:\\\/\\\/secure.gravatar.com\\\/avatar\\\/df0eced3bb556c806cb760cf503ade1ed1df25b4104d80d6fd28d93a9509aa12?s=96&d=mm&r=g\",\"url\":\"https:\\\/\\\/secure.gravatar.com\\\/avatar\\\/df0eced3bb556c806cb760cf503ade1ed1df25b4104d80d6fd28d93a9509aa12?s=96&d=mm&r=g\",\"contentUrl\":\"https:\\\/\\\/secure.gravatar.com\\\/avatar\\\/df0eced3bb556c806cb760cf503ade1ed1df25b4104d80d6fd28d93a9509aa12?s=96&d=mm&r=g\",\"caption\":\"Simon Nussbaum\"},\"url\":\"https:\\\/\\\/swissbaker.ch\\\/fr\\\/panissimo-news\\\/author\\\/simon-nussbaum\\\/\"}]}<\/script>\n<!-- \/ Yoast SEO Premium plugin. -->","yoast_head_json":{"title":"Les championnes en visite | SBC","robots":{"index":"index","follow":"follow","max-snippet":"max-snippet:-1","max-image-preview":"max-image-preview:large","max-video-preview":"max-video-preview:-1"},"canonical":"https:\/\/swissbaker.ch\/fr\/panissimo-news\/les-championnes-en-visite\/","og_locale":"fr_FR","og_type":"article","og_title":"Les championnes en visite","og_description":"Elles sont revenues sur le site de BernExpo pr\u00e8s de neuf mois apr\u00e8s leur sacre. En septembre dernier, Anna Putzi, Regula Baschung et Gwenda B\u00f6sch avaient en effet remport\u00e9 la m\u00e9daille d\u2019or aux championnats suisses \u00e0 Berne. \u00c0 l\u2019occasion du congr\u00e8s de la BCS, elles ont \u00e9voqu\u00e9 cette exp\u00e9rience, les mois qui ont suivi et les d\u00e9fis qui les attendent [&hellip;]","og_url":"https:\/\/swissbaker.ch\/fr\/panissimo-news\/les-championnes-en-visite\/","og_site_name":"SBC","article_publisher":"https:\/\/www.facebook.com\/swissbaker.ch","article_published_time":"2026-06-20T05:29:00+00:00","article_modified_time":"2026-08-31T05:36:59+00:00","og_image":[{"width":1200,"height":712,"url":"https:\/\/swissbaker.ch\/wp-content\/uploads\/2026\/08\/12_meisterninnen_2025.jpg","type":"image\/jpeg"}],"author":"Simon Nussbaum","twitter_card":"summary_large_image","twitter_creator":"@ch_swissbaker","twitter_site":"@ch_swissbaker","twitter_misc":{"Written by":"Simon Nussbaum","Est. reading time":"4 minutes"},"schema":{"@context":"https:\/\/schema.org","@graph":[{"@type":"Article","@id":"https:\/\/swissbaker.ch\/fr\/panissimo-news\/les-championnes-en-visite\/#article","isPartOf":{"@id":"https:\/\/swissbaker.ch\/fr\/panissimo-news\/les-championnes-en-visite\/"},"author":{"name":"Simon Nussbaum","@id":"https:\/\/swissbaker.ch\/fr\/#\/schema\/person\/077067f597d6bd75ca4a3e20f25b337e"},"headline":"Les championnes en visite","datePublished":"2026-06-20T05:29:00+00:00","dateModified":"2026-08-31T05:36:59+00:00","mainEntityOfPage":{"@id":"https:\/\/swissbaker.ch\/fr\/panissimo-news\/les-championnes-en-visite\/"},"wordCount":787,"publisher":{"@id":"https:\/\/swissbaker.ch\/fr\/#organization"},"image":{"@id":"https:\/\/swissbaker.ch\/fr\/panissimo-news\/les-championnes-en-visite\/#primaryimage"},"thumbnailUrl":"https:\/\/swissbaker.ch\/wp-content\/uploads\/2026\/08\/12_meisterninnen_2025.jpg","articleSection":["Concours","Formation\/Rel\u00e8ve"],"inLanguage":"fr-FR"},{"@type":"WebPage","@id":"https:\/\/swissbaker.ch\/fr\/panissimo-news\/les-championnes-en-visite\/","url":"https:\/\/swissbaker.ch\/fr\/panissimo-news\/les-championnes-en-visite\/","name":"Les championnes en visite | SBC","isPartOf":{"@id":"https:\/\/swissbaker.ch\/fr\/#website"},"primaryImageOfPage":{"@id":"https:\/\/swissbaker.ch\/fr\/panissimo-news\/les-championnes-en-visite\/#primaryimage"},"image":{"@id":"https:\/\/swissbaker.ch\/fr\/panissimo-news\/les-championnes-en-visite\/#primaryimage"},"thumbnailUrl":"https:\/\/swissbaker.ch\/wp-content\/uploads\/2026\/08\/12_meisterninnen_2025.jpg","datePublished":"2026-06-20T05:29:00+00:00","dateModified":"2026-08-31T05:36:59+00:00","breadcrumb":{"@id":"https:\/\/swissbaker.ch\/fr\/panissimo-news\/les-championnes-en-visite\/#breadcrumb"},"inLanguage":"fr-FR","potentialAction":[{"@type":"ReadAction","target":["https:\/\/swissbaker.ch\/fr\/panissimo-news\/les-championnes-en-visite\/"]}]},{"@type":"ImageObject","inLanguage":"fr-FR","@id":"https:\/\/swissbaker.ch\/fr\/panissimo-news\/les-championnes-en-visite\/#primaryimage","url":"https:\/\/swissbaker.ch\/wp-content\/uploads\/2026\/08\/12_meisterninnen_2025.jpg","contentUrl":"https:\/\/swissbaker.ch\/wp-content\/uploads\/2026\/08\/12_meisterninnen_2025.jpg","width":1200,"height":712},{"@type":"BreadcrumbList","@id":"https:\/\/swissbaker.ch\/fr\/panissimo-news\/les-championnes-en-visite\/#breadcrumb","itemListElement":[{"@type":"ListItem","position":1,"name":"","item":"https:\/\/swissbaker.ch\/fr\/"},{"@type":"ListItem","position":2,"name":"Concours","item":"https:\/\/swissbaker.ch\/fr\/panissimo-news\/category\/concours\/"},{"@type":"ListItem","position":3,"name":"Les championnes en visite"}]},{"@type":"WebSite","@id":"https:\/\/swissbaker.ch\/fr\/#website","url":"https:\/\/swissbaker.ch\/fr\/","name":"SBC","description":"","publisher":{"@id":"https:\/\/swissbaker.ch\/fr\/#organization"},"potentialAction":[{"@type":"SearchAction","target":{"@type":"EntryPoint","urlTemplate":"https:\/\/swissbaker.ch\/fr\/?s={search_term_string}"},"query-input":{"@type":"PropertyValueSpecification","valueRequired":true,"valueName":"search_term_string"}}],"inLanguage":"fr-FR"},{"@type":"Organization","@id":"https:\/\/swissbaker.ch\/fr\/#organization","name":"Schweizerischer B\u00e4cker-Confiseurmeister-Verband","url":"https:\/\/swissbaker.ch\/fr\/","logo":{"@type":"ImageObject","inLanguage":"fr-FR","@id":"https:\/\/swissbaker.ch\/fr\/#\/schema\/logo\/image\/","url":"https:\/\/swissbaker.ch\/wp-content\/uploads\/2022\/04\/sbc-logo-yoast.jpg","contentUrl":"https:\/\/swissbaker.ch\/wp-content\/uploads\/2022\/04\/sbc-logo-yoast.jpg","width":512,"height":512,"caption":"Schweizerischer B\u00e4cker-Confiseurmeister-Verband"},"image":{"@id":"https:\/\/swissbaker.ch\/fr\/#\/schema\/logo\/image\/"},"sameAs":["https:\/\/www.facebook.com\/swissbaker.ch","https:\/\/x.com\/ch_swissbaker"]},{"@type":"Person","@id":"https:\/\/swissbaker.ch\/fr\/#\/schema\/person\/077067f597d6bd75ca4a3e20f25b337e","name":"Simon Nussbaum","image":{"@type":"ImageObject","inLanguage":"fr-FR","@id":"https:\/\/secure.gravatar.com\/avatar\/df0eced3bb556c806cb760cf503ade1ed1df25b4104d80d6fd28d93a9509aa12?s=96&d=mm&r=g","url":"https:\/\/secure.gravatar.com\/avatar\/df0eced3bb556c806cb760cf503ade1ed1df25b4104d80d6fd28d93a9509aa12?s=96&d=mm&r=g","contentUrl":"https:\/\/secure.gravatar.com\/avatar\/df0eced3bb556c806cb760cf503ade1ed1df25b4104d80d6fd28d93a9509aa12?s=96&d=mm&r=g","caption":"Simon Nussbaum"},"url":"https:\/\/swissbaker.ch\/fr\/panissimo-news\/author\/simon-nussbaum\/"}]}},"_links":{"self":[{"href":"https:\/\/swissbaker.ch\/fr\/wp-json\/wp\/v2\/posts\/165433","targetHints":{"allow":["GET"]}}],"collection":[{"href":"https:\/\/swissbaker.ch\/fr\/wp-json\/wp\/v2\/posts"}],"about":[{"href":"https:\/\/swissbaker.ch\/fr\/wp-json\/wp\/v2\/types\/post"}],"author":[{"embeddable":true,"href":"https:\/\/swissbaker.ch\/fr\/wp-json\/wp\/v2\/users\/5"}],"replies":[{"embeddable":true,"href":"https:\/\/swissbaker.ch\/fr\/wp-json\/wp\/v2\/comments?post=165433"}],"version-history":[{"count":0,"href":"https:\/\/swissbaker.ch\/fr\/wp-json\/wp\/v2\/posts\/165433\/revisions"}],"wp:featuredmedia":[{"embeddable":true,"href":"https:\/\/swissbaker.ch\/fr\/wp-json\/wp\/v2\/media\/165428"}],"wp:attachment":[{"href":"https:\/\/swissbaker.ch\/fr\/wp-json\/wp\/v2\/media?parent=165433"}],"wp:term":[{"taxonomy":"category","embeddable":true,"href":"https:\/\/swissbaker.ch\/fr\/wp-json\/wp\/v2\/categories?post=165433"},{"taxonomy":"post_tag","embeddable":true,"href":"https:\/\/swissbaker.ch\/fr\/wp-json\/wp\/v2\/tags?post=165433"}],"curies":[{"name":"wp","href":"https:\/\/api.w.org\/{rel}","templated":true}]}}