{"id":165180,"date":"2026-08-26T11:51:41","date_gmt":"2026-08-26T09:51:41","guid":{"rendered":"https:\/\/swissbaker.ch\/?p=165180"},"modified":"2026-08-26T11:58:55","modified_gmt":"2026-08-26T09:58:55","slug":"le-respect-de-soi-cest-aussi-savoir-dire-non","status":"publish","type":"post","link":"https:\/\/swissbaker.ch\/fr\/panissimo-news\/le-respect-de-soi-cest-aussi-savoir-dire-non\/","title":{"rendered":"Le respect de soi, c\u2019est aussi savoir dire non"},"content":{"rendered":"\n<p class=\"wp-block-paragraph\">Ce n\u2019est que rarement un grand clash. Le plus souvent, c\u2019est la fameuse goutte d\u2019eau qui fait d\u00e9border le vase: une livraison en retard ou erron\u00e9e, une r\u00e9clamation injustifi\u00e9e ou une nouvelle hausse de prix sans valeur ajout\u00e9e. Pris individuellement, chacun de ces \u00e9v\u00e9nements est supportable. Mais au fil des ann\u00e9es, ces petits d\u00e9sagr\u00e9ments finissent par s\u2019accumuler et deviennent une charge qui co\u00fbte du temps et de l\u2019\u00e9nergie, g\u00e2chant le plaisir d\u2019entreprendre.<\/p>\n\n\n\n<p class=\"wp-block-paragraph\">Nous sommes r\u00e9guli\u00e8rement confront\u00e9s \u00e0 ce sch\u00e9ma. Ce n\u2019est pas un grand conflit, mais une multitude de petits incidents. La fameuse goutte ne fait pas d\u00e9border le vase. Elle montre simplement qu\u2019il \u00e9tait d\u00e9j\u00e0 plein depuis longtemps.<\/p>\n\n\n\n<p class=\"wp-block-paragraph\">Il vaut donc peut-\u00eatre la peine de se poser ponctuellement les questions suivantes: Quelles relations commerciales contribuent r\u00e9ellementau d\u00e9veloppement de mon entreprise? Quelles sont celles qui co\u00fbtent surtout de l\u2019\u00e9nergie? Ces questions valent aussi bien pour les fournisseurs que pour les clients, ou encore pour les contrats que l\u2019on continue \u00e0 honorer par habitude.<\/p>\n\n\n\n<p class=\"wp-block-paragraph\">Ces relations m\u00e9ritent d\u2019\u00eatre remises en question consciemment. Non par d\u00e9pit, mais par respect de soi en tant qu\u2019entrepreneur. Poser des limites, changer de fournisseur ou mettre fin \u00e0 un contrat permet souvent de gagner plus que ce que l\u2019on perd: du soulagement, une \u00e9nergie nouvelle et de la marge de man\u0153uvre pour des partenariats qui font v\u00e9ritablement avancer l\u2019entreprise.<\/p>\n\n\n\n<p class=\"wp-block-paragraph\">En effet, le respect de soi en tant qu\u2019entrepreneur ne se mesure pas \u00e0 ce que l\u2019on est capable d\u2019endurer. Il se manifeste plut\u00f4t dans les engagements que l\u2019on choisit de prendre en toute conscience.<\/p>\n\n\n\n<p class=\"has-text-align-right wp-block-paragraph\"><em>Roland R\u00e4ber,<br>Membre du CC, d\u00e9p. assurances de personnes et sociales et SBC Fiduciaire<\/em><br><em><sup>Photo: Franzisca Ellenberger<\/sup><\/em><\/p>\n","protected":false},"excerpt":{"rendered":"<p>Ce n\u2019est que rarement un grand clash. Le plus souvent, c\u2019est la fameuse goutte d\u2019eau qui fait d\u00e9border le vase\u2009:une livraison en retard ou erron\u00e9e, une r\u00e9clamation injustifi\u00e9e ou une nouvelle hausse de prix sans valeur ajout\u00e9e. Pris individuellement, chacun de ces \u00e9v\u00e9nements est supportable. Mais au fil des ann\u00e9es, ces petits d\u00e9sagr\u00e9ments finissent par s\u2019accumuler et deviennent une charge qui co\u00fbte du temps et de l\u2019\u00e9nergie, g\u00e2chant le plaisir d\u2019entreprendre.<\/p>\n","protected":false},"author":5,"featured_media":63629,"comment_status":"closed","ping_status":"closed","sticky":false,"template":"","format":"standard","meta":{"_acf_changed":false,"footnotes":""},"categories":[41],"tags":[],"class_list":["post-165180","post","type-post","status-publish","format-standard","has-post-thumbnail","hentry","category-association"],"acf":[],"yoast_head":"<!-- This site is optimized with the Yoast SEO Premium plugin v28.0 (Yoast SEO v28.0) - https:\/\/yoast.com\/product\/yoast-seo-premium-wordpress\/ -->\n<title>Le respect de soi, c\u2019est aussi savoir dire non | SBC<\/title>\n<meta name=\"robots\" content=\"index, follow, max-snippet:-1, max-image-preview:large, max-video-preview:-1\" \/>\n<link rel=\"canonical\" href=\"https:\/\/swissbaker.ch\/fr\/panissimo-news\/le-respect-de-soi-cest-aussi-savoir-dire-non\/\" \/>\n<meta property=\"og:locale\" content=\"fr_FR\" \/>\n<meta property=\"og:type\" content=\"article\" \/>\n<meta property=\"og:title\" content=\"Le respect de soi, c\u2019est aussi savoir dire non\" \/>\n<meta property=\"og:description\" content=\"Ce n\u2019est que rarement un grand clash. Le plus souvent, c\u2019est la fameuse goutte d\u2019eau qui fait d\u00e9border le vase\u2009:une livraison en retard ou erron\u00e9e, une r\u00e9clamation injustifi\u00e9e ou une nouvelle hausse de prix sans valeur ajout\u00e9e. Pris individuellement, chacun de ces \u00e9v\u00e9nements est supportable. Mais au fil des ann\u00e9es, ces petits d\u00e9sagr\u00e9ments finissent par s\u2019accumuler et deviennent une charge qui co\u00fbte du temps et de l\u2019\u00e9nergie, g\u00e2chant le plaisir d\u2019entreprendre.\" \/>\n<meta property=\"og:url\" content=\"https:\/\/swissbaker.ch\/fr\/panissimo-news\/le-respect-de-soi-cest-aussi-savoir-dire-non\/\" \/>\n<meta property=\"og:site_name\" content=\"SBC\" \/>\n<meta property=\"article:publisher\" content=\"https:\/\/www.facebook.com\/swissbaker.ch\" \/>\n<meta property=\"article:published_time\" content=\"2026-08-26T09:51:41+00:00\" \/>\n<meta property=\"article:modified_time\" content=\"2026-08-26T09:58:55+00:00\" \/>\n<meta property=\"og:image\" content=\"https:\/\/swissbaker.ch\/wp-content\/uploads\/2023\/06\/roland-raeber-zv-2023.jpg\" \/>\n\t<meta property=\"og:image:width\" content=\"1200\" \/>\n\t<meta property=\"og:image:height\" content=\"712\" \/>\n\t<meta property=\"og:image:type\" content=\"image\/jpeg\" \/>\n<meta name=\"author\" content=\"Simon Nussbaum\" \/>\n<meta name=\"twitter:card\" content=\"summary_large_image\" \/>\n<meta name=\"twitter:creator\" content=\"@ch_swissbaker\" \/>\n<meta name=\"twitter:site\" content=\"@ch_swissbaker\" \/>\n<meta name=\"twitter:label1\" content=\"Written by\" \/>\n\t<meta name=\"twitter:data1\" content=\"Simon Nussbaum\" \/>\n\t<meta name=\"twitter:label2\" content=\"Est. reading time\" \/>\n\t<meta name=\"twitter:data2\" content=\"2 minutes\" \/>\n<script type=\"application\/ld+json\" class=\"yoast-schema-graph\">{\"@context\":\"https:\\\/\\\/schema.org\",\"@graph\":[{\"@type\":\"Article\",\"@id\":\"https:\\\/\\\/swissbaker.ch\\\/fr\\\/panissimo-news\\\/le-respect-de-soi-cest-aussi-savoir-dire-non\\\/#article\",\"isPartOf\":{\"@id\":\"https:\\\/\\\/swissbaker.ch\\\/fr\\\/panissimo-news\\\/le-respect-de-soi-cest-aussi-savoir-dire-non\\\/\"},\"author\":{\"name\":\"Simon Nussbaum\",\"@id\":\"https:\\\/\\\/swissbaker.ch\\\/fr\\\/#\\\/schema\\\/person\\\/077067f597d6bd75ca4a3e20f25b337e\"},\"headline\":\"Le respect de soi, c\u2019est aussi savoir dire non\",\"datePublished\":\"2026-08-26T09:51:41+00:00\",\"dateModified\":\"2026-08-26T09:58:55+00:00\",\"mainEntityOfPage\":{\"@id\":\"https:\\\/\\\/swissbaker.ch\\\/fr\\\/panissimo-news\\\/le-respect-de-soi-cest-aussi-savoir-dire-non\\\/\"},\"wordCount\":327,\"publisher\":{\"@id\":\"https:\\\/\\\/swissbaker.ch\\\/fr\\\/#organization\"},\"image\":{\"@id\":\"https:\\\/\\\/swissbaker.ch\\\/fr\\\/panissimo-news\\\/le-respect-de-soi-cest-aussi-savoir-dire-non\\\/#primaryimage\"},\"thumbnailUrl\":\"https:\\\/\\\/swissbaker.ch\\\/wp-content\\\/uploads\\\/2023\\\/06\\\/roland-raeber-zv-2023.jpg\",\"articleSection\":[\"Association\"],\"inLanguage\":\"fr-FR\"},{\"@type\":\"WebPage\",\"@id\":\"https:\\\/\\\/swissbaker.ch\\\/fr\\\/panissimo-news\\\/le-respect-de-soi-cest-aussi-savoir-dire-non\\\/\",\"url\":\"https:\\\/\\\/swissbaker.ch\\\/fr\\\/panissimo-news\\\/le-respect-de-soi-cest-aussi-savoir-dire-non\\\/\",\"name\":\"Le respect de soi, c\u2019est aussi savoir dire non | SBC\",\"isPartOf\":{\"@id\":\"https:\\\/\\\/swissbaker.ch\\\/fr\\\/#website\"},\"primaryImageOfPage\":{\"@id\":\"https:\\\/\\\/swissbaker.ch\\\/fr\\\/panissimo-news\\\/le-respect-de-soi-cest-aussi-savoir-dire-non\\\/#primaryimage\"},\"image\":{\"@id\":\"https:\\\/\\\/swissbaker.ch\\\/fr\\\/panissimo-news\\\/le-respect-de-soi-cest-aussi-savoir-dire-non\\\/#primaryimage\"},\"thumbnailUrl\":\"https:\\\/\\\/swissbaker.ch\\\/wp-content\\\/uploads\\\/2023\\\/06\\\/roland-raeber-zv-2023.jpg\",\"datePublished\":\"2026-08-26T09:51:41+00:00\",\"dateModified\":\"2026-08-26T09:58:55+00:00\",\"breadcrumb\":{\"@id\":\"https:\\\/\\\/swissbaker.ch\\\/fr\\\/panissimo-news\\\/le-respect-de-soi-cest-aussi-savoir-dire-non\\\/#breadcrumb\"},\"inLanguage\":\"fr-FR\",\"potentialAction\":[{\"@type\":\"ReadAction\",\"target\":[\"https:\\\/\\\/swissbaker.ch\\\/fr\\\/panissimo-news\\\/le-respect-de-soi-cest-aussi-savoir-dire-non\\\/\"]}]},{\"@type\":\"ImageObject\",\"inLanguage\":\"fr-FR\",\"@id\":\"https:\\\/\\\/swissbaker.ch\\\/fr\\\/panissimo-news\\\/le-respect-de-soi-cest-aussi-savoir-dire-non\\\/#primaryimage\",\"url\":\"https:\\\/\\\/swissbaker.ch\\\/wp-content\\\/uploads\\\/2023\\\/06\\\/roland-raeber-zv-2023.jpg\",\"contentUrl\":\"https:\\\/\\\/swissbaker.ch\\\/wp-content\\\/uploads\\\/2023\\\/06\\\/roland-raeber-zv-2023.jpg\",\"width\":1200,\"height\":712},{\"@type\":\"BreadcrumbList\",\"@id\":\"https:\\\/\\\/swissbaker.ch\\\/fr\\\/panissimo-news\\\/le-respect-de-soi-cest-aussi-savoir-dire-non\\\/#breadcrumb\",\"itemListElement\":[{\"@type\":\"ListItem\",\"position\":1,\"name\":\"\",\"item\":\"https:\\\/\\\/swissbaker.ch\\\/fr\\\/\"},{\"@type\":\"ListItem\",\"position\":2,\"name\":\"Association\",\"item\":\"https:\\\/\\\/swissbaker.ch\\\/fr\\\/panissimo-news\\\/category\\\/association\\\/\"},{\"@type\":\"ListItem\",\"position\":3,\"name\":\"Le respect de soi, c\u2019est aussi savoir dire non\"}]},{\"@type\":\"WebSite\",\"@id\":\"https:\\\/\\\/swissbaker.ch\\\/fr\\\/#website\",\"url\":\"https:\\\/\\\/swissbaker.ch\\\/fr\\\/\",\"name\":\"SBC\",\"description\":\"\",\"publisher\":{\"@id\":\"https:\\\/\\\/swissbaker.ch\\\/fr\\\/#organization\"},\"potentialAction\":[{\"@type\":\"SearchAction\",\"target\":{\"@type\":\"EntryPoint\",\"urlTemplate\":\"https:\\\/\\\/swissbaker.ch\\\/fr\\\/?s={search_term_string}\"},\"query-input\":{\"@type\":\"PropertyValueSpecification\",\"valueRequired\":true,\"valueName\":\"search_term_string\"}}],\"inLanguage\":\"fr-FR\"},{\"@type\":\"Organization\",\"@id\":\"https:\\\/\\\/swissbaker.ch\\\/fr\\\/#organization\",\"name\":\"Schweizerischer B\u00e4cker-Confiseurmeister-Verband\",\"url\":\"https:\\\/\\\/swissbaker.ch\\\/fr\\\/\",\"logo\":{\"@type\":\"ImageObject\",\"inLanguage\":\"fr-FR\",\"@id\":\"https:\\\/\\\/swissbaker.ch\\\/fr\\\/#\\\/schema\\\/logo\\\/image\\\/\",\"url\":\"https:\\\/\\\/swissbaker.ch\\\/wp-content\\\/uploads\\\/2022\\\/04\\\/sbc-logo-yoast.jpg\",\"contentUrl\":\"https:\\\/\\\/swissbaker.ch\\\/wp-content\\\/uploads\\\/2022\\\/04\\\/sbc-logo-yoast.jpg\",\"width\":512,\"height\":512,\"caption\":\"Schweizerischer B\u00e4cker-Confiseurmeister-Verband\"},\"image\":{\"@id\":\"https:\\\/\\\/swissbaker.ch\\\/fr\\\/#\\\/schema\\\/logo\\\/image\\\/\"},\"sameAs\":[\"https:\\\/\\\/www.facebook.com\\\/swissbaker.ch\",\"https:\\\/\\\/x.com\\\/ch_swissbaker\"]},{\"@type\":\"Person\",\"@id\":\"https:\\\/\\\/swissbaker.ch\\\/fr\\\/#\\\/schema\\\/person\\\/077067f597d6bd75ca4a3e20f25b337e\",\"name\":\"Simon Nussbaum\",\"image\":{\"@type\":\"ImageObject\",\"inLanguage\":\"fr-FR\",\"@id\":\"https:\\\/\\\/secure.gravatar.com\\\/avatar\\\/df0eced3bb556c806cb760cf503ade1ed1df25b4104d80d6fd28d93a9509aa12?s=96&d=mm&r=g\",\"url\":\"https:\\\/\\\/secure.gravatar.com\\\/avatar\\\/df0eced3bb556c806cb760cf503ade1ed1df25b4104d80d6fd28d93a9509aa12?s=96&d=mm&r=g\",\"contentUrl\":\"https:\\\/\\\/secure.gravatar.com\\\/avatar\\\/df0eced3bb556c806cb760cf503ade1ed1df25b4104d80d6fd28d93a9509aa12?s=96&d=mm&r=g\",\"caption\":\"Simon Nussbaum\"},\"url\":\"https:\\\/\\\/swissbaker.ch\\\/fr\\\/panissimo-news\\\/author\\\/simon-nussbaum\\\/\"}]}<\/script>\n<!-- \/ Yoast SEO Premium plugin. -->","yoast_head_json":{"title":"Le respect de soi, c\u2019est aussi savoir dire non | SBC","robots":{"index":"index","follow":"follow","max-snippet":"max-snippet:-1","max-image-preview":"max-image-preview:large","max-video-preview":"max-video-preview:-1"},"canonical":"https:\/\/swissbaker.ch\/fr\/panissimo-news\/le-respect-de-soi-cest-aussi-savoir-dire-non\/","og_locale":"fr_FR","og_type":"article","og_title":"Le respect de soi, c\u2019est aussi savoir dire non","og_description":"Ce n\u2019est que rarement un grand clash. Le plus souvent, c\u2019est la fameuse goutte d\u2019eau qui fait d\u00e9border le vase\u2009:une livraison en retard ou erron\u00e9e, une r\u00e9clamation injustifi\u00e9e ou une nouvelle hausse de prix sans valeur ajout\u00e9e. Pris individuellement, chacun de ces \u00e9v\u00e9nements est supportable. Mais au fil des ann\u00e9es, ces petits d\u00e9sagr\u00e9ments finissent par s\u2019accumuler et deviennent une charge qui co\u00fbte du temps et de l\u2019\u00e9nergie, g\u00e2chant le plaisir d\u2019entreprendre.","og_url":"https:\/\/swissbaker.ch\/fr\/panissimo-news\/le-respect-de-soi-cest-aussi-savoir-dire-non\/","og_site_name":"SBC","article_publisher":"https:\/\/www.facebook.com\/swissbaker.ch","article_published_time":"2026-08-26T09:51:41+00:00","article_modified_time":"2026-08-26T09:58:55+00:00","og_image":[{"width":1200,"height":712,"url":"https:\/\/swissbaker.ch\/wp-content\/uploads\/2023\/06\/roland-raeber-zv-2023.jpg","type":"image\/jpeg"}],"author":"Simon Nussbaum","twitter_card":"summary_large_image","twitter_creator":"@ch_swissbaker","twitter_site":"@ch_swissbaker","twitter_misc":{"Written by":"Simon Nussbaum","Est. reading time":"2 minutes"},"schema":{"@context":"https:\/\/schema.org","@graph":[{"@type":"Article","@id":"https:\/\/swissbaker.ch\/fr\/panissimo-news\/le-respect-de-soi-cest-aussi-savoir-dire-non\/#article","isPartOf":{"@id":"https:\/\/swissbaker.ch\/fr\/panissimo-news\/le-respect-de-soi-cest-aussi-savoir-dire-non\/"},"author":{"name":"Simon Nussbaum","@id":"https:\/\/swissbaker.ch\/fr\/#\/schema\/person\/077067f597d6bd75ca4a3e20f25b337e"},"headline":"Le respect de soi, c\u2019est aussi savoir dire non","datePublished":"2026-08-26T09:51:41+00:00","dateModified":"2026-08-26T09:58:55+00:00","mainEntityOfPage":{"@id":"https:\/\/swissbaker.ch\/fr\/panissimo-news\/le-respect-de-soi-cest-aussi-savoir-dire-non\/"},"wordCount":327,"publisher":{"@id":"https:\/\/swissbaker.ch\/fr\/#organization"},"image":{"@id":"https:\/\/swissbaker.ch\/fr\/panissimo-news\/le-respect-de-soi-cest-aussi-savoir-dire-non\/#primaryimage"},"thumbnailUrl":"https:\/\/swissbaker.ch\/wp-content\/uploads\/2023\/06\/roland-raeber-zv-2023.jpg","articleSection":["Association"],"inLanguage":"fr-FR"},{"@type":"WebPage","@id":"https:\/\/swissbaker.ch\/fr\/panissimo-news\/le-respect-de-soi-cest-aussi-savoir-dire-non\/","url":"https:\/\/swissbaker.ch\/fr\/panissimo-news\/le-respect-de-soi-cest-aussi-savoir-dire-non\/","name":"Le respect de soi, c\u2019est aussi savoir dire non | SBC","isPartOf":{"@id":"https:\/\/swissbaker.ch\/fr\/#website"},"primaryImageOfPage":{"@id":"https:\/\/swissbaker.ch\/fr\/panissimo-news\/le-respect-de-soi-cest-aussi-savoir-dire-non\/#primaryimage"},"image":{"@id":"https:\/\/swissbaker.ch\/fr\/panissimo-news\/le-respect-de-soi-cest-aussi-savoir-dire-non\/#primaryimage"},"thumbnailUrl":"https:\/\/swissbaker.ch\/wp-content\/uploads\/2023\/06\/roland-raeber-zv-2023.jpg","datePublished":"2026-08-26T09:51:41+00:00","dateModified":"2026-08-26T09:58:55+00:00","breadcrumb":{"@id":"https:\/\/swissbaker.ch\/fr\/panissimo-news\/le-respect-de-soi-cest-aussi-savoir-dire-non\/#breadcrumb"},"inLanguage":"fr-FR","potentialAction":[{"@type":"ReadAction","target":["https:\/\/swissbaker.ch\/fr\/panissimo-news\/le-respect-de-soi-cest-aussi-savoir-dire-non\/"]}]},{"@type":"ImageObject","inLanguage":"fr-FR","@id":"https:\/\/swissbaker.ch\/fr\/panissimo-news\/le-respect-de-soi-cest-aussi-savoir-dire-non\/#primaryimage","url":"https:\/\/swissbaker.ch\/wp-content\/uploads\/2023\/06\/roland-raeber-zv-2023.jpg","contentUrl":"https:\/\/swissbaker.ch\/wp-content\/uploads\/2023\/06\/roland-raeber-zv-2023.jpg","width":1200,"height":712},{"@type":"BreadcrumbList","@id":"https:\/\/swissbaker.ch\/fr\/panissimo-news\/le-respect-de-soi-cest-aussi-savoir-dire-non\/#breadcrumb","itemListElement":[{"@type":"ListItem","position":1,"name":"","item":"https:\/\/swissbaker.ch\/fr\/"},{"@type":"ListItem","position":2,"name":"Association","item":"https:\/\/swissbaker.ch\/fr\/panissimo-news\/category\/association\/"},{"@type":"ListItem","position":3,"name":"Le respect de soi, c\u2019est aussi savoir dire non"}]},{"@type":"WebSite","@id":"https:\/\/swissbaker.ch\/fr\/#website","url":"https:\/\/swissbaker.ch\/fr\/","name":"SBC","description":"","publisher":{"@id":"https:\/\/swissbaker.ch\/fr\/#organization"},"potentialAction":[{"@type":"SearchAction","target":{"@type":"EntryPoint","urlTemplate":"https:\/\/swissbaker.ch\/fr\/?s={search_term_string}"},"query-input":{"@type":"PropertyValueSpecification","valueRequired":true,"valueName":"search_term_string"}}],"inLanguage":"fr-FR"},{"@type":"Organization","@id":"https:\/\/swissbaker.ch\/fr\/#organization","name":"Schweizerischer B\u00e4cker-Confiseurmeister-Verband","url":"https:\/\/swissbaker.ch\/fr\/","logo":{"@type":"ImageObject","inLanguage":"fr-FR","@id":"https:\/\/swissbaker.ch\/fr\/#\/schema\/logo\/image\/","url":"https:\/\/swissbaker.ch\/wp-content\/uploads\/2022\/04\/sbc-logo-yoast.jpg","contentUrl":"https:\/\/swissbaker.ch\/wp-content\/uploads\/2022\/04\/sbc-logo-yoast.jpg","width":512,"height":512,"caption":"Schweizerischer B\u00e4cker-Confiseurmeister-Verband"},"image":{"@id":"https:\/\/swissbaker.ch\/fr\/#\/schema\/logo\/image\/"},"sameAs":["https:\/\/www.facebook.com\/swissbaker.ch","https:\/\/x.com\/ch_swissbaker"]},{"@type":"Person","@id":"https:\/\/swissbaker.ch\/fr\/#\/schema\/person\/077067f597d6bd75ca4a3e20f25b337e","name":"Simon Nussbaum","image":{"@type":"ImageObject","inLanguage":"fr-FR","@id":"https:\/\/secure.gravatar.com\/avatar\/df0eced3bb556c806cb760cf503ade1ed1df25b4104d80d6fd28d93a9509aa12?s=96&d=mm&r=g","url":"https:\/\/secure.gravatar.com\/avatar\/df0eced3bb556c806cb760cf503ade1ed1df25b4104d80d6fd28d93a9509aa12?s=96&d=mm&r=g","contentUrl":"https:\/\/secure.gravatar.com\/avatar\/df0eced3bb556c806cb760cf503ade1ed1df25b4104d80d6fd28d93a9509aa12?s=96&d=mm&r=g","caption":"Simon Nussbaum"},"url":"https:\/\/swissbaker.ch\/fr\/panissimo-news\/author\/simon-nussbaum\/"}]}},"_links":{"self":[{"href":"https:\/\/swissbaker.ch\/fr\/wp-json\/wp\/v2\/posts\/165180","targetHints":{"allow":["GET"]}}],"collection":[{"href":"https:\/\/swissbaker.ch\/fr\/wp-json\/wp\/v2\/posts"}],"about":[{"href":"https:\/\/swissbaker.ch\/fr\/wp-json\/wp\/v2\/types\/post"}],"author":[{"embeddable":true,"href":"https:\/\/swissbaker.ch\/fr\/wp-json\/wp\/v2\/users\/5"}],"replies":[{"embeddable":true,"href":"https:\/\/swissbaker.ch\/fr\/wp-json\/wp\/v2\/comments?post=165180"}],"version-history":[{"count":0,"href":"https:\/\/swissbaker.ch\/fr\/wp-json\/wp\/v2\/posts\/165180\/revisions"}],"wp:featuredmedia":[{"embeddable":true,"href":"https:\/\/swissbaker.ch\/fr\/wp-json\/wp\/v2\/media\/63629"}],"wp:attachment":[{"href":"https:\/\/swissbaker.ch\/fr\/wp-json\/wp\/v2\/media?parent=165180"}],"wp:term":[{"taxonomy":"category","embeddable":true,"href":"https:\/\/swissbaker.ch\/fr\/wp-json\/wp\/v2\/categories?post=165180"},{"taxonomy":"post_tag","embeddable":true,"href":"https:\/\/swissbaker.ch\/fr\/wp-json\/wp\/v2\/tags?post=165180"}],"curies":[{"name":"wp","href":"https:\/\/api.w.org\/{rel}","templated":true}]}}