{"id":161494,"date":"2026-04-29T09:13:44","date_gmt":"2026-04-29T07:13:44","guid":{"rendered":"https:\/\/swissbaker.ch\/?p=161494"},"modified":"2026-04-30T16:41:58","modified_gmt":"2026-04-30T14:41:58","slug":"suggestions-et-objections-avant-les-negociations-de-la-cct","status":"publish","type":"post","link":"https:\/\/swissbaker.ch\/fr\/panissimo-news\/suggestions-et-objections-avant-les-negociations-de-la-cct\/","title":{"rendered":"Suggestions et objections avant les n\u00e9gociations de la CCT"},"content":{"rendered":"\n<p>La BCS tient \u00e0 am\u00e9nager les conditions de travail dans l\u2019int\u00e9r\u00eat de ses membres. En vue des prochaines n\u00e9gociations de la convention collective de travail (CCT), nous recueillons en permanence des suggestions et des objections \u00e0 la CCT actuellement en vigueur. Celles-ci peuvent \u00eatre annonc\u00e9es dans ce document:<\/p>\n\n\n\n<div class=\"wp-block-file\"><a id=\"wp-block-file--media-0e02d847-2da7-4d41-9e13-c8bae500cb2d\" href=\"https:\/\/swissbaker.ch\/wp-content\/uploads\/2026\/04\/demande_cct_bcs_2027.pdf\"><strong>Demande d\u2019amendement de la CCT.pdf<\/strong><\/a><a href=\"https:\/\/swissbaker.ch\/wp-content\/uploads\/2026\/04\/demande_cct_bcs_2027.pdf\" class=\"wp-block-file__button wp-element-button\" download aria-describedby=\"wp-block-file--media-0e02d847-2da7-4d41-9e13-c8bae500cb2d\">Herunterladen<\/a><\/div>\n\n\n\n<p>Nous examinerons ces demandes et les int\u00e9grerons dans la mesure du possible dans les n\u00e9gociations. Nous tiendrons nos membres inform\u00e9s via nos canaux d\u2019information (Panissimo, newsletter, swissbaker.ch &gt; intranet) ainsi que par l\u2019interm\u00e9diaire des associations cantonales et r\u00e9gionales.<\/p>\n\n\n\n<p>Nous esp\u00e9rons une participation active et vous remercions d\u2019ores et d\u00e9j\u00e0 pour votre soutien et votre int\u00e9r\u00eat dans l\u2019int\u00e9r\u00eat d\u2019un secteur boulanger-confiseur fort. <\/p>\n\n\n\n<p class=\"has-text-align-right\"><em>BCS<\/em><\/p>\n","protected":false},"excerpt":{"rendered":"<p>La BCS tient \u00e0 am\u00e9nager les conditions de travail dans l\u2019int\u00e9r\u00eat de ses membres. En vue des prochaines n\u00e9gociations de la convention collective de travail (CCT), nous recueillons en permanence des suggestions et des objections \u00e0 la CCT actuellement en vigueur. <\/p>\n","protected":false},"author":5,"featured_media":79778,"comment_status":"closed","ping_status":"closed","sticky":true,"template":"","format":"standard","meta":{"_acf_changed":false,"footnotes":""},"categories":[41,44],"tags":[],"class_list":["post-161494","post","type-post","status-publish","format-standard","has-post-thumbnail","hentry","category-association","category-droit-politique"],"acf":[],"yoast_head":"<!-- This site is optimized with the Yoast SEO Premium plugin v26.8 (Yoast SEO v26.8) - https:\/\/yoast.com\/product\/yoast-seo-premium-wordpress\/ -->\n<title>Suggestions et objections avant les n\u00e9gociations de la CCT | SBC<\/title>\n<meta name=\"robots\" content=\"index, follow, max-snippet:-1, max-image-preview:large, max-video-preview:-1\" \/>\n<link rel=\"canonical\" href=\"https:\/\/swissbaker.ch\/fr\/panissimo-news\/suggestions-et-objections-avant-les-negociations-de-la-cct\/\" \/>\n<meta property=\"og:locale\" content=\"fr_FR\" \/>\n<meta property=\"og:type\" content=\"article\" \/>\n<meta property=\"og:title\" content=\"Suggestions et objections avant les n\u00e9gociations de la CCT\" \/>\n<meta property=\"og:description\" content=\"La BCS tient \u00e0 am\u00e9nager les conditions de travail dans l\u2019int\u00e9r\u00eat de ses membres. En vue des prochaines n\u00e9gociations de la convention collective de travail (CCT), nous recueillons en permanence des suggestions et des objections \u00e0 la CCT actuellement en vigueur.\" \/>\n<meta property=\"og:url\" content=\"https:\/\/swissbaker.ch\/fr\/panissimo-news\/suggestions-et-objections-avant-les-negociations-de-la-cct\/\" \/>\n<meta property=\"og:site_name\" content=\"SBC\" \/>\n<meta property=\"article:publisher\" content=\"https:\/\/www.facebook.com\/swissbaker.ch\" \/>\n<meta property=\"article:published_time\" content=\"2026-04-29T07:13:44+00:00\" \/>\n<meta property=\"article:modified_time\" content=\"2026-04-30T14:41:58+00:00\" \/>\n<meta property=\"og:image\" content=\"https:\/\/swissbaker.ch\/wp-content\/uploads\/2024\/06\/11_2_gav.jpg\" \/>\n\t<meta property=\"og:image:width\" content=\"1200\" \/>\n\t<meta property=\"og:image:height\" content=\"712\" \/>\n\t<meta property=\"og:image:type\" content=\"image\/jpeg\" \/>\n<meta name=\"author\" content=\"Simon Nussbaum\" \/>\n<meta name=\"twitter:card\" content=\"summary_large_image\" \/>\n<meta name=\"twitter:creator\" content=\"@ch_swissbaker\" \/>\n<meta name=\"twitter:site\" content=\"@ch_swissbaker\" \/>\n<meta name=\"twitter:label1\" content=\"Written by\" \/>\n\t<meta name=\"twitter:data1\" content=\"Simon Nussbaum\" \/>\n\t<meta name=\"twitter:label2\" content=\"Est. reading time\" \/>\n\t<meta name=\"twitter:data2\" content=\"1 minute\" \/>\n<script type=\"application\/ld+json\" class=\"yoast-schema-graph\">{\"@context\":\"https:\/\/schema.org\",\"@graph\":[{\"@type\":\"Article\",\"@id\":\"https:\/\/swissbaker.ch\/fr\/panissimo-news\/suggestions-et-objections-avant-les-negociations-de-la-cct\/#article\",\"isPartOf\":{\"@id\":\"https:\/\/swissbaker.ch\/fr\/panissimo-news\/suggestions-et-objections-avant-les-negociations-de-la-cct\/\"},\"author\":{\"name\":\"Simon Nussbaum\",\"@id\":\"https:\/\/swissbaker.ch\/fr\/#\/schema\/person\/74bd327b08c18ca6042c02ff6f0ed5e2\"},\"headline\":\"Suggestions et objections avant les n\u00e9gociations de la CCT\",\"datePublished\":\"2026-04-29T07:13:44+00:00\",\"dateModified\":\"2026-04-30T14:41:58+00:00\",\"mainEntityOfPage\":{\"@id\":\"https:\/\/swissbaker.ch\/fr\/panissimo-news\/suggestions-et-objections-avant-les-negociations-de-la-cct\/\"},\"wordCount\":149,\"publisher\":{\"@id\":\"https:\/\/swissbaker.ch\/fr\/#organization\"},\"image\":{\"@id\":\"https:\/\/swissbaker.ch\/fr\/panissimo-news\/suggestions-et-objections-avant-les-negociations-de-la-cct\/#primaryimage\"},\"thumbnailUrl\":\"https:\/\/swissbaker.ch\/wp-content\/uploads\/2024\/06\/11_2_gav.jpg\",\"articleSection\":[\"Association\",\"Droit &amp; politique\"],\"inLanguage\":\"fr-FR\"},{\"@type\":\"WebPage\",\"@id\":\"https:\/\/swissbaker.ch\/fr\/panissimo-news\/suggestions-et-objections-avant-les-negociations-de-la-cct\/\",\"url\":\"https:\/\/swissbaker.ch\/fr\/panissimo-news\/suggestions-et-objections-avant-les-negociations-de-la-cct\/\",\"name\":\"Suggestions et objections avant les n\u00e9gociations de la CCT | SBC\",\"isPartOf\":{\"@id\":\"https:\/\/swissbaker.ch\/fr\/#website\"},\"primaryImageOfPage\":{\"@id\":\"https:\/\/swissbaker.ch\/fr\/panissimo-news\/suggestions-et-objections-avant-les-negociations-de-la-cct\/#primaryimage\"},\"image\":{\"@id\":\"https:\/\/swissbaker.ch\/fr\/panissimo-news\/suggestions-et-objections-avant-les-negociations-de-la-cct\/#primaryimage\"},\"thumbnailUrl\":\"https:\/\/swissbaker.ch\/wp-content\/uploads\/2024\/06\/11_2_gav.jpg\",\"datePublished\":\"2026-04-29T07:13:44+00:00\",\"dateModified\":\"2026-04-30T14:41:58+00:00\",\"breadcrumb\":{\"@id\":\"https:\/\/swissbaker.ch\/fr\/panissimo-news\/suggestions-et-objections-avant-les-negociations-de-la-cct\/#breadcrumb\"},\"inLanguage\":\"fr-FR\",\"potentialAction\":[{\"@type\":\"ReadAction\",\"target\":[\"https:\/\/swissbaker.ch\/fr\/panissimo-news\/suggestions-et-objections-avant-les-negociations-de-la-cct\/\"]}]},{\"@type\":\"ImageObject\",\"inLanguage\":\"fr-FR\",\"@id\":\"https:\/\/swissbaker.ch\/fr\/panissimo-news\/suggestions-et-objections-avant-les-negociations-de-la-cct\/#primaryimage\",\"url\":\"https:\/\/swissbaker.ch\/wp-content\/uploads\/2024\/06\/11_2_gav.jpg\",\"contentUrl\":\"https:\/\/swissbaker.ch\/wp-content\/uploads\/2024\/06\/11_2_gav.jpg\",\"width\":1200,\"height\":712},{\"@type\":\"BreadcrumbList\",\"@id\":\"https:\/\/swissbaker.ch\/fr\/panissimo-news\/suggestions-et-objections-avant-les-negociations-de-la-cct\/#breadcrumb\",\"itemListElement\":[{\"@type\":\"ListItem\",\"position\":1,\"name\":\"\",\"item\":\"https:\/\/swissbaker.ch\/fr\/\"},{\"@type\":\"ListItem\",\"position\":2,\"name\":\"Association\",\"item\":\"https:\/\/swissbaker.ch\/fr\/panissimo-news\/category\/association\/\"},{\"@type\":\"ListItem\",\"position\":3,\"name\":\"Suggestions et objections avant les n\u00e9gociations de la CCT\"}]},{\"@type\":\"WebSite\",\"@id\":\"https:\/\/swissbaker.ch\/fr\/#website\",\"url\":\"https:\/\/swissbaker.ch\/fr\/\",\"name\":\"SBC\",\"description\":\"\",\"publisher\":{\"@id\":\"https:\/\/swissbaker.ch\/fr\/#organization\"},\"potentialAction\":[{\"@type\":\"SearchAction\",\"target\":{\"@type\":\"EntryPoint\",\"urlTemplate\":\"https:\/\/swissbaker.ch\/fr\/?s={search_term_string}\"},\"query-input\":{\"@type\":\"PropertyValueSpecification\",\"valueRequired\":true,\"valueName\":\"search_term_string\"}}],\"inLanguage\":\"fr-FR\"},{\"@type\":\"Organization\",\"@id\":\"https:\/\/swissbaker.ch\/fr\/#organization\",\"name\":\"Schweizerischer B\u00e4cker-Confiseurmeister-Verband\",\"url\":\"https:\/\/swissbaker.ch\/fr\/\",\"logo\":{\"@type\":\"ImageObject\",\"inLanguage\":\"fr-FR\",\"@id\":\"https:\/\/swissbaker.ch\/fr\/#\/schema\/logo\/image\/\",\"url\":\"https:\/\/swissbaker.ch\/wp-content\/uploads\/2022\/04\/sbc-logo-yoast.jpg\",\"contentUrl\":\"https:\/\/swissbaker.ch\/wp-content\/uploads\/2022\/04\/sbc-logo-yoast.jpg\",\"width\":512,\"height\":512,\"caption\":\"Schweizerischer B\u00e4cker-Confiseurmeister-Verband\"},\"image\":{\"@id\":\"https:\/\/swissbaker.ch\/fr\/#\/schema\/logo\/image\/\"},\"sameAs\":[\"https:\/\/www.facebook.com\/swissbaker.ch\",\"https:\/\/x.com\/ch_swissbaker\"]},{\"@type\":\"Person\",\"@id\":\"https:\/\/swissbaker.ch\/fr\/#\/schema\/person\/74bd327b08c18ca6042c02ff6f0ed5e2\",\"name\":\"Simon Nussbaum\",\"image\":{\"@type\":\"ImageObject\",\"inLanguage\":\"fr-FR\",\"@id\":\"https:\/\/swissbaker.ch\/fr\/#\/schema\/person\/image\/\",\"url\":\"https:\/\/secure.gravatar.com\/avatar\/df0eced3bb556c806cb760cf503ade1ed1df25b4104d80d6fd28d93a9509aa12?s=96&d=mm&r=g\",\"contentUrl\":\"https:\/\/secure.gravatar.com\/avatar\/df0eced3bb556c806cb760cf503ade1ed1df25b4104d80d6fd28d93a9509aa12?s=96&d=mm&r=g\",\"caption\":\"Simon Nussbaum\"},\"url\":\"https:\/\/swissbaker.ch\/fr\/panissimo-news\/author\/simon-nussbaum\/\"}]}<\/script>\n<!-- \/ Yoast SEO Premium plugin. -->","yoast_head_json":{"title":"Suggestions et objections avant les n\u00e9gociations de la CCT | SBC","robots":{"index":"index","follow":"follow","max-snippet":"max-snippet:-1","max-image-preview":"max-image-preview:large","max-video-preview":"max-video-preview:-1"},"canonical":"https:\/\/swissbaker.ch\/fr\/panissimo-news\/suggestions-et-objections-avant-les-negociations-de-la-cct\/","og_locale":"fr_FR","og_type":"article","og_title":"Suggestions et objections avant les n\u00e9gociations de la CCT","og_description":"La BCS tient \u00e0 am\u00e9nager les conditions de travail dans l\u2019int\u00e9r\u00eat de ses membres. En vue des prochaines n\u00e9gociations de la convention collective de travail (CCT), nous recueillons en permanence des suggestions et des objections \u00e0 la CCT actuellement en vigueur.","og_url":"https:\/\/swissbaker.ch\/fr\/panissimo-news\/suggestions-et-objections-avant-les-negociations-de-la-cct\/","og_site_name":"SBC","article_publisher":"https:\/\/www.facebook.com\/swissbaker.ch","article_published_time":"2026-04-29T07:13:44+00:00","article_modified_time":"2026-04-30T14:41:58+00:00","og_image":[{"width":1200,"height":712,"url":"https:\/\/swissbaker.ch\/wp-content\/uploads\/2024\/06\/11_2_gav.jpg","type":"image\/jpeg"}],"author":"Simon Nussbaum","twitter_card":"summary_large_image","twitter_creator":"@ch_swissbaker","twitter_site":"@ch_swissbaker","twitter_misc":{"Written by":"Simon Nussbaum","Est. reading time":"1 minute"},"schema":{"@context":"https:\/\/schema.org","@graph":[{"@type":"Article","@id":"https:\/\/swissbaker.ch\/fr\/panissimo-news\/suggestions-et-objections-avant-les-negociations-de-la-cct\/#article","isPartOf":{"@id":"https:\/\/swissbaker.ch\/fr\/panissimo-news\/suggestions-et-objections-avant-les-negociations-de-la-cct\/"},"author":{"name":"Simon Nussbaum","@id":"https:\/\/swissbaker.ch\/fr\/#\/schema\/person\/74bd327b08c18ca6042c02ff6f0ed5e2"},"headline":"Suggestions et objections avant les n\u00e9gociations de la CCT","datePublished":"2026-04-29T07:13:44+00:00","dateModified":"2026-04-30T14:41:58+00:00","mainEntityOfPage":{"@id":"https:\/\/swissbaker.ch\/fr\/panissimo-news\/suggestions-et-objections-avant-les-negociations-de-la-cct\/"},"wordCount":149,"publisher":{"@id":"https:\/\/swissbaker.ch\/fr\/#organization"},"image":{"@id":"https:\/\/swissbaker.ch\/fr\/panissimo-news\/suggestions-et-objections-avant-les-negociations-de-la-cct\/#primaryimage"},"thumbnailUrl":"https:\/\/swissbaker.ch\/wp-content\/uploads\/2024\/06\/11_2_gav.jpg","articleSection":["Association","Droit &amp; politique"],"inLanguage":"fr-FR"},{"@type":"WebPage","@id":"https:\/\/swissbaker.ch\/fr\/panissimo-news\/suggestions-et-objections-avant-les-negociations-de-la-cct\/","url":"https:\/\/swissbaker.ch\/fr\/panissimo-news\/suggestions-et-objections-avant-les-negociations-de-la-cct\/","name":"Suggestions et objections avant les n\u00e9gociations de la CCT | SBC","isPartOf":{"@id":"https:\/\/swissbaker.ch\/fr\/#website"},"primaryImageOfPage":{"@id":"https:\/\/swissbaker.ch\/fr\/panissimo-news\/suggestions-et-objections-avant-les-negociations-de-la-cct\/#primaryimage"},"image":{"@id":"https:\/\/swissbaker.ch\/fr\/panissimo-news\/suggestions-et-objections-avant-les-negociations-de-la-cct\/#primaryimage"},"thumbnailUrl":"https:\/\/swissbaker.ch\/wp-content\/uploads\/2024\/06\/11_2_gav.jpg","datePublished":"2026-04-29T07:13:44+00:00","dateModified":"2026-04-30T14:41:58+00:00","breadcrumb":{"@id":"https:\/\/swissbaker.ch\/fr\/panissimo-news\/suggestions-et-objections-avant-les-negociations-de-la-cct\/#breadcrumb"},"inLanguage":"fr-FR","potentialAction":[{"@type":"ReadAction","target":["https:\/\/swissbaker.ch\/fr\/panissimo-news\/suggestions-et-objections-avant-les-negociations-de-la-cct\/"]}]},{"@type":"ImageObject","inLanguage":"fr-FR","@id":"https:\/\/swissbaker.ch\/fr\/panissimo-news\/suggestions-et-objections-avant-les-negociations-de-la-cct\/#primaryimage","url":"https:\/\/swissbaker.ch\/wp-content\/uploads\/2024\/06\/11_2_gav.jpg","contentUrl":"https:\/\/swissbaker.ch\/wp-content\/uploads\/2024\/06\/11_2_gav.jpg","width":1200,"height":712},{"@type":"BreadcrumbList","@id":"https:\/\/swissbaker.ch\/fr\/panissimo-news\/suggestions-et-objections-avant-les-negociations-de-la-cct\/#breadcrumb","itemListElement":[{"@type":"ListItem","position":1,"name":"","item":"https:\/\/swissbaker.ch\/fr\/"},{"@type":"ListItem","position":2,"name":"Association","item":"https:\/\/swissbaker.ch\/fr\/panissimo-news\/category\/association\/"},{"@type":"ListItem","position":3,"name":"Suggestions et objections avant les n\u00e9gociations de la CCT"}]},{"@type":"WebSite","@id":"https:\/\/swissbaker.ch\/fr\/#website","url":"https:\/\/swissbaker.ch\/fr\/","name":"SBC","description":"","publisher":{"@id":"https:\/\/swissbaker.ch\/fr\/#organization"},"potentialAction":[{"@type":"SearchAction","target":{"@type":"EntryPoint","urlTemplate":"https:\/\/swissbaker.ch\/fr\/?s={search_term_string}"},"query-input":{"@type":"PropertyValueSpecification","valueRequired":true,"valueName":"search_term_string"}}],"inLanguage":"fr-FR"},{"@type":"Organization","@id":"https:\/\/swissbaker.ch\/fr\/#organization","name":"Schweizerischer B\u00e4cker-Confiseurmeister-Verband","url":"https:\/\/swissbaker.ch\/fr\/","logo":{"@type":"ImageObject","inLanguage":"fr-FR","@id":"https:\/\/swissbaker.ch\/fr\/#\/schema\/logo\/image\/","url":"https:\/\/swissbaker.ch\/wp-content\/uploads\/2022\/04\/sbc-logo-yoast.jpg","contentUrl":"https:\/\/swissbaker.ch\/wp-content\/uploads\/2022\/04\/sbc-logo-yoast.jpg","width":512,"height":512,"caption":"Schweizerischer B\u00e4cker-Confiseurmeister-Verband"},"image":{"@id":"https:\/\/swissbaker.ch\/fr\/#\/schema\/logo\/image\/"},"sameAs":["https:\/\/www.facebook.com\/swissbaker.ch","https:\/\/x.com\/ch_swissbaker"]},{"@type":"Person","@id":"https:\/\/swissbaker.ch\/fr\/#\/schema\/person\/74bd327b08c18ca6042c02ff6f0ed5e2","name":"Simon Nussbaum","image":{"@type":"ImageObject","inLanguage":"fr-FR","@id":"https:\/\/swissbaker.ch\/fr\/#\/schema\/person\/image\/","url":"https:\/\/secure.gravatar.com\/avatar\/df0eced3bb556c806cb760cf503ade1ed1df25b4104d80d6fd28d93a9509aa12?s=96&d=mm&r=g","contentUrl":"https:\/\/secure.gravatar.com\/avatar\/df0eced3bb556c806cb760cf503ade1ed1df25b4104d80d6fd28d93a9509aa12?s=96&d=mm&r=g","caption":"Simon Nussbaum"},"url":"https:\/\/swissbaker.ch\/fr\/panissimo-news\/author\/simon-nussbaum\/"}]}},"_links":{"self":[{"href":"https:\/\/swissbaker.ch\/fr\/wp-json\/wp\/v2\/posts\/161494","targetHints":{"allow":["GET"]}}],"collection":[{"href":"https:\/\/swissbaker.ch\/fr\/wp-json\/wp\/v2\/posts"}],"about":[{"href":"https:\/\/swissbaker.ch\/fr\/wp-json\/wp\/v2\/types\/post"}],"author":[{"embeddable":true,"href":"https:\/\/swissbaker.ch\/fr\/wp-json\/wp\/v2\/users\/5"}],"replies":[{"embeddable":true,"href":"https:\/\/swissbaker.ch\/fr\/wp-json\/wp\/v2\/comments?post=161494"}],"version-history":[{"count":0,"href":"https:\/\/swissbaker.ch\/fr\/wp-json\/wp\/v2\/posts\/161494\/revisions"}],"wp:featuredmedia":[{"embeddable":true,"href":"https:\/\/swissbaker.ch\/fr\/wp-json\/wp\/v2\/media\/79778"}],"wp:attachment":[{"href":"https:\/\/swissbaker.ch\/fr\/wp-json\/wp\/v2\/media?parent=161494"}],"wp:term":[{"taxonomy":"category","embeddable":true,"href":"https:\/\/swissbaker.ch\/fr\/wp-json\/wp\/v2\/categories?post=161494"},{"taxonomy":"post_tag","embeddable":true,"href":"https:\/\/swissbaker.ch\/fr\/wp-json\/wp\/v2\/tags?post=161494"}],"curies":[{"name":"wp","href":"https:\/\/api.w.org\/{rel}","templated":true}]}}