{"id":161410,"date":"2026-04-28T11:56:06","date_gmt":"2026-04-28T09:56:06","guid":{"rendered":"https:\/\/swissbaker.ch\/?p=161410"},"modified":"2026-04-28T14:32:32","modified_gmt":"2026-04-28T12:32:32","slug":"lemotion-au-coeurdune-reprise","status":"publish","type":"post","link":"https:\/\/swissbaker.ch\/fr\/panissimo-news\/lemotion-au-coeurdune-reprise\/","title":{"rendered":"L\u2019\u00e9motion au c\u0153ur d\u2019une reprise"},"content":{"rendered":"\n<p><strong>Analyste financi\u00e8re-gestion, pr\u00e9sidente d\u2019un conseil communal, engag\u00e9e en politique et m\u00e8re de famille, Mercedes Assal-Poget n\u2019est pas issue de la confiserie. En 2012, elle reprend pourtant La Chocolati\u00e8re \u00e0 Lausanne. C\u00e9dant \u00e0 l\u2019\u00e9motion, elle sauve de la fermeture la boutique de son enfance et restructure l\u2019entreprise.<\/strong><\/p>\n\n\n\n<p>L\u2019annonce de la fermeture de La Chocolati\u00e8re \u00e0 Lausanne marque un tournant pour Mercedes Assal-Poget, alors pr\u00e9sidente du conseil communal d\u2019Epalinges (VD), m\u00e8re de deux enfants, et candidate au Conseil national. Sur le point de partir \u00e0 la retraite, Jean-Claude Currat lui explique qu\u2019il ne trouve pas de repreneur \u00e0 la hauteur de ses attentes. \u00abJe rentre chez moi d\u00e9pit\u00e9e. Je me rends compte \u00e0 quel point j\u2019\u00e9tais attach\u00e9e \u00e0 ses chocolats.\u00bb<\/p>\n\n\n\n<p>Depuis l\u2019enfance, elle fr\u00e9quentait la maison ouverte en 1970. \u00abNous nous y rendions en famille chaque ann\u00e9e \u00e0 plusieurs reprises. C\u2019\u00e9taient des moments pr\u00e9cieux et heureux. (\u2026) Je ne pouvais pas imaginer que cette enseigne disparaisse.\u00bb Le soir m\u00eame, apr\u00e8s une discussion en famille, elle d\u00e9cide d\u2019en reprendre les r\u00eanes.<\/p>\n\n\n\n<p>Toutefois, l\u2019artisan de l\u2019Avenue Mon-Repos estime que sa candidature n\u2019a pas le profil n\u00e9cessaire. A force d\u2019insister, la dipl\u00f4m\u00e9e de l\u2019Ecole h\u00f4teli\u00e8re de Lausanne (EHL) d\u00e9croche un essai de trois semaines. \u00abJe me suis affair\u00e9e \u00e0 tenir bon, si bien qu\u2019il a accept\u00e9 de reporter son d\u00e9part de deux ans.\u00bb Chaque matin, elle se rend dans le laboratoire de 25\u202fm\u00b2, en sous-sol, avec un plafond de 1,8\u202fm de hauteur, sans fen\u00eatre ni chambre froide. Les conditions ambiantes varient au gr\u00e9 des saisons. \u00abIl fallait non seulement avoir un moral de fer, une rigueur incroyable, un amour pour le m\u00e9tier, mais aussi conna\u00eetre la mati\u00e8re premi\u00e8re pour anticiper.\u00bb Au terme de cette formation qu\u2019elle qualifie d\u2019\u00abimmersive exigeante\u00bb, la trentenaire reprend le commerce de quartier.<\/p>\n\n\n\n<h2 class=\"wp-block-heading\" id=\"h-de-25-a-400-m\u00b2\">De 25 \u00e0 400\u202fm\u00b2<\/h2>\n\n\n\n<p>Au moment de son acquisition, La Chocolati\u00e8re repose sur deux personnes. Maman de son troisi\u00e8me enfant, elle continue \u00e0 \u0153uvrer dans les m\u00eames locaux. \u00abJe portais mon b\u00e9b\u00e9 dans le dos, comme on le fait \u00e0 la campagne. J\u2019avais ainsi les mains libres pour faire ce que j\u2019avais \u00e0 faire.\u00bb<\/p>\n\n\n<div class=\"wp-block-image\">\n<figure class=\"aligncenter size-full\"><img decoding=\"async\" width=\"576\" height=\"712\" src=\"https:\/\/swissbaker.ch\/wp-content\/uploads\/2026\/04\/mercedes-asal-poget_la_chocolatiere.jpg\" alt=\"\" class=\"wp-image-161406\"\/><figcaption class=\"wp-element-caption\"><em>Mercedes Assal-Poget, ici avec son responsable de production, participe ponctuellement au travail en laboratoire.<\/em><\/figcaption><\/figure>\n<\/div>\n\n\n<p>Au fil d\u2019un agrandissement et de d\u00e9m\u00e9nagements, elle structure son entreprise et accro\u00eet ses rangs. Ses \u00e9tudes sur les bancs de l\u2019\u00e9cole h\u00f4teli\u00e8re et son activit\u00e9 professionnelle en tant qu\u2019analyste financi\u00e8re dans une multinationale am\u00e9ricaine sont un atout. L\u2019entreprise emploie entre 15 et 20\u202fcollaborateurs selon les saisons. Elle dispose de quatre boutiques \u00e0 Lausanne et \u00e0 Epalinges o\u00f9 se situe l\u2019actuel laboratoire de 250\u202fm\u00b2. <\/p>\n\n\n\n<p>Une nouvelle \u00e9tape est en pr\u00e9paration avec son futur site \u00e0 Central Malley, dans l\u2019ouest lausannois. La Chocolati\u00e8re y d\u00e9veloppera une manufacture et un lieu de vie sur 400\u202fm\u00b2. &#8230;<\/p>\n\n\n\n<p><em>&#8230; Vous trouverez l&#8217;article complet dans Panissimo du 24 avril 2026.<\/em><\/p>\n\n\n\n<p><a href=\"http:\/\/lachocolatiere.ch\" type=\"link\" id=\"lachocolatiere.ch\" target=\"_blank\" rel=\"noreferrer noopener\"><strong>lachocolatiere.ch<\/strong><\/a><\/p>\n\n\n\n<p class=\"has-text-align-right\"><em>Texte et photo: Johann Ruppen<\/em><\/p>\n","protected":false},"excerpt":{"rendered":"<p>Analyste financi\u00e8re-gestion, pr\u00e9sidente d\u2019un conseil communal, engag\u00e9e en politique et m\u00e8re de famille, Mercedes Assal-Poget n\u2019est pas issue de la confiserie. En 2012, elle reprend pourtant La Chocolati\u00e8re \u00e0 Lausanne. C\u00e9dant \u00e0 l\u2019\u00e9motion, elle sauve de la fermeture la boutique de son enfance et restructure l\u2019entreprise.<\/p>\n","protected":false},"author":5,"featured_media":161403,"comment_status":"closed","ping_status":"closed","sticky":false,"template":"","format":"standard","meta":{"_acf_changed":false,"footnotes":""},"categories":[42],"tags":[1349,1350],"class_list":["post-161410","post","type-post","status-publish","format-standard","has-post-thumbnail","hentry","category-boulangeries-confiseries","tag-la-chocolatiere-a-lausanne","tag-mercedes-assal-poget"],"acf":[],"yoast_head":"<!-- This site is optimized with the Yoast SEO Premium plugin v26.8 (Yoast SEO v26.8) - https:\/\/yoast.com\/product\/yoast-seo-premium-wordpress\/ -->\n<title>L\u2019\u00e9motion au c\u0153ur d\u2019une reprise | SBC<\/title>\n<meta name=\"description\" content=\"C\u00e9dant \u00e0 l\u2019\u00e9motion, Mercedes Assal-Poget sauve de la fermeture la boutique de son enfance et restructure l\u2019entreprise.\" \/>\n<meta name=\"robots\" content=\"index, follow, max-snippet:-1, max-image-preview:large, max-video-preview:-1\" \/>\n<link rel=\"canonical\" href=\"https:\/\/swissbaker.ch\/fr\/panissimo-news\/lemotion-au-coeurdune-reprise\/\" \/>\n<meta property=\"og:locale\" content=\"fr_FR\" \/>\n<meta property=\"og:type\" content=\"article\" \/>\n<meta property=\"og:title\" content=\"L\u2019\u00e9motion au c\u0153ur d\u2019une reprise\" \/>\n<meta property=\"og:description\" content=\"C\u00e9dant \u00e0 l\u2019\u00e9motion, Mercedes Assal-Poget sauve de la fermeture la boutique de son enfance et restructure l\u2019entreprise.\" \/>\n<meta property=\"og:url\" content=\"https:\/\/swissbaker.ch\/fr\/panissimo-news\/lemotion-au-coeurdune-reprise\/\" \/>\n<meta property=\"og:site_name\" content=\"SBC\" \/>\n<meta property=\"article:publisher\" content=\"https:\/\/www.facebook.com\/swissbaker.ch\" \/>\n<meta property=\"article:published_time\" content=\"2026-04-28T09:56:06+00:00\" \/>\n<meta property=\"article:modified_time\" content=\"2026-04-28T12:32:32+00:00\" \/>\n<meta property=\"og:image\" content=\"https:\/\/swissbaker.ch\/wp-content\/uploads\/2026\/04\/mercedes-asal-poget.jpg\" \/>\n\t<meta property=\"og:image:width\" content=\"1200\" \/>\n\t<meta property=\"og:image:height\" content=\"712\" \/>\n\t<meta property=\"og:image:type\" content=\"image\/jpeg\" \/>\n<meta name=\"author\" content=\"Simon Nussbaum\" \/>\n<meta name=\"twitter:card\" content=\"summary_large_image\" \/>\n<meta name=\"twitter:creator\" content=\"@ch_swissbaker\" \/>\n<meta name=\"twitter:site\" content=\"@ch_swissbaker\" \/>\n<meta name=\"twitter:label1\" content=\"Written by\" \/>\n\t<meta name=\"twitter:data1\" content=\"Simon Nussbaum\" \/>\n\t<meta name=\"twitter:label2\" content=\"Est. reading time\" \/>\n\t<meta name=\"twitter:data2\" content=\"3 minutes\" \/>\n<script type=\"application\/ld+json\" class=\"yoast-schema-graph\">{\"@context\":\"https:\/\/schema.org\",\"@graph\":[{\"@type\":\"Article\",\"@id\":\"https:\/\/swissbaker.ch\/fr\/panissimo-news\/lemotion-au-coeurdune-reprise\/#article\",\"isPartOf\":{\"@id\":\"https:\/\/swissbaker.ch\/fr\/panissimo-news\/lemotion-au-coeurdune-reprise\/\"},\"author\":{\"name\":\"Simon Nussbaum\",\"@id\":\"https:\/\/swissbaker.ch\/fr\/#\/schema\/person\/74bd327b08c18ca6042c02ff6f0ed5e2\"},\"headline\":\"L\u2019\u00e9motion au c\u0153ur d\u2019une reprise\",\"datePublished\":\"2026-04-28T09:56:06+00:00\",\"dateModified\":\"2026-04-28T12:32:32+00:00\",\"mainEntityOfPage\":{\"@id\":\"https:\/\/swissbaker.ch\/fr\/panissimo-news\/lemotion-au-coeurdune-reprise\/\"},\"wordCount\":528,\"publisher\":{\"@id\":\"https:\/\/swissbaker.ch\/fr\/#organization\"},\"image\":{\"@id\":\"https:\/\/swissbaker.ch\/fr\/panissimo-news\/lemotion-au-coeurdune-reprise\/#primaryimage\"},\"thumbnailUrl\":\"https:\/\/swissbaker.ch\/wp-content\/uploads\/2026\/04\/mercedes-asal-poget.jpg\",\"keywords\":[\"La Chocolati\u00e8re \u00e0 Lausanne\",\"Mercedes Assal-Poget\"],\"articleSection\":[\"Boulangeries\/Confiseries\"],\"inLanguage\":\"fr-FR\"},{\"@type\":\"WebPage\",\"@id\":\"https:\/\/swissbaker.ch\/fr\/panissimo-news\/lemotion-au-coeurdune-reprise\/\",\"url\":\"https:\/\/swissbaker.ch\/fr\/panissimo-news\/lemotion-au-coeurdune-reprise\/\",\"name\":\"L\u2019\u00e9motion au c\u0153ur d\u2019une reprise | SBC\",\"isPartOf\":{\"@id\":\"https:\/\/swissbaker.ch\/fr\/#website\"},\"primaryImageOfPage\":{\"@id\":\"https:\/\/swissbaker.ch\/fr\/panissimo-news\/lemotion-au-coeurdune-reprise\/#primaryimage\"},\"image\":{\"@id\":\"https:\/\/swissbaker.ch\/fr\/panissimo-news\/lemotion-au-coeurdune-reprise\/#primaryimage\"},\"thumbnailUrl\":\"https:\/\/swissbaker.ch\/wp-content\/uploads\/2026\/04\/mercedes-asal-poget.jpg\",\"datePublished\":\"2026-04-28T09:56:06+00:00\",\"dateModified\":\"2026-04-28T12:32:32+00:00\",\"description\":\"C\u00e9dant \u00e0 l\u2019\u00e9motion, Mercedes Assal-Poget sauve de la fermeture la boutique de son enfance et restructure l\u2019entreprise.\",\"breadcrumb\":{\"@id\":\"https:\/\/swissbaker.ch\/fr\/panissimo-news\/lemotion-au-coeurdune-reprise\/#breadcrumb\"},\"inLanguage\":\"fr-FR\",\"potentialAction\":[{\"@type\":\"ReadAction\",\"target\":[\"https:\/\/swissbaker.ch\/fr\/panissimo-news\/lemotion-au-coeurdune-reprise\/\"]}]},{\"@type\":\"ImageObject\",\"inLanguage\":\"fr-FR\",\"@id\":\"https:\/\/swissbaker.ch\/fr\/panissimo-news\/lemotion-au-coeurdune-reprise\/#primaryimage\",\"url\":\"https:\/\/swissbaker.ch\/wp-content\/uploads\/2026\/04\/mercedes-asal-poget.jpg\",\"contentUrl\":\"https:\/\/swissbaker.ch\/wp-content\/uploads\/2026\/04\/mercedes-asal-poget.jpg\",\"width\":1200,\"height\":712},{\"@type\":\"BreadcrumbList\",\"@id\":\"https:\/\/swissbaker.ch\/fr\/panissimo-news\/lemotion-au-coeurdune-reprise\/#breadcrumb\",\"itemListElement\":[{\"@type\":\"ListItem\",\"position\":1,\"name\":\"\",\"item\":\"https:\/\/swissbaker.ch\/fr\/\"},{\"@type\":\"ListItem\",\"position\":2,\"name\":\"Boulangeries\/Confiseries\",\"item\":\"https:\/\/swissbaker.ch\/fr\/panissimo-news\/category\/boulangeries-confiseries\/\"},{\"@type\":\"ListItem\",\"position\":3,\"name\":\"L\u2019\u00e9motion au c\u0153ur d\u2019une reprise\"}]},{\"@type\":\"WebSite\",\"@id\":\"https:\/\/swissbaker.ch\/fr\/#website\",\"url\":\"https:\/\/swissbaker.ch\/fr\/\",\"name\":\"SBC\",\"description\":\"\",\"publisher\":{\"@id\":\"https:\/\/swissbaker.ch\/fr\/#organization\"},\"potentialAction\":[{\"@type\":\"SearchAction\",\"target\":{\"@type\":\"EntryPoint\",\"urlTemplate\":\"https:\/\/swissbaker.ch\/fr\/?s={search_term_string}\"},\"query-input\":{\"@type\":\"PropertyValueSpecification\",\"valueRequired\":true,\"valueName\":\"search_term_string\"}}],\"inLanguage\":\"fr-FR\"},{\"@type\":\"Organization\",\"@id\":\"https:\/\/swissbaker.ch\/fr\/#organization\",\"name\":\"Schweizerischer B\u00e4cker-Confiseurmeister-Verband\",\"url\":\"https:\/\/swissbaker.ch\/fr\/\",\"logo\":{\"@type\":\"ImageObject\",\"inLanguage\":\"fr-FR\",\"@id\":\"https:\/\/swissbaker.ch\/fr\/#\/schema\/logo\/image\/\",\"url\":\"https:\/\/swissbaker.ch\/wp-content\/uploads\/2022\/04\/sbc-logo-yoast.jpg\",\"contentUrl\":\"https:\/\/swissbaker.ch\/wp-content\/uploads\/2022\/04\/sbc-logo-yoast.jpg\",\"width\":512,\"height\":512,\"caption\":\"Schweizerischer B\u00e4cker-Confiseurmeister-Verband\"},\"image\":{\"@id\":\"https:\/\/swissbaker.ch\/fr\/#\/schema\/logo\/image\/\"},\"sameAs\":[\"https:\/\/www.facebook.com\/swissbaker.ch\",\"https:\/\/x.com\/ch_swissbaker\"]},{\"@type\":\"Person\",\"@id\":\"https:\/\/swissbaker.ch\/fr\/#\/schema\/person\/74bd327b08c18ca6042c02ff6f0ed5e2\",\"name\":\"Simon Nussbaum\",\"image\":{\"@type\":\"ImageObject\",\"inLanguage\":\"fr-FR\",\"@id\":\"https:\/\/swissbaker.ch\/fr\/#\/schema\/person\/image\/\",\"url\":\"https:\/\/secure.gravatar.com\/avatar\/df0eced3bb556c806cb760cf503ade1ed1df25b4104d80d6fd28d93a9509aa12?s=96&d=mm&r=g\",\"contentUrl\":\"https:\/\/secure.gravatar.com\/avatar\/df0eced3bb556c806cb760cf503ade1ed1df25b4104d80d6fd28d93a9509aa12?s=96&d=mm&r=g\",\"caption\":\"Simon Nussbaum\"},\"url\":\"https:\/\/swissbaker.ch\/fr\/panissimo-news\/author\/simon-nussbaum\/\"}]}<\/script>\n<!-- \/ Yoast SEO Premium plugin. -->","yoast_head_json":{"title":"L\u2019\u00e9motion au c\u0153ur d\u2019une reprise | SBC","description":"C\u00e9dant \u00e0 l\u2019\u00e9motion, Mercedes Assal-Poget sauve de la fermeture la boutique de son enfance et restructure l\u2019entreprise.","robots":{"index":"index","follow":"follow","max-snippet":"max-snippet:-1","max-image-preview":"max-image-preview:large","max-video-preview":"max-video-preview:-1"},"canonical":"https:\/\/swissbaker.ch\/fr\/panissimo-news\/lemotion-au-coeurdune-reprise\/","og_locale":"fr_FR","og_type":"article","og_title":"L\u2019\u00e9motion au c\u0153ur d\u2019une reprise","og_description":"C\u00e9dant \u00e0 l\u2019\u00e9motion, Mercedes Assal-Poget sauve de la fermeture la boutique de son enfance et restructure l\u2019entreprise.","og_url":"https:\/\/swissbaker.ch\/fr\/panissimo-news\/lemotion-au-coeurdune-reprise\/","og_site_name":"SBC","article_publisher":"https:\/\/www.facebook.com\/swissbaker.ch","article_published_time":"2026-04-28T09:56:06+00:00","article_modified_time":"2026-04-28T12:32:32+00:00","og_image":[{"width":1200,"height":712,"url":"https:\/\/swissbaker.ch\/wp-content\/uploads\/2026\/04\/mercedes-asal-poget.jpg","type":"image\/jpeg"}],"author":"Simon Nussbaum","twitter_card":"summary_large_image","twitter_creator":"@ch_swissbaker","twitter_site":"@ch_swissbaker","twitter_misc":{"Written by":"Simon Nussbaum","Est. reading time":"3 minutes"},"schema":{"@context":"https:\/\/schema.org","@graph":[{"@type":"Article","@id":"https:\/\/swissbaker.ch\/fr\/panissimo-news\/lemotion-au-coeurdune-reprise\/#article","isPartOf":{"@id":"https:\/\/swissbaker.ch\/fr\/panissimo-news\/lemotion-au-coeurdune-reprise\/"},"author":{"name":"Simon Nussbaum","@id":"https:\/\/swissbaker.ch\/fr\/#\/schema\/person\/74bd327b08c18ca6042c02ff6f0ed5e2"},"headline":"L\u2019\u00e9motion au c\u0153ur d\u2019une reprise","datePublished":"2026-04-28T09:56:06+00:00","dateModified":"2026-04-28T12:32:32+00:00","mainEntityOfPage":{"@id":"https:\/\/swissbaker.ch\/fr\/panissimo-news\/lemotion-au-coeurdune-reprise\/"},"wordCount":528,"publisher":{"@id":"https:\/\/swissbaker.ch\/fr\/#organization"},"image":{"@id":"https:\/\/swissbaker.ch\/fr\/panissimo-news\/lemotion-au-coeurdune-reprise\/#primaryimage"},"thumbnailUrl":"https:\/\/swissbaker.ch\/wp-content\/uploads\/2026\/04\/mercedes-asal-poget.jpg","keywords":["La Chocolati\u00e8re \u00e0 Lausanne","Mercedes Assal-Poget"],"articleSection":["Boulangeries\/Confiseries"],"inLanguage":"fr-FR"},{"@type":"WebPage","@id":"https:\/\/swissbaker.ch\/fr\/panissimo-news\/lemotion-au-coeurdune-reprise\/","url":"https:\/\/swissbaker.ch\/fr\/panissimo-news\/lemotion-au-coeurdune-reprise\/","name":"L\u2019\u00e9motion au c\u0153ur d\u2019une reprise | SBC","isPartOf":{"@id":"https:\/\/swissbaker.ch\/fr\/#website"},"primaryImageOfPage":{"@id":"https:\/\/swissbaker.ch\/fr\/panissimo-news\/lemotion-au-coeurdune-reprise\/#primaryimage"},"image":{"@id":"https:\/\/swissbaker.ch\/fr\/panissimo-news\/lemotion-au-coeurdune-reprise\/#primaryimage"},"thumbnailUrl":"https:\/\/swissbaker.ch\/wp-content\/uploads\/2026\/04\/mercedes-asal-poget.jpg","datePublished":"2026-04-28T09:56:06+00:00","dateModified":"2026-04-28T12:32:32+00:00","description":"C\u00e9dant \u00e0 l\u2019\u00e9motion, Mercedes Assal-Poget sauve de la fermeture la boutique de son enfance et restructure l\u2019entreprise.","breadcrumb":{"@id":"https:\/\/swissbaker.ch\/fr\/panissimo-news\/lemotion-au-coeurdune-reprise\/#breadcrumb"},"inLanguage":"fr-FR","potentialAction":[{"@type":"ReadAction","target":["https:\/\/swissbaker.ch\/fr\/panissimo-news\/lemotion-au-coeurdune-reprise\/"]}]},{"@type":"ImageObject","inLanguage":"fr-FR","@id":"https:\/\/swissbaker.ch\/fr\/panissimo-news\/lemotion-au-coeurdune-reprise\/#primaryimage","url":"https:\/\/swissbaker.ch\/wp-content\/uploads\/2026\/04\/mercedes-asal-poget.jpg","contentUrl":"https:\/\/swissbaker.ch\/wp-content\/uploads\/2026\/04\/mercedes-asal-poget.jpg","width":1200,"height":712},{"@type":"BreadcrumbList","@id":"https:\/\/swissbaker.ch\/fr\/panissimo-news\/lemotion-au-coeurdune-reprise\/#breadcrumb","itemListElement":[{"@type":"ListItem","position":1,"name":"","item":"https:\/\/swissbaker.ch\/fr\/"},{"@type":"ListItem","position":2,"name":"Boulangeries\/Confiseries","item":"https:\/\/swissbaker.ch\/fr\/panissimo-news\/category\/boulangeries-confiseries\/"},{"@type":"ListItem","position":3,"name":"L\u2019\u00e9motion au c\u0153ur d\u2019une reprise"}]},{"@type":"WebSite","@id":"https:\/\/swissbaker.ch\/fr\/#website","url":"https:\/\/swissbaker.ch\/fr\/","name":"SBC","description":"","publisher":{"@id":"https:\/\/swissbaker.ch\/fr\/#organization"},"potentialAction":[{"@type":"SearchAction","target":{"@type":"EntryPoint","urlTemplate":"https:\/\/swissbaker.ch\/fr\/?s={search_term_string}"},"query-input":{"@type":"PropertyValueSpecification","valueRequired":true,"valueName":"search_term_string"}}],"inLanguage":"fr-FR"},{"@type":"Organization","@id":"https:\/\/swissbaker.ch\/fr\/#organization","name":"Schweizerischer B\u00e4cker-Confiseurmeister-Verband","url":"https:\/\/swissbaker.ch\/fr\/","logo":{"@type":"ImageObject","inLanguage":"fr-FR","@id":"https:\/\/swissbaker.ch\/fr\/#\/schema\/logo\/image\/","url":"https:\/\/swissbaker.ch\/wp-content\/uploads\/2022\/04\/sbc-logo-yoast.jpg","contentUrl":"https:\/\/swissbaker.ch\/wp-content\/uploads\/2022\/04\/sbc-logo-yoast.jpg","width":512,"height":512,"caption":"Schweizerischer B\u00e4cker-Confiseurmeister-Verband"},"image":{"@id":"https:\/\/swissbaker.ch\/fr\/#\/schema\/logo\/image\/"},"sameAs":["https:\/\/www.facebook.com\/swissbaker.ch","https:\/\/x.com\/ch_swissbaker"]},{"@type":"Person","@id":"https:\/\/swissbaker.ch\/fr\/#\/schema\/person\/74bd327b08c18ca6042c02ff6f0ed5e2","name":"Simon Nussbaum","image":{"@type":"ImageObject","inLanguage":"fr-FR","@id":"https:\/\/swissbaker.ch\/fr\/#\/schema\/person\/image\/","url":"https:\/\/secure.gravatar.com\/avatar\/df0eced3bb556c806cb760cf503ade1ed1df25b4104d80d6fd28d93a9509aa12?s=96&d=mm&r=g","contentUrl":"https:\/\/secure.gravatar.com\/avatar\/df0eced3bb556c806cb760cf503ade1ed1df25b4104d80d6fd28d93a9509aa12?s=96&d=mm&r=g","caption":"Simon Nussbaum"},"url":"https:\/\/swissbaker.ch\/fr\/panissimo-news\/author\/simon-nussbaum\/"}]}},"_links":{"self":[{"href":"https:\/\/swissbaker.ch\/fr\/wp-json\/wp\/v2\/posts\/161410","targetHints":{"allow":["GET"]}}],"collection":[{"href":"https:\/\/swissbaker.ch\/fr\/wp-json\/wp\/v2\/posts"}],"about":[{"href":"https:\/\/swissbaker.ch\/fr\/wp-json\/wp\/v2\/types\/post"}],"author":[{"embeddable":true,"href":"https:\/\/swissbaker.ch\/fr\/wp-json\/wp\/v2\/users\/5"}],"replies":[{"embeddable":true,"href":"https:\/\/swissbaker.ch\/fr\/wp-json\/wp\/v2\/comments?post=161410"}],"version-history":[{"count":0,"href":"https:\/\/swissbaker.ch\/fr\/wp-json\/wp\/v2\/posts\/161410\/revisions"}],"wp:featuredmedia":[{"embeddable":true,"href":"https:\/\/swissbaker.ch\/fr\/wp-json\/wp\/v2\/media\/161403"}],"wp:attachment":[{"href":"https:\/\/swissbaker.ch\/fr\/wp-json\/wp\/v2\/media?parent=161410"}],"wp:term":[{"taxonomy":"category","embeddable":true,"href":"https:\/\/swissbaker.ch\/fr\/wp-json\/wp\/v2\/categories?post=161410"},{"taxonomy":"post_tag","embeddable":true,"href":"https:\/\/swissbaker.ch\/fr\/wp-json\/wp\/v2\/tags?post=161410"}],"curies":[{"name":"wp","href":"https:\/\/api.w.org\/{rel}","templated":true}]}}