{"id":161306,"date":"2026-04-22T13:57:57","date_gmt":"2026-04-22T11:57:57","guid":{"rendered":"https:\/\/swissbaker.ch\/?p=161306"},"modified":"2026-04-22T14:06:59","modified_gmt":"2026-04-22T12:06:59","slug":"lyner-fixe-le-cap","status":"publish","type":"post","link":"https:\/\/swissbaker.ch\/fr\/panissimo-news\/lyner-fixe-le-cap\/","title":{"rendered":"Lyner fixe le cap"},"content":{"rendered":"\n<p><strong>L\u2019entreprise existera-t-elle encore dans cinq ans\u2009? Quelle direction prendre\u2009? Comment motiver le personnel\u2009? Telles sont les questions sur lesquelles la direction de Beck Lyner AG se penche actuellement. Et elle n\u2019entreprend pas seule ce voyage vers l\u2019avenir.<\/strong><\/p>\n\n\n\n<p>Faire appel \u00e0 un coaching ne signifie pas qu\u2019une entreprise ne fonctionne pas. \u00abChez nous, tout va bien\u00bb, affirme Peter Lyner, propri\u00e9taire et directeur de Beck Lyner AG \u00e0 Winterthour (ZH). L\u2019entreprise a toutefois besoin d\u2019un regard ext\u00e9rieur, \u00abafin de pouvoir analyser et optimiser les processus\u00bb. Depuis d\u00e9but 2026, la direction se fait accompagner par la soci\u00e9t\u00e9 de conseil Proback AG, filiale de Pistor AG.<\/p>\n\n\n\n<p>\u00abLors de la cr\u00e9ation d\u2019une entreprise, tout est excitant et simple. Il est plus difficile d\u2019ajuster une entreprise traditionnelle.\u00bb Le propri\u00e9taire sait de quoi il parle: il a repris l\u2019entreprise familiale en quatri\u00e8me g\u00e9n\u00e9ration il y a 28 ans. \u00abNous r\u00e9visons notre philosophie tous les cinq ans\u00bb, explique Peter Lyner. La version actuelle arrivant \u00e0 \u00e9ch\u00e9ance en 2026, le moment \u00e9tait id\u00e9al pour entamer un coaching. A cela s\u2019ajoutent d\u2019autres \u00e9l\u00e9ments, comme le nombre de collaborateurs \u00e0 temps partiel, ses attentes envers le personnel ou encore son souhait de renforcer la formation continue des cadres interm\u00e9diaires.<\/p>\n\n\n\n<h2 class=\"wp-block-heading\" id=\"h-cap-defini-en-petit-comite\">Cap d\u00e9fini en petit comit\u00e9<\/h2>\n\n\n\n<p>Le premier atelier a eu lieu en mars. Outre Peter Lyner, y ont particip\u00e9 le conseiller Proback Andreas Heinen, la responsable des ventes Nina Pirku et le chef de la boulangerie Leandro Rogantini. \u00abCe sont les personnes cl\u00e9s\u00bb, explique le directeur pour justifier ce comit\u00e9 restreint. \u00abDans une premi\u00e8re phase, nous sommes quatre \u00e0 devoir r\u00e9pondre \u00e0 la question: \u2039O\u00f9 va le bateau?\u203a\u00bb &#8230;<\/p>\n\n\n\n<p><em>&#8230; Lisez l&#8217;article complet dans Panissimo du 24 avril 2026.<\/em><\/p>\n\n\n\n<p class=\"has-text-align-right\"><em>Texte: Diego Schwerzmann<br><sup>Photos: Andreas Heinen \/\u2009Franzisca Ellenberger<\/sup><\/em><\/p>\n","protected":false},"excerpt":{"rendered":"<p>L\u2019entreprise existera-t-elle encore dans cinq ans\u2009? Quelle direction prendre\u2009? Comment motiver le personnel\u2009? Telles sont les questions sur lesquelles la direction de Beck Lyner AG se penche actuellement. Et elle n\u2019entreprend pas seule ce voyage vers l\u2019avenir.<\/p>\n","protected":false},"author":5,"featured_media":161303,"comment_status":"closed","ping_status":"closed","sticky":true,"template":"","format":"standard","meta":{"_acf_changed":false,"footnotes":""},"categories":[42],"tags":[1345,1346,533],"class_list":["post-161306","post","type-post","status-publish","format-standard","has-post-thumbnail","hentry","category-boulangeries-confiseries","tag-beck-lyner","tag-coaching","tag-proback"],"acf":[],"yoast_head":"<!-- This site is optimized with the Yoast SEO Premium plugin v26.8 (Yoast SEO v26.8) - https:\/\/yoast.com\/product\/yoast-seo-premium-wordpress\/ -->\n<title>Lyner fixe le cap | SBC<\/title>\n<meta name=\"description\" content=\"Quelle direction prendre\u2009? Comment motiver le personnel\u2009? Telles sont les questions sur lesquelles la direction de Beck Lyner AG.\" \/>\n<meta name=\"robots\" content=\"index, follow, max-snippet:-1, max-image-preview:large, max-video-preview:-1\" \/>\n<link rel=\"canonical\" href=\"https:\/\/swissbaker.ch\/fr\/panissimo-news\/lyner-fixe-le-cap\/\" \/>\n<meta property=\"og:locale\" content=\"fr_FR\" \/>\n<meta property=\"og:type\" content=\"article\" \/>\n<meta property=\"og:title\" content=\"Lyner fixe le cap\" \/>\n<meta property=\"og:description\" content=\"Quelle direction prendre\u2009? Comment motiver le personnel\u2009? Telles sont les questions sur lesquelles la direction de Beck Lyner AG.\" \/>\n<meta property=\"og:url\" content=\"https:\/\/swissbaker.ch\/fr\/panissimo-news\/lyner-fixe-le-cap\/\" \/>\n<meta property=\"og:site_name\" content=\"SBC\" \/>\n<meta property=\"article:publisher\" content=\"https:\/\/www.facebook.com\/swissbaker.ch\" \/>\n<meta property=\"article:published_time\" content=\"2026-04-22T11:57:57+00:00\" \/>\n<meta property=\"article:modified_time\" content=\"2026-04-22T12:06:59+00:00\" \/>\n<meta property=\"og:image\" content=\"https:\/\/swissbaker.ch\/wp-content\/uploads\/2026\/04\/8_1_lyner_vision.jpg\" \/>\n\t<meta property=\"og:image:width\" content=\"1200\" \/>\n\t<meta property=\"og:image:height\" content=\"712\" \/>\n\t<meta property=\"og:image:type\" content=\"image\/jpeg\" \/>\n<meta name=\"author\" content=\"Simon Nussbaum\" \/>\n<meta name=\"twitter:card\" content=\"summary_large_image\" \/>\n<meta name=\"twitter:creator\" content=\"@ch_swissbaker\" \/>\n<meta name=\"twitter:site\" content=\"@ch_swissbaker\" \/>\n<meta name=\"twitter:label1\" content=\"Written by\" \/>\n\t<meta name=\"twitter:data1\" content=\"Simon Nussbaum\" \/>\n\t<meta name=\"twitter:label2\" content=\"Est. reading time\" \/>\n\t<meta name=\"twitter:data2\" content=\"2 minutes\" \/>\n<script type=\"application\/ld+json\" class=\"yoast-schema-graph\">{\"@context\":\"https:\/\/schema.org\",\"@graph\":[{\"@type\":\"Article\",\"@id\":\"https:\/\/swissbaker.ch\/fr\/panissimo-news\/lyner-fixe-le-cap\/#article\",\"isPartOf\":{\"@id\":\"https:\/\/swissbaker.ch\/fr\/panissimo-news\/lyner-fixe-le-cap\/\"},\"author\":{\"name\":\"Simon Nussbaum\",\"@id\":\"https:\/\/swissbaker.ch\/fr\/#\/schema\/person\/74bd327b08c18ca6042c02ff6f0ed5e2\"},\"headline\":\"Lyner fixe le cap\",\"datePublished\":\"2026-04-22T11:57:57+00:00\",\"dateModified\":\"2026-04-22T12:06:59+00:00\",\"mainEntityOfPage\":{\"@id\":\"https:\/\/swissbaker.ch\/fr\/panissimo-news\/lyner-fixe-le-cap\/\"},\"wordCount\":306,\"publisher\":{\"@id\":\"https:\/\/swissbaker.ch\/fr\/#organization\"},\"image\":{\"@id\":\"https:\/\/swissbaker.ch\/fr\/panissimo-news\/lyner-fixe-le-cap\/#primaryimage\"},\"thumbnailUrl\":\"https:\/\/swissbaker.ch\/wp-content\/uploads\/2026\/04\/8_1_lyner_vision.jpg\",\"keywords\":[\"Beck Lyner\",\"Coaching\",\"Proback\"],\"articleSection\":[\"Boulangeries\/Confiseries\"],\"inLanguage\":\"fr-FR\"},{\"@type\":\"WebPage\",\"@id\":\"https:\/\/swissbaker.ch\/fr\/panissimo-news\/lyner-fixe-le-cap\/\",\"url\":\"https:\/\/swissbaker.ch\/fr\/panissimo-news\/lyner-fixe-le-cap\/\",\"name\":\"Lyner fixe le cap | SBC\",\"isPartOf\":{\"@id\":\"https:\/\/swissbaker.ch\/fr\/#website\"},\"primaryImageOfPage\":{\"@id\":\"https:\/\/swissbaker.ch\/fr\/panissimo-news\/lyner-fixe-le-cap\/#primaryimage\"},\"image\":{\"@id\":\"https:\/\/swissbaker.ch\/fr\/panissimo-news\/lyner-fixe-le-cap\/#primaryimage\"},\"thumbnailUrl\":\"https:\/\/swissbaker.ch\/wp-content\/uploads\/2026\/04\/8_1_lyner_vision.jpg\",\"datePublished\":\"2026-04-22T11:57:57+00:00\",\"dateModified\":\"2026-04-22T12:06:59+00:00\",\"description\":\"Quelle direction prendre\u2009? Comment motiver le personnel\u2009? Telles sont les questions sur lesquelles la direction de Beck Lyner AG.\",\"breadcrumb\":{\"@id\":\"https:\/\/swissbaker.ch\/fr\/panissimo-news\/lyner-fixe-le-cap\/#breadcrumb\"},\"inLanguage\":\"fr-FR\",\"potentialAction\":[{\"@type\":\"ReadAction\",\"target\":[\"https:\/\/swissbaker.ch\/fr\/panissimo-news\/lyner-fixe-le-cap\/\"]}]},{\"@type\":\"ImageObject\",\"inLanguage\":\"fr-FR\",\"@id\":\"https:\/\/swissbaker.ch\/fr\/panissimo-news\/lyner-fixe-le-cap\/#primaryimage\",\"url\":\"https:\/\/swissbaker.ch\/wp-content\/uploads\/2026\/04\/8_1_lyner_vision.jpg\",\"contentUrl\":\"https:\/\/swissbaker.ch\/wp-content\/uploads\/2026\/04\/8_1_lyner_vision.jpg\",\"width\":1200,\"height\":712},{\"@type\":\"BreadcrumbList\",\"@id\":\"https:\/\/swissbaker.ch\/fr\/panissimo-news\/lyner-fixe-le-cap\/#breadcrumb\",\"itemListElement\":[{\"@type\":\"ListItem\",\"position\":1,\"name\":\"\",\"item\":\"https:\/\/swissbaker.ch\/fr\/\"},{\"@type\":\"ListItem\",\"position\":2,\"name\":\"Boulangeries\/Confiseries\",\"item\":\"https:\/\/swissbaker.ch\/fr\/panissimo-news\/category\/boulangeries-confiseries\/\"},{\"@type\":\"ListItem\",\"position\":3,\"name\":\"Lyner fixe le cap\"}]},{\"@type\":\"WebSite\",\"@id\":\"https:\/\/swissbaker.ch\/fr\/#website\",\"url\":\"https:\/\/swissbaker.ch\/fr\/\",\"name\":\"SBC\",\"description\":\"\",\"publisher\":{\"@id\":\"https:\/\/swissbaker.ch\/fr\/#organization\"},\"potentialAction\":[{\"@type\":\"SearchAction\",\"target\":{\"@type\":\"EntryPoint\",\"urlTemplate\":\"https:\/\/swissbaker.ch\/fr\/?s={search_term_string}\"},\"query-input\":{\"@type\":\"PropertyValueSpecification\",\"valueRequired\":true,\"valueName\":\"search_term_string\"}}],\"inLanguage\":\"fr-FR\"},{\"@type\":\"Organization\",\"@id\":\"https:\/\/swissbaker.ch\/fr\/#organization\",\"name\":\"Schweizerischer B\u00e4cker-Confiseurmeister-Verband\",\"url\":\"https:\/\/swissbaker.ch\/fr\/\",\"logo\":{\"@type\":\"ImageObject\",\"inLanguage\":\"fr-FR\",\"@id\":\"https:\/\/swissbaker.ch\/fr\/#\/schema\/logo\/image\/\",\"url\":\"https:\/\/swissbaker.ch\/wp-content\/uploads\/2022\/04\/sbc-logo-yoast.jpg\",\"contentUrl\":\"https:\/\/swissbaker.ch\/wp-content\/uploads\/2022\/04\/sbc-logo-yoast.jpg\",\"width\":512,\"height\":512,\"caption\":\"Schweizerischer B\u00e4cker-Confiseurmeister-Verband\"},\"image\":{\"@id\":\"https:\/\/swissbaker.ch\/fr\/#\/schema\/logo\/image\/\"},\"sameAs\":[\"https:\/\/www.facebook.com\/swissbaker.ch\",\"https:\/\/x.com\/ch_swissbaker\"]},{\"@type\":\"Person\",\"@id\":\"https:\/\/swissbaker.ch\/fr\/#\/schema\/person\/74bd327b08c18ca6042c02ff6f0ed5e2\",\"name\":\"Simon Nussbaum\",\"image\":{\"@type\":\"ImageObject\",\"inLanguage\":\"fr-FR\",\"@id\":\"https:\/\/swissbaker.ch\/fr\/#\/schema\/person\/image\/\",\"url\":\"https:\/\/secure.gravatar.com\/avatar\/df0eced3bb556c806cb760cf503ade1ed1df25b4104d80d6fd28d93a9509aa12?s=96&d=mm&r=g\",\"contentUrl\":\"https:\/\/secure.gravatar.com\/avatar\/df0eced3bb556c806cb760cf503ade1ed1df25b4104d80d6fd28d93a9509aa12?s=96&d=mm&r=g\",\"caption\":\"Simon Nussbaum\"},\"url\":\"https:\/\/swissbaker.ch\/fr\/panissimo-news\/author\/simon-nussbaum\/\"}]}<\/script>\n<!-- \/ Yoast SEO Premium plugin. -->","yoast_head_json":{"title":"Lyner fixe le cap | SBC","description":"Quelle direction prendre\u2009? Comment motiver le personnel\u2009? Telles sont les questions sur lesquelles la direction de Beck Lyner AG.","robots":{"index":"index","follow":"follow","max-snippet":"max-snippet:-1","max-image-preview":"max-image-preview:large","max-video-preview":"max-video-preview:-1"},"canonical":"https:\/\/swissbaker.ch\/fr\/panissimo-news\/lyner-fixe-le-cap\/","og_locale":"fr_FR","og_type":"article","og_title":"Lyner fixe le cap","og_description":"Quelle direction prendre\u2009? Comment motiver le personnel\u2009? Telles sont les questions sur lesquelles la direction de Beck Lyner AG.","og_url":"https:\/\/swissbaker.ch\/fr\/panissimo-news\/lyner-fixe-le-cap\/","og_site_name":"SBC","article_publisher":"https:\/\/www.facebook.com\/swissbaker.ch","article_published_time":"2026-04-22T11:57:57+00:00","article_modified_time":"2026-04-22T12:06:59+00:00","og_image":[{"width":1200,"height":712,"url":"https:\/\/swissbaker.ch\/wp-content\/uploads\/2026\/04\/8_1_lyner_vision.jpg","type":"image\/jpeg"}],"author":"Simon Nussbaum","twitter_card":"summary_large_image","twitter_creator":"@ch_swissbaker","twitter_site":"@ch_swissbaker","twitter_misc":{"Written by":"Simon Nussbaum","Est. reading time":"2 minutes"},"schema":{"@context":"https:\/\/schema.org","@graph":[{"@type":"Article","@id":"https:\/\/swissbaker.ch\/fr\/panissimo-news\/lyner-fixe-le-cap\/#article","isPartOf":{"@id":"https:\/\/swissbaker.ch\/fr\/panissimo-news\/lyner-fixe-le-cap\/"},"author":{"name":"Simon Nussbaum","@id":"https:\/\/swissbaker.ch\/fr\/#\/schema\/person\/74bd327b08c18ca6042c02ff6f0ed5e2"},"headline":"Lyner fixe le cap","datePublished":"2026-04-22T11:57:57+00:00","dateModified":"2026-04-22T12:06:59+00:00","mainEntityOfPage":{"@id":"https:\/\/swissbaker.ch\/fr\/panissimo-news\/lyner-fixe-le-cap\/"},"wordCount":306,"publisher":{"@id":"https:\/\/swissbaker.ch\/fr\/#organization"},"image":{"@id":"https:\/\/swissbaker.ch\/fr\/panissimo-news\/lyner-fixe-le-cap\/#primaryimage"},"thumbnailUrl":"https:\/\/swissbaker.ch\/wp-content\/uploads\/2026\/04\/8_1_lyner_vision.jpg","keywords":["Beck Lyner","Coaching","Proback"],"articleSection":["Boulangeries\/Confiseries"],"inLanguage":"fr-FR"},{"@type":"WebPage","@id":"https:\/\/swissbaker.ch\/fr\/panissimo-news\/lyner-fixe-le-cap\/","url":"https:\/\/swissbaker.ch\/fr\/panissimo-news\/lyner-fixe-le-cap\/","name":"Lyner fixe le cap | SBC","isPartOf":{"@id":"https:\/\/swissbaker.ch\/fr\/#website"},"primaryImageOfPage":{"@id":"https:\/\/swissbaker.ch\/fr\/panissimo-news\/lyner-fixe-le-cap\/#primaryimage"},"image":{"@id":"https:\/\/swissbaker.ch\/fr\/panissimo-news\/lyner-fixe-le-cap\/#primaryimage"},"thumbnailUrl":"https:\/\/swissbaker.ch\/wp-content\/uploads\/2026\/04\/8_1_lyner_vision.jpg","datePublished":"2026-04-22T11:57:57+00:00","dateModified":"2026-04-22T12:06:59+00:00","description":"Quelle direction prendre\u2009? Comment motiver le personnel\u2009? Telles sont les questions sur lesquelles la direction de Beck Lyner AG.","breadcrumb":{"@id":"https:\/\/swissbaker.ch\/fr\/panissimo-news\/lyner-fixe-le-cap\/#breadcrumb"},"inLanguage":"fr-FR","potentialAction":[{"@type":"ReadAction","target":["https:\/\/swissbaker.ch\/fr\/panissimo-news\/lyner-fixe-le-cap\/"]}]},{"@type":"ImageObject","inLanguage":"fr-FR","@id":"https:\/\/swissbaker.ch\/fr\/panissimo-news\/lyner-fixe-le-cap\/#primaryimage","url":"https:\/\/swissbaker.ch\/wp-content\/uploads\/2026\/04\/8_1_lyner_vision.jpg","contentUrl":"https:\/\/swissbaker.ch\/wp-content\/uploads\/2026\/04\/8_1_lyner_vision.jpg","width":1200,"height":712},{"@type":"BreadcrumbList","@id":"https:\/\/swissbaker.ch\/fr\/panissimo-news\/lyner-fixe-le-cap\/#breadcrumb","itemListElement":[{"@type":"ListItem","position":1,"name":"","item":"https:\/\/swissbaker.ch\/fr\/"},{"@type":"ListItem","position":2,"name":"Boulangeries\/Confiseries","item":"https:\/\/swissbaker.ch\/fr\/panissimo-news\/category\/boulangeries-confiseries\/"},{"@type":"ListItem","position":3,"name":"Lyner fixe le cap"}]},{"@type":"WebSite","@id":"https:\/\/swissbaker.ch\/fr\/#website","url":"https:\/\/swissbaker.ch\/fr\/","name":"SBC","description":"","publisher":{"@id":"https:\/\/swissbaker.ch\/fr\/#organization"},"potentialAction":[{"@type":"SearchAction","target":{"@type":"EntryPoint","urlTemplate":"https:\/\/swissbaker.ch\/fr\/?s={search_term_string}"},"query-input":{"@type":"PropertyValueSpecification","valueRequired":true,"valueName":"search_term_string"}}],"inLanguage":"fr-FR"},{"@type":"Organization","@id":"https:\/\/swissbaker.ch\/fr\/#organization","name":"Schweizerischer B\u00e4cker-Confiseurmeister-Verband","url":"https:\/\/swissbaker.ch\/fr\/","logo":{"@type":"ImageObject","inLanguage":"fr-FR","@id":"https:\/\/swissbaker.ch\/fr\/#\/schema\/logo\/image\/","url":"https:\/\/swissbaker.ch\/wp-content\/uploads\/2022\/04\/sbc-logo-yoast.jpg","contentUrl":"https:\/\/swissbaker.ch\/wp-content\/uploads\/2022\/04\/sbc-logo-yoast.jpg","width":512,"height":512,"caption":"Schweizerischer B\u00e4cker-Confiseurmeister-Verband"},"image":{"@id":"https:\/\/swissbaker.ch\/fr\/#\/schema\/logo\/image\/"},"sameAs":["https:\/\/www.facebook.com\/swissbaker.ch","https:\/\/x.com\/ch_swissbaker"]},{"@type":"Person","@id":"https:\/\/swissbaker.ch\/fr\/#\/schema\/person\/74bd327b08c18ca6042c02ff6f0ed5e2","name":"Simon Nussbaum","image":{"@type":"ImageObject","inLanguage":"fr-FR","@id":"https:\/\/swissbaker.ch\/fr\/#\/schema\/person\/image\/","url":"https:\/\/secure.gravatar.com\/avatar\/df0eced3bb556c806cb760cf503ade1ed1df25b4104d80d6fd28d93a9509aa12?s=96&d=mm&r=g","contentUrl":"https:\/\/secure.gravatar.com\/avatar\/df0eced3bb556c806cb760cf503ade1ed1df25b4104d80d6fd28d93a9509aa12?s=96&d=mm&r=g","caption":"Simon Nussbaum"},"url":"https:\/\/swissbaker.ch\/fr\/panissimo-news\/author\/simon-nussbaum\/"}]}},"_links":{"self":[{"href":"https:\/\/swissbaker.ch\/fr\/wp-json\/wp\/v2\/posts\/161306","targetHints":{"allow":["GET"]}}],"collection":[{"href":"https:\/\/swissbaker.ch\/fr\/wp-json\/wp\/v2\/posts"}],"about":[{"href":"https:\/\/swissbaker.ch\/fr\/wp-json\/wp\/v2\/types\/post"}],"author":[{"embeddable":true,"href":"https:\/\/swissbaker.ch\/fr\/wp-json\/wp\/v2\/users\/5"}],"replies":[{"embeddable":true,"href":"https:\/\/swissbaker.ch\/fr\/wp-json\/wp\/v2\/comments?post=161306"}],"version-history":[{"count":0,"href":"https:\/\/swissbaker.ch\/fr\/wp-json\/wp\/v2\/posts\/161306\/revisions"}],"wp:featuredmedia":[{"embeddable":true,"href":"https:\/\/swissbaker.ch\/fr\/wp-json\/wp\/v2\/media\/161303"}],"wp:attachment":[{"href":"https:\/\/swissbaker.ch\/fr\/wp-json\/wp\/v2\/media?parent=161306"}],"wp:term":[{"taxonomy":"category","embeddable":true,"href":"https:\/\/swissbaker.ch\/fr\/wp-json\/wp\/v2\/categories?post=161306"},{"taxonomy":"post_tag","embeddable":true,"href":"https:\/\/swissbaker.ch\/fr\/wp-json\/wp\/v2\/tags?post=161306"}],"curies":[{"name":"wp","href":"https:\/\/api.w.org\/{rel}","templated":true}]}}