{"id":160300,"date":"2026-03-25T15:16:47","date_gmt":"2026-03-25T14:16:47","guid":{"rendered":"https:\/\/swissbaker.ch\/?p=160300"},"modified":"2026-03-25T15:30:50","modified_gmt":"2026-03-25T14:30:50","slug":"decisions-prises-a-berne","status":"publish","type":"post","link":"https:\/\/swissbaker.ch\/fr\/panissimo-news\/decisions-prises-a-berne\/","title":{"rendered":"D\u00e9cisions prises \u00e0 Berne"},"content":{"rendered":"\n<p><strong>La session de printemps 2026 du Parlement f\u00e9d\u00e9ral s\u2019est achev\u00e9e le 19\u202fmars. Des d\u00e9cisions importantes ont \u00e9galement \u00e9t\u00e9 prises pour le secteur de la boulangerie-confiserie.<\/strong><\/p>\n\n\n\n<h2 class=\"wp-block-heading\" id=\"h-financement-de-la-13e-rente-avs\">Financement de la 13e rente AVS<\/h2>\n\n\n\n<p>La 13e rente AVS sera vers\u00e9e pour la premi\u00e8re fois aux retrait\u00e9s \u00e0 la fin de l\u2019ann\u00e9e. Cependant, le mode de financement de cette mesure, qui repr\u00e9sente un co\u00fbt de plusieurs milliards, demeure incertain. Les positions du Conseil national et du Conseil des Etats se sont quelque peu rapproch\u00e9es. Le Conseil des Etats a d\u00e9cid\u00e9 d\u2019augmenter les cotisations salariales de 0,3 point de pourcentage (au lieu de 0,4) et la TVA de 0,4 point de pourcentage (au lieu de 0,5). Ce mod\u00e8le adapt\u00e9 retourne d\u00e9sormais au Conseil national. Il devra se prononcer \u00e0 nouveau \u00e0 ce sujet lors de la prochaine session d\u2019\u00e9t\u00e9. L\u2019avenir dira s\u2019il se ralliera \u00e0 la solution du Conseil des Etats ou s\u2019il s\u2019en tiendra au mod\u00e8le d\u2019un financement exclusivement par la TVA.<\/p>\n\n\n\n<h2 class=\"wp-block-heading\" id=\"h-le-conseil-des-etats-consolide-le-partenariat-social\">Le Conseil des Etats consolide le partenariat social<\/h2>\n\n\n\n<p>La BCS a remport\u00e9 une victoire politique importante. Le Conseil des Etats a confirm\u00e9 que les salaires minimaux n\u00e9goci\u00e9s dans le cadre du partenariat social devaient pr\u00e9valoir sur les salaires minimaux cantonaux. La Chambre haute a ainsi r\u00e9affirm\u00e9 son attachement \u00e0 la protection du partenariat social et confirm\u00e9 la primaut\u00e9 des salaires minimaux sectoriels. La clause de maintien des droits acquis a nouvellement \u00e9t\u00e9 introduite. Cela signifie que dans les cantons o\u00f9 le salaire minimum cantonal prime sur les salaires minimaux sectoriels (actuellement Gen\u00e8ve et Neuch\u00e2tel), les salaires ne peuvent pas descendre en dessous du niveau minimum en vigueur. Dans les autres cantons dot\u00e9s d\u2019un salaire minimum cantonal (B\u00e2le-Ville, Jura et Tessin), la primaut\u00e9 des salaires minimaux sectoriels s\u2019applique d\u00e9j\u00e0 aujourd\u2019hui. L\u2019objet retourne au Conseil national. Les chances d\u2019adoption restent intactes. Ce dernier a d\u00e9j\u00e0 approuv\u00e9 la primaut\u00e9 des salaires minimaux sectoriels fin 2025.<\/p>\n\n\n\n<p>Depuis 2018, la BCS s\u2019engage, avec 27 autres associations professionnelles en faveur de la primaut\u00e9 des salaires minimaux fix\u00e9s dans les conventions collectives de travail d\u00e9clar\u00e9es de force obligatoire. L\u2019alliance soutient le compromis qui pr\u00e9voit la clause de maintien des droits acquis. M\u00eame avec cette exception, il est possible d\u2019\u00e9viter une fragmentation des dispositions relatives aux salaires minimaux aux niveaux cantonal et communal. Si le Parlement adopte la modification l\u00e9gislative, la partie adverse pourrait lancer un r\u00e9f\u00e9rendum. En cas de votation populaire, la BCS prendra clairement et fermement position.<\/p>\n\n\n\n<h2 class=\"wp-block-heading\" id=\"h-programme-d-allegement-budgetaire\">Programme d\u2019all\u00e8gement budg\u00e9taire<\/h2>\n\n\n\n<p>Au terme d\u2019un effort sans pr\u00e9c\u00e9dent, le Parlement a boucl\u00e9 en un temps record le programme d\u2019all\u00e8gement budg\u00e9taire 2027 pour les finances f\u00e9d\u00e9rales. Le bilan global est \u00e9tabli\u2009: selon les propositions initiales du Conseil f\u00e9d\u00e9ral, le budget aurait \u00e9t\u00e9 all\u00e9g\u00e9 de 2,4 \u00e0 3,1\u202fmilliards de francs au cours des prochaines ann\u00e9es. Apr\u00e8s les d\u00e9bats parlementaires, il en reste entre 1,4 et 2\u202fmilliards. Selon le Conseil f\u00e9d\u00e9ral, des d\u00e9ficits compris entre 0,6 et 1,8\u202fmilliard de francs sont \u00e0 pr\u00e9voir dans les ann\u00e9es \u00e0 venir, ce qui n\u2019est pas compatible avec le frein \u00e0 l\u2019endettement. De nouvelles discussions sur les \u00e9conomies sont attendues lors du d\u00e9bat budg\u00e9taire de d\u00e9cembre. Le Conseil f\u00e9d\u00e9ral souhaite en outre augmenter la TVA de 0,8 point de pourcentage pour financer l\u2019arm\u00e9e. Le co\u00fbt pour les consommateurs serait de l\u2019ordre de 3\u202fmilliards de francs par an.<\/p>\n\n\n\n<h2 class=\"wp-block-heading\" id=\"h-initiative-sur-l-alimentation\">Initiative sur l\u2019alimentation<\/h2>\n\n\n\n<p>Le Parlement rejette clairement l\u2019initiative sur l\u2019alimentation. Apr\u00e8s le National, le Conseil des Etats a lui aussi balay\u00e9 l\u2019initiative populaire sans opposition. Les deux chambres craignent des interventions trop importantes dans l\u2019agriculture, une hausse des prix des mati\u00e8res premi\u00e8res et une mise sous tutelle de la population quant \u00e0 ses habitudes alimentaires. L\u2019initiative ne vise pas seulement la production animale, mais affaiblit \u00e9galement consid\u00e9rablement la production v\u00e9g\u00e9tale. La BCS la rejette clairement.<\/p>\n\n\n\n<h2 class=\"wp-block-heading\" id=\"h-certificats-medicaux\">Certificats m\u00e9dicaux<\/h2>\n\n\n\n<p>Le Conseil national entend cr\u00e9er une base l\u00e9gale pour lutter efficacement contre les certificats m\u00e9dicaux lacunaires ou impr\u00e9cis. A cette fin, le secret m\u00e9dical devrait \u00eatre assoupli dans un cadre clairement d\u00e9limit\u00e9 et en lien avec le lieu de travail. Aujourd\u2019hui, l\u2019accent est presque exclusivement mis sur l\u2019incapacit\u00e9 de travail plut\u00f4t que sur l\u2019\u00e9valuation de la capacit\u00e9 de travail. La mise en \u0153uvre de la motion vise \u00e0 renforcer la r\u00e9insertion, \u00e0 r\u00e9duire les abus et \u00e0 soulager tant les employeurs que les assurances sociales, en mettant l\u2019accent sur la capacit\u00e9 de travail. L\u2019objet est entre les mains du Conseil des Etats.<\/p>\n\n\n\n<h2 class=\"wp-block-heading\" id=\"h-pourboires\">Pourboires<\/h2>\n\n\n\n<p>Le Conseil des Etats a adopt\u00e9 la motion sur les pourboires. Il s\u2019engage ainsi en faveur d\u2019une r\u00e9glementation qui va dans le sens des branches concern\u00e9es. Dans les secteurs o\u00f9 le pourboire est inclus dans le prix (notamment l\u2019h\u00f4tellerie-restauration, la coiffure ou la boulangerie-confiserie), les pourboires facultatifs suppl\u00e9mentaires devraient \u00eatre exon\u00e9r\u00e9s d\u2019imp\u00f4ts \u00e0 l\u2019avenir. La BCS s\u2019est activement engag\u00e9e en faveur de cette mesure. La balle est dans le camp du Conseil national. <\/p>\n\n\n\n<p class=\"has-text-align-right\"><em>Urs Wellauer-Boschung, directeur de la BCS<\/em><\/p>\n","protected":false},"excerpt":{"rendered":"<p>La session de printemps 2026 du Parlement f\u00e9d\u00e9ral s\u2019est achev\u00e9e le 19\u202fmars. Des d\u00e9cisions importantes ont \u00e9galement \u00e9t\u00e9 prises pour le secteur de la boulangerie-confiserie.<\/p>\n","protected":false},"author":5,"featured_media":77013,"comment_status":"closed","ping_status":"closed","sticky":false,"template":"","format":"standard","meta":{"_acf_changed":false,"footnotes":""},"categories":[44],"tags":[],"class_list":["post-160300","post","type-post","status-publish","format-standard","has-post-thumbnail","hentry","category-droit-politique"],"acf":[],"yoast_head":"<!-- This site is optimized with the Yoast SEO Premium plugin v26.8 (Yoast SEO v26.8) - https:\/\/yoast.com\/product\/yoast-seo-premium-wordpress\/ -->\n<title>D\u00e9cisions prises \u00e0 Berne | SBC<\/title>\n<meta name=\"robots\" content=\"index, follow, max-snippet:-1, max-image-preview:large, max-video-preview:-1\" \/>\n<link rel=\"canonical\" href=\"https:\/\/swissbaker.ch\/fr\/panissimo-news\/decisions-prises-a-berne\/\" \/>\n<meta property=\"og:locale\" content=\"fr_FR\" \/>\n<meta property=\"og:type\" content=\"article\" \/>\n<meta property=\"og:title\" content=\"D\u00e9cisions prises \u00e0 Berne\" \/>\n<meta property=\"og:description\" content=\"La session de printemps 2026 du Parlement f\u00e9d\u00e9ral s\u2019est achev\u00e9e le 19\u202fmars. Des d\u00e9cisions importantes ont \u00e9galement \u00e9t\u00e9 prises pour le secteur de la boulangerie-confiserie.\" \/>\n<meta property=\"og:url\" content=\"https:\/\/swissbaker.ch\/fr\/panissimo-news\/decisions-prises-a-berne\/\" \/>\n<meta property=\"og:site_name\" content=\"SBC\" \/>\n<meta property=\"article:publisher\" content=\"https:\/\/www.facebook.com\/swissbaker.ch\" \/>\n<meta property=\"article:published_time\" content=\"2026-03-25T14:16:47+00:00\" \/>\n<meta property=\"article:modified_time\" content=\"2026-03-25T14:30:50+00:00\" \/>\n<meta property=\"og:image\" content=\"https:\/\/swissbaker.ch\/wp-content\/uploads\/2024\/03\/urs_wellauer_2024.jpg\" \/>\n\t<meta property=\"og:image:width\" content=\"1200\" \/>\n\t<meta property=\"og:image:height\" content=\"712\" \/>\n\t<meta property=\"og:image:type\" content=\"image\/jpeg\" \/>\n<meta name=\"author\" content=\"Simon Nussbaum\" \/>\n<meta name=\"twitter:card\" content=\"summary_large_image\" \/>\n<meta name=\"twitter:creator\" content=\"@ch_swissbaker\" \/>\n<meta name=\"twitter:site\" content=\"@ch_swissbaker\" \/>\n<meta name=\"twitter:label1\" content=\"Written by\" \/>\n\t<meta name=\"twitter:data1\" content=\"Simon Nussbaum\" \/>\n\t<meta name=\"twitter:label2\" content=\"Est. reading time\" \/>\n\t<meta name=\"twitter:data2\" content=\"4 minutes\" \/>\n<script type=\"application\/ld+json\" class=\"yoast-schema-graph\">{\"@context\":\"https:\/\/schema.org\",\"@graph\":[{\"@type\":\"Article\",\"@id\":\"https:\/\/swissbaker.ch\/fr\/panissimo-news\/decisions-prises-a-berne\/#article\",\"isPartOf\":{\"@id\":\"https:\/\/swissbaker.ch\/fr\/panissimo-news\/decisions-prises-a-berne\/\"},\"author\":{\"name\":\"Simon Nussbaum\",\"@id\":\"https:\/\/swissbaker.ch\/fr\/#\/schema\/person\/74bd327b08c18ca6042c02ff6f0ed5e2\"},\"headline\":\"D\u00e9cisions prises \u00e0 Berne\",\"datePublished\":\"2026-03-25T14:16:47+00:00\",\"dateModified\":\"2026-03-25T14:30:50+00:00\",\"mainEntityOfPage\":{\"@id\":\"https:\/\/swissbaker.ch\/fr\/panissimo-news\/decisions-prises-a-berne\/\"},\"wordCount\":901,\"publisher\":{\"@id\":\"https:\/\/swissbaker.ch\/fr\/#organization\"},\"image\":{\"@id\":\"https:\/\/swissbaker.ch\/fr\/panissimo-news\/decisions-prises-a-berne\/#primaryimage\"},\"thumbnailUrl\":\"https:\/\/swissbaker.ch\/wp-content\/uploads\/2024\/03\/urs_wellauer_2024.jpg\",\"articleSection\":[\"Droit &amp; politique\"],\"inLanguage\":\"fr-FR\"},{\"@type\":\"WebPage\",\"@id\":\"https:\/\/swissbaker.ch\/fr\/panissimo-news\/decisions-prises-a-berne\/\",\"url\":\"https:\/\/swissbaker.ch\/fr\/panissimo-news\/decisions-prises-a-berne\/\",\"name\":\"D\u00e9cisions prises \u00e0 Berne | SBC\",\"isPartOf\":{\"@id\":\"https:\/\/swissbaker.ch\/fr\/#website\"},\"primaryImageOfPage\":{\"@id\":\"https:\/\/swissbaker.ch\/fr\/panissimo-news\/decisions-prises-a-berne\/#primaryimage\"},\"image\":{\"@id\":\"https:\/\/swissbaker.ch\/fr\/panissimo-news\/decisions-prises-a-berne\/#primaryimage\"},\"thumbnailUrl\":\"https:\/\/swissbaker.ch\/wp-content\/uploads\/2024\/03\/urs_wellauer_2024.jpg\",\"datePublished\":\"2026-03-25T14:16:47+00:00\",\"dateModified\":\"2026-03-25T14:30:50+00:00\",\"breadcrumb\":{\"@id\":\"https:\/\/swissbaker.ch\/fr\/panissimo-news\/decisions-prises-a-berne\/#breadcrumb\"},\"inLanguage\":\"fr-FR\",\"potentialAction\":[{\"@type\":\"ReadAction\",\"target\":[\"https:\/\/swissbaker.ch\/fr\/panissimo-news\/decisions-prises-a-berne\/\"]}]},{\"@type\":\"ImageObject\",\"inLanguage\":\"fr-FR\",\"@id\":\"https:\/\/swissbaker.ch\/fr\/panissimo-news\/decisions-prises-a-berne\/#primaryimage\",\"url\":\"https:\/\/swissbaker.ch\/wp-content\/uploads\/2024\/03\/urs_wellauer_2024.jpg\",\"contentUrl\":\"https:\/\/swissbaker.ch\/wp-content\/uploads\/2024\/03\/urs_wellauer_2024.jpg\",\"width\":1200,\"height\":712},{\"@type\":\"BreadcrumbList\",\"@id\":\"https:\/\/swissbaker.ch\/fr\/panissimo-news\/decisions-prises-a-berne\/#breadcrumb\",\"itemListElement\":[{\"@type\":\"ListItem\",\"position\":1,\"name\":\"\",\"item\":\"https:\/\/swissbaker.ch\/fr\/\"},{\"@type\":\"ListItem\",\"position\":2,\"name\":\"Droit &amp; politique\",\"item\":\"https:\/\/swissbaker.ch\/fr\/panissimo-news\/category\/droit-politique\/\"},{\"@type\":\"ListItem\",\"position\":3,\"name\":\"D\u00e9cisions prises \u00e0 Berne\"}]},{\"@type\":\"WebSite\",\"@id\":\"https:\/\/swissbaker.ch\/fr\/#website\",\"url\":\"https:\/\/swissbaker.ch\/fr\/\",\"name\":\"SBC\",\"description\":\"\",\"publisher\":{\"@id\":\"https:\/\/swissbaker.ch\/fr\/#organization\"},\"potentialAction\":[{\"@type\":\"SearchAction\",\"target\":{\"@type\":\"EntryPoint\",\"urlTemplate\":\"https:\/\/swissbaker.ch\/fr\/?s={search_term_string}\"},\"query-input\":{\"@type\":\"PropertyValueSpecification\",\"valueRequired\":true,\"valueName\":\"search_term_string\"}}],\"inLanguage\":\"fr-FR\"},{\"@type\":\"Organization\",\"@id\":\"https:\/\/swissbaker.ch\/fr\/#organization\",\"name\":\"Schweizerischer B\u00e4cker-Confiseurmeister-Verband\",\"url\":\"https:\/\/swissbaker.ch\/fr\/\",\"logo\":{\"@type\":\"ImageObject\",\"inLanguage\":\"fr-FR\",\"@id\":\"https:\/\/swissbaker.ch\/fr\/#\/schema\/logo\/image\/\",\"url\":\"https:\/\/swissbaker.ch\/wp-content\/uploads\/2022\/04\/sbc-logo-yoast.jpg\",\"contentUrl\":\"https:\/\/swissbaker.ch\/wp-content\/uploads\/2022\/04\/sbc-logo-yoast.jpg\",\"width\":512,\"height\":512,\"caption\":\"Schweizerischer B\u00e4cker-Confiseurmeister-Verband\"},\"image\":{\"@id\":\"https:\/\/swissbaker.ch\/fr\/#\/schema\/logo\/image\/\"},\"sameAs\":[\"https:\/\/www.facebook.com\/swissbaker.ch\",\"https:\/\/x.com\/ch_swissbaker\"]},{\"@type\":\"Person\",\"@id\":\"https:\/\/swissbaker.ch\/fr\/#\/schema\/person\/74bd327b08c18ca6042c02ff6f0ed5e2\",\"name\":\"Simon Nussbaum\",\"image\":{\"@type\":\"ImageObject\",\"inLanguage\":\"fr-FR\",\"@id\":\"https:\/\/swissbaker.ch\/fr\/#\/schema\/person\/image\/\",\"url\":\"https:\/\/secure.gravatar.com\/avatar\/df0eced3bb556c806cb760cf503ade1ed1df25b4104d80d6fd28d93a9509aa12?s=96&d=mm&r=g\",\"contentUrl\":\"https:\/\/secure.gravatar.com\/avatar\/df0eced3bb556c806cb760cf503ade1ed1df25b4104d80d6fd28d93a9509aa12?s=96&d=mm&r=g\",\"caption\":\"Simon Nussbaum\"},\"url\":\"https:\/\/swissbaker.ch\/fr\/panissimo-news\/author\/simon-nussbaum\/\"}]}<\/script>\n<!-- \/ Yoast SEO Premium plugin. -->","yoast_head_json":{"title":"D\u00e9cisions prises \u00e0 Berne | SBC","robots":{"index":"index","follow":"follow","max-snippet":"max-snippet:-1","max-image-preview":"max-image-preview:large","max-video-preview":"max-video-preview:-1"},"canonical":"https:\/\/swissbaker.ch\/fr\/panissimo-news\/decisions-prises-a-berne\/","og_locale":"fr_FR","og_type":"article","og_title":"D\u00e9cisions prises \u00e0 Berne","og_description":"La session de printemps 2026 du Parlement f\u00e9d\u00e9ral s\u2019est achev\u00e9e le 19\u202fmars. Des d\u00e9cisions importantes ont \u00e9galement \u00e9t\u00e9 prises pour le secteur de la boulangerie-confiserie.","og_url":"https:\/\/swissbaker.ch\/fr\/panissimo-news\/decisions-prises-a-berne\/","og_site_name":"SBC","article_publisher":"https:\/\/www.facebook.com\/swissbaker.ch","article_published_time":"2026-03-25T14:16:47+00:00","article_modified_time":"2026-03-25T14:30:50+00:00","og_image":[{"width":1200,"height":712,"url":"https:\/\/swissbaker.ch\/wp-content\/uploads\/2024\/03\/urs_wellauer_2024.jpg","type":"image\/jpeg"}],"author":"Simon Nussbaum","twitter_card":"summary_large_image","twitter_creator":"@ch_swissbaker","twitter_site":"@ch_swissbaker","twitter_misc":{"Written by":"Simon Nussbaum","Est. reading time":"4 minutes"},"schema":{"@context":"https:\/\/schema.org","@graph":[{"@type":"Article","@id":"https:\/\/swissbaker.ch\/fr\/panissimo-news\/decisions-prises-a-berne\/#article","isPartOf":{"@id":"https:\/\/swissbaker.ch\/fr\/panissimo-news\/decisions-prises-a-berne\/"},"author":{"name":"Simon Nussbaum","@id":"https:\/\/swissbaker.ch\/fr\/#\/schema\/person\/74bd327b08c18ca6042c02ff6f0ed5e2"},"headline":"D\u00e9cisions prises \u00e0 Berne","datePublished":"2026-03-25T14:16:47+00:00","dateModified":"2026-03-25T14:30:50+00:00","mainEntityOfPage":{"@id":"https:\/\/swissbaker.ch\/fr\/panissimo-news\/decisions-prises-a-berne\/"},"wordCount":901,"publisher":{"@id":"https:\/\/swissbaker.ch\/fr\/#organization"},"image":{"@id":"https:\/\/swissbaker.ch\/fr\/panissimo-news\/decisions-prises-a-berne\/#primaryimage"},"thumbnailUrl":"https:\/\/swissbaker.ch\/wp-content\/uploads\/2024\/03\/urs_wellauer_2024.jpg","articleSection":["Droit &amp; politique"],"inLanguage":"fr-FR"},{"@type":"WebPage","@id":"https:\/\/swissbaker.ch\/fr\/panissimo-news\/decisions-prises-a-berne\/","url":"https:\/\/swissbaker.ch\/fr\/panissimo-news\/decisions-prises-a-berne\/","name":"D\u00e9cisions prises \u00e0 Berne | SBC","isPartOf":{"@id":"https:\/\/swissbaker.ch\/fr\/#website"},"primaryImageOfPage":{"@id":"https:\/\/swissbaker.ch\/fr\/panissimo-news\/decisions-prises-a-berne\/#primaryimage"},"image":{"@id":"https:\/\/swissbaker.ch\/fr\/panissimo-news\/decisions-prises-a-berne\/#primaryimage"},"thumbnailUrl":"https:\/\/swissbaker.ch\/wp-content\/uploads\/2024\/03\/urs_wellauer_2024.jpg","datePublished":"2026-03-25T14:16:47+00:00","dateModified":"2026-03-25T14:30:50+00:00","breadcrumb":{"@id":"https:\/\/swissbaker.ch\/fr\/panissimo-news\/decisions-prises-a-berne\/#breadcrumb"},"inLanguage":"fr-FR","potentialAction":[{"@type":"ReadAction","target":["https:\/\/swissbaker.ch\/fr\/panissimo-news\/decisions-prises-a-berne\/"]}]},{"@type":"ImageObject","inLanguage":"fr-FR","@id":"https:\/\/swissbaker.ch\/fr\/panissimo-news\/decisions-prises-a-berne\/#primaryimage","url":"https:\/\/swissbaker.ch\/wp-content\/uploads\/2024\/03\/urs_wellauer_2024.jpg","contentUrl":"https:\/\/swissbaker.ch\/wp-content\/uploads\/2024\/03\/urs_wellauer_2024.jpg","width":1200,"height":712},{"@type":"BreadcrumbList","@id":"https:\/\/swissbaker.ch\/fr\/panissimo-news\/decisions-prises-a-berne\/#breadcrumb","itemListElement":[{"@type":"ListItem","position":1,"name":"","item":"https:\/\/swissbaker.ch\/fr\/"},{"@type":"ListItem","position":2,"name":"Droit &amp; politique","item":"https:\/\/swissbaker.ch\/fr\/panissimo-news\/category\/droit-politique\/"},{"@type":"ListItem","position":3,"name":"D\u00e9cisions prises \u00e0 Berne"}]},{"@type":"WebSite","@id":"https:\/\/swissbaker.ch\/fr\/#website","url":"https:\/\/swissbaker.ch\/fr\/","name":"SBC","description":"","publisher":{"@id":"https:\/\/swissbaker.ch\/fr\/#organization"},"potentialAction":[{"@type":"SearchAction","target":{"@type":"EntryPoint","urlTemplate":"https:\/\/swissbaker.ch\/fr\/?s={search_term_string}"},"query-input":{"@type":"PropertyValueSpecification","valueRequired":true,"valueName":"search_term_string"}}],"inLanguage":"fr-FR"},{"@type":"Organization","@id":"https:\/\/swissbaker.ch\/fr\/#organization","name":"Schweizerischer B\u00e4cker-Confiseurmeister-Verband","url":"https:\/\/swissbaker.ch\/fr\/","logo":{"@type":"ImageObject","inLanguage":"fr-FR","@id":"https:\/\/swissbaker.ch\/fr\/#\/schema\/logo\/image\/","url":"https:\/\/swissbaker.ch\/wp-content\/uploads\/2022\/04\/sbc-logo-yoast.jpg","contentUrl":"https:\/\/swissbaker.ch\/wp-content\/uploads\/2022\/04\/sbc-logo-yoast.jpg","width":512,"height":512,"caption":"Schweizerischer B\u00e4cker-Confiseurmeister-Verband"},"image":{"@id":"https:\/\/swissbaker.ch\/fr\/#\/schema\/logo\/image\/"},"sameAs":["https:\/\/www.facebook.com\/swissbaker.ch","https:\/\/x.com\/ch_swissbaker"]},{"@type":"Person","@id":"https:\/\/swissbaker.ch\/fr\/#\/schema\/person\/74bd327b08c18ca6042c02ff6f0ed5e2","name":"Simon Nussbaum","image":{"@type":"ImageObject","inLanguage":"fr-FR","@id":"https:\/\/swissbaker.ch\/fr\/#\/schema\/person\/image\/","url":"https:\/\/secure.gravatar.com\/avatar\/df0eced3bb556c806cb760cf503ade1ed1df25b4104d80d6fd28d93a9509aa12?s=96&d=mm&r=g","contentUrl":"https:\/\/secure.gravatar.com\/avatar\/df0eced3bb556c806cb760cf503ade1ed1df25b4104d80d6fd28d93a9509aa12?s=96&d=mm&r=g","caption":"Simon Nussbaum"},"url":"https:\/\/swissbaker.ch\/fr\/panissimo-news\/author\/simon-nussbaum\/"}]}},"_links":{"self":[{"href":"https:\/\/swissbaker.ch\/fr\/wp-json\/wp\/v2\/posts\/160300","targetHints":{"allow":["GET"]}}],"collection":[{"href":"https:\/\/swissbaker.ch\/fr\/wp-json\/wp\/v2\/posts"}],"about":[{"href":"https:\/\/swissbaker.ch\/fr\/wp-json\/wp\/v2\/types\/post"}],"author":[{"embeddable":true,"href":"https:\/\/swissbaker.ch\/fr\/wp-json\/wp\/v2\/users\/5"}],"replies":[{"embeddable":true,"href":"https:\/\/swissbaker.ch\/fr\/wp-json\/wp\/v2\/comments?post=160300"}],"version-history":[{"count":0,"href":"https:\/\/swissbaker.ch\/fr\/wp-json\/wp\/v2\/posts\/160300\/revisions"}],"wp:featuredmedia":[{"embeddable":true,"href":"https:\/\/swissbaker.ch\/fr\/wp-json\/wp\/v2\/media\/77013"}],"wp:attachment":[{"href":"https:\/\/swissbaker.ch\/fr\/wp-json\/wp\/v2\/media?parent=160300"}],"wp:term":[{"taxonomy":"category","embeddable":true,"href":"https:\/\/swissbaker.ch\/fr\/wp-json\/wp\/v2\/categories?post=160300"},{"taxonomy":"post_tag","embeddable":true,"href":"https:\/\/swissbaker.ch\/fr\/wp-json\/wp\/v2\/tags?post=160300"}],"curies":[{"name":"wp","href":"https:\/\/api.w.org\/{rel}","templated":true}]}}