{"id":160136,"date":"2026-03-16T10:44:50","date_gmt":"2026-03-16T09:44:50","guid":{"rendered":"https:\/\/swissbaker.ch\/?p=160136"},"modified":"2026-03-16T10:53:38","modified_gmt":"2026-03-16T09:53:38","slug":"de-lappreciation-de-la-joie-et-un-peu-de-temps","status":"publish","type":"post","link":"https:\/\/swissbaker.ch\/fr\/panissimo-news\/de-lappreciation-de-la-joie-et-un-peu-de-temps\/","title":{"rendered":"De l\u2019appr\u00e9ciation, de la joie et\u2026 un peu de temps\u2009!"},"content":{"rendered":"\n<p>L\u2019\u00e9peautre pur est devenu pour moi un incontournable, et figure au menu chaque jour sous une forme ou une autre. Ses propri\u00e9t\u00e9s gustatives et ses bienfaits pour la sant\u00e9 en font un ingr\u00e9dient de choix pour la cuisine et la boulangerie. Contribuer \u00e0 promouvoir cette culture c\u00e9r\u00e9ali\u00e8re suisse et transmettre ma passion pour cette c\u00e9r\u00e9ale typiquement helv\u00e9tique me comble de joie. <\/p>\n\n\n\n<p>Que ce soit de mani\u00e8re classique, dans du pain, de la p\u00e2te \u00e0 tresse, de la p\u00e2te \u00e0 petits fours ou dans un biscuit destin\u00e9 \u00e0 un d\u00e9licieux g\u00e2teau, j\u2019utilise m\u00eame l\u2019\u00e9peautre pur dans certains produits de confiserie. Il apporte une petite touche d\u2019authenticit\u00e9 en termes de go\u00fbt.<\/p>\n\n\n\n<p>L\u2019art de la boulangerie-confiserie consiste \u00e0 cr\u00e9er quelque chose de raffin\u00e9, qui peut nous enrichir bien plus que quelques miettes. Cela passe notamment par l\u2019attention port\u00e9e \u00e0 la pr\u00e9paration, les instants de bonheur lorsque les produits confectionn\u00e9s sont enfourn\u00e9s, et la grande satisfaction finale, lorsque les cr\u00e9ations parfaitement r\u00e9ussies nous offrent un pur moment de volupt\u00e9 olfactive. <\/p>\n\n\n\n<p>Mais le plaisir de cet art, c\u2019est aussi de prendre le temps. Vouloir pr\u00e9parer quelque chose rapidement sous pression ou dans le stress peut fonctionner, mais aussi mal tourner. Une bonne planification et une gestion optimale du temps peuvent faciliter les \u00e9tapes de travail et instaurer une routine quotidienne. Malgr\u00e9 tout, il faut prendre le temps n\u00e9cessaire pour que naisse, au final, un savoureux produit.<br><\/p>\n\n\n\n<p>Que nous \u0153uvrions \u00e0 la maison ou dans un cadre professionnel, perp\u00e9tuons cette joie et pr\u00e9servons la valeur de notre culture culinaire vivante et de notre artisanat cr\u00e9atif\u2009: g\u00e2teau d\u2019anniversaire, pi\u00e8ce mont\u00e9e de mariage, tresse cuite au four pour dire merci ou simplement pain quotidien tant appr\u00e9ci\u00e9\u2026 <\/p>\n\n\n\n<p>Les possibilit\u00e9s sont infinies pour partager ces moments avec des \u00eatres chers ou pour se faire plaisir. Prenons donc le temps n\u00e9cessaire pour cela et autorisonsnous parfois \u00e0 ralentir un peu le rythme. Tout comme la p\u00e2te \u00e0 pain a besoin de temps pour m\u00fbrir et devenir saine\u2009!<\/p>\n\n\n\n<p class=\"has-text-align-right\"><em>Mirjam Binz<br><sup>Photo: dr<\/sup><\/em><br><\/p>\n\n\n\n<hr class=\"wp-block-separator has-alpha-channel-opacity\"\/>\n\n\n\n<p><strong>Mirjam Binz<\/strong> est p\u00e2tissi\u00e8re-confiseuse de formation et nutritionniste. Elle transmet sa passion pour le m\u00e9tier et l\u2019\u00e9peautre pur dans une petite salle de cours. Elle aime passer son temps libre \u00e0 la montagne.<\/p>\n","protected":false},"excerpt":{"rendered":"<p>L\u2019\u00e9peautre pur est devenu pour moi un incontournable, et figure au menu chaque jour sous une forme ou une autre. Ses propri\u00e9t\u00e9s gustatives et ses bienfaits pour la sant\u00e9 en font un ingr\u00e9dient de choix pour la cuisine et la boulangerie. Contribuer \u00e0 promouvoir cette culture c\u00e9r\u00e9ali\u00e8re suisse et transmettre ma passion pour cette c\u00e9r\u00e9ale typiquement helv\u00e9tique me comble de joie. <\/p>\n","protected":false},"author":5,"featured_media":160134,"comment_status":"closed","ping_status":"closed","sticky":false,"template":"","format":"standard","meta":{"_acf_changed":false,"footnotes":""},"categories":[58],"tags":[],"class_list":["post-160136","post","type-post","status-publish","format-standard","has-post-thumbnail","hentry","category-swissbaker-blog-fr"],"acf":[],"yoast_head":"<!-- This site is optimized with the Yoast SEO Premium plugin v26.8 (Yoast SEO v26.8) - https:\/\/yoast.com\/product\/yoast-seo-premium-wordpress\/ -->\n<title>De l\u2019appr\u00e9ciation, de la joie et\u2026 un peu de temps\u2009! | SBC<\/title>\n<meta name=\"robots\" content=\"index, follow, max-snippet:-1, max-image-preview:large, max-video-preview:-1\" \/>\n<link rel=\"canonical\" href=\"https:\/\/swissbaker.ch\/fr\/panissimo-news\/de-lappreciation-de-la-joie-et-un-peu-de-temps\/\" \/>\n<meta property=\"og:locale\" content=\"fr_FR\" \/>\n<meta property=\"og:type\" content=\"article\" \/>\n<meta property=\"og:title\" content=\"De l\u2019appr\u00e9ciation, de la joie et\u2026 un peu de temps\u2009!\" \/>\n<meta property=\"og:description\" content=\"L\u2019\u00e9peautre pur est devenu pour moi un incontournable, et figure au menu chaque jour sous une forme ou une autre. Ses propri\u00e9t\u00e9s gustatives et ses bienfaits pour la sant\u00e9 en font un ingr\u00e9dient de choix pour la cuisine et la boulangerie. Contribuer \u00e0 promouvoir cette culture c\u00e9r\u00e9ali\u00e8re suisse et transmettre ma passion pour cette c\u00e9r\u00e9ale typiquement helv\u00e9tique me comble de joie.\" \/>\n<meta property=\"og:url\" content=\"https:\/\/swissbaker.ch\/fr\/panissimo-news\/de-lappreciation-de-la-joie-et-un-peu-de-temps\/\" \/>\n<meta property=\"og:site_name\" content=\"SBC\" \/>\n<meta property=\"article:publisher\" content=\"https:\/\/www.facebook.com\/swissbaker.ch\" \/>\n<meta property=\"article:published_time\" content=\"2026-03-16T09:44:50+00:00\" \/>\n<meta property=\"article:modified_time\" content=\"2026-03-16T09:53:38+00:00\" \/>\n<meta property=\"og:image\" content=\"https:\/\/swissbaker.ch\/wp-content\/uploads\/2026\/03\/mirjam_binz.jpg\" \/>\n\t<meta property=\"og:image:width\" content=\"1200\" \/>\n\t<meta property=\"og:image:height\" content=\"712\" \/>\n\t<meta property=\"og:image:type\" content=\"image\/jpeg\" \/>\n<meta name=\"author\" content=\"Simon Nussbaum\" \/>\n<meta name=\"twitter:card\" content=\"summary_large_image\" \/>\n<meta name=\"twitter:creator\" content=\"@ch_swissbaker\" \/>\n<meta name=\"twitter:site\" content=\"@ch_swissbaker\" \/>\n<meta name=\"twitter:label1\" content=\"Written by\" \/>\n\t<meta name=\"twitter:data1\" content=\"Simon Nussbaum\" \/>\n\t<meta name=\"twitter:label2\" content=\"Est. reading time\" \/>\n\t<meta name=\"twitter:data2\" content=\"2 minutes\" \/>\n<script type=\"application\/ld+json\" class=\"yoast-schema-graph\">{\"@context\":\"https:\/\/schema.org\",\"@graph\":[{\"@type\":\"Article\",\"@id\":\"https:\/\/swissbaker.ch\/fr\/panissimo-news\/de-lappreciation-de-la-joie-et-un-peu-de-temps\/#article\",\"isPartOf\":{\"@id\":\"https:\/\/swissbaker.ch\/fr\/panissimo-news\/de-lappreciation-de-la-joie-et-un-peu-de-temps\/\"},\"author\":{\"name\":\"Simon Nussbaum\",\"@id\":\"https:\/\/swissbaker.ch\/fr\/#\/schema\/person\/74bd327b08c18ca6042c02ff6f0ed5e2\"},\"headline\":\"De l\u2019appr\u00e9ciation, de la joie et\u2026 un peu de temps\u2009!\",\"datePublished\":\"2026-03-16T09:44:50+00:00\",\"dateModified\":\"2026-03-16T09:53:38+00:00\",\"mainEntityOfPage\":{\"@id\":\"https:\/\/swissbaker.ch\/fr\/panissimo-news\/de-lappreciation-de-la-joie-et-un-peu-de-temps\/\"},\"wordCount\":413,\"publisher\":{\"@id\":\"https:\/\/swissbaker.ch\/fr\/#organization\"},\"image\":{\"@id\":\"https:\/\/swissbaker.ch\/fr\/panissimo-news\/de-lappreciation-de-la-joie-et-un-peu-de-temps\/#primaryimage\"},\"thumbnailUrl\":\"https:\/\/swissbaker.ch\/wp-content\/uploads\/2026\/03\/mirjam_binz.jpg\",\"articleSection\":[\"swissbaker-blog\"],\"inLanguage\":\"fr-FR\"},{\"@type\":\"WebPage\",\"@id\":\"https:\/\/swissbaker.ch\/fr\/panissimo-news\/de-lappreciation-de-la-joie-et-un-peu-de-temps\/\",\"url\":\"https:\/\/swissbaker.ch\/fr\/panissimo-news\/de-lappreciation-de-la-joie-et-un-peu-de-temps\/\",\"name\":\"De l\u2019appr\u00e9ciation, de la joie et\u2026 un peu de temps\u2009! | SBC\",\"isPartOf\":{\"@id\":\"https:\/\/swissbaker.ch\/fr\/#website\"},\"primaryImageOfPage\":{\"@id\":\"https:\/\/swissbaker.ch\/fr\/panissimo-news\/de-lappreciation-de-la-joie-et-un-peu-de-temps\/#primaryimage\"},\"image\":{\"@id\":\"https:\/\/swissbaker.ch\/fr\/panissimo-news\/de-lappreciation-de-la-joie-et-un-peu-de-temps\/#primaryimage\"},\"thumbnailUrl\":\"https:\/\/swissbaker.ch\/wp-content\/uploads\/2026\/03\/mirjam_binz.jpg\",\"datePublished\":\"2026-03-16T09:44:50+00:00\",\"dateModified\":\"2026-03-16T09:53:38+00:00\",\"breadcrumb\":{\"@id\":\"https:\/\/swissbaker.ch\/fr\/panissimo-news\/de-lappreciation-de-la-joie-et-un-peu-de-temps\/#breadcrumb\"},\"inLanguage\":\"fr-FR\",\"potentialAction\":[{\"@type\":\"ReadAction\",\"target\":[\"https:\/\/swissbaker.ch\/fr\/panissimo-news\/de-lappreciation-de-la-joie-et-un-peu-de-temps\/\"]}]},{\"@type\":\"ImageObject\",\"inLanguage\":\"fr-FR\",\"@id\":\"https:\/\/swissbaker.ch\/fr\/panissimo-news\/de-lappreciation-de-la-joie-et-un-peu-de-temps\/#primaryimage\",\"url\":\"https:\/\/swissbaker.ch\/wp-content\/uploads\/2026\/03\/mirjam_binz.jpg\",\"contentUrl\":\"https:\/\/swissbaker.ch\/wp-content\/uploads\/2026\/03\/mirjam_binz.jpg\",\"width\":1200,\"height\":712},{\"@type\":\"BreadcrumbList\",\"@id\":\"https:\/\/swissbaker.ch\/fr\/panissimo-news\/de-lappreciation-de-la-joie-et-un-peu-de-temps\/#breadcrumb\",\"itemListElement\":[{\"@type\":\"ListItem\",\"position\":1,\"name\":\"\",\"item\":\"https:\/\/swissbaker.ch\/fr\/\"},{\"@type\":\"ListItem\",\"position\":2,\"name\":\"swissbaker-blog\",\"item\":\"https:\/\/swissbaker.ch\/fr\/panissimo-news\/category\/swissbaker-blog-fr\/\"},{\"@type\":\"ListItem\",\"position\":3,\"name\":\"De l\u2019appr\u00e9ciation, de la joie et\u2026 un peu de temps\u2009!\"}]},{\"@type\":\"WebSite\",\"@id\":\"https:\/\/swissbaker.ch\/fr\/#website\",\"url\":\"https:\/\/swissbaker.ch\/fr\/\",\"name\":\"SBC\",\"description\":\"\",\"publisher\":{\"@id\":\"https:\/\/swissbaker.ch\/fr\/#organization\"},\"potentialAction\":[{\"@type\":\"SearchAction\",\"target\":{\"@type\":\"EntryPoint\",\"urlTemplate\":\"https:\/\/swissbaker.ch\/fr\/?s={search_term_string}\"},\"query-input\":{\"@type\":\"PropertyValueSpecification\",\"valueRequired\":true,\"valueName\":\"search_term_string\"}}],\"inLanguage\":\"fr-FR\"},{\"@type\":\"Organization\",\"@id\":\"https:\/\/swissbaker.ch\/fr\/#organization\",\"name\":\"Schweizerischer B\u00e4cker-Confiseurmeister-Verband\",\"url\":\"https:\/\/swissbaker.ch\/fr\/\",\"logo\":{\"@type\":\"ImageObject\",\"inLanguage\":\"fr-FR\",\"@id\":\"https:\/\/swissbaker.ch\/fr\/#\/schema\/logo\/image\/\",\"url\":\"https:\/\/swissbaker.ch\/wp-content\/uploads\/2022\/04\/sbc-logo-yoast.jpg\",\"contentUrl\":\"https:\/\/swissbaker.ch\/wp-content\/uploads\/2022\/04\/sbc-logo-yoast.jpg\",\"width\":512,\"height\":512,\"caption\":\"Schweizerischer B\u00e4cker-Confiseurmeister-Verband\"},\"image\":{\"@id\":\"https:\/\/swissbaker.ch\/fr\/#\/schema\/logo\/image\/\"},\"sameAs\":[\"https:\/\/www.facebook.com\/swissbaker.ch\",\"https:\/\/x.com\/ch_swissbaker\"]},{\"@type\":\"Person\",\"@id\":\"https:\/\/swissbaker.ch\/fr\/#\/schema\/person\/74bd327b08c18ca6042c02ff6f0ed5e2\",\"name\":\"Simon Nussbaum\",\"image\":{\"@type\":\"ImageObject\",\"inLanguage\":\"fr-FR\",\"@id\":\"https:\/\/swissbaker.ch\/fr\/#\/schema\/person\/image\/\",\"url\":\"https:\/\/secure.gravatar.com\/avatar\/df0eced3bb556c806cb760cf503ade1ed1df25b4104d80d6fd28d93a9509aa12?s=96&d=mm&r=g\",\"contentUrl\":\"https:\/\/secure.gravatar.com\/avatar\/df0eced3bb556c806cb760cf503ade1ed1df25b4104d80d6fd28d93a9509aa12?s=96&d=mm&r=g\",\"caption\":\"Simon Nussbaum\"},\"url\":\"https:\/\/swissbaker.ch\/fr\/panissimo-news\/author\/simon-nussbaum\/\"}]}<\/script>\n<!-- \/ Yoast SEO Premium plugin. -->","yoast_head_json":{"title":"De l\u2019appr\u00e9ciation, de la joie et\u2026 un peu de temps\u2009! | SBC","robots":{"index":"index","follow":"follow","max-snippet":"max-snippet:-1","max-image-preview":"max-image-preview:large","max-video-preview":"max-video-preview:-1"},"canonical":"https:\/\/swissbaker.ch\/fr\/panissimo-news\/de-lappreciation-de-la-joie-et-un-peu-de-temps\/","og_locale":"fr_FR","og_type":"article","og_title":"De l\u2019appr\u00e9ciation, de la joie et\u2026 un peu de temps\u2009!","og_description":"L\u2019\u00e9peautre pur est devenu pour moi un incontournable, et figure au menu chaque jour sous une forme ou une autre. Ses propri\u00e9t\u00e9s gustatives et ses bienfaits pour la sant\u00e9 en font un ingr\u00e9dient de choix pour la cuisine et la boulangerie. Contribuer \u00e0 promouvoir cette culture c\u00e9r\u00e9ali\u00e8re suisse et transmettre ma passion pour cette c\u00e9r\u00e9ale typiquement helv\u00e9tique me comble de joie.","og_url":"https:\/\/swissbaker.ch\/fr\/panissimo-news\/de-lappreciation-de-la-joie-et-un-peu-de-temps\/","og_site_name":"SBC","article_publisher":"https:\/\/www.facebook.com\/swissbaker.ch","article_published_time":"2026-03-16T09:44:50+00:00","article_modified_time":"2026-03-16T09:53:38+00:00","og_image":[{"width":1200,"height":712,"url":"https:\/\/swissbaker.ch\/wp-content\/uploads\/2026\/03\/mirjam_binz.jpg","type":"image\/jpeg"}],"author":"Simon Nussbaum","twitter_card":"summary_large_image","twitter_creator":"@ch_swissbaker","twitter_site":"@ch_swissbaker","twitter_misc":{"Written by":"Simon Nussbaum","Est. reading time":"2 minutes"},"schema":{"@context":"https:\/\/schema.org","@graph":[{"@type":"Article","@id":"https:\/\/swissbaker.ch\/fr\/panissimo-news\/de-lappreciation-de-la-joie-et-un-peu-de-temps\/#article","isPartOf":{"@id":"https:\/\/swissbaker.ch\/fr\/panissimo-news\/de-lappreciation-de-la-joie-et-un-peu-de-temps\/"},"author":{"name":"Simon Nussbaum","@id":"https:\/\/swissbaker.ch\/fr\/#\/schema\/person\/74bd327b08c18ca6042c02ff6f0ed5e2"},"headline":"De l\u2019appr\u00e9ciation, de la joie et\u2026 un peu de temps\u2009!","datePublished":"2026-03-16T09:44:50+00:00","dateModified":"2026-03-16T09:53:38+00:00","mainEntityOfPage":{"@id":"https:\/\/swissbaker.ch\/fr\/panissimo-news\/de-lappreciation-de-la-joie-et-un-peu-de-temps\/"},"wordCount":413,"publisher":{"@id":"https:\/\/swissbaker.ch\/fr\/#organization"},"image":{"@id":"https:\/\/swissbaker.ch\/fr\/panissimo-news\/de-lappreciation-de-la-joie-et-un-peu-de-temps\/#primaryimage"},"thumbnailUrl":"https:\/\/swissbaker.ch\/wp-content\/uploads\/2026\/03\/mirjam_binz.jpg","articleSection":["swissbaker-blog"],"inLanguage":"fr-FR"},{"@type":"WebPage","@id":"https:\/\/swissbaker.ch\/fr\/panissimo-news\/de-lappreciation-de-la-joie-et-un-peu-de-temps\/","url":"https:\/\/swissbaker.ch\/fr\/panissimo-news\/de-lappreciation-de-la-joie-et-un-peu-de-temps\/","name":"De l\u2019appr\u00e9ciation, de la joie et\u2026 un peu de temps\u2009! | SBC","isPartOf":{"@id":"https:\/\/swissbaker.ch\/fr\/#website"},"primaryImageOfPage":{"@id":"https:\/\/swissbaker.ch\/fr\/panissimo-news\/de-lappreciation-de-la-joie-et-un-peu-de-temps\/#primaryimage"},"image":{"@id":"https:\/\/swissbaker.ch\/fr\/panissimo-news\/de-lappreciation-de-la-joie-et-un-peu-de-temps\/#primaryimage"},"thumbnailUrl":"https:\/\/swissbaker.ch\/wp-content\/uploads\/2026\/03\/mirjam_binz.jpg","datePublished":"2026-03-16T09:44:50+00:00","dateModified":"2026-03-16T09:53:38+00:00","breadcrumb":{"@id":"https:\/\/swissbaker.ch\/fr\/panissimo-news\/de-lappreciation-de-la-joie-et-un-peu-de-temps\/#breadcrumb"},"inLanguage":"fr-FR","potentialAction":[{"@type":"ReadAction","target":["https:\/\/swissbaker.ch\/fr\/panissimo-news\/de-lappreciation-de-la-joie-et-un-peu-de-temps\/"]}]},{"@type":"ImageObject","inLanguage":"fr-FR","@id":"https:\/\/swissbaker.ch\/fr\/panissimo-news\/de-lappreciation-de-la-joie-et-un-peu-de-temps\/#primaryimage","url":"https:\/\/swissbaker.ch\/wp-content\/uploads\/2026\/03\/mirjam_binz.jpg","contentUrl":"https:\/\/swissbaker.ch\/wp-content\/uploads\/2026\/03\/mirjam_binz.jpg","width":1200,"height":712},{"@type":"BreadcrumbList","@id":"https:\/\/swissbaker.ch\/fr\/panissimo-news\/de-lappreciation-de-la-joie-et-un-peu-de-temps\/#breadcrumb","itemListElement":[{"@type":"ListItem","position":1,"name":"","item":"https:\/\/swissbaker.ch\/fr\/"},{"@type":"ListItem","position":2,"name":"swissbaker-blog","item":"https:\/\/swissbaker.ch\/fr\/panissimo-news\/category\/swissbaker-blog-fr\/"},{"@type":"ListItem","position":3,"name":"De l\u2019appr\u00e9ciation, de la joie et\u2026 un peu de temps\u2009!"}]},{"@type":"WebSite","@id":"https:\/\/swissbaker.ch\/fr\/#website","url":"https:\/\/swissbaker.ch\/fr\/","name":"SBC","description":"","publisher":{"@id":"https:\/\/swissbaker.ch\/fr\/#organization"},"potentialAction":[{"@type":"SearchAction","target":{"@type":"EntryPoint","urlTemplate":"https:\/\/swissbaker.ch\/fr\/?s={search_term_string}"},"query-input":{"@type":"PropertyValueSpecification","valueRequired":true,"valueName":"search_term_string"}}],"inLanguage":"fr-FR"},{"@type":"Organization","@id":"https:\/\/swissbaker.ch\/fr\/#organization","name":"Schweizerischer B\u00e4cker-Confiseurmeister-Verband","url":"https:\/\/swissbaker.ch\/fr\/","logo":{"@type":"ImageObject","inLanguage":"fr-FR","@id":"https:\/\/swissbaker.ch\/fr\/#\/schema\/logo\/image\/","url":"https:\/\/swissbaker.ch\/wp-content\/uploads\/2022\/04\/sbc-logo-yoast.jpg","contentUrl":"https:\/\/swissbaker.ch\/wp-content\/uploads\/2022\/04\/sbc-logo-yoast.jpg","width":512,"height":512,"caption":"Schweizerischer B\u00e4cker-Confiseurmeister-Verband"},"image":{"@id":"https:\/\/swissbaker.ch\/fr\/#\/schema\/logo\/image\/"},"sameAs":["https:\/\/www.facebook.com\/swissbaker.ch","https:\/\/x.com\/ch_swissbaker"]},{"@type":"Person","@id":"https:\/\/swissbaker.ch\/fr\/#\/schema\/person\/74bd327b08c18ca6042c02ff6f0ed5e2","name":"Simon Nussbaum","image":{"@type":"ImageObject","inLanguage":"fr-FR","@id":"https:\/\/swissbaker.ch\/fr\/#\/schema\/person\/image\/","url":"https:\/\/secure.gravatar.com\/avatar\/df0eced3bb556c806cb760cf503ade1ed1df25b4104d80d6fd28d93a9509aa12?s=96&d=mm&r=g","contentUrl":"https:\/\/secure.gravatar.com\/avatar\/df0eced3bb556c806cb760cf503ade1ed1df25b4104d80d6fd28d93a9509aa12?s=96&d=mm&r=g","caption":"Simon Nussbaum"},"url":"https:\/\/swissbaker.ch\/fr\/panissimo-news\/author\/simon-nussbaum\/"}]}},"_links":{"self":[{"href":"https:\/\/swissbaker.ch\/fr\/wp-json\/wp\/v2\/posts\/160136","targetHints":{"allow":["GET"]}}],"collection":[{"href":"https:\/\/swissbaker.ch\/fr\/wp-json\/wp\/v2\/posts"}],"about":[{"href":"https:\/\/swissbaker.ch\/fr\/wp-json\/wp\/v2\/types\/post"}],"author":[{"embeddable":true,"href":"https:\/\/swissbaker.ch\/fr\/wp-json\/wp\/v2\/users\/5"}],"replies":[{"embeddable":true,"href":"https:\/\/swissbaker.ch\/fr\/wp-json\/wp\/v2\/comments?post=160136"}],"version-history":[{"count":0,"href":"https:\/\/swissbaker.ch\/fr\/wp-json\/wp\/v2\/posts\/160136\/revisions"}],"wp:featuredmedia":[{"embeddable":true,"href":"https:\/\/swissbaker.ch\/fr\/wp-json\/wp\/v2\/media\/160134"}],"wp:attachment":[{"href":"https:\/\/swissbaker.ch\/fr\/wp-json\/wp\/v2\/media?parent=160136"}],"wp:term":[{"taxonomy":"category","embeddable":true,"href":"https:\/\/swissbaker.ch\/fr\/wp-json\/wp\/v2\/categories?post=160136"},{"taxonomy":"post_tag","embeddable":true,"href":"https:\/\/swissbaker.ch\/fr\/wp-json\/wp\/v2\/tags?post=160136"}],"curies":[{"name":"wp","href":"https:\/\/api.w.org\/{rel}","templated":true}]}}