{"id":160022,"date":"2026-03-11T10:41:07","date_gmt":"2026-03-11T09:41:07","guid":{"rendered":"https:\/\/swissbaker.ch\/?p=160022"},"modified":"2026-03-11T10:45:48","modified_gmt":"2026-03-11T09:45:48","slug":"la-branche-se-reunit-a-berne","status":"publish","type":"post","link":"https:\/\/swissbaker.ch\/fr\/panissimo-news\/la-branche-se-reunit-a-berne\/","title":{"rendered":"La branche se r\u00e9unit \u00e0 Berne"},"content":{"rendered":"\n<p><strong>Le 140<sup>e<\/sup>&nbsp;congr\u00e8s de l&#8217;Association suisse des patrons boulangers-confiseurs aura lieu le 9&nbsp;juin au centre des congr\u00e8s de Bernexpo AG, \u00e0 Berne. D\u00e8s la veille, les d\u00e9l\u00e9gu\u00e9s, les d\u00e9l\u00e9gu\u00e9es et les membres de la BCS se retrouveront pour la quatri\u00e8me \u00e9dition de l&#8217;\u00e9v\u00e9nement de r\u00e9seautage \u2013 un pr\u00e9lude plein de perspectives. <\/strong><strong><\/strong><\/p>\n\n\n\n<p>Le comit\u00e9 central (CC) de l&#8217;Association suisse des patrons boulangers-confiseurs invite \u00e0 participer au congr\u00e8s de la BCS, qui se tiendra le mardi 9 juin au centre des congr\u00e8s de Bernexpo&nbsp;AG, \u00e0 Berne. L&#8217;assembl\u00e9e des d\u00e9l\u00e9gu\u00e9s et des d\u00e9l\u00e9gu\u00e9es portera principalement sur les affaires courantes et les th\u00e8mes strat\u00e9giques du comit\u00e9 central et du secr\u00e9tariat central, ainsi que sur la r\u00e9vision totale de la formation initiale en production.<\/p>\n\n\n\n<h2 class=\"wp-block-heading\" id=\"h-remise-de-la-couronne-boulangere\">Remise de la couronne boulang\u00e8re<\/h2>\n\n\n\n<p>Les h\u00f4tes et partenaires sectoriels arriveront \u00e0 l&#8217;heure de la pause-caf\u00e9. La seconde partie sera consacr\u00e9e aux hommages et aux distinctions. Les laur\u00e9ates des SwissSkills et les candidates aux WorldSkills seront mises \u00e0 l\u2019honneur, puis la couronne boulang\u00e8re sera d\u00e9cern\u00e9e pour la quatorzi\u00e8me fois \u00e0 une personnalit\u00e9 marquante ou \u00e0 une entreprise innovante du secteur.<\/p>\n\n\n\n<h2 class=\"wp-block-heading\" id=\"h-aeroport-de-berne-belp-point-de-rencontre-des-membres\">A\u00e9roport de Berne-Belp: point de rencontre des membres<\/h2>\n\n\n\n<p>La veille au soir, le quatri\u00e8me \u00e9v\u00e9nement de r\u00e9seautage destin\u00e9 aux d\u00e9l\u00e9gu\u00e9s, d\u00e9l\u00e9gu\u00e9es et membres de la BCS se tiendra dans le lieu \u00e9v\u00e9nementiel \u00abHangar 7\u00bb de l&#8217;a\u00e9roport de Berne-Belp. Apr\u00e8s un ap\u00e9ritif avec surprise, les participants et participantes pourront profiter d&#8217;un buffet de grillades et de desserts confiseurs, dans un cadre propice aux \u00e9changes informels. Un transfert en bus entre Bernexpo et Belp (aller-retour) sera organis\u00e9. Le nombre de participants et participantes \u00e0 l&#8217;\u00e9v\u00e9nement de r\u00e9seautage est limit\u00e9 \u00e0 100 personnes; les inscriptions seront prises en compte selon leur ordre d&#8217;arriv\u00e9e.<\/p>\n\n\n\n<h2 class=\"wp-block-heading\" id=\"h-programme-ordre-du-jour-et-inscription\">Programme, ordre du jour et inscription<\/h2>\n\n\n\n<p><strong>Le programme et le lien d&#8217;inscription sont disponibles sur <a href=\"http:\/\/swissbaker.ch\/congres\" type=\"link\" id=\"swissbaker.ch\/congres\" target=\"_blank\" rel=\"noreferrer noopener\">swissbaker.ch\/congres<\/a>.<\/strong> L&#8217;ordre du jour et les documents correspondants seront mis en ligne 30 jours avant le congr\u00e8s. Tous les membres de la BCS, en particulier les membres d&#8217;honneur, sont les bienvenus; ils peuvent s&#8217;inscrire en ligne jusqu&#8217;au 8 mai.<\/p>\n\n\n\n<p class=\"has-text-align-right\"><em>BCS<br><sup>Phtoto: panissimo<\/sup><\/em><a id=\"_msocom_1\"><\/a><\/p>\n","protected":false},"excerpt":{"rendered":"<p>Le 140e\u00a0congr\u00e8s de l&#8217;Association suisse des patrons boulangers-confiseurs aura lieu le 9\u00a0juin au centre des congr\u00e8s de Bernexpo AG, \u00e0 Berne. D\u00e8s la veille, les d\u00e9l\u00e9gu\u00e9s, les d\u00e9l\u00e9gu\u00e9es et les membres de la BCS se retrouveront pour la quatri\u00e8me \u00e9dition de l&#8217;\u00e9v\u00e9nement de r\u00e9seautage \u2013 un pr\u00e9lude plein de perspectives. <\/p>\n","protected":false},"author":5,"featured_media":160020,"comment_status":"closed","ping_status":"closed","sticky":false,"template":"","format":"standard","meta":{"_acf_changed":false,"footnotes":""},"categories":[41],"tags":[],"class_list":["post-160022","post","type-post","status-publish","format-standard","has-post-thumbnail","hentry","category-association"],"acf":[],"yoast_head":"<!-- This site is optimized with the Yoast SEO Premium plugin v26.8 (Yoast SEO v26.8) - https:\/\/yoast.com\/product\/yoast-seo-premium-wordpress\/ -->\n<title>La branche se r\u00e9unit \u00e0 Berne | SBC<\/title>\n<meta name=\"robots\" content=\"index, follow, max-snippet:-1, max-image-preview:large, max-video-preview:-1\" \/>\n<link rel=\"canonical\" href=\"https:\/\/swissbaker.ch\/fr\/panissimo-news\/la-branche-se-reunit-a-berne\/\" \/>\n<meta property=\"og:locale\" content=\"fr_FR\" \/>\n<meta property=\"og:type\" content=\"article\" \/>\n<meta property=\"og:title\" content=\"La branche se r\u00e9unit \u00e0 Berne\" \/>\n<meta property=\"og:description\" content=\"Le 140e\u00a0congr\u00e8s de l&#039;Association suisse des patrons boulangers-confiseurs aura lieu le 9\u00a0juin au centre des congr\u00e8s de Bernexpo AG, \u00e0 Berne. D\u00e8s la veille, les d\u00e9l\u00e9gu\u00e9s, les d\u00e9l\u00e9gu\u00e9es et les membres de la BCS se retrouveront pour la quatri\u00e8me \u00e9dition de l&#039;\u00e9v\u00e9nement de r\u00e9seautage \u2013 un pr\u00e9lude plein de perspectives.\" \/>\n<meta property=\"og:url\" content=\"https:\/\/swissbaker.ch\/fr\/panissimo-news\/la-branche-se-reunit-a-berne\/\" \/>\n<meta property=\"og:site_name\" content=\"SBC\" \/>\n<meta property=\"article:publisher\" content=\"https:\/\/www.facebook.com\/swissbaker.ch\" \/>\n<meta property=\"article:published_time\" content=\"2026-03-11T09:41:07+00:00\" \/>\n<meta property=\"article:modified_time\" content=\"2026-03-11T09:45:48+00:00\" \/>\n<meta property=\"og:image\" content=\"https:\/\/swissbaker.ch\/wp-content\/uploads\/2026\/03\/header_kongress_2.jpg\" \/>\n\t<meta property=\"og:image:width\" content=\"1200\" \/>\n\t<meta property=\"og:image:height\" content=\"712\" \/>\n\t<meta property=\"og:image:type\" content=\"image\/jpeg\" \/>\n<meta name=\"author\" content=\"Simon Nussbaum\" \/>\n<meta name=\"twitter:card\" content=\"summary_large_image\" \/>\n<meta name=\"twitter:creator\" content=\"@ch_swissbaker\" \/>\n<meta name=\"twitter:site\" content=\"@ch_swissbaker\" \/>\n<meta name=\"twitter:label1\" content=\"Written by\" \/>\n\t<meta name=\"twitter:data1\" content=\"Simon Nussbaum\" \/>\n\t<meta name=\"twitter:label2\" content=\"Est. reading time\" \/>\n\t<meta name=\"twitter:data2\" content=\"2 minutes\" \/>\n<script type=\"application\/ld+json\" class=\"yoast-schema-graph\">{\"@context\":\"https:\/\/schema.org\",\"@graph\":[{\"@type\":\"Article\",\"@id\":\"https:\/\/swissbaker.ch\/fr\/panissimo-news\/la-branche-se-reunit-a-berne\/#article\",\"isPartOf\":{\"@id\":\"https:\/\/swissbaker.ch\/fr\/panissimo-news\/la-branche-se-reunit-a-berne\/\"},\"author\":{\"name\":\"Simon Nussbaum\",\"@id\":\"https:\/\/swissbaker.ch\/fr\/#\/schema\/person\/74bd327b08c18ca6042c02ff6f0ed5e2\"},\"headline\":\"La branche se r\u00e9unit \u00e0 Berne\",\"datePublished\":\"2026-03-11T09:41:07+00:00\",\"dateModified\":\"2026-03-11T09:45:48+00:00\",\"mainEntityOfPage\":{\"@id\":\"https:\/\/swissbaker.ch\/fr\/panissimo-news\/la-branche-se-reunit-a-berne\/\"},\"wordCount\":400,\"publisher\":{\"@id\":\"https:\/\/swissbaker.ch\/fr\/#organization\"},\"image\":{\"@id\":\"https:\/\/swissbaker.ch\/fr\/panissimo-news\/la-branche-se-reunit-a-berne\/#primaryimage\"},\"thumbnailUrl\":\"https:\/\/swissbaker.ch\/wp-content\/uploads\/2026\/03\/header_kongress_2.jpg\",\"articleSection\":[\"Association\"],\"inLanguage\":\"fr-FR\"},{\"@type\":\"WebPage\",\"@id\":\"https:\/\/swissbaker.ch\/fr\/panissimo-news\/la-branche-se-reunit-a-berne\/\",\"url\":\"https:\/\/swissbaker.ch\/fr\/panissimo-news\/la-branche-se-reunit-a-berne\/\",\"name\":\"La branche se r\u00e9unit \u00e0 Berne | SBC\",\"isPartOf\":{\"@id\":\"https:\/\/swissbaker.ch\/fr\/#website\"},\"primaryImageOfPage\":{\"@id\":\"https:\/\/swissbaker.ch\/fr\/panissimo-news\/la-branche-se-reunit-a-berne\/#primaryimage\"},\"image\":{\"@id\":\"https:\/\/swissbaker.ch\/fr\/panissimo-news\/la-branche-se-reunit-a-berne\/#primaryimage\"},\"thumbnailUrl\":\"https:\/\/swissbaker.ch\/wp-content\/uploads\/2026\/03\/header_kongress_2.jpg\",\"datePublished\":\"2026-03-11T09:41:07+00:00\",\"dateModified\":\"2026-03-11T09:45:48+00:00\",\"breadcrumb\":{\"@id\":\"https:\/\/swissbaker.ch\/fr\/panissimo-news\/la-branche-se-reunit-a-berne\/#breadcrumb\"},\"inLanguage\":\"fr-FR\",\"potentialAction\":[{\"@type\":\"ReadAction\",\"target\":[\"https:\/\/swissbaker.ch\/fr\/panissimo-news\/la-branche-se-reunit-a-berne\/\"]}]},{\"@type\":\"ImageObject\",\"inLanguage\":\"fr-FR\",\"@id\":\"https:\/\/swissbaker.ch\/fr\/panissimo-news\/la-branche-se-reunit-a-berne\/#primaryimage\",\"url\":\"https:\/\/swissbaker.ch\/wp-content\/uploads\/2026\/03\/header_kongress_2.jpg\",\"contentUrl\":\"https:\/\/swissbaker.ch\/wp-content\/uploads\/2026\/03\/header_kongress_2.jpg\",\"width\":1200,\"height\":712},{\"@type\":\"BreadcrumbList\",\"@id\":\"https:\/\/swissbaker.ch\/fr\/panissimo-news\/la-branche-se-reunit-a-berne\/#breadcrumb\",\"itemListElement\":[{\"@type\":\"ListItem\",\"position\":1,\"name\":\"\",\"item\":\"https:\/\/swissbaker.ch\/fr\/\"},{\"@type\":\"ListItem\",\"position\":2,\"name\":\"Des cantons\",\"item\":\"https:\/\/swissbaker.ch\/fr\/panissimo-news\/category\/des-cantons\/\"},{\"@type\":\"ListItem\",\"position\":3,\"name\":\"La branche se r\u00e9unit \u00e0 Berne\"}]},{\"@type\":\"WebSite\",\"@id\":\"https:\/\/swissbaker.ch\/fr\/#website\",\"url\":\"https:\/\/swissbaker.ch\/fr\/\",\"name\":\"SBC\",\"description\":\"\",\"publisher\":{\"@id\":\"https:\/\/swissbaker.ch\/fr\/#organization\"},\"potentialAction\":[{\"@type\":\"SearchAction\",\"target\":{\"@type\":\"EntryPoint\",\"urlTemplate\":\"https:\/\/swissbaker.ch\/fr\/?s={search_term_string}\"},\"query-input\":{\"@type\":\"PropertyValueSpecification\",\"valueRequired\":true,\"valueName\":\"search_term_string\"}}],\"inLanguage\":\"fr-FR\"},{\"@type\":\"Organization\",\"@id\":\"https:\/\/swissbaker.ch\/fr\/#organization\",\"name\":\"Schweizerischer B\u00e4cker-Confiseurmeister-Verband\",\"url\":\"https:\/\/swissbaker.ch\/fr\/\",\"logo\":{\"@type\":\"ImageObject\",\"inLanguage\":\"fr-FR\",\"@id\":\"https:\/\/swissbaker.ch\/fr\/#\/schema\/logo\/image\/\",\"url\":\"https:\/\/swissbaker.ch\/wp-content\/uploads\/2022\/04\/sbc-logo-yoast.jpg\",\"contentUrl\":\"https:\/\/swissbaker.ch\/wp-content\/uploads\/2022\/04\/sbc-logo-yoast.jpg\",\"width\":512,\"height\":512,\"caption\":\"Schweizerischer B\u00e4cker-Confiseurmeister-Verband\"},\"image\":{\"@id\":\"https:\/\/swissbaker.ch\/fr\/#\/schema\/logo\/image\/\"},\"sameAs\":[\"https:\/\/www.facebook.com\/swissbaker.ch\",\"https:\/\/x.com\/ch_swissbaker\"]},{\"@type\":\"Person\",\"@id\":\"https:\/\/swissbaker.ch\/fr\/#\/schema\/person\/74bd327b08c18ca6042c02ff6f0ed5e2\",\"name\":\"Simon Nussbaum\",\"image\":{\"@type\":\"ImageObject\",\"inLanguage\":\"fr-FR\",\"@id\":\"https:\/\/swissbaker.ch\/fr\/#\/schema\/person\/image\/\",\"url\":\"https:\/\/secure.gravatar.com\/avatar\/df0eced3bb556c806cb760cf503ade1ed1df25b4104d80d6fd28d93a9509aa12?s=96&d=mm&r=g\",\"contentUrl\":\"https:\/\/secure.gravatar.com\/avatar\/df0eced3bb556c806cb760cf503ade1ed1df25b4104d80d6fd28d93a9509aa12?s=96&d=mm&r=g\",\"caption\":\"Simon Nussbaum\"},\"url\":\"https:\/\/swissbaker.ch\/fr\/panissimo-news\/author\/simon-nussbaum\/\"}]}<\/script>\n<!-- \/ Yoast SEO Premium plugin. -->","yoast_head_json":{"title":"La branche se r\u00e9unit \u00e0 Berne | SBC","robots":{"index":"index","follow":"follow","max-snippet":"max-snippet:-1","max-image-preview":"max-image-preview:large","max-video-preview":"max-video-preview:-1"},"canonical":"https:\/\/swissbaker.ch\/fr\/panissimo-news\/la-branche-se-reunit-a-berne\/","og_locale":"fr_FR","og_type":"article","og_title":"La branche se r\u00e9unit \u00e0 Berne","og_description":"Le 140e\u00a0congr\u00e8s de l'Association suisse des patrons boulangers-confiseurs aura lieu le 9\u00a0juin au centre des congr\u00e8s de Bernexpo AG, \u00e0 Berne. D\u00e8s la veille, les d\u00e9l\u00e9gu\u00e9s, les d\u00e9l\u00e9gu\u00e9es et les membres de la BCS se retrouveront pour la quatri\u00e8me \u00e9dition de l'\u00e9v\u00e9nement de r\u00e9seautage \u2013 un pr\u00e9lude plein de perspectives.","og_url":"https:\/\/swissbaker.ch\/fr\/panissimo-news\/la-branche-se-reunit-a-berne\/","og_site_name":"SBC","article_publisher":"https:\/\/www.facebook.com\/swissbaker.ch","article_published_time":"2026-03-11T09:41:07+00:00","article_modified_time":"2026-03-11T09:45:48+00:00","og_image":[{"width":1200,"height":712,"url":"https:\/\/swissbaker.ch\/wp-content\/uploads\/2026\/03\/header_kongress_2.jpg","type":"image\/jpeg"}],"author":"Simon Nussbaum","twitter_card":"summary_large_image","twitter_creator":"@ch_swissbaker","twitter_site":"@ch_swissbaker","twitter_misc":{"Written by":"Simon Nussbaum","Est. reading time":"2 minutes"},"schema":{"@context":"https:\/\/schema.org","@graph":[{"@type":"Article","@id":"https:\/\/swissbaker.ch\/fr\/panissimo-news\/la-branche-se-reunit-a-berne\/#article","isPartOf":{"@id":"https:\/\/swissbaker.ch\/fr\/panissimo-news\/la-branche-se-reunit-a-berne\/"},"author":{"name":"Simon Nussbaum","@id":"https:\/\/swissbaker.ch\/fr\/#\/schema\/person\/74bd327b08c18ca6042c02ff6f0ed5e2"},"headline":"La branche se r\u00e9unit \u00e0 Berne","datePublished":"2026-03-11T09:41:07+00:00","dateModified":"2026-03-11T09:45:48+00:00","mainEntityOfPage":{"@id":"https:\/\/swissbaker.ch\/fr\/panissimo-news\/la-branche-se-reunit-a-berne\/"},"wordCount":400,"publisher":{"@id":"https:\/\/swissbaker.ch\/fr\/#organization"},"image":{"@id":"https:\/\/swissbaker.ch\/fr\/panissimo-news\/la-branche-se-reunit-a-berne\/#primaryimage"},"thumbnailUrl":"https:\/\/swissbaker.ch\/wp-content\/uploads\/2026\/03\/header_kongress_2.jpg","articleSection":["Association"],"inLanguage":"fr-FR"},{"@type":"WebPage","@id":"https:\/\/swissbaker.ch\/fr\/panissimo-news\/la-branche-se-reunit-a-berne\/","url":"https:\/\/swissbaker.ch\/fr\/panissimo-news\/la-branche-se-reunit-a-berne\/","name":"La branche se r\u00e9unit \u00e0 Berne | SBC","isPartOf":{"@id":"https:\/\/swissbaker.ch\/fr\/#website"},"primaryImageOfPage":{"@id":"https:\/\/swissbaker.ch\/fr\/panissimo-news\/la-branche-se-reunit-a-berne\/#primaryimage"},"image":{"@id":"https:\/\/swissbaker.ch\/fr\/panissimo-news\/la-branche-se-reunit-a-berne\/#primaryimage"},"thumbnailUrl":"https:\/\/swissbaker.ch\/wp-content\/uploads\/2026\/03\/header_kongress_2.jpg","datePublished":"2026-03-11T09:41:07+00:00","dateModified":"2026-03-11T09:45:48+00:00","breadcrumb":{"@id":"https:\/\/swissbaker.ch\/fr\/panissimo-news\/la-branche-se-reunit-a-berne\/#breadcrumb"},"inLanguage":"fr-FR","potentialAction":[{"@type":"ReadAction","target":["https:\/\/swissbaker.ch\/fr\/panissimo-news\/la-branche-se-reunit-a-berne\/"]}]},{"@type":"ImageObject","inLanguage":"fr-FR","@id":"https:\/\/swissbaker.ch\/fr\/panissimo-news\/la-branche-se-reunit-a-berne\/#primaryimage","url":"https:\/\/swissbaker.ch\/wp-content\/uploads\/2026\/03\/header_kongress_2.jpg","contentUrl":"https:\/\/swissbaker.ch\/wp-content\/uploads\/2026\/03\/header_kongress_2.jpg","width":1200,"height":712},{"@type":"BreadcrumbList","@id":"https:\/\/swissbaker.ch\/fr\/panissimo-news\/la-branche-se-reunit-a-berne\/#breadcrumb","itemListElement":[{"@type":"ListItem","position":1,"name":"","item":"https:\/\/swissbaker.ch\/fr\/"},{"@type":"ListItem","position":2,"name":"Des cantons","item":"https:\/\/swissbaker.ch\/fr\/panissimo-news\/category\/des-cantons\/"},{"@type":"ListItem","position":3,"name":"La branche se r\u00e9unit \u00e0 Berne"}]},{"@type":"WebSite","@id":"https:\/\/swissbaker.ch\/fr\/#website","url":"https:\/\/swissbaker.ch\/fr\/","name":"SBC","description":"","publisher":{"@id":"https:\/\/swissbaker.ch\/fr\/#organization"},"potentialAction":[{"@type":"SearchAction","target":{"@type":"EntryPoint","urlTemplate":"https:\/\/swissbaker.ch\/fr\/?s={search_term_string}"},"query-input":{"@type":"PropertyValueSpecification","valueRequired":true,"valueName":"search_term_string"}}],"inLanguage":"fr-FR"},{"@type":"Organization","@id":"https:\/\/swissbaker.ch\/fr\/#organization","name":"Schweizerischer B\u00e4cker-Confiseurmeister-Verband","url":"https:\/\/swissbaker.ch\/fr\/","logo":{"@type":"ImageObject","inLanguage":"fr-FR","@id":"https:\/\/swissbaker.ch\/fr\/#\/schema\/logo\/image\/","url":"https:\/\/swissbaker.ch\/wp-content\/uploads\/2022\/04\/sbc-logo-yoast.jpg","contentUrl":"https:\/\/swissbaker.ch\/wp-content\/uploads\/2022\/04\/sbc-logo-yoast.jpg","width":512,"height":512,"caption":"Schweizerischer B\u00e4cker-Confiseurmeister-Verband"},"image":{"@id":"https:\/\/swissbaker.ch\/fr\/#\/schema\/logo\/image\/"},"sameAs":["https:\/\/www.facebook.com\/swissbaker.ch","https:\/\/x.com\/ch_swissbaker"]},{"@type":"Person","@id":"https:\/\/swissbaker.ch\/fr\/#\/schema\/person\/74bd327b08c18ca6042c02ff6f0ed5e2","name":"Simon Nussbaum","image":{"@type":"ImageObject","inLanguage":"fr-FR","@id":"https:\/\/swissbaker.ch\/fr\/#\/schema\/person\/image\/","url":"https:\/\/secure.gravatar.com\/avatar\/df0eced3bb556c806cb760cf503ade1ed1df25b4104d80d6fd28d93a9509aa12?s=96&d=mm&r=g","contentUrl":"https:\/\/secure.gravatar.com\/avatar\/df0eced3bb556c806cb760cf503ade1ed1df25b4104d80d6fd28d93a9509aa12?s=96&d=mm&r=g","caption":"Simon Nussbaum"},"url":"https:\/\/swissbaker.ch\/fr\/panissimo-news\/author\/simon-nussbaum\/"}]}},"_links":{"self":[{"href":"https:\/\/swissbaker.ch\/fr\/wp-json\/wp\/v2\/posts\/160022","targetHints":{"allow":["GET"]}}],"collection":[{"href":"https:\/\/swissbaker.ch\/fr\/wp-json\/wp\/v2\/posts"}],"about":[{"href":"https:\/\/swissbaker.ch\/fr\/wp-json\/wp\/v2\/types\/post"}],"author":[{"embeddable":true,"href":"https:\/\/swissbaker.ch\/fr\/wp-json\/wp\/v2\/users\/5"}],"replies":[{"embeddable":true,"href":"https:\/\/swissbaker.ch\/fr\/wp-json\/wp\/v2\/comments?post=160022"}],"version-history":[{"count":0,"href":"https:\/\/swissbaker.ch\/fr\/wp-json\/wp\/v2\/posts\/160022\/revisions"}],"wp:featuredmedia":[{"embeddable":true,"href":"https:\/\/swissbaker.ch\/fr\/wp-json\/wp\/v2\/media\/160020"}],"wp:attachment":[{"href":"https:\/\/swissbaker.ch\/fr\/wp-json\/wp\/v2\/media?parent=160022"}],"wp:term":[{"taxonomy":"category","embeddable":true,"href":"https:\/\/swissbaker.ch\/fr\/wp-json\/wp\/v2\/categories?post=160022"},{"taxonomy":"post_tag","embeddable":true,"href":"https:\/\/swissbaker.ch\/fr\/wp-json\/wp\/v2\/tags?post=160022"}],"curies":[{"name":"wp","href":"https:\/\/api.w.org\/{rel}","templated":true}]}}