{"id":159897,"date":"2026-03-03T11:08:47","date_gmt":"2026-03-03T10:08:47","guid":{"rendered":"https:\/\/swissbaker.ch\/?p=159897"},"modified":"2026-03-05T11:21:22","modified_gmt":"2026-03-05T10:21:22","slug":"se-battre-pour-ses-objectifs","status":"publish","type":"post","link":"https:\/\/swissbaker.ch\/fr\/panissimo-news\/se-battre-pour-ses-objectifs\/","title":{"rendered":"Se battre pour ses objectifs"},"content":{"rendered":"\n<p><strong>A 30 ans, on a dit \u00e0 Felicia Ludwig qu\u2019elle \u00e9tait \u00abtrop vieille pour r\u00e9ussir\u00bb. Pourtant, une dizaine d\u2019ann\u00e9es plus tard, elle fait partie des 50 meilleurs chefs p\u00e2tissiers de l\u2019espace germanophone.<\/strong><\/p>\n\n\n\n<p>P\u00e2tissi\u00e8re de l\u2019ann\u00e9e 2022, membre du jury du M\u00e9rite culinaire et des World Chocolate Masters, et d\u00e9sormais class\u00e9e parmi les 50\u202fBest Pastry Chefs: autant de raisons largement suffisantes pour rendre visite \u00e0 Felicia Ludwig dans son atelier \u00e0 l\u2019occasion de la Journ\u00e9e de la femme, le 8\u202fmars.<\/p>\n\n\n\n<p><strong>Felicia Ludwig, cette ann\u00e9e vous figurez parmi les 50\u202fmeilleurs chefs p\u00e2tissiers de l\u2019espace germanophone\u2026<\/strong><br>C\u2019est incroyable, je ne m\u2019y attendais pas\u2009! Je suis tr\u00e8s fi\u00e8re d\u2019avoir \u00e9t\u00e9 s\u00e9lectionn\u00e9e, car j\u2019ai le sentiment qu\u2019il y a tant de personnes bien meilleures que moi. Je me demande parfois si je suis \u00e0 la hauteur de celles que j\u2019admire\u2026<\/p>\n\n\n\n<p id=\"h-comment-avez-vous-reagi-lorsque-vous-avez-appris-la-nouvelle\"><strong>Comment avez-vous r\u00e9agi lorsque vous avez appris la nouvelle?<\/strong><br>Je me souviens tr\u00e8s bien du moment o\u00f9 j\u2019ai re\u00e7u le message. C\u2019\u00e9tait en septembre, \u00e0 une p\u00e9riode o\u00f9 je me disais\u2009: \u00abJe n\u2019en peux plus\u00bb. Le soir, j\u2019\u00e9tais \u00e0 un \u00e9v\u00e9nement jusqu\u2019\u00e0 une heure du matin et \u00e0 sept heures, je faisais d\u00e9j\u00e0 des livraisons. Puis j\u2019ai re\u00e7u ce courriel et ma motivation est revenue. Savoir que mon travail \u00e9tait reconnu m\u2019a redonn\u00e9 de l\u2019\u00e9nergie et confirm\u00e9 que j\u2019\u00e9tais sur la bonne voie.<\/p>\n\n\n<div class=\"wp-block-image\">\n<figure class=\"aligncenter size-large is-resized\"><img decoding=\"async\" width=\"768\" height=\"1024\" src=\"https:\/\/swissbaker.ch\/wp-content\/uploads\/2026\/02\/20260113.fl-sweets_felicia-ludwig_schwarzwaelderpatisserie-2-ds-768x1024.jpg\" alt=\"\" class=\"wp-image-159010\" style=\"aspect-ratio:0.7499961852445258;width:389px;height:auto\" srcset=\"https:\/\/swissbaker.ch\/wp-content\/uploads\/2026\/02\/20260113.fl-sweets_felicia-ludwig_schwarzwaelderpatisserie-2-ds-768x1024.jpg 768w, https:\/\/swissbaker.ch\/wp-content\/uploads\/2026\/02\/20260113.fl-sweets_felicia-ludwig_schwarzwaelderpatisserie-2-ds-1152x1536.jpg 1152w, https:\/\/swissbaker.ch\/wp-content\/uploads\/2026\/02\/20260113.fl-sweets_felicia-ludwig_schwarzwaelderpatisserie-2-ds-1536x2048.jpg 1536w\" sizes=\"(max-width: 768px) 100vw, 768px\" \/><figcaption class=\"wp-element-caption\"><em>Mme\u202fLudwig pr\u00e9sente l\u2019un de ses plats signature: la p\u00e2tisserie For\u00eat-Noire.<\/em><\/figcaption><\/figure>\n<\/div>\n\n\n<p id=\"h-comment-avez-vous-reagi-lorsque-vous-avez-appris-la-nouvelle\"><strong>Quels ont \u00e9t\u00e9 les moments forts de votre carri\u00e8re?<\/strong><br>Ce sont ceux o\u00f9 j\u2019ai sciemment choisi de me consacrer \u00e0 la p\u00e2tisserie. A 30 ans, un chef m\u2019a dit que j\u2019\u00e9tais trop vieille pour r\u00e9ussir. Cette remarque m\u2019a fait l\u2019effet d\u2019un coup de poing. Mais j\u2019ai appris que ce n\u2019\u00e9tait pas vrai\u2009: quand on a un but, on peut tout accomplir. En 2021, j\u2019ai accept\u00e9 de retravailler comme cuisini\u00e8re, mais au bout de deux semaines, j\u2019ai compris que ce n\u2019\u00e9tait pas fait pour moi. En revenant \u00e0 la p\u00e2tisserie, j\u2019ai \u00e9t\u00e9 tr\u00e8s heureuse de pouvoir continuer \u00e0 poursuivre mon r\u00eave. &#8230;<\/p>\n\n\n\n<p>&#8230; <em>L&#8217;article complet vous trouverez dans Panissimo du 27 f\u00e9vrier 2026<\/em>.<\/p>\n\n\n\n<p><a href=\"https:\/\/swissbaker.ch\/panissimo-news\/fotogalerie\/zu-besuch-bei-fl-sweets\/\" type=\"link\" id=\"https:\/\/swissbaker.ch\/panissimo-news\/fotogalerie\/zu-besuch-bei-fl-sweets\/\"><strong>Galerie de photos&#8230;\u00bb<\/strong><\/a><\/p>\n\n\n\n<p class=\"has-text-align-right\"><em>Texte et photos: Diego Schwerzmann<\/em><\/p>\n\n\n\n<hr class=\"wp-block-separator has-alpha-channel-opacity\"\/>\n\n\n\n<h3 class=\"wp-block-heading\" id=\"h-questions-breves\">Questions br\u00e8ves<\/h3>\n\n\n\n<ul class=\"wp-block-list\">\n<li>Tresse ou pain complet?<strong> Pain complet<\/strong><\/li>\n\n\n\n<li>G\u00e2teau royal ou For\u00eat-Noire? <strong>For\u00eat-Noire<\/strong><\/li>\n\n\n\n<li>Chocolat blanc ou noir? <strong>Chocolat noir<\/strong><\/li>\n\n\n\n<li>Caf\u00e9 ou th\u00e9? <strong>Caf\u00e9<\/strong><\/li>\n\n\n\n<li>Eau plate ou gazeuse? <strong>Plate<\/strong><\/li>\n\n\n\n<li>Pop, rock ou classique? <strong>Pop<\/strong><\/li>\n\n\n\n<li>Vacances \u00e0 la plage ou escapade citadine? <strong>Vacances \u00e0 la plage<\/strong><\/li>\n\n\n\n<li>Livre ou film? <strong>Film<\/strong><\/li>\n<\/ul>\n\n\n\n<hr class=\"wp-block-separator has-alpha-channel-opacity\"\/>\n\n\n\n<h3 class=\"wp-block-heading\" id=\"h-donnees-cles-de-l-entreprise\"><a id=\"_msocom_1\"><\/a>Donn\u00e9es cl\u00e9s de l\u2019entreprise<\/h3>\n\n\n\n<ul class=\"wp-block-list\">\n<li>FL Sweets AG, Unterengstringen (ZH)<\/li>\n\n\n\n<li>Ann\u00e9e de fondation: 2022<\/li>\n\n\n\n<li>Collaborateurs et collaboratrices: quatre<\/li>\n\n\n\n<li>Point de vente: une vitrine au Razzia Bar \u00e0 Zurich<\/li>\n\n\n\n<li>Assortiment: pralin\u00e9s, petits fours et one-bites, mini-p\u00e2tisseries, p\u00e2tisseries et composants \u00e0 la carte<\/li>\n\n\n\n<li>Produits signature: p\u00e2tisseries citron, Snickers et For\u00eat-Noire<\/li>\n\n\n\n<li>Instagram: <a href=\"https:\/\/www.instagram.com\/ludwigfelicia\/\" type=\"link\" id=\"https:\/\/www.instagram.com\/ludwigfelicia\/\">@ludwigfelicia<\/a><\/li>\n<\/ul>\n\n\n\n<p><a id=\"_msocom_1\"><\/a><\/p>\n","protected":false},"excerpt":{"rendered":"<p>A 30 ans, on a dit \u00e0 Felicia Ludwig qu\u2019elle \u00e9tait \u00abtrop vieille pour r\u00e9ussir\u00bb. Pourtant, une dizaine d\u2019ann\u00e9es plus tard, elle fait partie des 50 meilleurs chefs p\u00e2tissiers de l\u2019espace germanophone.<\/p>\n","protected":false},"author":5,"featured_media":159024,"comment_status":"closed","ping_status":"closed","sticky":true,"template":"","format":"standard","meta":{"_acf_changed":false,"footnotes":""},"categories":[42],"tags":[1269,1268],"class_list":["post-159897","post","type-post","status-publish","format-standard","has-post-thumbnail","hentry","category-boulangeries-confiseries","tag-50-best-pastry-chefs","tag-felicia-ludwig"],"acf":[],"yoast_head":"<!-- This site is optimized with the Yoast SEO Premium plugin v26.8 (Yoast SEO v26.8) - https:\/\/yoast.com\/product\/yoast-seo-premium-wordpress\/ -->\n<title>Se battre pour ses objectifs | SBC<\/title>\n<meta name=\"description\" content=\"A 30 ans, on a dit \u00e0 Felicia Ludwig qu\u2019elle \u00e9tait \u00abtrop vieille pour r\u00e9ussir\u00bb. Pourtant, une dizaine d\u2019ann\u00e9es plus tard, elle fait partie des 50 meilleurs chefs p\u00e2tissiers de l\u2019espace germanophone.\" \/>\n<meta name=\"robots\" content=\"index, follow, max-snippet:-1, max-image-preview:large, max-video-preview:-1\" \/>\n<link rel=\"canonical\" href=\"https:\/\/swissbaker.ch\/fr\/panissimo-news\/se-battre-pour-ses-objectifs\/\" \/>\n<meta property=\"og:locale\" content=\"fr_FR\" \/>\n<meta property=\"og:type\" content=\"article\" \/>\n<meta property=\"og:title\" content=\"Se battre pour ses objectifs\" \/>\n<meta property=\"og:description\" content=\"A 30 ans, on a dit \u00e0 Felicia Ludwig qu\u2019elle \u00e9tait \u00abtrop vieille pour r\u00e9ussir\u00bb. Pourtant, une dizaine d\u2019ann\u00e9es plus tard, elle fait partie des 50 meilleurs chefs p\u00e2tissiers de l\u2019espace germanophone.\" \/>\n<meta property=\"og:url\" content=\"https:\/\/swissbaker.ch\/fr\/panissimo-news\/se-battre-pour-ses-objectifs\/\" \/>\n<meta property=\"og:site_name\" content=\"SBC\" \/>\n<meta property=\"article:publisher\" content=\"https:\/\/www.facebook.com\/swissbaker.ch\" \/>\n<meta property=\"article:published_time\" content=\"2026-03-03T10:08:47+00:00\" \/>\n<meta property=\"article:modified_time\" content=\"2026-03-05T10:21:22+00:00\" \/>\n<meta property=\"og:image\" content=\"https:\/\/swissbaker.ch\/wp-content\/uploads\/2026\/02\/20260113.header-web_fl-sweets_teamwork-2-ds.jpg\" \/>\n\t<meta property=\"og:image:width\" content=\"1000\" \/>\n\t<meta property=\"og:image:height\" content=\"712\" \/>\n\t<meta property=\"og:image:type\" content=\"image\/jpeg\" \/>\n<meta name=\"author\" content=\"Simon Nussbaum\" \/>\n<meta name=\"twitter:card\" content=\"summary_large_image\" \/>\n<meta name=\"twitter:creator\" content=\"@ch_swissbaker\" \/>\n<meta name=\"twitter:site\" content=\"@ch_swissbaker\" \/>\n<meta name=\"twitter:label1\" content=\"Written by\" \/>\n\t<meta name=\"twitter:data1\" content=\"Simon Nussbaum\" \/>\n\t<meta name=\"twitter:label2\" content=\"Est. reading time\" \/>\n\t<meta name=\"twitter:data2\" content=\"3 minutes\" \/>\n<script type=\"application\/ld+json\" class=\"yoast-schema-graph\">{\"@context\":\"https:\/\/schema.org\",\"@graph\":[{\"@type\":\"Article\",\"@id\":\"https:\/\/swissbaker.ch\/fr\/panissimo-news\/se-battre-pour-ses-objectifs\/#article\",\"isPartOf\":{\"@id\":\"https:\/\/swissbaker.ch\/fr\/panissimo-news\/se-battre-pour-ses-objectifs\/\"},\"author\":{\"name\":\"Simon Nussbaum\",\"@id\":\"https:\/\/swissbaker.ch\/fr\/#\/schema\/person\/74bd327b08c18ca6042c02ff6f0ed5e2\"},\"headline\":\"Se battre pour ses objectifs\",\"datePublished\":\"2026-03-03T10:08:47+00:00\",\"dateModified\":\"2026-03-05T10:21:22+00:00\",\"mainEntityOfPage\":{\"@id\":\"https:\/\/swissbaker.ch\/fr\/panissimo-news\/se-battre-pour-ses-objectifs\/\"},\"wordCount\":508,\"publisher\":{\"@id\":\"https:\/\/swissbaker.ch\/fr\/#organization\"},\"image\":{\"@id\":\"https:\/\/swissbaker.ch\/fr\/panissimo-news\/se-battre-pour-ses-objectifs\/#primaryimage\"},\"thumbnailUrl\":\"https:\/\/swissbaker.ch\/wp-content\/uploads\/2026\/02\/20260113.header-web_fl-sweets_teamwork-2-ds.jpg\",\"keywords\":[\"50\u202fBest Pastry Chefs\",\"Felicia Ludwig\"],\"articleSection\":[\"Boulangeries\/Confiseries\"],\"inLanguage\":\"fr-FR\"},{\"@type\":\"WebPage\",\"@id\":\"https:\/\/swissbaker.ch\/fr\/panissimo-news\/se-battre-pour-ses-objectifs\/\",\"url\":\"https:\/\/swissbaker.ch\/fr\/panissimo-news\/se-battre-pour-ses-objectifs\/\",\"name\":\"Se battre pour ses objectifs | SBC\",\"isPartOf\":{\"@id\":\"https:\/\/swissbaker.ch\/fr\/#website\"},\"primaryImageOfPage\":{\"@id\":\"https:\/\/swissbaker.ch\/fr\/panissimo-news\/se-battre-pour-ses-objectifs\/#primaryimage\"},\"image\":{\"@id\":\"https:\/\/swissbaker.ch\/fr\/panissimo-news\/se-battre-pour-ses-objectifs\/#primaryimage\"},\"thumbnailUrl\":\"https:\/\/swissbaker.ch\/wp-content\/uploads\/2026\/02\/20260113.header-web_fl-sweets_teamwork-2-ds.jpg\",\"datePublished\":\"2026-03-03T10:08:47+00:00\",\"dateModified\":\"2026-03-05T10:21:22+00:00\",\"description\":\"A 30 ans, on a dit \u00e0 Felicia Ludwig qu\u2019elle \u00e9tait \u00abtrop vieille pour r\u00e9ussir\u00bb. Pourtant, une dizaine d\u2019ann\u00e9es plus tard, elle fait partie des 50 meilleurs chefs p\u00e2tissiers de l\u2019espace germanophone.\",\"breadcrumb\":{\"@id\":\"https:\/\/swissbaker.ch\/fr\/panissimo-news\/se-battre-pour-ses-objectifs\/#breadcrumb\"},\"inLanguage\":\"fr-FR\",\"potentialAction\":[{\"@type\":\"ReadAction\",\"target\":[\"https:\/\/swissbaker.ch\/fr\/panissimo-news\/se-battre-pour-ses-objectifs\/\"]}]},{\"@type\":\"ImageObject\",\"inLanguage\":\"fr-FR\",\"@id\":\"https:\/\/swissbaker.ch\/fr\/panissimo-news\/se-battre-pour-ses-objectifs\/#primaryimage\",\"url\":\"https:\/\/swissbaker.ch\/wp-content\/uploads\/2026\/02\/20260113.header-web_fl-sweets_teamwork-2-ds.jpg\",\"contentUrl\":\"https:\/\/swissbaker.ch\/wp-content\/uploads\/2026\/02\/20260113.header-web_fl-sweets_teamwork-2-ds.jpg\",\"width\":1000,\"height\":712},{\"@type\":\"BreadcrumbList\",\"@id\":\"https:\/\/swissbaker.ch\/fr\/panissimo-news\/se-battre-pour-ses-objectifs\/#breadcrumb\",\"itemListElement\":[{\"@type\":\"ListItem\",\"position\":1,\"name\":\"\",\"item\":\"https:\/\/swissbaker.ch\/fr\/\"},{\"@type\":\"ListItem\",\"position\":2,\"name\":\"Boulangeries\/Confiseries\",\"item\":\"https:\/\/swissbaker.ch\/fr\/panissimo-news\/category\/boulangeries-confiseries\/\"},{\"@type\":\"ListItem\",\"position\":3,\"name\":\"Se battre pour ses objectifs\"}]},{\"@type\":\"WebSite\",\"@id\":\"https:\/\/swissbaker.ch\/fr\/#website\",\"url\":\"https:\/\/swissbaker.ch\/fr\/\",\"name\":\"SBC\",\"description\":\"\",\"publisher\":{\"@id\":\"https:\/\/swissbaker.ch\/fr\/#organization\"},\"potentialAction\":[{\"@type\":\"SearchAction\",\"target\":{\"@type\":\"EntryPoint\",\"urlTemplate\":\"https:\/\/swissbaker.ch\/fr\/?s={search_term_string}\"},\"query-input\":{\"@type\":\"PropertyValueSpecification\",\"valueRequired\":true,\"valueName\":\"search_term_string\"}}],\"inLanguage\":\"fr-FR\"},{\"@type\":\"Organization\",\"@id\":\"https:\/\/swissbaker.ch\/fr\/#organization\",\"name\":\"Schweizerischer B\u00e4cker-Confiseurmeister-Verband\",\"url\":\"https:\/\/swissbaker.ch\/fr\/\",\"logo\":{\"@type\":\"ImageObject\",\"inLanguage\":\"fr-FR\",\"@id\":\"https:\/\/swissbaker.ch\/fr\/#\/schema\/logo\/image\/\",\"url\":\"https:\/\/swissbaker.ch\/wp-content\/uploads\/2022\/04\/sbc-logo-yoast.jpg\",\"contentUrl\":\"https:\/\/swissbaker.ch\/wp-content\/uploads\/2022\/04\/sbc-logo-yoast.jpg\",\"width\":512,\"height\":512,\"caption\":\"Schweizerischer B\u00e4cker-Confiseurmeister-Verband\"},\"image\":{\"@id\":\"https:\/\/swissbaker.ch\/fr\/#\/schema\/logo\/image\/\"},\"sameAs\":[\"https:\/\/www.facebook.com\/swissbaker.ch\",\"https:\/\/x.com\/ch_swissbaker\"]},{\"@type\":\"Person\",\"@id\":\"https:\/\/swissbaker.ch\/fr\/#\/schema\/person\/74bd327b08c18ca6042c02ff6f0ed5e2\",\"name\":\"Simon Nussbaum\",\"image\":{\"@type\":\"ImageObject\",\"inLanguage\":\"fr-FR\",\"@id\":\"https:\/\/swissbaker.ch\/fr\/#\/schema\/person\/image\/\",\"url\":\"https:\/\/secure.gravatar.com\/avatar\/df0eced3bb556c806cb760cf503ade1ed1df25b4104d80d6fd28d93a9509aa12?s=96&d=mm&r=g\",\"contentUrl\":\"https:\/\/secure.gravatar.com\/avatar\/df0eced3bb556c806cb760cf503ade1ed1df25b4104d80d6fd28d93a9509aa12?s=96&d=mm&r=g\",\"caption\":\"Simon Nussbaum\"},\"url\":\"https:\/\/swissbaker.ch\/fr\/panissimo-news\/author\/simon-nussbaum\/\"}]}<\/script>\n<!-- \/ Yoast SEO Premium plugin. -->","yoast_head_json":{"title":"Se battre pour ses objectifs | SBC","description":"A 30 ans, on a dit \u00e0 Felicia Ludwig qu\u2019elle \u00e9tait \u00abtrop vieille pour r\u00e9ussir\u00bb. Pourtant, une dizaine d\u2019ann\u00e9es plus tard, elle fait partie des 50 meilleurs chefs p\u00e2tissiers de l\u2019espace germanophone.","robots":{"index":"index","follow":"follow","max-snippet":"max-snippet:-1","max-image-preview":"max-image-preview:large","max-video-preview":"max-video-preview:-1"},"canonical":"https:\/\/swissbaker.ch\/fr\/panissimo-news\/se-battre-pour-ses-objectifs\/","og_locale":"fr_FR","og_type":"article","og_title":"Se battre pour ses objectifs","og_description":"A 30 ans, on a dit \u00e0 Felicia Ludwig qu\u2019elle \u00e9tait \u00abtrop vieille pour r\u00e9ussir\u00bb. Pourtant, une dizaine d\u2019ann\u00e9es plus tard, elle fait partie des 50 meilleurs chefs p\u00e2tissiers de l\u2019espace germanophone.","og_url":"https:\/\/swissbaker.ch\/fr\/panissimo-news\/se-battre-pour-ses-objectifs\/","og_site_name":"SBC","article_publisher":"https:\/\/www.facebook.com\/swissbaker.ch","article_published_time":"2026-03-03T10:08:47+00:00","article_modified_time":"2026-03-05T10:21:22+00:00","og_image":[{"width":1000,"height":712,"url":"https:\/\/swissbaker.ch\/wp-content\/uploads\/2026\/02\/20260113.header-web_fl-sweets_teamwork-2-ds.jpg","type":"image\/jpeg"}],"author":"Simon Nussbaum","twitter_card":"summary_large_image","twitter_creator":"@ch_swissbaker","twitter_site":"@ch_swissbaker","twitter_misc":{"Written by":"Simon Nussbaum","Est. reading time":"3 minutes"},"schema":{"@context":"https:\/\/schema.org","@graph":[{"@type":"Article","@id":"https:\/\/swissbaker.ch\/fr\/panissimo-news\/se-battre-pour-ses-objectifs\/#article","isPartOf":{"@id":"https:\/\/swissbaker.ch\/fr\/panissimo-news\/se-battre-pour-ses-objectifs\/"},"author":{"name":"Simon Nussbaum","@id":"https:\/\/swissbaker.ch\/fr\/#\/schema\/person\/74bd327b08c18ca6042c02ff6f0ed5e2"},"headline":"Se battre pour ses objectifs","datePublished":"2026-03-03T10:08:47+00:00","dateModified":"2026-03-05T10:21:22+00:00","mainEntityOfPage":{"@id":"https:\/\/swissbaker.ch\/fr\/panissimo-news\/se-battre-pour-ses-objectifs\/"},"wordCount":508,"publisher":{"@id":"https:\/\/swissbaker.ch\/fr\/#organization"},"image":{"@id":"https:\/\/swissbaker.ch\/fr\/panissimo-news\/se-battre-pour-ses-objectifs\/#primaryimage"},"thumbnailUrl":"https:\/\/swissbaker.ch\/wp-content\/uploads\/2026\/02\/20260113.header-web_fl-sweets_teamwork-2-ds.jpg","keywords":["50\u202fBest Pastry Chefs","Felicia Ludwig"],"articleSection":["Boulangeries\/Confiseries"],"inLanguage":"fr-FR"},{"@type":"WebPage","@id":"https:\/\/swissbaker.ch\/fr\/panissimo-news\/se-battre-pour-ses-objectifs\/","url":"https:\/\/swissbaker.ch\/fr\/panissimo-news\/se-battre-pour-ses-objectifs\/","name":"Se battre pour ses objectifs | SBC","isPartOf":{"@id":"https:\/\/swissbaker.ch\/fr\/#website"},"primaryImageOfPage":{"@id":"https:\/\/swissbaker.ch\/fr\/panissimo-news\/se-battre-pour-ses-objectifs\/#primaryimage"},"image":{"@id":"https:\/\/swissbaker.ch\/fr\/panissimo-news\/se-battre-pour-ses-objectifs\/#primaryimage"},"thumbnailUrl":"https:\/\/swissbaker.ch\/wp-content\/uploads\/2026\/02\/20260113.header-web_fl-sweets_teamwork-2-ds.jpg","datePublished":"2026-03-03T10:08:47+00:00","dateModified":"2026-03-05T10:21:22+00:00","description":"A 30 ans, on a dit \u00e0 Felicia Ludwig qu\u2019elle \u00e9tait \u00abtrop vieille pour r\u00e9ussir\u00bb. Pourtant, une dizaine d\u2019ann\u00e9es plus tard, elle fait partie des 50 meilleurs chefs p\u00e2tissiers de l\u2019espace germanophone.","breadcrumb":{"@id":"https:\/\/swissbaker.ch\/fr\/panissimo-news\/se-battre-pour-ses-objectifs\/#breadcrumb"},"inLanguage":"fr-FR","potentialAction":[{"@type":"ReadAction","target":["https:\/\/swissbaker.ch\/fr\/panissimo-news\/se-battre-pour-ses-objectifs\/"]}]},{"@type":"ImageObject","inLanguage":"fr-FR","@id":"https:\/\/swissbaker.ch\/fr\/panissimo-news\/se-battre-pour-ses-objectifs\/#primaryimage","url":"https:\/\/swissbaker.ch\/wp-content\/uploads\/2026\/02\/20260113.header-web_fl-sweets_teamwork-2-ds.jpg","contentUrl":"https:\/\/swissbaker.ch\/wp-content\/uploads\/2026\/02\/20260113.header-web_fl-sweets_teamwork-2-ds.jpg","width":1000,"height":712},{"@type":"BreadcrumbList","@id":"https:\/\/swissbaker.ch\/fr\/panissimo-news\/se-battre-pour-ses-objectifs\/#breadcrumb","itemListElement":[{"@type":"ListItem","position":1,"name":"","item":"https:\/\/swissbaker.ch\/fr\/"},{"@type":"ListItem","position":2,"name":"Boulangeries\/Confiseries","item":"https:\/\/swissbaker.ch\/fr\/panissimo-news\/category\/boulangeries-confiseries\/"},{"@type":"ListItem","position":3,"name":"Se battre pour ses objectifs"}]},{"@type":"WebSite","@id":"https:\/\/swissbaker.ch\/fr\/#website","url":"https:\/\/swissbaker.ch\/fr\/","name":"SBC","description":"","publisher":{"@id":"https:\/\/swissbaker.ch\/fr\/#organization"},"potentialAction":[{"@type":"SearchAction","target":{"@type":"EntryPoint","urlTemplate":"https:\/\/swissbaker.ch\/fr\/?s={search_term_string}"},"query-input":{"@type":"PropertyValueSpecification","valueRequired":true,"valueName":"search_term_string"}}],"inLanguage":"fr-FR"},{"@type":"Organization","@id":"https:\/\/swissbaker.ch\/fr\/#organization","name":"Schweizerischer B\u00e4cker-Confiseurmeister-Verband","url":"https:\/\/swissbaker.ch\/fr\/","logo":{"@type":"ImageObject","inLanguage":"fr-FR","@id":"https:\/\/swissbaker.ch\/fr\/#\/schema\/logo\/image\/","url":"https:\/\/swissbaker.ch\/wp-content\/uploads\/2022\/04\/sbc-logo-yoast.jpg","contentUrl":"https:\/\/swissbaker.ch\/wp-content\/uploads\/2022\/04\/sbc-logo-yoast.jpg","width":512,"height":512,"caption":"Schweizerischer B\u00e4cker-Confiseurmeister-Verband"},"image":{"@id":"https:\/\/swissbaker.ch\/fr\/#\/schema\/logo\/image\/"},"sameAs":["https:\/\/www.facebook.com\/swissbaker.ch","https:\/\/x.com\/ch_swissbaker"]},{"@type":"Person","@id":"https:\/\/swissbaker.ch\/fr\/#\/schema\/person\/74bd327b08c18ca6042c02ff6f0ed5e2","name":"Simon Nussbaum","image":{"@type":"ImageObject","inLanguage":"fr-FR","@id":"https:\/\/swissbaker.ch\/fr\/#\/schema\/person\/image\/","url":"https:\/\/secure.gravatar.com\/avatar\/df0eced3bb556c806cb760cf503ade1ed1df25b4104d80d6fd28d93a9509aa12?s=96&d=mm&r=g","contentUrl":"https:\/\/secure.gravatar.com\/avatar\/df0eced3bb556c806cb760cf503ade1ed1df25b4104d80d6fd28d93a9509aa12?s=96&d=mm&r=g","caption":"Simon Nussbaum"},"url":"https:\/\/swissbaker.ch\/fr\/panissimo-news\/author\/simon-nussbaum\/"}]}},"_links":{"self":[{"href":"https:\/\/swissbaker.ch\/fr\/wp-json\/wp\/v2\/posts\/159897","targetHints":{"allow":["GET"]}}],"collection":[{"href":"https:\/\/swissbaker.ch\/fr\/wp-json\/wp\/v2\/posts"}],"about":[{"href":"https:\/\/swissbaker.ch\/fr\/wp-json\/wp\/v2\/types\/post"}],"author":[{"embeddable":true,"href":"https:\/\/swissbaker.ch\/fr\/wp-json\/wp\/v2\/users\/5"}],"replies":[{"embeddable":true,"href":"https:\/\/swissbaker.ch\/fr\/wp-json\/wp\/v2\/comments?post=159897"}],"version-history":[{"count":0,"href":"https:\/\/swissbaker.ch\/fr\/wp-json\/wp\/v2\/posts\/159897\/revisions"}],"wp:featuredmedia":[{"embeddable":true,"href":"https:\/\/swissbaker.ch\/fr\/wp-json\/wp\/v2\/media\/159024"}],"wp:attachment":[{"href":"https:\/\/swissbaker.ch\/fr\/wp-json\/wp\/v2\/media?parent=159897"}],"wp:term":[{"taxonomy":"category","embeddable":true,"href":"https:\/\/swissbaker.ch\/fr\/wp-json\/wp\/v2\/categories?post=159897"},{"taxonomy":"post_tag","embeddable":true,"href":"https:\/\/swissbaker.ch\/fr\/wp-json\/wp\/v2\/tags?post=159897"}],"curies":[{"name":"wp","href":"https:\/\/api.w.org\/{rel}","templated":true}]}}