{"id":158564,"date":"2026-02-12T09:31:55","date_gmt":"2026-02-12T08:31:55","guid":{"rendered":"https:\/\/swissbaker.ch\/?p=158564"},"modified":"2026-02-12T11:08:00","modified_gmt":"2026-02-12T10:08:00","slug":"la-ponctualite-a-son-aiguille","status":"publish","type":"post","link":"https:\/\/swissbaker.ch\/fr\/panissimo-news\/la-ponctualite-a-son-aiguille\/","title":{"rendered":"La ponctualit\u00e9 a son aiguille"},"content":{"rendered":"\n<p>R\u00e9cemment, j\u2019ai expliqu\u00e9 \u00e0 mes apprentis et apprenties les sept r\u00e8gles \u00e0 l\u2019aide de notre table de vente \u00ab\u2009Artisanat traditionnel \u2013 l\u2019horloger\u2009\u00bb. Au m\u00eame moment, un article de presse publi\u00e9 dans un journal affirmait que la jeune g\u00e9n\u00e9ration ne savait plus lire l\u2019heure sur une montre analogique, ce qui ne serait pas dramatique selon certains \u00ab\u2009experts\u2009\u00bb. Certains horlogers et moi-m\u00eame ne partageons pas<br>cet avis. Lire l\u2019heure sur une montre analogique permet de renforcer les comp\u00e9tences math\u00e9matiques, comme le calcul des fractions ou la division d\u2019un cercle (coupez un g\u00e2teau en six parts, et la repr\u00e9sentation mentale du cadran s\u2019impose d\u2019elle-m\u00eame).<br><br>Mais quelle est la fonction premi\u00e8re d\u2019une montre\u2009?<br><br>La ponctualit\u00e9 est une question de respect, selon moi. Le temps est la seule chose que l\u2019on ne peut ni rattraper ni stocker. Lorsque j\u2019attends, je fais don d\u2019une partie de ma vie, de mes projets, que personne ne peut me rendre.<br><br>Il ne s\u2019agit pas de cinq minutes, mais de l\u2019attitude sous-jacente. Une personne qui arrive toujours en retard me transmet, sans le vouloir, le message suivant\u2009: \u00ab\u2009Mon temps est plus important que le tien.\u2009\u00bb Et c\u2019est tout simplement d\u00e9sagr\u00e9able, tant dans la sph\u00e8re priv\u00e9e que dans le cadre professionnel.<br><br>Quand quelqu\u2019un est en retard et en informe qui de droit, \u00e7a peut passer. Mais demeure la question de ce que signifie ce retard pour les autres. Que ce soit dans le cadre de la vente, de la production, de r\u00e9unions, pour des intervenants ou intervenantes contraints d\u2019attendre, ou dans la vie priv\u00e9e\u2009?<br><br>Ce qui est particuli\u00e8rement d\u00e9plaisant, c\u2019est lorsque la personne arrive compl\u00e8tement d\u00e9tendue, semblant penser\u2009: \u00ab\u2009Hey, pas de stress, je suis de toute fa\u00e7on en retard.\u2009\u00bb<br><br>Et tout cela aux d\u00e9pens de celles et ceux qui sont l\u00e0.<\/p>\n\n\n\n<p class=\"has-text-align-right\"><em>Lisa Frunz, membre du comit\u00e9 central,<\/em><br><em>secteur du commerce de d\u00e9tail<\/em><\/p>\n","protected":false},"excerpt":{"rendered":"<p>R\u00e9cemment, j\u2019ai expliqu\u00e9 \u00e0 mes apprentis et apprenties les sept r\u00e8gles \u00e0 l\u2019aide de notre table de vente \u00ab\u2009Artisanat traditionnel \u2013 l\u2019horloger\u2009\u00bb. Au m\u00eame moment, un article de presse publi\u00e9 dans un journal affirmait que la jeune g\u00e9n\u00e9ration ne savait plus lire l\u2019heure sur une montre analogique, ce qui ne serait pas dramatique selon certains \u00ab\u2009experts\u2009\u00bb. Certains horlogers et moi-m\u00eame ne partageons pas<br \/>\ncet avis.<\/p>\n","protected":false},"author":8,"featured_media":158606,"comment_status":"closed","ping_status":"closed","sticky":false,"template":"","format":"standard","meta":{"_acf_changed":false,"footnotes":""},"categories":[41],"tags":[],"class_list":["post-158564","post","type-post","status-publish","format-standard","has-post-thumbnail","hentry","category-association"],"acf":[],"yoast_head":"<!-- This site is optimized with the Yoast SEO Premium plugin v26.8 (Yoast SEO v26.8) - https:\/\/yoast.com\/product\/yoast-seo-premium-wordpress\/ -->\n<title>La ponctualit\u00e9 a son aiguille | SBC<\/title>\n<meta name=\"description\" content=\"La ponctualit\u00e9 est une question de respect, selon moi. Le temps est la seule chose que l\u2019on ne peut ni rattraper ni stocker.\" \/>\n<meta name=\"robots\" content=\"index, follow, max-snippet:-1, max-image-preview:large, max-video-preview:-1\" \/>\n<link rel=\"canonical\" href=\"https:\/\/swissbaker.ch\/fr\/panissimo-news\/la-ponctualite-a-son-aiguille\/\" \/>\n<meta property=\"og:locale\" content=\"fr_FR\" \/>\n<meta property=\"og:type\" content=\"article\" \/>\n<meta property=\"og:title\" content=\"La ponctualit\u00e9 a son aiguille\" \/>\n<meta property=\"og:description\" content=\"La ponctualit\u00e9 est une question de respect, selon moi. Le temps est la seule chose que l\u2019on ne peut ni rattraper ni stocker.\" \/>\n<meta property=\"og:url\" content=\"https:\/\/swissbaker.ch\/fr\/panissimo-news\/la-ponctualite-a-son-aiguille\/\" \/>\n<meta property=\"og:site_name\" content=\"SBC\" \/>\n<meta property=\"article:publisher\" content=\"https:\/\/www.facebook.com\/swissbaker.ch\" \/>\n<meta property=\"article:published_time\" content=\"2026-02-12T08:31:55+00:00\" \/>\n<meta property=\"article:modified_time\" content=\"2026-02-12T10:08:00+00:00\" \/>\n<meta property=\"og:image\" content=\"https:\/\/swissbaker.ch\/wp-content\/uploads\/2026\/02\/3_1-header-web_lisa-frunz-uhr.jpg\" \/>\n\t<meta property=\"og:image:width\" content=\"1000\" \/>\n\t<meta property=\"og:image:height\" content=\"712\" \/>\n\t<meta property=\"og:image:type\" content=\"image\/jpeg\" \/>\n<meta name=\"author\" content=\"Johann Ruppen\" \/>\n<meta name=\"twitter:card\" content=\"summary_large_image\" \/>\n<meta name=\"twitter:creator\" content=\"@ch_swissbaker\" \/>\n<meta name=\"twitter:site\" content=\"@ch_swissbaker\" \/>\n<meta name=\"twitter:label1\" content=\"Written by\" \/>\n\t<meta name=\"twitter:data1\" content=\"Johann Ruppen\" \/>\n\t<meta name=\"twitter:label2\" content=\"Est. reading time\" \/>\n\t<meta name=\"twitter:data2\" content=\"2 minutes\" \/>\n<script type=\"application\/ld+json\" class=\"yoast-schema-graph\">{\"@context\":\"https:\/\/schema.org\",\"@graph\":[{\"@type\":\"Article\",\"@id\":\"https:\/\/swissbaker.ch\/fr\/panissimo-news\/la-ponctualite-a-son-aiguille\/#article\",\"isPartOf\":{\"@id\":\"https:\/\/swissbaker.ch\/fr\/panissimo-news\/la-ponctualite-a-son-aiguille\/\"},\"author\":{\"name\":\"Johann Ruppen\",\"@id\":\"https:\/\/swissbaker.ch\/fr\/#\/schema\/person\/abb9dbbf5af9443c30618295ec9cb74e\"},\"headline\":\"La ponctualit\u00e9 a son aiguille\",\"datePublished\":\"2026-02-12T08:31:55+00:00\",\"dateModified\":\"2026-02-12T10:08:00+00:00\",\"mainEntityOfPage\":{\"@id\":\"https:\/\/swissbaker.ch\/fr\/panissimo-news\/la-ponctualite-a-son-aiguille\/\"},\"wordCount\":345,\"publisher\":{\"@id\":\"https:\/\/swissbaker.ch\/fr\/#organization\"},\"image\":{\"@id\":\"https:\/\/swissbaker.ch\/fr\/panissimo-news\/la-ponctualite-a-son-aiguille\/#primaryimage\"},\"thumbnailUrl\":\"https:\/\/swissbaker.ch\/wp-content\/uploads\/2026\/02\/3_1-header-web_lisa-frunz-uhr.jpg\",\"articleSection\":[\"Association\"],\"inLanguage\":\"fr-FR\"},{\"@type\":\"WebPage\",\"@id\":\"https:\/\/swissbaker.ch\/fr\/panissimo-news\/la-ponctualite-a-son-aiguille\/\",\"url\":\"https:\/\/swissbaker.ch\/fr\/panissimo-news\/la-ponctualite-a-son-aiguille\/\",\"name\":\"La ponctualit\u00e9 a son aiguille | SBC\",\"isPartOf\":{\"@id\":\"https:\/\/swissbaker.ch\/fr\/#website\"},\"primaryImageOfPage\":{\"@id\":\"https:\/\/swissbaker.ch\/fr\/panissimo-news\/la-ponctualite-a-son-aiguille\/#primaryimage\"},\"image\":{\"@id\":\"https:\/\/swissbaker.ch\/fr\/panissimo-news\/la-ponctualite-a-son-aiguille\/#primaryimage\"},\"thumbnailUrl\":\"https:\/\/swissbaker.ch\/wp-content\/uploads\/2026\/02\/3_1-header-web_lisa-frunz-uhr.jpg\",\"datePublished\":\"2026-02-12T08:31:55+00:00\",\"dateModified\":\"2026-02-12T10:08:00+00:00\",\"description\":\"La ponctualit\u00e9 est une question de respect, selon moi. Le temps est la seule chose que l\u2019on ne peut ni rattraper ni stocker.\",\"breadcrumb\":{\"@id\":\"https:\/\/swissbaker.ch\/fr\/panissimo-news\/la-ponctualite-a-son-aiguille\/#breadcrumb\"},\"inLanguage\":\"fr-FR\",\"potentialAction\":[{\"@type\":\"ReadAction\",\"target\":[\"https:\/\/swissbaker.ch\/fr\/panissimo-news\/la-ponctualite-a-son-aiguille\/\"]}]},{\"@type\":\"ImageObject\",\"inLanguage\":\"fr-FR\",\"@id\":\"https:\/\/swissbaker.ch\/fr\/panissimo-news\/la-ponctualite-a-son-aiguille\/#primaryimage\",\"url\":\"https:\/\/swissbaker.ch\/wp-content\/uploads\/2026\/02\/3_1-header-web_lisa-frunz-uhr.jpg\",\"contentUrl\":\"https:\/\/swissbaker.ch\/wp-content\/uploads\/2026\/02\/3_1-header-web_lisa-frunz-uhr.jpg\",\"width\":1000,\"height\":712},{\"@type\":\"BreadcrumbList\",\"@id\":\"https:\/\/swissbaker.ch\/fr\/panissimo-news\/la-ponctualite-a-son-aiguille\/#breadcrumb\",\"itemListElement\":[{\"@type\":\"ListItem\",\"position\":1,\"name\":\"\",\"item\":\"https:\/\/swissbaker.ch\/fr\/\"},{\"@type\":\"ListItem\",\"position\":2,\"name\":\"Association\",\"item\":\"https:\/\/swissbaker.ch\/fr\/panissimo-news\/category\/association\/\"},{\"@type\":\"ListItem\",\"position\":3,\"name\":\"La ponctualit\u00e9 a son aiguille\"}]},{\"@type\":\"WebSite\",\"@id\":\"https:\/\/swissbaker.ch\/fr\/#website\",\"url\":\"https:\/\/swissbaker.ch\/fr\/\",\"name\":\"SBC\",\"description\":\"\",\"publisher\":{\"@id\":\"https:\/\/swissbaker.ch\/fr\/#organization\"},\"potentialAction\":[{\"@type\":\"SearchAction\",\"target\":{\"@type\":\"EntryPoint\",\"urlTemplate\":\"https:\/\/swissbaker.ch\/fr\/?s={search_term_string}\"},\"query-input\":{\"@type\":\"PropertyValueSpecification\",\"valueRequired\":true,\"valueName\":\"search_term_string\"}}],\"inLanguage\":\"fr-FR\"},{\"@type\":\"Organization\",\"@id\":\"https:\/\/swissbaker.ch\/fr\/#organization\",\"name\":\"Schweizerischer B\u00e4cker-Confiseurmeister-Verband\",\"url\":\"https:\/\/swissbaker.ch\/fr\/\",\"logo\":{\"@type\":\"ImageObject\",\"inLanguage\":\"fr-FR\",\"@id\":\"https:\/\/swissbaker.ch\/fr\/#\/schema\/logo\/image\/\",\"url\":\"https:\/\/swissbaker.ch\/wp-content\/uploads\/2022\/04\/sbc-logo-yoast.jpg\",\"contentUrl\":\"https:\/\/swissbaker.ch\/wp-content\/uploads\/2022\/04\/sbc-logo-yoast.jpg\",\"width\":512,\"height\":512,\"caption\":\"Schweizerischer B\u00e4cker-Confiseurmeister-Verband\"},\"image\":{\"@id\":\"https:\/\/swissbaker.ch\/fr\/#\/schema\/logo\/image\/\"},\"sameAs\":[\"https:\/\/www.facebook.com\/swissbaker.ch\",\"https:\/\/x.com\/ch_swissbaker\"]},{\"@type\":\"Person\",\"@id\":\"https:\/\/swissbaker.ch\/fr\/#\/schema\/person\/abb9dbbf5af9443c30618295ec9cb74e\",\"name\":\"Johann Ruppen\",\"image\":{\"@type\":\"ImageObject\",\"inLanguage\":\"fr-FR\",\"@id\":\"https:\/\/swissbaker.ch\/fr\/#\/schema\/person\/image\/\",\"url\":\"https:\/\/secure.gravatar.com\/avatar\/779632f9a53a98ad01f956c0ab0333a9abed519eb0a7248909af8cf14497dedd?s=96&d=mm&r=g\",\"contentUrl\":\"https:\/\/secure.gravatar.com\/avatar\/779632f9a53a98ad01f956c0ab0333a9abed519eb0a7248909af8cf14497dedd?s=96&d=mm&r=g\",\"caption\":\"Johann Ruppen\"},\"sameAs\":[\"http:\/\/swissbaker.ch\"],\"url\":\"https:\/\/swissbaker.ch\/fr\/panissimo-news\/author\/johann-ruppenswissbaker-ch\/\"}]}<\/script>\n<!-- \/ Yoast SEO Premium plugin. -->","yoast_head_json":{"title":"La ponctualit\u00e9 a son aiguille | SBC","description":"La ponctualit\u00e9 est une question de respect, selon moi. Le temps est la seule chose que l\u2019on ne peut ni rattraper ni stocker.","robots":{"index":"index","follow":"follow","max-snippet":"max-snippet:-1","max-image-preview":"max-image-preview:large","max-video-preview":"max-video-preview:-1"},"canonical":"https:\/\/swissbaker.ch\/fr\/panissimo-news\/la-ponctualite-a-son-aiguille\/","og_locale":"fr_FR","og_type":"article","og_title":"La ponctualit\u00e9 a son aiguille","og_description":"La ponctualit\u00e9 est une question de respect, selon moi. Le temps est la seule chose que l\u2019on ne peut ni rattraper ni stocker.","og_url":"https:\/\/swissbaker.ch\/fr\/panissimo-news\/la-ponctualite-a-son-aiguille\/","og_site_name":"SBC","article_publisher":"https:\/\/www.facebook.com\/swissbaker.ch","article_published_time":"2026-02-12T08:31:55+00:00","article_modified_time":"2026-02-12T10:08:00+00:00","og_image":[{"width":1000,"height":712,"url":"https:\/\/swissbaker.ch\/wp-content\/uploads\/2026\/02\/3_1-header-web_lisa-frunz-uhr.jpg","type":"image\/jpeg"}],"author":"Johann Ruppen","twitter_card":"summary_large_image","twitter_creator":"@ch_swissbaker","twitter_site":"@ch_swissbaker","twitter_misc":{"Written by":"Johann Ruppen","Est. reading time":"2 minutes"},"schema":{"@context":"https:\/\/schema.org","@graph":[{"@type":"Article","@id":"https:\/\/swissbaker.ch\/fr\/panissimo-news\/la-ponctualite-a-son-aiguille\/#article","isPartOf":{"@id":"https:\/\/swissbaker.ch\/fr\/panissimo-news\/la-ponctualite-a-son-aiguille\/"},"author":{"name":"Johann Ruppen","@id":"https:\/\/swissbaker.ch\/fr\/#\/schema\/person\/abb9dbbf5af9443c30618295ec9cb74e"},"headline":"La ponctualit\u00e9 a son aiguille","datePublished":"2026-02-12T08:31:55+00:00","dateModified":"2026-02-12T10:08:00+00:00","mainEntityOfPage":{"@id":"https:\/\/swissbaker.ch\/fr\/panissimo-news\/la-ponctualite-a-son-aiguille\/"},"wordCount":345,"publisher":{"@id":"https:\/\/swissbaker.ch\/fr\/#organization"},"image":{"@id":"https:\/\/swissbaker.ch\/fr\/panissimo-news\/la-ponctualite-a-son-aiguille\/#primaryimage"},"thumbnailUrl":"https:\/\/swissbaker.ch\/wp-content\/uploads\/2026\/02\/3_1-header-web_lisa-frunz-uhr.jpg","articleSection":["Association"],"inLanguage":"fr-FR"},{"@type":"WebPage","@id":"https:\/\/swissbaker.ch\/fr\/panissimo-news\/la-ponctualite-a-son-aiguille\/","url":"https:\/\/swissbaker.ch\/fr\/panissimo-news\/la-ponctualite-a-son-aiguille\/","name":"La ponctualit\u00e9 a son aiguille | SBC","isPartOf":{"@id":"https:\/\/swissbaker.ch\/fr\/#website"},"primaryImageOfPage":{"@id":"https:\/\/swissbaker.ch\/fr\/panissimo-news\/la-ponctualite-a-son-aiguille\/#primaryimage"},"image":{"@id":"https:\/\/swissbaker.ch\/fr\/panissimo-news\/la-ponctualite-a-son-aiguille\/#primaryimage"},"thumbnailUrl":"https:\/\/swissbaker.ch\/wp-content\/uploads\/2026\/02\/3_1-header-web_lisa-frunz-uhr.jpg","datePublished":"2026-02-12T08:31:55+00:00","dateModified":"2026-02-12T10:08:00+00:00","description":"La ponctualit\u00e9 est une question de respect, selon moi. Le temps est la seule chose que l\u2019on ne peut ni rattraper ni stocker.","breadcrumb":{"@id":"https:\/\/swissbaker.ch\/fr\/panissimo-news\/la-ponctualite-a-son-aiguille\/#breadcrumb"},"inLanguage":"fr-FR","potentialAction":[{"@type":"ReadAction","target":["https:\/\/swissbaker.ch\/fr\/panissimo-news\/la-ponctualite-a-son-aiguille\/"]}]},{"@type":"ImageObject","inLanguage":"fr-FR","@id":"https:\/\/swissbaker.ch\/fr\/panissimo-news\/la-ponctualite-a-son-aiguille\/#primaryimage","url":"https:\/\/swissbaker.ch\/wp-content\/uploads\/2026\/02\/3_1-header-web_lisa-frunz-uhr.jpg","contentUrl":"https:\/\/swissbaker.ch\/wp-content\/uploads\/2026\/02\/3_1-header-web_lisa-frunz-uhr.jpg","width":1000,"height":712},{"@type":"BreadcrumbList","@id":"https:\/\/swissbaker.ch\/fr\/panissimo-news\/la-ponctualite-a-son-aiguille\/#breadcrumb","itemListElement":[{"@type":"ListItem","position":1,"name":"","item":"https:\/\/swissbaker.ch\/fr\/"},{"@type":"ListItem","position":2,"name":"Association","item":"https:\/\/swissbaker.ch\/fr\/panissimo-news\/category\/association\/"},{"@type":"ListItem","position":3,"name":"La ponctualit\u00e9 a son aiguille"}]},{"@type":"WebSite","@id":"https:\/\/swissbaker.ch\/fr\/#website","url":"https:\/\/swissbaker.ch\/fr\/","name":"SBC","description":"","publisher":{"@id":"https:\/\/swissbaker.ch\/fr\/#organization"},"potentialAction":[{"@type":"SearchAction","target":{"@type":"EntryPoint","urlTemplate":"https:\/\/swissbaker.ch\/fr\/?s={search_term_string}"},"query-input":{"@type":"PropertyValueSpecification","valueRequired":true,"valueName":"search_term_string"}}],"inLanguage":"fr-FR"},{"@type":"Organization","@id":"https:\/\/swissbaker.ch\/fr\/#organization","name":"Schweizerischer B\u00e4cker-Confiseurmeister-Verband","url":"https:\/\/swissbaker.ch\/fr\/","logo":{"@type":"ImageObject","inLanguage":"fr-FR","@id":"https:\/\/swissbaker.ch\/fr\/#\/schema\/logo\/image\/","url":"https:\/\/swissbaker.ch\/wp-content\/uploads\/2022\/04\/sbc-logo-yoast.jpg","contentUrl":"https:\/\/swissbaker.ch\/wp-content\/uploads\/2022\/04\/sbc-logo-yoast.jpg","width":512,"height":512,"caption":"Schweizerischer B\u00e4cker-Confiseurmeister-Verband"},"image":{"@id":"https:\/\/swissbaker.ch\/fr\/#\/schema\/logo\/image\/"},"sameAs":["https:\/\/www.facebook.com\/swissbaker.ch","https:\/\/x.com\/ch_swissbaker"]},{"@type":"Person","@id":"https:\/\/swissbaker.ch\/fr\/#\/schema\/person\/abb9dbbf5af9443c30618295ec9cb74e","name":"Johann Ruppen","image":{"@type":"ImageObject","inLanguage":"fr-FR","@id":"https:\/\/swissbaker.ch\/fr\/#\/schema\/person\/image\/","url":"https:\/\/secure.gravatar.com\/avatar\/779632f9a53a98ad01f956c0ab0333a9abed519eb0a7248909af8cf14497dedd?s=96&d=mm&r=g","contentUrl":"https:\/\/secure.gravatar.com\/avatar\/779632f9a53a98ad01f956c0ab0333a9abed519eb0a7248909af8cf14497dedd?s=96&d=mm&r=g","caption":"Johann Ruppen"},"sameAs":["http:\/\/swissbaker.ch"],"url":"https:\/\/swissbaker.ch\/fr\/panissimo-news\/author\/johann-ruppenswissbaker-ch\/"}]}},"_links":{"self":[{"href":"https:\/\/swissbaker.ch\/fr\/wp-json\/wp\/v2\/posts\/158564","targetHints":{"allow":["GET"]}}],"collection":[{"href":"https:\/\/swissbaker.ch\/fr\/wp-json\/wp\/v2\/posts"}],"about":[{"href":"https:\/\/swissbaker.ch\/fr\/wp-json\/wp\/v2\/types\/post"}],"author":[{"embeddable":true,"href":"https:\/\/swissbaker.ch\/fr\/wp-json\/wp\/v2\/users\/8"}],"replies":[{"embeddable":true,"href":"https:\/\/swissbaker.ch\/fr\/wp-json\/wp\/v2\/comments?post=158564"}],"version-history":[{"count":0,"href":"https:\/\/swissbaker.ch\/fr\/wp-json\/wp\/v2\/posts\/158564\/revisions"}],"wp:featuredmedia":[{"embeddable":true,"href":"https:\/\/swissbaker.ch\/fr\/wp-json\/wp\/v2\/media\/158606"}],"wp:attachment":[{"href":"https:\/\/swissbaker.ch\/fr\/wp-json\/wp\/v2\/media?parent=158564"}],"wp:term":[{"taxonomy":"category","embeddable":true,"href":"https:\/\/swissbaker.ch\/fr\/wp-json\/wp\/v2\/categories?post=158564"},{"taxonomy":"post_tag","embeddable":true,"href":"https:\/\/swissbaker.ch\/fr\/wp-json\/wp\/v2\/tags?post=158564"}],"curies":[{"name":"wp","href":"https:\/\/api.w.org\/{rel}","templated":true}]}}