{"id":158526,"date":"2026-02-12T08:00:00","date_gmt":"2026-02-12T07:00:00","guid":{"rendered":"https:\/\/swissbaker.ch\/?p=158526"},"modified":"2026-02-11T12:09:16","modified_gmt":"2026-02-11T11:09:16","slug":"non-a-linitiative-pour-un-fonds-climat","status":"publish","type":"post","link":"https:\/\/swissbaker.ch\/fr\/panissimo-news\/non-a-linitiative-pour-un-fonds-climat\/","title":{"rendered":"Non \u00e0 l&#8217;initiative pour un fonds climat"},"content":{"rendered":"\n<p><strong>Le 8 mars, le peuple suisse se prononcera sur l\u2019initiative populaire \u00ab Pour une politique \u00e9nerg\u00e9tique et climatique \u00e9quitable : investir pour la prosp\u00e9rit\u00e9, le travail et l\u2019environnement (initiative pour un fonds climat) \u00bb. Le comit\u00e9 central (CC) de la BCS la rejette clairement.<\/strong><\/p>\n\n\n\n<p>En adoptant la loi sur le climat et l\u2019innovation, la Suisse a d\u00e9cid\u00e9 de r\u00e9duire ses \u00e9missions de gaz \u00e0 effet de serre \u00e0 z\u00e9ro net d\u2019ici \u00e0 2050. Elle contribue ainsi \u00e0 la protection du climat \u00e0 l\u2019\u00e9chelle mondiale, conform\u00e9ment \u00e0 l\u2019Accord de Paris. La Conf\u00e9d\u00e9ration dispose chaque ann\u00e9e d\u2019environ 2 milliards de francs pour prot\u00e9ger le climat et transformer le syst\u00e8me \u00e9nerg\u00e9tique. Cet argent permet d\u2019encourager les installations solaires et le remplacement des chauffages au mazout par des pompes \u00e0 chaleur, par exemple.<\/p>\n\n\n\n<h2 class=\"wp-block-heading\" id=\"h-l-initiative\">L\u2019initiative<\/h2>\n\n\n\n<p>L\u2019initiative pour un fonds climat demande que la Conf\u00e9d\u00e9ration investisse nettement plus dans la lutte contre les changements climatiques et leurs cons\u00e9quences. Pour ce faire, celle-ci doit cr\u00e9er un fonds qu\u2019elle alimentera chaque ann\u00e9e \u00e0 hauteur de 0,5 \u00e0 1 % de la performance \u00e9conomique de la Suisse, soit de 4 \u00e0 8 milliards de francs environ. Ce fonds lui permettra notamment de soutenir la r\u00e9duction des \u00e9missions de gaz \u00e0 effet de serre, l\u2019utilisation \u00e9conome et efficace de l\u2019\u00e9nergie ainsi que le d\u00e9veloppement des \u00e9nergies renouvelables. La Conf\u00e9d\u00e9ration encouragera \u00e9galement la biodiversit\u00e9 ainsi que l\u2019extraction et le stockage du CO2, tout comme la formation et la formation continue du personnel qualifi\u00e9 n\u00e9cessaire pour mettre en oeuvre ces mesures. L\u2019initiative demande que le financement et la mise en oeuvre soient socialement \u00e9quitables.<\/p>\n\n\n\n<h2 class=\"wp-block-heading\" id=\"h-attaque-contre-la-stabilite-financiere\">Attaque contre la stabilit\u00e9 financi\u00e8re<\/h2>\n\n\n\n<p>Pour le CC de la BCS, une chose est claire : l\u2019initiative sur le fonds climat est une attaque contre la stabilit\u00e9 financi\u00e8re de la Suisse et contre son mod\u00e8le \u00e9prouv\u00e9 du frein \u00e0 l\u2019endettement. Le fonds climat g\u00e9n\u00e9rerait chaque ann\u00e9e 10 milliards de francs de dettes suppl\u00e9mentaires. D\u2019ici 2050, il ferait grimper la dette totale de 100 \u00e0 200 milliards de francs. Les cons\u00e9quences seraient des hausses d\u2019imp\u00f4ts massives ainsi qu\u2019une diminution des ressources allou\u00e9es \u00e0 des t\u00e2ches essentielles comme la s\u00e9curit\u00e9, la formation, la sant\u00e9 ou les infrastructures. La politique climatique suisse actuelle en serait elle aussi affaiblie. Pour ces raisons, le CC recommande de rejeter l\u2019initiative. <\/p>\n\n\n\n<p class=\"has-text-align-right\">BCS<\/p>\n\n\n\n<p><\/p>\n","protected":false},"excerpt":{"rendered":"<p>Le 8 mars, le peuple suisse se prononcera sur l\u2019initiative populaire \u00ab Pour une politique \u00e9nerg\u00e9tique et climatique \u00e9quitable : investir pour la prosp\u00e9rit\u00e9, le travail et l\u2019environnement (initiative pour un fonds climat) \u00bb. Le comit\u00e9 central (CC) de la BCS la rejette clairement. En adoptant la loi sur le climat et l\u2019innovation, la Suisse a d\u00e9cid\u00e9 de r\u00e9duire ses [&hellip;]<\/p>\n","protected":false},"author":4,"featured_media":128539,"comment_status":"closed","ping_status":"closed","sticky":false,"template":"","format":"standard","meta":{"_acf_changed":false,"footnotes":""},"categories":[41,44],"tags":[],"class_list":["post-158526","post","type-post","status-publish","format-standard","has-post-thumbnail","hentry","category-association","category-droit-politique"],"acf":[],"yoast_head":"<!-- This site is optimized with the Yoast SEO Premium plugin v26.8 (Yoast SEO v26.8) - https:\/\/yoast.com\/product\/yoast-seo-premium-wordpress\/ -->\n<title>Non \u00e0 l&#039;initiative pour un fonds climat | SBC<\/title>\n<meta name=\"description\" content=\"Le CC rejette l\u2019initiative populaire \u00ab Pour une politique \u00e9nerg\u00e9tique et climatique \u00e9quitable : investir pour la prosp\u00e9rit\u00e9, le travail et l\u2019environnement \u00bb.\" \/>\n<meta name=\"robots\" content=\"index, follow, max-snippet:-1, max-image-preview:large, max-video-preview:-1\" \/>\n<link rel=\"canonical\" href=\"https:\/\/swissbaker.ch\/fr\/panissimo-news\/non-a-linitiative-pour-un-fonds-climat\/\" \/>\n<meta property=\"og:locale\" content=\"fr_FR\" \/>\n<meta property=\"og:type\" content=\"article\" \/>\n<meta property=\"og:title\" content=\"Non \u00e0 l&#039;initiative pour un fonds climat\" \/>\n<meta property=\"og:description\" content=\"Le CC rejette l\u2019initiative populaire \u00ab Pour une politique \u00e9nerg\u00e9tique et climatique \u00e9quitable : investir pour la prosp\u00e9rit\u00e9, le travail et l\u2019environnement \u00bb.\" \/>\n<meta property=\"og:url\" content=\"https:\/\/swissbaker.ch\/fr\/panissimo-news\/non-a-linitiative-pour-un-fonds-climat\/\" \/>\n<meta property=\"og:site_name\" content=\"SBC\" \/>\n<meta property=\"article:publisher\" content=\"https:\/\/www.facebook.com\/swissbaker.ch\" \/>\n<meta property=\"article:published_time\" content=\"2026-02-12T07:00:00+00:00\" \/>\n<meta property=\"og:image\" content=\"https:\/\/swissbaker.ch\/wp-content\/uploads\/2025\/10\/20_2_abstimmung.jpg\" \/>\n\t<meta property=\"og:image:width\" content=\"1200\" \/>\n\t<meta property=\"og:image:height\" content=\"712\" \/>\n\t<meta property=\"og:image:type\" content=\"image\/jpeg\" \/>\n<meta name=\"author\" content=\"Elina Laich\" \/>\n<meta name=\"twitter:card\" content=\"summary_large_image\" \/>\n<meta name=\"twitter:creator\" content=\"@ch_swissbaker\" \/>\n<meta name=\"twitter:site\" content=\"@ch_swissbaker\" \/>\n<meta name=\"twitter:label1\" content=\"Written by\" \/>\n\t<meta name=\"twitter:data1\" content=\"Elina Laich\" \/>\n\t<meta name=\"twitter:label2\" content=\"Est. reading time\" \/>\n\t<meta name=\"twitter:data2\" content=\"2 minutes\" \/>\n<script type=\"application\/ld+json\" class=\"yoast-schema-graph\">{\"@context\":\"https:\/\/schema.org\",\"@graph\":[{\"@type\":\"Article\",\"@id\":\"https:\/\/swissbaker.ch\/fr\/panissimo-news\/non-a-linitiative-pour-un-fonds-climat\/#article\",\"isPartOf\":{\"@id\":\"https:\/\/swissbaker.ch\/fr\/panissimo-news\/non-a-linitiative-pour-un-fonds-climat\/\"},\"author\":{\"name\":\"Elina Laich\",\"@id\":\"https:\/\/swissbaker.ch\/fr\/#\/schema\/person\/0c7464407782a0917d6e91a74206a176\"},\"headline\":\"Non \u00e0 l&#8217;initiative pour un fonds climat\",\"datePublished\":\"2026-02-12T07:00:00+00:00\",\"mainEntityOfPage\":{\"@id\":\"https:\/\/swissbaker.ch\/fr\/panissimo-news\/non-a-linitiative-pour-un-fonds-climat\/\"},\"wordCount\":409,\"publisher\":{\"@id\":\"https:\/\/swissbaker.ch\/fr\/#organization\"},\"image\":{\"@id\":\"https:\/\/swissbaker.ch\/fr\/panissimo-news\/non-a-linitiative-pour-un-fonds-climat\/#primaryimage\"},\"thumbnailUrl\":\"https:\/\/swissbaker.ch\/wp-content\/uploads\/2025\/10\/20_2_abstimmung.jpg\",\"articleSection\":[\"Association\",\"Droit &amp; politique\"],\"inLanguage\":\"fr-FR\"},{\"@type\":\"WebPage\",\"@id\":\"https:\/\/swissbaker.ch\/fr\/panissimo-news\/non-a-linitiative-pour-un-fonds-climat\/\",\"url\":\"https:\/\/swissbaker.ch\/fr\/panissimo-news\/non-a-linitiative-pour-un-fonds-climat\/\",\"name\":\"Non \u00e0 l'initiative pour un fonds climat | SBC\",\"isPartOf\":{\"@id\":\"https:\/\/swissbaker.ch\/fr\/#website\"},\"primaryImageOfPage\":{\"@id\":\"https:\/\/swissbaker.ch\/fr\/panissimo-news\/non-a-linitiative-pour-un-fonds-climat\/#primaryimage\"},\"image\":{\"@id\":\"https:\/\/swissbaker.ch\/fr\/panissimo-news\/non-a-linitiative-pour-un-fonds-climat\/#primaryimage\"},\"thumbnailUrl\":\"https:\/\/swissbaker.ch\/wp-content\/uploads\/2025\/10\/20_2_abstimmung.jpg\",\"datePublished\":\"2026-02-12T07:00:00+00:00\",\"description\":\"Le CC rejette l\u2019initiative populaire \u00ab Pour une politique \u00e9nerg\u00e9tique et climatique \u00e9quitable : investir pour la prosp\u00e9rit\u00e9, le travail et l\u2019environnement \u00bb.\",\"breadcrumb\":{\"@id\":\"https:\/\/swissbaker.ch\/fr\/panissimo-news\/non-a-linitiative-pour-un-fonds-climat\/#breadcrumb\"},\"inLanguage\":\"fr-FR\",\"potentialAction\":[{\"@type\":\"ReadAction\",\"target\":[\"https:\/\/swissbaker.ch\/fr\/panissimo-news\/non-a-linitiative-pour-un-fonds-climat\/\"]}]},{\"@type\":\"ImageObject\",\"inLanguage\":\"fr-FR\",\"@id\":\"https:\/\/swissbaker.ch\/fr\/panissimo-news\/non-a-linitiative-pour-un-fonds-climat\/#primaryimage\",\"url\":\"https:\/\/swissbaker.ch\/wp-content\/uploads\/2025\/10\/20_2_abstimmung.jpg\",\"contentUrl\":\"https:\/\/swissbaker.ch\/wp-content\/uploads\/2025\/10\/20_2_abstimmung.jpg\",\"width\":1200,\"height\":712},{\"@type\":\"BreadcrumbList\",\"@id\":\"https:\/\/swissbaker.ch\/fr\/panissimo-news\/non-a-linitiative-pour-un-fonds-climat\/#breadcrumb\",\"itemListElement\":[{\"@type\":\"ListItem\",\"position\":1,\"name\":\"\",\"item\":\"https:\/\/swissbaker.ch\/fr\/\"},{\"@type\":\"ListItem\",\"position\":2,\"name\":\"Association\",\"item\":\"https:\/\/swissbaker.ch\/fr\/panissimo-news\/category\/association\/\"},{\"@type\":\"ListItem\",\"position\":3,\"name\":\"Non \u00e0 l&#8217;initiative pour un fonds climat\"}]},{\"@type\":\"WebSite\",\"@id\":\"https:\/\/swissbaker.ch\/fr\/#website\",\"url\":\"https:\/\/swissbaker.ch\/fr\/\",\"name\":\"SBC\",\"description\":\"\",\"publisher\":{\"@id\":\"https:\/\/swissbaker.ch\/fr\/#organization\"},\"potentialAction\":[{\"@type\":\"SearchAction\",\"target\":{\"@type\":\"EntryPoint\",\"urlTemplate\":\"https:\/\/swissbaker.ch\/fr\/?s={search_term_string}\"},\"query-input\":{\"@type\":\"PropertyValueSpecification\",\"valueRequired\":true,\"valueName\":\"search_term_string\"}}],\"inLanguage\":\"fr-FR\"},{\"@type\":\"Organization\",\"@id\":\"https:\/\/swissbaker.ch\/fr\/#organization\",\"name\":\"Schweizerischer B\u00e4cker-Confiseurmeister-Verband\",\"url\":\"https:\/\/swissbaker.ch\/fr\/\",\"logo\":{\"@type\":\"ImageObject\",\"inLanguage\":\"fr-FR\",\"@id\":\"https:\/\/swissbaker.ch\/fr\/#\/schema\/logo\/image\/\",\"url\":\"https:\/\/swissbaker.ch\/wp-content\/uploads\/2022\/04\/sbc-logo-yoast.jpg\",\"contentUrl\":\"https:\/\/swissbaker.ch\/wp-content\/uploads\/2022\/04\/sbc-logo-yoast.jpg\",\"width\":512,\"height\":512,\"caption\":\"Schweizerischer B\u00e4cker-Confiseurmeister-Verband\"},\"image\":{\"@id\":\"https:\/\/swissbaker.ch\/fr\/#\/schema\/logo\/image\/\"},\"sameAs\":[\"https:\/\/www.facebook.com\/swissbaker.ch\",\"https:\/\/x.com\/ch_swissbaker\"]},{\"@type\":\"Person\",\"@id\":\"https:\/\/swissbaker.ch\/fr\/#\/schema\/person\/0c7464407782a0917d6e91a74206a176\",\"name\":\"Elina Laich\",\"image\":{\"@type\":\"ImageObject\",\"inLanguage\":\"fr-FR\",\"@id\":\"https:\/\/swissbaker.ch\/fr\/#\/schema\/person\/image\/\",\"url\":\"https:\/\/secure.gravatar.com\/avatar\/f942ca5f8668781d3ded9592a21de46001e053aff264ff1c6deb97b59d3604b2?s=96&d=mm&r=g\",\"contentUrl\":\"https:\/\/secure.gravatar.com\/avatar\/f942ca5f8668781d3ded9592a21de46001e053aff264ff1c6deb97b59d3604b2?s=96&d=mm&r=g\",\"caption\":\"Elina Laich\"},\"url\":\"https:\/\/swissbaker.ch\/fr\/panissimo-news\/author\/elina-laich\/\"}]}<\/script>\n<!-- \/ Yoast SEO Premium plugin. -->","yoast_head_json":{"title":"Non \u00e0 l'initiative pour un fonds climat | SBC","description":"Le CC rejette l\u2019initiative populaire \u00ab Pour une politique \u00e9nerg\u00e9tique et climatique \u00e9quitable : investir pour la prosp\u00e9rit\u00e9, le travail et l\u2019environnement \u00bb.","robots":{"index":"index","follow":"follow","max-snippet":"max-snippet:-1","max-image-preview":"max-image-preview:large","max-video-preview":"max-video-preview:-1"},"canonical":"https:\/\/swissbaker.ch\/fr\/panissimo-news\/non-a-linitiative-pour-un-fonds-climat\/","og_locale":"fr_FR","og_type":"article","og_title":"Non \u00e0 l'initiative pour un fonds climat","og_description":"Le CC rejette l\u2019initiative populaire \u00ab Pour une politique \u00e9nerg\u00e9tique et climatique \u00e9quitable : investir pour la prosp\u00e9rit\u00e9, le travail et l\u2019environnement \u00bb.","og_url":"https:\/\/swissbaker.ch\/fr\/panissimo-news\/non-a-linitiative-pour-un-fonds-climat\/","og_site_name":"SBC","article_publisher":"https:\/\/www.facebook.com\/swissbaker.ch","article_published_time":"2026-02-12T07:00:00+00:00","og_image":[{"width":1200,"height":712,"url":"https:\/\/swissbaker.ch\/wp-content\/uploads\/2025\/10\/20_2_abstimmung.jpg","type":"image\/jpeg"}],"author":"Elina Laich","twitter_card":"summary_large_image","twitter_creator":"@ch_swissbaker","twitter_site":"@ch_swissbaker","twitter_misc":{"Written by":"Elina Laich","Est. reading time":"2 minutes"},"schema":{"@context":"https:\/\/schema.org","@graph":[{"@type":"Article","@id":"https:\/\/swissbaker.ch\/fr\/panissimo-news\/non-a-linitiative-pour-un-fonds-climat\/#article","isPartOf":{"@id":"https:\/\/swissbaker.ch\/fr\/panissimo-news\/non-a-linitiative-pour-un-fonds-climat\/"},"author":{"name":"Elina Laich","@id":"https:\/\/swissbaker.ch\/fr\/#\/schema\/person\/0c7464407782a0917d6e91a74206a176"},"headline":"Non \u00e0 l&#8217;initiative pour un fonds climat","datePublished":"2026-02-12T07:00:00+00:00","mainEntityOfPage":{"@id":"https:\/\/swissbaker.ch\/fr\/panissimo-news\/non-a-linitiative-pour-un-fonds-climat\/"},"wordCount":409,"publisher":{"@id":"https:\/\/swissbaker.ch\/fr\/#organization"},"image":{"@id":"https:\/\/swissbaker.ch\/fr\/panissimo-news\/non-a-linitiative-pour-un-fonds-climat\/#primaryimage"},"thumbnailUrl":"https:\/\/swissbaker.ch\/wp-content\/uploads\/2025\/10\/20_2_abstimmung.jpg","articleSection":["Association","Droit &amp; politique"],"inLanguage":"fr-FR"},{"@type":"WebPage","@id":"https:\/\/swissbaker.ch\/fr\/panissimo-news\/non-a-linitiative-pour-un-fonds-climat\/","url":"https:\/\/swissbaker.ch\/fr\/panissimo-news\/non-a-linitiative-pour-un-fonds-climat\/","name":"Non \u00e0 l'initiative pour un fonds climat | SBC","isPartOf":{"@id":"https:\/\/swissbaker.ch\/fr\/#website"},"primaryImageOfPage":{"@id":"https:\/\/swissbaker.ch\/fr\/panissimo-news\/non-a-linitiative-pour-un-fonds-climat\/#primaryimage"},"image":{"@id":"https:\/\/swissbaker.ch\/fr\/panissimo-news\/non-a-linitiative-pour-un-fonds-climat\/#primaryimage"},"thumbnailUrl":"https:\/\/swissbaker.ch\/wp-content\/uploads\/2025\/10\/20_2_abstimmung.jpg","datePublished":"2026-02-12T07:00:00+00:00","description":"Le CC rejette l\u2019initiative populaire \u00ab Pour une politique \u00e9nerg\u00e9tique et climatique \u00e9quitable : investir pour la prosp\u00e9rit\u00e9, le travail et l\u2019environnement \u00bb.","breadcrumb":{"@id":"https:\/\/swissbaker.ch\/fr\/panissimo-news\/non-a-linitiative-pour-un-fonds-climat\/#breadcrumb"},"inLanguage":"fr-FR","potentialAction":[{"@type":"ReadAction","target":["https:\/\/swissbaker.ch\/fr\/panissimo-news\/non-a-linitiative-pour-un-fonds-climat\/"]}]},{"@type":"ImageObject","inLanguage":"fr-FR","@id":"https:\/\/swissbaker.ch\/fr\/panissimo-news\/non-a-linitiative-pour-un-fonds-climat\/#primaryimage","url":"https:\/\/swissbaker.ch\/wp-content\/uploads\/2025\/10\/20_2_abstimmung.jpg","contentUrl":"https:\/\/swissbaker.ch\/wp-content\/uploads\/2025\/10\/20_2_abstimmung.jpg","width":1200,"height":712},{"@type":"BreadcrumbList","@id":"https:\/\/swissbaker.ch\/fr\/panissimo-news\/non-a-linitiative-pour-un-fonds-climat\/#breadcrumb","itemListElement":[{"@type":"ListItem","position":1,"name":"","item":"https:\/\/swissbaker.ch\/fr\/"},{"@type":"ListItem","position":2,"name":"Association","item":"https:\/\/swissbaker.ch\/fr\/panissimo-news\/category\/association\/"},{"@type":"ListItem","position":3,"name":"Non \u00e0 l&#8217;initiative pour un fonds climat"}]},{"@type":"WebSite","@id":"https:\/\/swissbaker.ch\/fr\/#website","url":"https:\/\/swissbaker.ch\/fr\/","name":"SBC","description":"","publisher":{"@id":"https:\/\/swissbaker.ch\/fr\/#organization"},"potentialAction":[{"@type":"SearchAction","target":{"@type":"EntryPoint","urlTemplate":"https:\/\/swissbaker.ch\/fr\/?s={search_term_string}"},"query-input":{"@type":"PropertyValueSpecification","valueRequired":true,"valueName":"search_term_string"}}],"inLanguage":"fr-FR"},{"@type":"Organization","@id":"https:\/\/swissbaker.ch\/fr\/#organization","name":"Schweizerischer B\u00e4cker-Confiseurmeister-Verband","url":"https:\/\/swissbaker.ch\/fr\/","logo":{"@type":"ImageObject","inLanguage":"fr-FR","@id":"https:\/\/swissbaker.ch\/fr\/#\/schema\/logo\/image\/","url":"https:\/\/swissbaker.ch\/wp-content\/uploads\/2022\/04\/sbc-logo-yoast.jpg","contentUrl":"https:\/\/swissbaker.ch\/wp-content\/uploads\/2022\/04\/sbc-logo-yoast.jpg","width":512,"height":512,"caption":"Schweizerischer B\u00e4cker-Confiseurmeister-Verband"},"image":{"@id":"https:\/\/swissbaker.ch\/fr\/#\/schema\/logo\/image\/"},"sameAs":["https:\/\/www.facebook.com\/swissbaker.ch","https:\/\/x.com\/ch_swissbaker"]},{"@type":"Person","@id":"https:\/\/swissbaker.ch\/fr\/#\/schema\/person\/0c7464407782a0917d6e91a74206a176","name":"Elina Laich","image":{"@type":"ImageObject","inLanguage":"fr-FR","@id":"https:\/\/swissbaker.ch\/fr\/#\/schema\/person\/image\/","url":"https:\/\/secure.gravatar.com\/avatar\/f942ca5f8668781d3ded9592a21de46001e053aff264ff1c6deb97b59d3604b2?s=96&d=mm&r=g","contentUrl":"https:\/\/secure.gravatar.com\/avatar\/f942ca5f8668781d3ded9592a21de46001e053aff264ff1c6deb97b59d3604b2?s=96&d=mm&r=g","caption":"Elina Laich"},"url":"https:\/\/swissbaker.ch\/fr\/panissimo-news\/author\/elina-laich\/"}]}},"_links":{"self":[{"href":"https:\/\/swissbaker.ch\/fr\/wp-json\/wp\/v2\/posts\/158526","targetHints":{"allow":["GET"]}}],"collection":[{"href":"https:\/\/swissbaker.ch\/fr\/wp-json\/wp\/v2\/posts"}],"about":[{"href":"https:\/\/swissbaker.ch\/fr\/wp-json\/wp\/v2\/types\/post"}],"author":[{"embeddable":true,"href":"https:\/\/swissbaker.ch\/fr\/wp-json\/wp\/v2\/users\/4"}],"replies":[{"embeddable":true,"href":"https:\/\/swissbaker.ch\/fr\/wp-json\/wp\/v2\/comments?post=158526"}],"version-history":[{"count":0,"href":"https:\/\/swissbaker.ch\/fr\/wp-json\/wp\/v2\/posts\/158526\/revisions"}],"wp:featuredmedia":[{"embeddable":true,"href":"https:\/\/swissbaker.ch\/fr\/wp-json\/wp\/v2\/media\/128539"}],"wp:attachment":[{"href":"https:\/\/swissbaker.ch\/fr\/wp-json\/wp\/v2\/media?parent=158526"}],"wp:term":[{"taxonomy":"category","embeddable":true,"href":"https:\/\/swissbaker.ch\/fr\/wp-json\/wp\/v2\/categories?post=158526"},{"taxonomy":"post_tag","embeddable":true,"href":"https:\/\/swissbaker.ch\/fr\/wp-json\/wp\/v2\/tags?post=158526"}],"curies":[{"name":"wp","href":"https:\/\/api.w.org\/{rel}","templated":true}]}}