{"id":158520,"date":"2026-02-12T08:00:00","date_gmt":"2026-02-12T07:00:00","guid":{"rendered":"https:\/\/swissbaker.ch\/?p=158520"},"modified":"2026-02-11T12:09:43","modified_gmt":"2026-02-11T11:09:43","slug":"non-a-linitiative-pour-largent-liquide-oui-au-contre-projet","status":"publish","type":"post","link":"https:\/\/swissbaker.ch\/fr\/panissimo-news\/non-a-linitiative-pour-largent-liquide-oui-au-contre-projet\/","title":{"rendered":"Non \u00e0 l&#8217;initiative pour l&#8217;argent liquide, oui au contre-projet"},"content":{"rendered":"\n<p><strong>Les citoyens suisses s\u2019expriment aussi sur l\u2019initiative pour l\u2019argent liquide et le contre-projet direct, le 8 mars. Le CC recommande de rejeter l\u2019initiative et d\u2019approuver le contre-projet du Conseil f\u00e9d\u00e9ral.<\/strong><\/p>\n\n\n\n<p><br>En Suisse, les paiements se font de plus en plus souvent sans esp\u00e8ces, par exemple au moyen de cartes de d\u00e9bit ou de cr\u00e9dit, ou d\u2019applications de paiement. Aujourd\u2019hui, la loi pr\u00e9voit que la Banque nationale suisse assure l\u2019approvisionnement en num\u00e9raire et que le franc est la monnaie suisse.<\/p>\n\n\n\n<h2 class=\"wp-block-heading\" id=\"h-l-initiative\">L\u2019initiative<\/h2>\n\n\n\n<p>L\u2019initiative populaire \u00ab Oui \u00e0 une monnaie suisse libre et ind\u00e9pendante sous forme de pi\u00e8ces ou de billets (l\u2019argent liquide, c\u2019est la libert\u00e9) \u00bb vise \u00e0 inscrire dans la Constitution la disponibilit\u00e9 de l\u2019argent liquide et le franc comme monnaie suisse. Pour cela, elle demande deux choses : d\u2019une part que la Conf\u00e9d\u00e9ration veille \u00e0 ce que pi\u00e8ces de monnaie ou billets de banque soient toujours disponibles en quantit\u00e9 suffisante, d\u2019autre part que tout projet de remplacement du franc suisse par une autre monnaie soit soumis au vote du peuple et des cantons.<\/p>\n\n\n\n<h2 class=\"wp-block-heading\" id=\"h-le-contre-projet\">Le contre-projet<\/h2>\n\n\n\n<p>Le Conseil f\u00e9d\u00e9ral et le Parlement veulent aussi inscrire dans la Constitution des dispositions relatives \u00e0 l\u2019approvisionnement en num\u00e9raire et au franc. Ils rejettent toutefois la formulation de l\u2019initiative, raison pour laquelle ils lui opposent un contre-projet qui repose sur les formulations figurant dans des lois en vigueur.<\/p>\n\n\n\n<h2 class=\"wp-block-heading\" id=\"h-initiative-et-contre-projet\">Initiative et contre-projet<\/h2>\n\n\n\n<p>Selon le Conseil f\u00e9d\u00e9ral, ni l\u2019initiative populaire ni le contre-projet n\u2019auraient de cons\u00e9quences pratiques. Ils n\u2019engendreraient ni nouvelles t\u00e2ches ni co\u00fbts suppl\u00e9mentaires. Les deux projets visent \u00e0 faire en sorte que les dispositions relatives \u00e0 l\u2019approvisionnement en num\u00e9raire et \u00e0 la monnaie suisse ne puissent \u00eatre modifi\u00e9es, en raison de leur inscription dans la Constitution, que par une votation populaire r\u00e9unissant la majorit\u00e9 du peuple et celle des cantons.<br>Le CC rejette l\u2019initiative pour l\u2019argent liquide. Il estime qu\u2019elle est superflue, le franc et l\u2019argent liquide \u00e9tant d\u00e9j\u00e0 prot\u00e9g\u00e9s par la Constitution et la loi sur la Banque nationale. Il soutient le contre-projet plus pr\u00e9cis du Conseil f\u00e9d\u00e9ral. <\/p>\n\n\n\n<p class=\"has-text-align-right\">BCS<\/p>\n\n\n\n<p><\/p>\n","protected":false},"excerpt":{"rendered":"<p>Les citoyens suisses s\u2019expriment aussi sur l\u2019initiative pour l\u2019argent liquide et le contre-projet direct, le 8 mars. Le CC recommande de rejeter l\u2019initiative et d\u2019approuver le contre-projet du Conseil f\u00e9d\u00e9ral. En Suisse, les paiements se font de plus en plus souvent sans esp\u00e8ces, par exemple au moyen de cartes de d\u00e9bit ou de cr\u00e9dit, ou d\u2019applications de paiement. Aujourd\u2019hui, la [&hellip;]<\/p>\n","protected":false},"author":4,"featured_media":116051,"comment_status":"closed","ping_status":"closed","sticky":false,"template":"","format":"standard","meta":{"_acf_changed":false,"footnotes":""},"categories":[41,44],"tags":[],"class_list":["post-158520","post","type-post","status-publish","format-standard","has-post-thumbnail","hentry","category-association","category-droit-politique"],"acf":[],"yoast_head":"<!-- This site is optimized with the Yoast SEO Premium plugin v26.8 (Yoast SEO v26.8) - https:\/\/yoast.com\/product\/yoast-seo-premium-wordpress\/ -->\n<title>Non \u00e0 l&#039;initiative pour l&#039;argent liquide, oui au contre-projet | SBC<\/title>\n<meta name=\"description\" content=\"Le CC recommande de rejeter l\u2019initiative pour l\u2019argent liquide et d\u2019approuver le contre-projet du Conseil f\u00e9d\u00e9ral.\" \/>\n<meta name=\"robots\" content=\"index, follow, max-snippet:-1, max-image-preview:large, max-video-preview:-1\" \/>\n<link rel=\"canonical\" href=\"https:\/\/swissbaker.ch\/fr\/panissimo-news\/non-a-linitiative-pour-largent-liquide-oui-au-contre-projet\/\" \/>\n<meta property=\"og:locale\" content=\"fr_FR\" \/>\n<meta property=\"og:type\" content=\"article\" \/>\n<meta property=\"og:title\" content=\"Non \u00e0 l&#039;initiative pour l&#039;argent liquide, oui au contre-projet\" \/>\n<meta property=\"og:description\" content=\"Le CC recommande de rejeter l\u2019initiative pour l\u2019argent liquide et d\u2019approuver le contre-projet du Conseil f\u00e9d\u00e9ral.\" \/>\n<meta property=\"og:url\" content=\"https:\/\/swissbaker.ch\/fr\/panissimo-news\/non-a-linitiative-pour-largent-liquide-oui-au-contre-projet\/\" \/>\n<meta property=\"og:site_name\" content=\"SBC\" \/>\n<meta property=\"article:publisher\" content=\"https:\/\/www.facebook.com\/swissbaker.ch\" \/>\n<meta property=\"article:published_time\" content=\"2026-02-12T07:00:00+00:00\" \/>\n<meta property=\"og:image\" content=\"https:\/\/swissbaker.ch\/wp-content\/uploads\/2025\/01\/2_1_abstimmung.jpg\" \/>\n\t<meta property=\"og:image:width\" content=\"1200\" \/>\n\t<meta property=\"og:image:height\" content=\"712\" \/>\n\t<meta property=\"og:image:type\" content=\"image\/jpeg\" \/>\n<meta name=\"author\" content=\"Elina Laich\" \/>\n<meta name=\"twitter:card\" content=\"summary_large_image\" \/>\n<meta name=\"twitter:creator\" content=\"@ch_swissbaker\" \/>\n<meta name=\"twitter:site\" content=\"@ch_swissbaker\" \/>\n<meta name=\"twitter:label1\" content=\"Written by\" \/>\n\t<meta name=\"twitter:data1\" content=\"Elina Laich\" \/>\n\t<meta name=\"twitter:label2\" content=\"Est. reading time\" \/>\n\t<meta name=\"twitter:data2\" content=\"2 minutes\" \/>\n<script type=\"application\/ld+json\" class=\"yoast-schema-graph\">{\"@context\":\"https:\/\/schema.org\",\"@graph\":[{\"@type\":\"Article\",\"@id\":\"https:\/\/swissbaker.ch\/fr\/panissimo-news\/non-a-linitiative-pour-largent-liquide-oui-au-contre-projet\/#article\",\"isPartOf\":{\"@id\":\"https:\/\/swissbaker.ch\/fr\/panissimo-news\/non-a-linitiative-pour-largent-liquide-oui-au-contre-projet\/\"},\"author\":{\"name\":\"Elina Laich\",\"@id\":\"https:\/\/swissbaker.ch\/fr\/#\/schema\/person\/0c7464407782a0917d6e91a74206a176\"},\"headline\":\"Non \u00e0 l&#8217;initiative pour l&#8217;argent liquide, oui au contre-projet\",\"datePublished\":\"2026-02-12T07:00:00+00:00\",\"mainEntityOfPage\":{\"@id\":\"https:\/\/swissbaker.ch\/fr\/panissimo-news\/non-a-linitiative-pour-largent-liquide-oui-au-contre-projet\/\"},\"wordCount\":389,\"publisher\":{\"@id\":\"https:\/\/swissbaker.ch\/fr\/#organization\"},\"image\":{\"@id\":\"https:\/\/swissbaker.ch\/fr\/panissimo-news\/non-a-linitiative-pour-largent-liquide-oui-au-contre-projet\/#primaryimage\"},\"thumbnailUrl\":\"https:\/\/swissbaker.ch\/wp-content\/uploads\/2025\/01\/2_1_abstimmung.jpg\",\"articleSection\":[\"Association\",\"Droit &amp; politique\"],\"inLanguage\":\"fr-FR\"},{\"@type\":\"WebPage\",\"@id\":\"https:\/\/swissbaker.ch\/fr\/panissimo-news\/non-a-linitiative-pour-largent-liquide-oui-au-contre-projet\/\",\"url\":\"https:\/\/swissbaker.ch\/fr\/panissimo-news\/non-a-linitiative-pour-largent-liquide-oui-au-contre-projet\/\",\"name\":\"Non \u00e0 l'initiative pour l'argent liquide, oui au contre-projet | SBC\",\"isPartOf\":{\"@id\":\"https:\/\/swissbaker.ch\/fr\/#website\"},\"primaryImageOfPage\":{\"@id\":\"https:\/\/swissbaker.ch\/fr\/panissimo-news\/non-a-linitiative-pour-largent-liquide-oui-au-contre-projet\/#primaryimage\"},\"image\":{\"@id\":\"https:\/\/swissbaker.ch\/fr\/panissimo-news\/non-a-linitiative-pour-largent-liquide-oui-au-contre-projet\/#primaryimage\"},\"thumbnailUrl\":\"https:\/\/swissbaker.ch\/wp-content\/uploads\/2025\/01\/2_1_abstimmung.jpg\",\"datePublished\":\"2026-02-12T07:00:00+00:00\",\"description\":\"Le CC recommande de rejeter l\u2019initiative pour l\u2019argent liquide et d\u2019approuver le contre-projet du Conseil f\u00e9d\u00e9ral.\",\"breadcrumb\":{\"@id\":\"https:\/\/swissbaker.ch\/fr\/panissimo-news\/non-a-linitiative-pour-largent-liquide-oui-au-contre-projet\/#breadcrumb\"},\"inLanguage\":\"fr-FR\",\"potentialAction\":[{\"@type\":\"ReadAction\",\"target\":[\"https:\/\/swissbaker.ch\/fr\/panissimo-news\/non-a-linitiative-pour-largent-liquide-oui-au-contre-projet\/\"]}]},{\"@type\":\"ImageObject\",\"inLanguage\":\"fr-FR\",\"@id\":\"https:\/\/swissbaker.ch\/fr\/panissimo-news\/non-a-linitiative-pour-largent-liquide-oui-au-contre-projet\/#primaryimage\",\"url\":\"https:\/\/swissbaker.ch\/wp-content\/uploads\/2025\/01\/2_1_abstimmung.jpg\",\"contentUrl\":\"https:\/\/swissbaker.ch\/wp-content\/uploads\/2025\/01\/2_1_abstimmung.jpg\",\"width\":1200,\"height\":712},{\"@type\":\"BreadcrumbList\",\"@id\":\"https:\/\/swissbaker.ch\/fr\/panissimo-news\/non-a-linitiative-pour-largent-liquide-oui-au-contre-projet\/#breadcrumb\",\"itemListElement\":[{\"@type\":\"ListItem\",\"position\":1,\"name\":\"\",\"item\":\"https:\/\/swissbaker.ch\/fr\/\"},{\"@type\":\"ListItem\",\"position\":2,\"name\":\"Association\",\"item\":\"https:\/\/swissbaker.ch\/fr\/panissimo-news\/category\/association\/\"},{\"@type\":\"ListItem\",\"position\":3,\"name\":\"Non \u00e0 l&#8217;initiative pour l&#8217;argent liquide, oui au contre-projet\"}]},{\"@type\":\"WebSite\",\"@id\":\"https:\/\/swissbaker.ch\/fr\/#website\",\"url\":\"https:\/\/swissbaker.ch\/fr\/\",\"name\":\"SBC\",\"description\":\"\",\"publisher\":{\"@id\":\"https:\/\/swissbaker.ch\/fr\/#organization\"},\"potentialAction\":[{\"@type\":\"SearchAction\",\"target\":{\"@type\":\"EntryPoint\",\"urlTemplate\":\"https:\/\/swissbaker.ch\/fr\/?s={search_term_string}\"},\"query-input\":{\"@type\":\"PropertyValueSpecification\",\"valueRequired\":true,\"valueName\":\"search_term_string\"}}],\"inLanguage\":\"fr-FR\"},{\"@type\":\"Organization\",\"@id\":\"https:\/\/swissbaker.ch\/fr\/#organization\",\"name\":\"Schweizerischer B\u00e4cker-Confiseurmeister-Verband\",\"url\":\"https:\/\/swissbaker.ch\/fr\/\",\"logo\":{\"@type\":\"ImageObject\",\"inLanguage\":\"fr-FR\",\"@id\":\"https:\/\/swissbaker.ch\/fr\/#\/schema\/logo\/image\/\",\"url\":\"https:\/\/swissbaker.ch\/wp-content\/uploads\/2022\/04\/sbc-logo-yoast.jpg\",\"contentUrl\":\"https:\/\/swissbaker.ch\/wp-content\/uploads\/2022\/04\/sbc-logo-yoast.jpg\",\"width\":512,\"height\":512,\"caption\":\"Schweizerischer B\u00e4cker-Confiseurmeister-Verband\"},\"image\":{\"@id\":\"https:\/\/swissbaker.ch\/fr\/#\/schema\/logo\/image\/\"},\"sameAs\":[\"https:\/\/www.facebook.com\/swissbaker.ch\",\"https:\/\/x.com\/ch_swissbaker\"]},{\"@type\":\"Person\",\"@id\":\"https:\/\/swissbaker.ch\/fr\/#\/schema\/person\/0c7464407782a0917d6e91a74206a176\",\"name\":\"Elina Laich\",\"image\":{\"@type\":\"ImageObject\",\"inLanguage\":\"fr-FR\",\"@id\":\"https:\/\/swissbaker.ch\/fr\/#\/schema\/person\/image\/\",\"url\":\"https:\/\/secure.gravatar.com\/avatar\/f942ca5f8668781d3ded9592a21de46001e053aff264ff1c6deb97b59d3604b2?s=96&d=mm&r=g\",\"contentUrl\":\"https:\/\/secure.gravatar.com\/avatar\/f942ca5f8668781d3ded9592a21de46001e053aff264ff1c6deb97b59d3604b2?s=96&d=mm&r=g\",\"caption\":\"Elina Laich\"},\"url\":\"https:\/\/swissbaker.ch\/fr\/panissimo-news\/author\/elina-laich\/\"}]}<\/script>\n<!-- \/ Yoast SEO Premium plugin. -->","yoast_head_json":{"title":"Non \u00e0 l'initiative pour l'argent liquide, oui au contre-projet | SBC","description":"Le CC recommande de rejeter l\u2019initiative pour l\u2019argent liquide et d\u2019approuver le contre-projet du Conseil f\u00e9d\u00e9ral.","robots":{"index":"index","follow":"follow","max-snippet":"max-snippet:-1","max-image-preview":"max-image-preview:large","max-video-preview":"max-video-preview:-1"},"canonical":"https:\/\/swissbaker.ch\/fr\/panissimo-news\/non-a-linitiative-pour-largent-liquide-oui-au-contre-projet\/","og_locale":"fr_FR","og_type":"article","og_title":"Non \u00e0 l'initiative pour l'argent liquide, oui au contre-projet","og_description":"Le CC recommande de rejeter l\u2019initiative pour l\u2019argent liquide et d\u2019approuver le contre-projet du Conseil f\u00e9d\u00e9ral.","og_url":"https:\/\/swissbaker.ch\/fr\/panissimo-news\/non-a-linitiative-pour-largent-liquide-oui-au-contre-projet\/","og_site_name":"SBC","article_publisher":"https:\/\/www.facebook.com\/swissbaker.ch","article_published_time":"2026-02-12T07:00:00+00:00","og_image":[{"width":1200,"height":712,"url":"https:\/\/swissbaker.ch\/wp-content\/uploads\/2025\/01\/2_1_abstimmung.jpg","type":"image\/jpeg"}],"author":"Elina Laich","twitter_card":"summary_large_image","twitter_creator":"@ch_swissbaker","twitter_site":"@ch_swissbaker","twitter_misc":{"Written by":"Elina Laich","Est. reading time":"2 minutes"},"schema":{"@context":"https:\/\/schema.org","@graph":[{"@type":"Article","@id":"https:\/\/swissbaker.ch\/fr\/panissimo-news\/non-a-linitiative-pour-largent-liquide-oui-au-contre-projet\/#article","isPartOf":{"@id":"https:\/\/swissbaker.ch\/fr\/panissimo-news\/non-a-linitiative-pour-largent-liquide-oui-au-contre-projet\/"},"author":{"name":"Elina Laich","@id":"https:\/\/swissbaker.ch\/fr\/#\/schema\/person\/0c7464407782a0917d6e91a74206a176"},"headline":"Non \u00e0 l&#8217;initiative pour l&#8217;argent liquide, oui au contre-projet","datePublished":"2026-02-12T07:00:00+00:00","mainEntityOfPage":{"@id":"https:\/\/swissbaker.ch\/fr\/panissimo-news\/non-a-linitiative-pour-largent-liquide-oui-au-contre-projet\/"},"wordCount":389,"publisher":{"@id":"https:\/\/swissbaker.ch\/fr\/#organization"},"image":{"@id":"https:\/\/swissbaker.ch\/fr\/panissimo-news\/non-a-linitiative-pour-largent-liquide-oui-au-contre-projet\/#primaryimage"},"thumbnailUrl":"https:\/\/swissbaker.ch\/wp-content\/uploads\/2025\/01\/2_1_abstimmung.jpg","articleSection":["Association","Droit &amp; politique"],"inLanguage":"fr-FR"},{"@type":"WebPage","@id":"https:\/\/swissbaker.ch\/fr\/panissimo-news\/non-a-linitiative-pour-largent-liquide-oui-au-contre-projet\/","url":"https:\/\/swissbaker.ch\/fr\/panissimo-news\/non-a-linitiative-pour-largent-liquide-oui-au-contre-projet\/","name":"Non \u00e0 l'initiative pour l'argent liquide, oui au contre-projet | SBC","isPartOf":{"@id":"https:\/\/swissbaker.ch\/fr\/#website"},"primaryImageOfPage":{"@id":"https:\/\/swissbaker.ch\/fr\/panissimo-news\/non-a-linitiative-pour-largent-liquide-oui-au-contre-projet\/#primaryimage"},"image":{"@id":"https:\/\/swissbaker.ch\/fr\/panissimo-news\/non-a-linitiative-pour-largent-liquide-oui-au-contre-projet\/#primaryimage"},"thumbnailUrl":"https:\/\/swissbaker.ch\/wp-content\/uploads\/2025\/01\/2_1_abstimmung.jpg","datePublished":"2026-02-12T07:00:00+00:00","description":"Le CC recommande de rejeter l\u2019initiative pour l\u2019argent liquide et d\u2019approuver le contre-projet du Conseil f\u00e9d\u00e9ral.","breadcrumb":{"@id":"https:\/\/swissbaker.ch\/fr\/panissimo-news\/non-a-linitiative-pour-largent-liquide-oui-au-contre-projet\/#breadcrumb"},"inLanguage":"fr-FR","potentialAction":[{"@type":"ReadAction","target":["https:\/\/swissbaker.ch\/fr\/panissimo-news\/non-a-linitiative-pour-largent-liquide-oui-au-contre-projet\/"]}]},{"@type":"ImageObject","inLanguage":"fr-FR","@id":"https:\/\/swissbaker.ch\/fr\/panissimo-news\/non-a-linitiative-pour-largent-liquide-oui-au-contre-projet\/#primaryimage","url":"https:\/\/swissbaker.ch\/wp-content\/uploads\/2025\/01\/2_1_abstimmung.jpg","contentUrl":"https:\/\/swissbaker.ch\/wp-content\/uploads\/2025\/01\/2_1_abstimmung.jpg","width":1200,"height":712},{"@type":"BreadcrumbList","@id":"https:\/\/swissbaker.ch\/fr\/panissimo-news\/non-a-linitiative-pour-largent-liquide-oui-au-contre-projet\/#breadcrumb","itemListElement":[{"@type":"ListItem","position":1,"name":"","item":"https:\/\/swissbaker.ch\/fr\/"},{"@type":"ListItem","position":2,"name":"Association","item":"https:\/\/swissbaker.ch\/fr\/panissimo-news\/category\/association\/"},{"@type":"ListItem","position":3,"name":"Non \u00e0 l&#8217;initiative pour l&#8217;argent liquide, oui au contre-projet"}]},{"@type":"WebSite","@id":"https:\/\/swissbaker.ch\/fr\/#website","url":"https:\/\/swissbaker.ch\/fr\/","name":"SBC","description":"","publisher":{"@id":"https:\/\/swissbaker.ch\/fr\/#organization"},"potentialAction":[{"@type":"SearchAction","target":{"@type":"EntryPoint","urlTemplate":"https:\/\/swissbaker.ch\/fr\/?s={search_term_string}"},"query-input":{"@type":"PropertyValueSpecification","valueRequired":true,"valueName":"search_term_string"}}],"inLanguage":"fr-FR"},{"@type":"Organization","@id":"https:\/\/swissbaker.ch\/fr\/#organization","name":"Schweizerischer B\u00e4cker-Confiseurmeister-Verband","url":"https:\/\/swissbaker.ch\/fr\/","logo":{"@type":"ImageObject","inLanguage":"fr-FR","@id":"https:\/\/swissbaker.ch\/fr\/#\/schema\/logo\/image\/","url":"https:\/\/swissbaker.ch\/wp-content\/uploads\/2022\/04\/sbc-logo-yoast.jpg","contentUrl":"https:\/\/swissbaker.ch\/wp-content\/uploads\/2022\/04\/sbc-logo-yoast.jpg","width":512,"height":512,"caption":"Schweizerischer B\u00e4cker-Confiseurmeister-Verband"},"image":{"@id":"https:\/\/swissbaker.ch\/fr\/#\/schema\/logo\/image\/"},"sameAs":["https:\/\/www.facebook.com\/swissbaker.ch","https:\/\/x.com\/ch_swissbaker"]},{"@type":"Person","@id":"https:\/\/swissbaker.ch\/fr\/#\/schema\/person\/0c7464407782a0917d6e91a74206a176","name":"Elina Laich","image":{"@type":"ImageObject","inLanguage":"fr-FR","@id":"https:\/\/swissbaker.ch\/fr\/#\/schema\/person\/image\/","url":"https:\/\/secure.gravatar.com\/avatar\/f942ca5f8668781d3ded9592a21de46001e053aff264ff1c6deb97b59d3604b2?s=96&d=mm&r=g","contentUrl":"https:\/\/secure.gravatar.com\/avatar\/f942ca5f8668781d3ded9592a21de46001e053aff264ff1c6deb97b59d3604b2?s=96&d=mm&r=g","caption":"Elina Laich"},"url":"https:\/\/swissbaker.ch\/fr\/panissimo-news\/author\/elina-laich\/"}]}},"_links":{"self":[{"href":"https:\/\/swissbaker.ch\/fr\/wp-json\/wp\/v2\/posts\/158520","targetHints":{"allow":["GET"]}}],"collection":[{"href":"https:\/\/swissbaker.ch\/fr\/wp-json\/wp\/v2\/posts"}],"about":[{"href":"https:\/\/swissbaker.ch\/fr\/wp-json\/wp\/v2\/types\/post"}],"author":[{"embeddable":true,"href":"https:\/\/swissbaker.ch\/fr\/wp-json\/wp\/v2\/users\/4"}],"replies":[{"embeddable":true,"href":"https:\/\/swissbaker.ch\/fr\/wp-json\/wp\/v2\/comments?post=158520"}],"version-history":[{"count":0,"href":"https:\/\/swissbaker.ch\/fr\/wp-json\/wp\/v2\/posts\/158520\/revisions"}],"wp:featuredmedia":[{"embeddable":true,"href":"https:\/\/swissbaker.ch\/fr\/wp-json\/wp\/v2\/media\/116051"}],"wp:attachment":[{"href":"https:\/\/swissbaker.ch\/fr\/wp-json\/wp\/v2\/media?parent=158520"}],"wp:term":[{"taxonomy":"category","embeddable":true,"href":"https:\/\/swissbaker.ch\/fr\/wp-json\/wp\/v2\/categories?post=158520"},{"taxonomy":"post_tag","embeddable":true,"href":"https:\/\/swissbaker.ch\/fr\/wp-json\/wp\/v2\/tags?post=158520"}],"curies":[{"name":"wp","href":"https:\/\/api.w.org\/{rel}","templated":true}]}}