{"id":158359,"date":"2026-01-30T08:43:54","date_gmt":"2026-01-30T07:43:54","guid":{"rendered":"https:\/\/swissbaker.ch\/?p=158359"},"modified":"2026-02-05T15:24:17","modified_gmt":"2026-02-05T14:24:17","slug":"un-artisanat-pur-et-authentique","status":"publish","type":"post","link":"https:\/\/swissbaker.ch\/fr\/panissimo-news\/un-artisanat-pur-et-authentique\/","title":{"rendered":"Un artisanat pur et authentique"},"content":{"rendered":"\n<p><strong>Des pains simples \u00e0 la fabrication complexe et un artisanat sans artifices plut\u00f4t que des exp\u00e9riences aromatiques: telle est la philosophie commerciale couronn\u00e9e de succ\u00e8s de Daniel H\u00e4chler. Avec sa compagne Stefanie Wall, il dirige la boulangerie-p\u00e2tisserie H\u00e4chler \u00e0 Seengen (AG) en cinqui\u00e8me g\u00e9n\u00e9ration. En 2025, ils ont c\u00e9l\u00e9br\u00e9 leur 150e anniversaire.<\/strong><\/p>\n\n\n\n<p>Les croissants de la boulangerie-p\u00e2tisserie H\u00e4chler \u00e0 Seengen sont loin d\u2019\u00eatre les seuls produits connus bien au-del\u00e0 de la r\u00e9gion. \u00abJe souhaite faire d\u00e9couvrir aux gens un artisanat authentique \u00e0 travers nos produits. C\u2019est ainsi que nous nous d\u00e9marquons de la concurrence\u00bb, explique Daniel H\u00e4chler, le propri\u00e9taire, en d\u00e9voilant le secret de son succ\u00e8s.<\/p>\n\n\n\n<figure class=\"wp-block-image size-large\"><img decoding=\"async\" width=\"1024\" height=\"608\" src=\"https:\/\/swissbaker.ch\/wp-content\/uploads\/2026\/01\/baeckerei_haechler_2026-1024x608.jpg\" alt=\"\" class=\"wp-image-158348\" srcset=\"https:\/\/swissbaker.ch\/wp-content\/uploads\/2026\/01\/baeckerei_haechler_2026-1024x608.jpg 1024w, https:\/\/swissbaker.ch\/wp-content\/uploads\/2026\/01\/baeckerei_haechler_2026-768x456.jpg 768w, https:\/\/swissbaker.ch\/wp-content\/uploads\/2026\/01\/baeckerei_haechler_2026.jpg 1200w\" sizes=\"(max-width: 1024px) 100vw, 1024px\" \/><\/figure>\n\n\n\n<h2 class=\"wp-block-heading\" id=\"h-simplicite-et-artisanat\">Simplicit\u00e9 et artisanat<\/h2>\n\n\n\n<p>La philosophie de Daniel H\u00e4chler est le fil rouge de toute l\u2019entreprise. Quiconque recherche des cr\u00e9ations aux ar\u00f4mes exotiques ne trouvera pas son bonheur \u00e0 la boulangerie-p\u00e2tisserie H\u00e4chler. En revanche, les gourmets y d\u00e9couvriront un millefeuille parfait, un \u00e9clair savoureux ou encore un pain aromatique et digeste. Le tea-room de Seengen propose un assortiment vari\u00e9 (mais d\u00e9lib\u00e9r\u00e9ment sans brunch ni cuisine). Il n\u2019y a pas non plus de service traiteur ni de plateaux de viande. Tout \u00e0 fait dans l\u2019esprit \u00abkeep it simple and pure\u00bb.<\/p>\n\n\n\n<h2 class=\"wp-block-heading\" id=\"h-la-sixieme-generation\">La sixi\u00e8me g\u00e9n\u00e9ration<\/h2>\n\n\n\n<p>La boulangerie-p\u00e2tisserie H\u00e4chler a pu c\u00e9l\u00e9brer fi\u00e8rement ses 150 ans d\u2019existence en 2025. Il y a sept ans, Daniel H\u00e4chler en a repris la direction en sixi\u00e8me g\u00e9n\u00e9ration. D\u00e8s son plus jeune \u00e2ge, le petit Daniel, l\u2019un des quatre enfants de la famille, savait d\u00e9j\u00e0 qu\u2019il voulait devenir boulanger, comme le relate son p\u00e8re, Max H\u00e4chler, dans la publication anniversaire.<\/p>\n\n\n\n<h2 class=\"wp-block-heading\" id=\"h-histoire-de-l-entreprise\">Histoire de l&#8217;entreprise<\/h2>\n\n\n\n<p class=\"has-text-align-left\"><strong>1875: <\/strong>fondation de la boulangerie par Susanna et Ludwig H\u00e4chler II<\/p>\n\n\n\n<p class=\"has-text-align-left\"><strong>1918:<\/strong> reprise par Louise et Max H\u00e4chler I, introduction de la p\u00e2tisserie et de la confiserie<\/p>\n\n\n\n<p class=\"has-text-align-left\"><strong>1919:<\/strong> premi\u00e8re transformation: fournil agrandi, tea-room, boutique avec vitrine<\/p>\n\n\n\n<p class=\"has-text-align-left\"><strong>1948:<\/strong> reprise par Gertrud et Max H\u00e4chler II, perfectionnement des sp\u00e9cialit\u00e9s de pralin\u00e9s et chocolats<\/p>\n\n\n\n<p class=\"has-text-align-left\"><strong>1976:<\/strong> reprise par Heidi et Max H\u00e4chler III<\/p>\n\n\n\n<p class=\"has-text-align-left\"><strong>1987:<\/strong> extension commerciale, construction d\u2019un nouvel immeuble locatif et commercial \u00e0 l\u2019emplacement de l\u2019ancienne grange<\/p>\n\n\n\n<p class=\"has-text-align-left\"><strong>2002: <\/strong>reprise de la p\u00e2tisserie traditionnelle Wolleb \u00e0 Gr\u00e4nichen<\/p>\n\n\n\n<p class=\"has-text-align-left\"><strong>2019:<\/strong> reprise par Daniel H\u00e4chler<\/p>\n\n\n\n<p class=\"has-text-align-left\"><strong>2020:<\/strong> construction d\u2019un nouveau b\u00e2timent pour la production<\/p>\n\n\n\n<p class=\"has-text-align-left\"><strong>2021:<\/strong> transformation et r\u00e9ouverture du magasin de vente avec tea-room, arriv\u00e9e de Stefanie Wall, compagne de Daniel H\u00e4chler &#8230;<\/p>\n\n\n\n<p>&#8230; <em>L&#8217;article complet vous trouverez dans Panissimo du 30 janvier 2026<\/em>.<\/p>\n\n\n\n<p><strong><a href=\"https:\/\/swissbaker.ch\/fr\/panissimo-news\/galerie\/boulangerie-patisserie-hachler-a-seengen-ag\/\" type=\"link\" id=\"https:\/\/swissbaker.ch\/fr\/panissimo-news\/galerie\/boulangerie-patisserie-hachler-a-seengen-ag\/\">Galerie de photos&#8230;\u00bb<\/a><\/strong><\/p>\n\n\n\n<p><a href=\"http:\/\/beck-haechler.ch\" type=\"link\" id=\"beck-haechler.ch\" target=\"_blank\" rel=\"noreferrer noopener\"><strong>beck-haechler.ch<\/strong><\/a><\/p>\n\n\n\n<h2 class=\"wp-block-heading has-text-align-center\" id=\"h-questions-un-peu-differentes\">Questions un peu diff\u00e9rentes<\/h2>\n\n\n<div class=\"wp-block-image\">\n<figure class=\"aligncenter size-large is-resized\"><img decoding=\"async\" width=\"713\" height=\"1024\" src=\"https:\/\/swissbaker.ch\/wp-content\/uploads\/2026\/01\/backerei_haechler_c_cladia_vernocchi_2026-18-713x1024.jpeg\" alt=\"\" class=\"wp-image-158307\" style=\"aspect-ratio:0.6962950529496139;width:328px;height:auto\" srcset=\"https:\/\/swissbaker.ch\/wp-content\/uploads\/2026\/01\/backerei_haechler_c_cladia_vernocchi_2026-18-713x1024.jpeg 713w, https:\/\/swissbaker.ch\/wp-content\/uploads\/2026\/01\/backerei_haechler_c_cladia_vernocchi_2026-18-768x1103.jpeg 768w, https:\/\/swissbaker.ch\/wp-content\/uploads\/2026\/01\/backerei_haechler_c_cladia_vernocchi_2026-18-1070x1536.jpeg 1070w, https:\/\/swissbaker.ch\/wp-content\/uploads\/2026\/01\/backerei_haechler_c_cladia_vernocchi_2026-18.jpeg 1200w\" sizes=\"(max-width: 713px) 100vw, 713px\" \/><\/figure>\n<\/div>\n\n\n<div style=\"height:25px\" aria-hidden=\"true\" class=\"wp-block-spacer\"><\/div>\n\n\n\n<p class=\"has-text-align-center\">Pain blanc ou pain complet: <strong>pain blanc<\/strong><br>Chocolat noir ou au lait: <strong>chocolat au lait<\/strong><br>Sal\u00e9 ou sucr\u00e9: <strong>sucr\u00e9<\/strong><br>Caf\u00e9 ou th\u00e9: <strong>caf\u00e9<\/strong><br>Vin ou bi\u00e8re: <strong>bi\u00e8re<\/strong><br>Eau plate ou gazeuse: <strong>gazeuse<\/strong><br>Montagne ou mer: <strong>montagne<\/strong><br>Polar ou romance: <strong>polar<\/strong><br>Musique rock ou classique: <strong>rock<\/strong><br>Produit pr\u00e9f\u00e9r\u00e9 en boulangerie: <strong>croissant<\/strong><br>Produit pr\u00e9f\u00e9r\u00e9 en p\u00e2tisserie: <strong>\u00e9clair<\/strong><br>Produit pr\u00e9f\u00e9r\u00e9 en confiserie: <strong>florentin<\/strong><\/p>\n\n\n\n<p class=\"has-text-align-right\"><em>Texte et photos Claudia Vernocchi<\/em><\/p>\n","protected":false},"excerpt":{"rendered":"<p>Des pains simples \u00e0 la fabrication complexe et un artisanat sans artifices plut\u00f4t que des exp\u00e9riences aromatiques\u2009:<br \/>\ntelle est la philosophie commerciale couronn\u00e9e de succ\u00e8s de Daniel H\u00e4chler. Avec sa compagne Stefanie Wall, il dirige la boulangerie-p\u00e2tisserie H\u00e4chler \u00e0 Seengen (AG) en cinqui\u00e8me g\u00e9n\u00e9ration. En 2025, ils ont c\u00e9l\u00e9br\u00e9 leur 150e anniversaire.<\/p>\n","protected":false},"author":5,"featured_media":158353,"comment_status":"closed","ping_status":"closed","sticky":true,"template":"","format":"standard","meta":{"_acf_changed":false,"footnotes":""},"categories":[42],"tags":[],"class_list":["post-158359","post","type-post","status-publish","format-standard","has-post-thumbnail","hentry","category-boulangeries-confiseries"],"acf":[],"yoast_head":"<!-- This site is optimized with the Yoast SEO Premium plugin v26.8 (Yoast SEO v26.8) - https:\/\/yoast.com\/product\/yoast-seo-premium-wordpress\/ -->\n<title>Un artisanat pur et authentique | SBC<\/title>\n<meta name=\"description\" content=\"Avec sa compagne Stefanie Wall, Daniel H\u00e4chler dirige la boulangerie-p\u00e2tisserie H\u00e4chler \u00e0 Seengen (AG) en cinqui\u00e8me g\u00e9n\u00e9ration.\" \/>\n<meta name=\"robots\" content=\"index, follow, max-snippet:-1, max-image-preview:large, max-video-preview:-1\" \/>\n<link rel=\"canonical\" href=\"https:\/\/swissbaker.ch\/fr\/panissimo-news\/un-artisanat-pur-et-authentique\/\" \/>\n<meta property=\"og:locale\" content=\"fr_FR\" \/>\n<meta property=\"og:type\" content=\"article\" \/>\n<meta property=\"og:title\" content=\"Un artisanat pur et authentique\" \/>\n<meta property=\"og:description\" content=\"Avec sa compagne Stefanie Wall, Daniel H\u00e4chler dirige la boulangerie-p\u00e2tisserie H\u00e4chler \u00e0 Seengen (AG) en cinqui\u00e8me g\u00e9n\u00e9ration.\" \/>\n<meta property=\"og:url\" content=\"https:\/\/swissbaker.ch\/fr\/panissimo-news\/un-artisanat-pur-et-authentique\/\" \/>\n<meta property=\"og:site_name\" content=\"SBC\" \/>\n<meta property=\"article:publisher\" content=\"https:\/\/www.facebook.com\/swissbaker.ch\" \/>\n<meta property=\"article:published_time\" content=\"2026-01-30T07:43:54+00:00\" \/>\n<meta property=\"article:modified_time\" content=\"2026-02-05T14:24:17+00:00\" \/>\n<meta property=\"og:image\" content=\"https:\/\/swissbaker.ch\/wp-content\/uploads\/2026\/01\/baeckerei_haechler_2026_3.jpg\" \/>\n\t<meta property=\"og:image:width\" content=\"1200\" \/>\n\t<meta property=\"og:image:height\" content=\"712\" \/>\n\t<meta property=\"og:image:type\" content=\"image\/jpeg\" \/>\n<meta name=\"author\" content=\"Simon Nussbaum\" \/>\n<meta name=\"twitter:card\" content=\"summary_large_image\" \/>\n<meta name=\"twitter:creator\" content=\"@ch_swissbaker\" \/>\n<meta name=\"twitter:site\" content=\"@ch_swissbaker\" \/>\n<meta name=\"twitter:label1\" content=\"Written by\" \/>\n\t<meta name=\"twitter:data1\" content=\"Simon Nussbaum\" \/>\n\t<meta name=\"twitter:label2\" content=\"Est. reading time\" \/>\n\t<meta name=\"twitter:data2\" content=\"3 minutes\" \/>\n<script type=\"application\/ld+json\" class=\"yoast-schema-graph\">{\"@context\":\"https:\/\/schema.org\",\"@graph\":[{\"@type\":\"Article\",\"@id\":\"https:\/\/swissbaker.ch\/fr\/panissimo-news\/un-artisanat-pur-et-authentique\/#article\",\"isPartOf\":{\"@id\":\"https:\/\/swissbaker.ch\/fr\/panissimo-news\/un-artisanat-pur-et-authentique\/\"},\"author\":{\"name\":\"Simon Nussbaum\",\"@id\":\"https:\/\/swissbaker.ch\/fr\/#\/schema\/person\/74bd327b08c18ca6042c02ff6f0ed5e2\"},\"headline\":\"Un artisanat pur et authentique\",\"datePublished\":\"2026-01-30T07:43:54+00:00\",\"dateModified\":\"2026-02-05T14:24:17+00:00\",\"mainEntityOfPage\":{\"@id\":\"https:\/\/swissbaker.ch\/fr\/panissimo-news\/un-artisanat-pur-et-authentique\/\"},\"wordCount\":526,\"publisher\":{\"@id\":\"https:\/\/swissbaker.ch\/fr\/#organization\"},\"image\":{\"@id\":\"https:\/\/swissbaker.ch\/fr\/panissimo-news\/un-artisanat-pur-et-authentique\/#primaryimage\"},\"thumbnailUrl\":\"https:\/\/swissbaker.ch\/wp-content\/uploads\/2026\/01\/baeckerei_haechler_2026_3.jpg\",\"articleSection\":[\"Boulangeries\/Confiseries\"],\"inLanguage\":\"fr-FR\"},{\"@type\":\"WebPage\",\"@id\":\"https:\/\/swissbaker.ch\/fr\/panissimo-news\/un-artisanat-pur-et-authentique\/\",\"url\":\"https:\/\/swissbaker.ch\/fr\/panissimo-news\/un-artisanat-pur-et-authentique\/\",\"name\":\"Un artisanat pur et authentique | SBC\",\"isPartOf\":{\"@id\":\"https:\/\/swissbaker.ch\/fr\/#website\"},\"primaryImageOfPage\":{\"@id\":\"https:\/\/swissbaker.ch\/fr\/panissimo-news\/un-artisanat-pur-et-authentique\/#primaryimage\"},\"image\":{\"@id\":\"https:\/\/swissbaker.ch\/fr\/panissimo-news\/un-artisanat-pur-et-authentique\/#primaryimage\"},\"thumbnailUrl\":\"https:\/\/swissbaker.ch\/wp-content\/uploads\/2026\/01\/baeckerei_haechler_2026_3.jpg\",\"datePublished\":\"2026-01-30T07:43:54+00:00\",\"dateModified\":\"2026-02-05T14:24:17+00:00\",\"description\":\"Avec sa compagne Stefanie Wall, Daniel H\u00e4chler dirige la boulangerie-p\u00e2tisserie H\u00e4chler \u00e0 Seengen (AG) en cinqui\u00e8me g\u00e9n\u00e9ration.\",\"breadcrumb\":{\"@id\":\"https:\/\/swissbaker.ch\/fr\/panissimo-news\/un-artisanat-pur-et-authentique\/#breadcrumb\"},\"inLanguage\":\"fr-FR\",\"potentialAction\":[{\"@type\":\"ReadAction\",\"target\":[\"https:\/\/swissbaker.ch\/fr\/panissimo-news\/un-artisanat-pur-et-authentique\/\"]}]},{\"@type\":\"ImageObject\",\"inLanguage\":\"fr-FR\",\"@id\":\"https:\/\/swissbaker.ch\/fr\/panissimo-news\/un-artisanat-pur-et-authentique\/#primaryimage\",\"url\":\"https:\/\/swissbaker.ch\/wp-content\/uploads\/2026\/01\/baeckerei_haechler_2026_3.jpg\",\"contentUrl\":\"https:\/\/swissbaker.ch\/wp-content\/uploads\/2026\/01\/baeckerei_haechler_2026_3.jpg\",\"width\":1200,\"height\":712},{\"@type\":\"BreadcrumbList\",\"@id\":\"https:\/\/swissbaker.ch\/fr\/panissimo-news\/un-artisanat-pur-et-authentique\/#breadcrumb\",\"itemListElement\":[{\"@type\":\"ListItem\",\"position\":1,\"name\":\"\",\"item\":\"https:\/\/swissbaker.ch\/fr\/\"},{\"@type\":\"ListItem\",\"position\":2,\"name\":\"Boulangeries\/Confiseries\",\"item\":\"https:\/\/swissbaker.ch\/fr\/panissimo-news\/category\/boulangeries-confiseries\/\"},{\"@type\":\"ListItem\",\"position\":3,\"name\":\"Un artisanat pur et authentique\"}]},{\"@type\":\"WebSite\",\"@id\":\"https:\/\/swissbaker.ch\/fr\/#website\",\"url\":\"https:\/\/swissbaker.ch\/fr\/\",\"name\":\"SBC\",\"description\":\"\",\"publisher\":{\"@id\":\"https:\/\/swissbaker.ch\/fr\/#organization\"},\"potentialAction\":[{\"@type\":\"SearchAction\",\"target\":{\"@type\":\"EntryPoint\",\"urlTemplate\":\"https:\/\/swissbaker.ch\/fr\/?s={search_term_string}\"},\"query-input\":{\"@type\":\"PropertyValueSpecification\",\"valueRequired\":true,\"valueName\":\"search_term_string\"}}],\"inLanguage\":\"fr-FR\"},{\"@type\":\"Organization\",\"@id\":\"https:\/\/swissbaker.ch\/fr\/#organization\",\"name\":\"Schweizerischer B\u00e4cker-Confiseurmeister-Verband\",\"url\":\"https:\/\/swissbaker.ch\/fr\/\",\"logo\":{\"@type\":\"ImageObject\",\"inLanguage\":\"fr-FR\",\"@id\":\"https:\/\/swissbaker.ch\/fr\/#\/schema\/logo\/image\/\",\"url\":\"https:\/\/swissbaker.ch\/wp-content\/uploads\/2022\/04\/sbc-logo-yoast.jpg\",\"contentUrl\":\"https:\/\/swissbaker.ch\/wp-content\/uploads\/2022\/04\/sbc-logo-yoast.jpg\",\"width\":512,\"height\":512,\"caption\":\"Schweizerischer B\u00e4cker-Confiseurmeister-Verband\"},\"image\":{\"@id\":\"https:\/\/swissbaker.ch\/fr\/#\/schema\/logo\/image\/\"},\"sameAs\":[\"https:\/\/www.facebook.com\/swissbaker.ch\",\"https:\/\/x.com\/ch_swissbaker\"]},{\"@type\":\"Person\",\"@id\":\"https:\/\/swissbaker.ch\/fr\/#\/schema\/person\/74bd327b08c18ca6042c02ff6f0ed5e2\",\"name\":\"Simon Nussbaum\",\"image\":{\"@type\":\"ImageObject\",\"inLanguage\":\"fr-FR\",\"@id\":\"https:\/\/swissbaker.ch\/fr\/#\/schema\/person\/image\/\",\"url\":\"https:\/\/secure.gravatar.com\/avatar\/df0eced3bb556c806cb760cf503ade1ed1df25b4104d80d6fd28d93a9509aa12?s=96&d=mm&r=g\",\"contentUrl\":\"https:\/\/secure.gravatar.com\/avatar\/df0eced3bb556c806cb760cf503ade1ed1df25b4104d80d6fd28d93a9509aa12?s=96&d=mm&r=g\",\"caption\":\"Simon Nussbaum\"},\"url\":\"https:\/\/swissbaker.ch\/fr\/panissimo-news\/author\/simon-nussbaum\/\"}]}<\/script>\n<!-- \/ Yoast SEO Premium plugin. -->","yoast_head_json":{"title":"Un artisanat pur et authentique | SBC","description":"Avec sa compagne Stefanie Wall, Daniel H\u00e4chler dirige la boulangerie-p\u00e2tisserie H\u00e4chler \u00e0 Seengen (AG) en cinqui\u00e8me g\u00e9n\u00e9ration.","robots":{"index":"index","follow":"follow","max-snippet":"max-snippet:-1","max-image-preview":"max-image-preview:large","max-video-preview":"max-video-preview:-1"},"canonical":"https:\/\/swissbaker.ch\/fr\/panissimo-news\/un-artisanat-pur-et-authentique\/","og_locale":"fr_FR","og_type":"article","og_title":"Un artisanat pur et authentique","og_description":"Avec sa compagne Stefanie Wall, Daniel H\u00e4chler dirige la boulangerie-p\u00e2tisserie H\u00e4chler \u00e0 Seengen (AG) en cinqui\u00e8me g\u00e9n\u00e9ration.","og_url":"https:\/\/swissbaker.ch\/fr\/panissimo-news\/un-artisanat-pur-et-authentique\/","og_site_name":"SBC","article_publisher":"https:\/\/www.facebook.com\/swissbaker.ch","article_published_time":"2026-01-30T07:43:54+00:00","article_modified_time":"2026-02-05T14:24:17+00:00","og_image":[{"width":1200,"height":712,"url":"https:\/\/swissbaker.ch\/wp-content\/uploads\/2026\/01\/baeckerei_haechler_2026_3.jpg","type":"image\/jpeg"}],"author":"Simon Nussbaum","twitter_card":"summary_large_image","twitter_creator":"@ch_swissbaker","twitter_site":"@ch_swissbaker","twitter_misc":{"Written by":"Simon Nussbaum","Est. reading time":"3 minutes"},"schema":{"@context":"https:\/\/schema.org","@graph":[{"@type":"Article","@id":"https:\/\/swissbaker.ch\/fr\/panissimo-news\/un-artisanat-pur-et-authentique\/#article","isPartOf":{"@id":"https:\/\/swissbaker.ch\/fr\/panissimo-news\/un-artisanat-pur-et-authentique\/"},"author":{"name":"Simon Nussbaum","@id":"https:\/\/swissbaker.ch\/fr\/#\/schema\/person\/74bd327b08c18ca6042c02ff6f0ed5e2"},"headline":"Un artisanat pur et authentique","datePublished":"2026-01-30T07:43:54+00:00","dateModified":"2026-02-05T14:24:17+00:00","mainEntityOfPage":{"@id":"https:\/\/swissbaker.ch\/fr\/panissimo-news\/un-artisanat-pur-et-authentique\/"},"wordCount":526,"publisher":{"@id":"https:\/\/swissbaker.ch\/fr\/#organization"},"image":{"@id":"https:\/\/swissbaker.ch\/fr\/panissimo-news\/un-artisanat-pur-et-authentique\/#primaryimage"},"thumbnailUrl":"https:\/\/swissbaker.ch\/wp-content\/uploads\/2026\/01\/baeckerei_haechler_2026_3.jpg","articleSection":["Boulangeries\/Confiseries"],"inLanguage":"fr-FR"},{"@type":"WebPage","@id":"https:\/\/swissbaker.ch\/fr\/panissimo-news\/un-artisanat-pur-et-authentique\/","url":"https:\/\/swissbaker.ch\/fr\/panissimo-news\/un-artisanat-pur-et-authentique\/","name":"Un artisanat pur et authentique | SBC","isPartOf":{"@id":"https:\/\/swissbaker.ch\/fr\/#website"},"primaryImageOfPage":{"@id":"https:\/\/swissbaker.ch\/fr\/panissimo-news\/un-artisanat-pur-et-authentique\/#primaryimage"},"image":{"@id":"https:\/\/swissbaker.ch\/fr\/panissimo-news\/un-artisanat-pur-et-authentique\/#primaryimage"},"thumbnailUrl":"https:\/\/swissbaker.ch\/wp-content\/uploads\/2026\/01\/baeckerei_haechler_2026_3.jpg","datePublished":"2026-01-30T07:43:54+00:00","dateModified":"2026-02-05T14:24:17+00:00","description":"Avec sa compagne Stefanie Wall, Daniel H\u00e4chler dirige la boulangerie-p\u00e2tisserie H\u00e4chler \u00e0 Seengen (AG) en cinqui\u00e8me g\u00e9n\u00e9ration.","breadcrumb":{"@id":"https:\/\/swissbaker.ch\/fr\/panissimo-news\/un-artisanat-pur-et-authentique\/#breadcrumb"},"inLanguage":"fr-FR","potentialAction":[{"@type":"ReadAction","target":["https:\/\/swissbaker.ch\/fr\/panissimo-news\/un-artisanat-pur-et-authentique\/"]}]},{"@type":"ImageObject","inLanguage":"fr-FR","@id":"https:\/\/swissbaker.ch\/fr\/panissimo-news\/un-artisanat-pur-et-authentique\/#primaryimage","url":"https:\/\/swissbaker.ch\/wp-content\/uploads\/2026\/01\/baeckerei_haechler_2026_3.jpg","contentUrl":"https:\/\/swissbaker.ch\/wp-content\/uploads\/2026\/01\/baeckerei_haechler_2026_3.jpg","width":1200,"height":712},{"@type":"BreadcrumbList","@id":"https:\/\/swissbaker.ch\/fr\/panissimo-news\/un-artisanat-pur-et-authentique\/#breadcrumb","itemListElement":[{"@type":"ListItem","position":1,"name":"","item":"https:\/\/swissbaker.ch\/fr\/"},{"@type":"ListItem","position":2,"name":"Boulangeries\/Confiseries","item":"https:\/\/swissbaker.ch\/fr\/panissimo-news\/category\/boulangeries-confiseries\/"},{"@type":"ListItem","position":3,"name":"Un artisanat pur et authentique"}]},{"@type":"WebSite","@id":"https:\/\/swissbaker.ch\/fr\/#website","url":"https:\/\/swissbaker.ch\/fr\/","name":"SBC","description":"","publisher":{"@id":"https:\/\/swissbaker.ch\/fr\/#organization"},"potentialAction":[{"@type":"SearchAction","target":{"@type":"EntryPoint","urlTemplate":"https:\/\/swissbaker.ch\/fr\/?s={search_term_string}"},"query-input":{"@type":"PropertyValueSpecification","valueRequired":true,"valueName":"search_term_string"}}],"inLanguage":"fr-FR"},{"@type":"Organization","@id":"https:\/\/swissbaker.ch\/fr\/#organization","name":"Schweizerischer B\u00e4cker-Confiseurmeister-Verband","url":"https:\/\/swissbaker.ch\/fr\/","logo":{"@type":"ImageObject","inLanguage":"fr-FR","@id":"https:\/\/swissbaker.ch\/fr\/#\/schema\/logo\/image\/","url":"https:\/\/swissbaker.ch\/wp-content\/uploads\/2022\/04\/sbc-logo-yoast.jpg","contentUrl":"https:\/\/swissbaker.ch\/wp-content\/uploads\/2022\/04\/sbc-logo-yoast.jpg","width":512,"height":512,"caption":"Schweizerischer B\u00e4cker-Confiseurmeister-Verband"},"image":{"@id":"https:\/\/swissbaker.ch\/fr\/#\/schema\/logo\/image\/"},"sameAs":["https:\/\/www.facebook.com\/swissbaker.ch","https:\/\/x.com\/ch_swissbaker"]},{"@type":"Person","@id":"https:\/\/swissbaker.ch\/fr\/#\/schema\/person\/74bd327b08c18ca6042c02ff6f0ed5e2","name":"Simon Nussbaum","image":{"@type":"ImageObject","inLanguage":"fr-FR","@id":"https:\/\/swissbaker.ch\/fr\/#\/schema\/person\/image\/","url":"https:\/\/secure.gravatar.com\/avatar\/df0eced3bb556c806cb760cf503ade1ed1df25b4104d80d6fd28d93a9509aa12?s=96&d=mm&r=g","contentUrl":"https:\/\/secure.gravatar.com\/avatar\/df0eced3bb556c806cb760cf503ade1ed1df25b4104d80d6fd28d93a9509aa12?s=96&d=mm&r=g","caption":"Simon Nussbaum"},"url":"https:\/\/swissbaker.ch\/fr\/panissimo-news\/author\/simon-nussbaum\/"}]}},"_links":{"self":[{"href":"https:\/\/swissbaker.ch\/fr\/wp-json\/wp\/v2\/posts\/158359","targetHints":{"allow":["GET"]}}],"collection":[{"href":"https:\/\/swissbaker.ch\/fr\/wp-json\/wp\/v2\/posts"}],"about":[{"href":"https:\/\/swissbaker.ch\/fr\/wp-json\/wp\/v2\/types\/post"}],"author":[{"embeddable":true,"href":"https:\/\/swissbaker.ch\/fr\/wp-json\/wp\/v2\/users\/5"}],"replies":[{"embeddable":true,"href":"https:\/\/swissbaker.ch\/fr\/wp-json\/wp\/v2\/comments?post=158359"}],"version-history":[{"count":0,"href":"https:\/\/swissbaker.ch\/fr\/wp-json\/wp\/v2\/posts\/158359\/revisions"}],"wp:featuredmedia":[{"embeddable":true,"href":"https:\/\/swissbaker.ch\/fr\/wp-json\/wp\/v2\/media\/158353"}],"wp:attachment":[{"href":"https:\/\/swissbaker.ch\/fr\/wp-json\/wp\/v2\/media?parent=158359"}],"wp:term":[{"taxonomy":"category","embeddable":true,"href":"https:\/\/swissbaker.ch\/fr\/wp-json\/wp\/v2\/categories?post=158359"},{"taxonomy":"post_tag","embeddable":true,"href":"https:\/\/swissbaker.ch\/fr\/wp-json\/wp\/v2\/tags?post=158359"}],"curies":[{"name":"wp","href":"https:\/\/api.w.org\/{rel}","templated":true}]}}