{"id":158200,"date":"2026-01-29T10:43:39","date_gmt":"2026-01-29T09:43:39","guid":{"rendered":"https:\/\/swissbaker.ch\/?p=158200"},"modified":"2026-01-29T11:38:22","modified_gmt":"2026-01-29T10:38:22","slug":"qui-remportera-la-couronne-boulangere-2026-participez-des-maintenant","status":"publish","type":"post","link":"https:\/\/swissbaker.ch\/fr\/panissimo-news\/qui-remportera-la-couronne-boulangere-2026-participez-des-maintenant\/","title":{"rendered":"Qui remportera la Couronne boulang\u00e8re 2026? \u2013 Participez d\u00e8s maintenant!"},"content":{"rendered":"\n<p><strong>Innovation, passion et audace pour de nouvelles id\u00e9es: voici ce que repr\u00e9sente la Couronne boulang\u00e8re. Cette ann\u00e9e aussi, nous recherchons un boulanger particuli\u00e8rement cr\u00e9atif, une confiseuse engag\u00e9e ou une exploitation hors du commun. Le gagnant ou la gagnante remportera le titre tr\u00e8s convoit\u00e9 de \u00abRoi de la boulangerie\u00bb ou \u00abReine de la boulangerie\u00bb ainsi qu\u2019un prix de 15 000 francs.<\/strong><\/p>\n\n\n\n<p>Le coup d\u2019envoi de la Couronne boulang\u00e8re 2026 a \u00e9t\u00e9 donn\u00e9. Depuis 2013, cette couronne r\u00e9compense des performances exceptionnelles sur le plan technique, social, \u00e9conomique ou \u00e9cologique. Treize personnalit\u00e9s et exploitations innovantes ont d\u00e9j\u00e0 eu l\u2019honneur de porter la couronne. Le prochain chapitre est d\u00e9sormais en cours d\u2019\u00e9criture: qui succ\u00e9dera au porteur actuel du titre, Ackermann Artisan Boulanger (VD), et posera de nouveaux jalons dans le domaine de la boulangerie et de la confiserie artisanal ?<\/p>\n\n\n\n<h2 class=\"wp-block-heading\" id=\"h-quelle-est-votre-particularite-votre-engagement-ou-votre-specialite\">Quelle est votre particularit\u00e9, votre engagement ou votre sp\u00e9cialit\u00e9?<\/h2>\n\n\n\n<p>L\u2019Union suisse de la levure (SHV) d\u00e9cerne la Couronne boulang\u00e8re en collaboration avec l\u2019Association suisse des patrons boulangers-confiseurs (BCS). Tous les membres de la BCS peuvent participer, \u00e0 titre individuel ou en tant qu\u2019entreprise. Nous ne recherchons pas des dossiers de candidature parfaits, mais des histoires authentiques: des id\u00e9es audacieuses, des produits particuliers, des projets durables, un engagement social ou des mesures hors du commun en faveur des employ\u00e9s et de la branche.<\/p>\n\n\n\n<h2 class=\"wp-block-heading\" id=\"h-postulez-vous-meme-ou-encouragez-votre-clientele-a-le-faire\">Postulez vous-m\u00eame ou encouragez votre client\u00e8le \u00e0 le faire<\/h2>\n\n\n\n<p>La participation est volontairement simple. Texte, photos, vid\u00e9o ou un m\u00e9lange des trois: tout est permis. Parlez-nous par exemple de l\u2019un de points suivants:<\/p>\n\n\n\n<ul class=\"wp-block-list\">\n<li>Cr\u00e9ations de produits sp\u00e9ciaux<\/li>\n\n\n\n<li>D\u00e9veloppement d\u2019entreprise innovant<\/li>\n\n\n\n<li>Engagement environnemental durable<\/li>\n\n\n\n<li>Promotion exceptionnelle des collaborateurs<\/li>\n\n\n\n<li>Responsabilit\u00e9 sociale<\/li>\n\n\n\n<li>D\u00e9veloppement professionnel du secteur artisanal au niveau national<\/li>\n<\/ul>\n\n\n\n<p>Vous pr\u00e9f\u00e9rez en laisser le soin \u00e0 vos clients ? Ce sont en effet souvent eux qui savent ce qui rend votre exploitation vraiment sp\u00e9ciale. Alors encouragez votre client\u00e8le \u00e0 vous nominer, vous ou votre entreprise, en ligne sur <a href=\"http:\/\/www.couronneboulangere.ch\" type=\"link\" id=\"www.couronneboulangere.ch\">www.couronneboulangere.ch<\/a>.<\/p>\n\n\n\n<h2 class=\"wp-block-heading\" id=\"h-gagnez-en-notoriete-remportez-les-prix-et-la-couronne\">Gagnez en notori\u00e9t\u00e9, remportez les prix et la couronne<\/h2>\n\n\n\n<p>L\u2019engagement et l\u2019esprit d\u2019innovation sont largement r\u00e9compens\u00e9s: outre le prix en argent, le gagnant ou la gagnante b\u00e9n\u00e9ficie d\u2019une attention nationale et peut porter le titre prestigieux pendant toute une ann\u00e9e. Dans le m\u00eame temps, la SHV et la BCS envoient un signal fort en faveur de la qualit\u00e9, de la cr\u00e9ativit\u00e9 et de la viabilit\u00e9 dans le secteur artisanal \u2013 une situation gagnant-gagnant classique.<\/p>\n\n\n\n<h2 class=\"wp-block-heading\" id=\"h-inscrivez-vous-des-aujourd-hui-au-plus-tard-jusqu-au-25-mars-2026\">Inscrivez-vous d\u00e8s aujourd&#8217;hui, au plus tard jusqu&#8217;au 25 mars 2026<\/h2>\n\n\n\n<p>C\u2019est le moment de vous manifester : envoyez votre dossier au jury :<br>Schweizerischer Hefeverband SHV, Thunstrasse 82, case postale 1009,3000 Berne 6 ou par e-mail \u00e0 <a href=\"mailto:info@baeckerkrone.ch\">info@baeckerkrone.ch<\/a>. Vous pouvez \u00e9galement remplir le formulaire de nomination disponible sur www.baeckerkone.ch ou encourager vos clients \u00e0 le faire. <\/p>\n\n\n\n<p>La date limite d\u2019inscription est fix\u00e9e au 25 mars 2026. Ensuite, ce sera au jury de jouer. Il est compos\u00e9 de trois repr\u00e9sentants de l\u2019Union suisse de la levure et de trois repr\u00e9sentants de la BCS, et \u00e9lira le nouveau Roi ou la nouvelle Reine de la boulangerie. Le couronnement officiel aura lieu lors du congr\u00e8s de la BCS le 9 juin 2026.<\/p>\n\n\n\n<p><strong>Toutes les informations et le formulaire de nomination: <a href=\"http:\/\/couronneboulangere.ch\" type=\"link\" id=\"couronneboulangere.ch\">couronneboulangere.ch<\/a><\/strong><\/p>\n","protected":false},"excerpt":{"rendered":"<p>Innovation, passion et audace pour de nouvelles id\u00e9es: voici ce que repr\u00e9sente la Couronne boulang\u00e8re. Cette ann\u00e9e aussi, nous recherchons un boulanger particuli\u00e8rement cr\u00e9atif, une confiseuse engag\u00e9e ou une exploitation hors du commun. Le gagnant ou la gagnante remportera le titre tr\u00e8s convoit\u00e9 de \u00abRoi de la boulangerie\u00bb ou \u00abReine de la boulangerie\u00bb ainsi qu\u2019un prix de 15 000 francs.<\/p>\n","protected":false},"author":5,"featured_media":158205,"comment_status":"closed","ping_status":"closed","sticky":true,"template":"","format":"standard","meta":{"_acf_changed":false,"footnotes":""},"categories":[41],"tags":[],"class_list":["post-158200","post","type-post","status-publish","format-standard","has-post-thumbnail","hentry","category-association"],"acf":[],"yoast_head":"<!-- This site is optimized with the Yoast SEO Premium plugin v26.8 (Yoast SEO v26.8) - https:\/\/yoast.com\/product\/yoast-seo-premium-wordpress\/ -->\n<title>Qui remportera la Couronne boulang\u00e8re 2026? \u2013 Participez d\u00e8s maintenant! | SBC<\/title>\n<meta name=\"robots\" content=\"index, follow, max-snippet:-1, max-image-preview:large, max-video-preview:-1\" \/>\n<link rel=\"canonical\" href=\"https:\/\/swissbaker.ch\/fr\/panissimo-news\/qui-remportera-la-couronne-boulangere-2026-participez-des-maintenant\/\" \/>\n<meta property=\"og:locale\" content=\"fr_FR\" \/>\n<meta property=\"og:type\" content=\"article\" \/>\n<meta property=\"og:title\" content=\"Qui remportera la Couronne boulang\u00e8re 2026? \u2013 Participez d\u00e8s maintenant!\" \/>\n<meta property=\"og:description\" content=\"Innovation, passion et audace pour de nouvelles id\u00e9es: voici ce que repr\u00e9sente la Couronne boulang\u00e8re. Cette ann\u00e9e aussi, nous recherchons un boulanger particuli\u00e8rement cr\u00e9atif, une confiseuse engag\u00e9e ou une exploitation hors du commun. Le gagnant ou la gagnante remportera le titre tr\u00e8s convoit\u00e9 de \u00abRoi de la boulangerie\u00bb ou \u00abReine de la boulangerie\u00bb ainsi qu\u2019un prix de 15 000 francs.\" \/>\n<meta property=\"og:url\" content=\"https:\/\/swissbaker.ch\/fr\/panissimo-news\/qui-remportera-la-couronne-boulangere-2026-participez-des-maintenant\/\" \/>\n<meta property=\"og:site_name\" content=\"SBC\" \/>\n<meta property=\"article:publisher\" content=\"https:\/\/www.facebook.com\/swissbaker.ch\" \/>\n<meta property=\"article:published_time\" content=\"2026-01-29T09:43:39+00:00\" \/>\n<meta property=\"article:modified_time\" content=\"2026-01-29T10:38:22+00:00\" \/>\n<meta property=\"og:image\" content=\"https:\/\/swissbaker.ch\/wp-content\/uploads\/2026\/01\/baeckerkrone_2026_fr.jpg\" \/>\n\t<meta property=\"og:image:width\" content=\"1200\" \/>\n\t<meta property=\"og:image:height\" content=\"712\" \/>\n\t<meta property=\"og:image:type\" content=\"image\/jpeg\" \/>\n<meta name=\"author\" content=\"Simon Nussbaum\" \/>\n<meta name=\"twitter:card\" content=\"summary_large_image\" \/>\n<meta name=\"twitter:creator\" content=\"@ch_swissbaker\" \/>\n<meta name=\"twitter:site\" content=\"@ch_swissbaker\" \/>\n<meta name=\"twitter:label1\" content=\"Written by\" \/>\n\t<meta name=\"twitter:data1\" content=\"Simon Nussbaum\" \/>\n\t<meta name=\"twitter:label2\" content=\"Est. reading time\" \/>\n\t<meta name=\"twitter:data2\" content=\"3 minutes\" \/>\n<script type=\"application\/ld+json\" class=\"yoast-schema-graph\">{\"@context\":\"https:\/\/schema.org\",\"@graph\":[{\"@type\":\"Article\",\"@id\":\"https:\/\/swissbaker.ch\/fr\/panissimo-news\/qui-remportera-la-couronne-boulangere-2026-participez-des-maintenant\/#article\",\"isPartOf\":{\"@id\":\"https:\/\/swissbaker.ch\/fr\/panissimo-news\/qui-remportera-la-couronne-boulangere-2026-participez-des-maintenant\/\"},\"author\":{\"name\":\"Simon Nussbaum\",\"@id\":\"https:\/\/swissbaker.ch\/fr\/#\/schema\/person\/74bd327b08c18ca6042c02ff6f0ed5e2\"},\"headline\":\"Qui remportera la Couronne boulang\u00e8re 2026? \u2013 Participez d\u00e8s maintenant!\",\"datePublished\":\"2026-01-29T09:43:39+00:00\",\"dateModified\":\"2026-01-29T10:38:22+00:00\",\"mainEntityOfPage\":{\"@id\":\"https:\/\/swissbaker.ch\/fr\/panissimo-news\/qui-remportera-la-couronne-boulangere-2026-participez-des-maintenant\/\"},\"wordCount\":572,\"publisher\":{\"@id\":\"https:\/\/swissbaker.ch\/fr\/#organization\"},\"image\":{\"@id\":\"https:\/\/swissbaker.ch\/fr\/panissimo-news\/qui-remportera-la-couronne-boulangere-2026-participez-des-maintenant\/#primaryimage\"},\"thumbnailUrl\":\"https:\/\/swissbaker.ch\/wp-content\/uploads\/2026\/01\/baeckerkrone_2026_fr.jpg\",\"articleSection\":[\"Association\"],\"inLanguage\":\"fr-FR\"},{\"@type\":\"WebPage\",\"@id\":\"https:\/\/swissbaker.ch\/fr\/panissimo-news\/qui-remportera-la-couronne-boulangere-2026-participez-des-maintenant\/\",\"url\":\"https:\/\/swissbaker.ch\/fr\/panissimo-news\/qui-remportera-la-couronne-boulangere-2026-participez-des-maintenant\/\",\"name\":\"Qui remportera la Couronne boulang\u00e8re 2026? \u2013 Participez d\u00e8s maintenant! | SBC\",\"isPartOf\":{\"@id\":\"https:\/\/swissbaker.ch\/fr\/#website\"},\"primaryImageOfPage\":{\"@id\":\"https:\/\/swissbaker.ch\/fr\/panissimo-news\/qui-remportera-la-couronne-boulangere-2026-participez-des-maintenant\/#primaryimage\"},\"image\":{\"@id\":\"https:\/\/swissbaker.ch\/fr\/panissimo-news\/qui-remportera-la-couronne-boulangere-2026-participez-des-maintenant\/#primaryimage\"},\"thumbnailUrl\":\"https:\/\/swissbaker.ch\/wp-content\/uploads\/2026\/01\/baeckerkrone_2026_fr.jpg\",\"datePublished\":\"2026-01-29T09:43:39+00:00\",\"dateModified\":\"2026-01-29T10:38:22+00:00\",\"breadcrumb\":{\"@id\":\"https:\/\/swissbaker.ch\/fr\/panissimo-news\/qui-remportera-la-couronne-boulangere-2026-participez-des-maintenant\/#breadcrumb\"},\"inLanguage\":\"fr-FR\",\"potentialAction\":[{\"@type\":\"ReadAction\",\"target\":[\"https:\/\/swissbaker.ch\/fr\/panissimo-news\/qui-remportera-la-couronne-boulangere-2026-participez-des-maintenant\/\"]}]},{\"@type\":\"ImageObject\",\"inLanguage\":\"fr-FR\",\"@id\":\"https:\/\/swissbaker.ch\/fr\/panissimo-news\/qui-remportera-la-couronne-boulangere-2026-participez-des-maintenant\/#primaryimage\",\"url\":\"https:\/\/swissbaker.ch\/wp-content\/uploads\/2026\/01\/baeckerkrone_2026_fr.jpg\",\"contentUrl\":\"https:\/\/swissbaker.ch\/wp-content\/uploads\/2026\/01\/baeckerkrone_2026_fr.jpg\",\"width\":1200,\"height\":712},{\"@type\":\"BreadcrumbList\",\"@id\":\"https:\/\/swissbaker.ch\/fr\/panissimo-news\/qui-remportera-la-couronne-boulangere-2026-participez-des-maintenant\/#breadcrumb\",\"itemListElement\":[{\"@type\":\"ListItem\",\"position\":1,\"name\":\"\",\"item\":\"https:\/\/swissbaker.ch\/fr\/\"},{\"@type\":\"ListItem\",\"position\":2,\"name\":\"Association\",\"item\":\"https:\/\/swissbaker.ch\/fr\/panissimo-news\/category\/association\/\"},{\"@type\":\"ListItem\",\"position\":3,\"name\":\"Qui remportera la Couronne boulang\u00e8re 2026? \u2013 Participez d\u00e8s maintenant!\"}]},{\"@type\":\"WebSite\",\"@id\":\"https:\/\/swissbaker.ch\/fr\/#website\",\"url\":\"https:\/\/swissbaker.ch\/fr\/\",\"name\":\"SBC\",\"description\":\"\",\"publisher\":{\"@id\":\"https:\/\/swissbaker.ch\/fr\/#organization\"},\"potentialAction\":[{\"@type\":\"SearchAction\",\"target\":{\"@type\":\"EntryPoint\",\"urlTemplate\":\"https:\/\/swissbaker.ch\/fr\/?s={search_term_string}\"},\"query-input\":{\"@type\":\"PropertyValueSpecification\",\"valueRequired\":true,\"valueName\":\"search_term_string\"}}],\"inLanguage\":\"fr-FR\"},{\"@type\":\"Organization\",\"@id\":\"https:\/\/swissbaker.ch\/fr\/#organization\",\"name\":\"Schweizerischer B\u00e4cker-Confiseurmeister-Verband\",\"url\":\"https:\/\/swissbaker.ch\/fr\/\",\"logo\":{\"@type\":\"ImageObject\",\"inLanguage\":\"fr-FR\",\"@id\":\"https:\/\/swissbaker.ch\/fr\/#\/schema\/logo\/image\/\",\"url\":\"https:\/\/swissbaker.ch\/wp-content\/uploads\/2022\/04\/sbc-logo-yoast.jpg\",\"contentUrl\":\"https:\/\/swissbaker.ch\/wp-content\/uploads\/2022\/04\/sbc-logo-yoast.jpg\",\"width\":512,\"height\":512,\"caption\":\"Schweizerischer B\u00e4cker-Confiseurmeister-Verband\"},\"image\":{\"@id\":\"https:\/\/swissbaker.ch\/fr\/#\/schema\/logo\/image\/\"},\"sameAs\":[\"https:\/\/www.facebook.com\/swissbaker.ch\",\"https:\/\/x.com\/ch_swissbaker\"]},{\"@type\":\"Person\",\"@id\":\"https:\/\/swissbaker.ch\/fr\/#\/schema\/person\/74bd327b08c18ca6042c02ff6f0ed5e2\",\"name\":\"Simon Nussbaum\",\"image\":{\"@type\":\"ImageObject\",\"inLanguage\":\"fr-FR\",\"@id\":\"https:\/\/swissbaker.ch\/fr\/#\/schema\/person\/image\/\",\"url\":\"https:\/\/secure.gravatar.com\/avatar\/df0eced3bb556c806cb760cf503ade1ed1df25b4104d80d6fd28d93a9509aa12?s=96&d=mm&r=g\",\"contentUrl\":\"https:\/\/secure.gravatar.com\/avatar\/df0eced3bb556c806cb760cf503ade1ed1df25b4104d80d6fd28d93a9509aa12?s=96&d=mm&r=g\",\"caption\":\"Simon Nussbaum\"},\"url\":\"https:\/\/swissbaker.ch\/fr\/panissimo-news\/author\/simon-nussbaum\/\"}]}<\/script>\n<!-- \/ Yoast SEO Premium plugin. -->","yoast_head_json":{"title":"Qui remportera la Couronne boulang\u00e8re 2026? \u2013 Participez d\u00e8s maintenant! | SBC","robots":{"index":"index","follow":"follow","max-snippet":"max-snippet:-1","max-image-preview":"max-image-preview:large","max-video-preview":"max-video-preview:-1"},"canonical":"https:\/\/swissbaker.ch\/fr\/panissimo-news\/qui-remportera-la-couronne-boulangere-2026-participez-des-maintenant\/","og_locale":"fr_FR","og_type":"article","og_title":"Qui remportera la Couronne boulang\u00e8re 2026? \u2013 Participez d\u00e8s maintenant!","og_description":"Innovation, passion et audace pour de nouvelles id\u00e9es: voici ce que repr\u00e9sente la Couronne boulang\u00e8re. Cette ann\u00e9e aussi, nous recherchons un boulanger particuli\u00e8rement cr\u00e9atif, une confiseuse engag\u00e9e ou une exploitation hors du commun. Le gagnant ou la gagnante remportera le titre tr\u00e8s convoit\u00e9 de \u00abRoi de la boulangerie\u00bb ou \u00abReine de la boulangerie\u00bb ainsi qu\u2019un prix de 15 000 francs.","og_url":"https:\/\/swissbaker.ch\/fr\/panissimo-news\/qui-remportera-la-couronne-boulangere-2026-participez-des-maintenant\/","og_site_name":"SBC","article_publisher":"https:\/\/www.facebook.com\/swissbaker.ch","article_published_time":"2026-01-29T09:43:39+00:00","article_modified_time":"2026-01-29T10:38:22+00:00","og_image":[{"width":1200,"height":712,"url":"https:\/\/swissbaker.ch\/wp-content\/uploads\/2026\/01\/baeckerkrone_2026_fr.jpg","type":"image\/jpeg"}],"author":"Simon Nussbaum","twitter_card":"summary_large_image","twitter_creator":"@ch_swissbaker","twitter_site":"@ch_swissbaker","twitter_misc":{"Written by":"Simon Nussbaum","Est. reading time":"3 minutes"},"schema":{"@context":"https:\/\/schema.org","@graph":[{"@type":"Article","@id":"https:\/\/swissbaker.ch\/fr\/panissimo-news\/qui-remportera-la-couronne-boulangere-2026-participez-des-maintenant\/#article","isPartOf":{"@id":"https:\/\/swissbaker.ch\/fr\/panissimo-news\/qui-remportera-la-couronne-boulangere-2026-participez-des-maintenant\/"},"author":{"name":"Simon Nussbaum","@id":"https:\/\/swissbaker.ch\/fr\/#\/schema\/person\/74bd327b08c18ca6042c02ff6f0ed5e2"},"headline":"Qui remportera la Couronne boulang\u00e8re 2026? \u2013 Participez d\u00e8s maintenant!","datePublished":"2026-01-29T09:43:39+00:00","dateModified":"2026-01-29T10:38:22+00:00","mainEntityOfPage":{"@id":"https:\/\/swissbaker.ch\/fr\/panissimo-news\/qui-remportera-la-couronne-boulangere-2026-participez-des-maintenant\/"},"wordCount":572,"publisher":{"@id":"https:\/\/swissbaker.ch\/fr\/#organization"},"image":{"@id":"https:\/\/swissbaker.ch\/fr\/panissimo-news\/qui-remportera-la-couronne-boulangere-2026-participez-des-maintenant\/#primaryimage"},"thumbnailUrl":"https:\/\/swissbaker.ch\/wp-content\/uploads\/2026\/01\/baeckerkrone_2026_fr.jpg","articleSection":["Association"],"inLanguage":"fr-FR"},{"@type":"WebPage","@id":"https:\/\/swissbaker.ch\/fr\/panissimo-news\/qui-remportera-la-couronne-boulangere-2026-participez-des-maintenant\/","url":"https:\/\/swissbaker.ch\/fr\/panissimo-news\/qui-remportera-la-couronne-boulangere-2026-participez-des-maintenant\/","name":"Qui remportera la Couronne boulang\u00e8re 2026? \u2013 Participez d\u00e8s maintenant! | SBC","isPartOf":{"@id":"https:\/\/swissbaker.ch\/fr\/#website"},"primaryImageOfPage":{"@id":"https:\/\/swissbaker.ch\/fr\/panissimo-news\/qui-remportera-la-couronne-boulangere-2026-participez-des-maintenant\/#primaryimage"},"image":{"@id":"https:\/\/swissbaker.ch\/fr\/panissimo-news\/qui-remportera-la-couronne-boulangere-2026-participez-des-maintenant\/#primaryimage"},"thumbnailUrl":"https:\/\/swissbaker.ch\/wp-content\/uploads\/2026\/01\/baeckerkrone_2026_fr.jpg","datePublished":"2026-01-29T09:43:39+00:00","dateModified":"2026-01-29T10:38:22+00:00","breadcrumb":{"@id":"https:\/\/swissbaker.ch\/fr\/panissimo-news\/qui-remportera-la-couronne-boulangere-2026-participez-des-maintenant\/#breadcrumb"},"inLanguage":"fr-FR","potentialAction":[{"@type":"ReadAction","target":["https:\/\/swissbaker.ch\/fr\/panissimo-news\/qui-remportera-la-couronne-boulangere-2026-participez-des-maintenant\/"]}]},{"@type":"ImageObject","inLanguage":"fr-FR","@id":"https:\/\/swissbaker.ch\/fr\/panissimo-news\/qui-remportera-la-couronne-boulangere-2026-participez-des-maintenant\/#primaryimage","url":"https:\/\/swissbaker.ch\/wp-content\/uploads\/2026\/01\/baeckerkrone_2026_fr.jpg","contentUrl":"https:\/\/swissbaker.ch\/wp-content\/uploads\/2026\/01\/baeckerkrone_2026_fr.jpg","width":1200,"height":712},{"@type":"BreadcrumbList","@id":"https:\/\/swissbaker.ch\/fr\/panissimo-news\/qui-remportera-la-couronne-boulangere-2026-participez-des-maintenant\/#breadcrumb","itemListElement":[{"@type":"ListItem","position":1,"name":"","item":"https:\/\/swissbaker.ch\/fr\/"},{"@type":"ListItem","position":2,"name":"Association","item":"https:\/\/swissbaker.ch\/fr\/panissimo-news\/category\/association\/"},{"@type":"ListItem","position":3,"name":"Qui remportera la Couronne boulang\u00e8re 2026? \u2013 Participez d\u00e8s maintenant!"}]},{"@type":"WebSite","@id":"https:\/\/swissbaker.ch\/fr\/#website","url":"https:\/\/swissbaker.ch\/fr\/","name":"SBC","description":"","publisher":{"@id":"https:\/\/swissbaker.ch\/fr\/#organization"},"potentialAction":[{"@type":"SearchAction","target":{"@type":"EntryPoint","urlTemplate":"https:\/\/swissbaker.ch\/fr\/?s={search_term_string}"},"query-input":{"@type":"PropertyValueSpecification","valueRequired":true,"valueName":"search_term_string"}}],"inLanguage":"fr-FR"},{"@type":"Organization","@id":"https:\/\/swissbaker.ch\/fr\/#organization","name":"Schweizerischer B\u00e4cker-Confiseurmeister-Verband","url":"https:\/\/swissbaker.ch\/fr\/","logo":{"@type":"ImageObject","inLanguage":"fr-FR","@id":"https:\/\/swissbaker.ch\/fr\/#\/schema\/logo\/image\/","url":"https:\/\/swissbaker.ch\/wp-content\/uploads\/2022\/04\/sbc-logo-yoast.jpg","contentUrl":"https:\/\/swissbaker.ch\/wp-content\/uploads\/2022\/04\/sbc-logo-yoast.jpg","width":512,"height":512,"caption":"Schweizerischer B\u00e4cker-Confiseurmeister-Verband"},"image":{"@id":"https:\/\/swissbaker.ch\/fr\/#\/schema\/logo\/image\/"},"sameAs":["https:\/\/www.facebook.com\/swissbaker.ch","https:\/\/x.com\/ch_swissbaker"]},{"@type":"Person","@id":"https:\/\/swissbaker.ch\/fr\/#\/schema\/person\/74bd327b08c18ca6042c02ff6f0ed5e2","name":"Simon Nussbaum","image":{"@type":"ImageObject","inLanguage":"fr-FR","@id":"https:\/\/swissbaker.ch\/fr\/#\/schema\/person\/image\/","url":"https:\/\/secure.gravatar.com\/avatar\/df0eced3bb556c806cb760cf503ade1ed1df25b4104d80d6fd28d93a9509aa12?s=96&d=mm&r=g","contentUrl":"https:\/\/secure.gravatar.com\/avatar\/df0eced3bb556c806cb760cf503ade1ed1df25b4104d80d6fd28d93a9509aa12?s=96&d=mm&r=g","caption":"Simon Nussbaum"},"url":"https:\/\/swissbaker.ch\/fr\/panissimo-news\/author\/simon-nussbaum\/"}]}},"_links":{"self":[{"href":"https:\/\/swissbaker.ch\/fr\/wp-json\/wp\/v2\/posts\/158200","targetHints":{"allow":["GET"]}}],"collection":[{"href":"https:\/\/swissbaker.ch\/fr\/wp-json\/wp\/v2\/posts"}],"about":[{"href":"https:\/\/swissbaker.ch\/fr\/wp-json\/wp\/v2\/types\/post"}],"author":[{"embeddable":true,"href":"https:\/\/swissbaker.ch\/fr\/wp-json\/wp\/v2\/users\/5"}],"replies":[{"embeddable":true,"href":"https:\/\/swissbaker.ch\/fr\/wp-json\/wp\/v2\/comments?post=158200"}],"version-history":[{"count":0,"href":"https:\/\/swissbaker.ch\/fr\/wp-json\/wp\/v2\/posts\/158200\/revisions"}],"wp:featuredmedia":[{"embeddable":true,"href":"https:\/\/swissbaker.ch\/fr\/wp-json\/wp\/v2\/media\/158205"}],"wp:attachment":[{"href":"https:\/\/swissbaker.ch\/fr\/wp-json\/wp\/v2\/media?parent=158200"}],"wp:term":[{"taxonomy":"category","embeddable":true,"href":"https:\/\/swissbaker.ch\/fr\/wp-json\/wp\/v2\/categories?post=158200"},{"taxonomy":"post_tag","embeddable":true,"href":"https:\/\/swissbaker.ch\/fr\/wp-json\/wp\/v2\/tags?post=158200"}],"curies":[{"name":"wp","href":"https:\/\/api.w.org\/{rel}","templated":true}]}}