{"id":158159,"date":"2026-01-29T07:50:59","date_gmt":"2026-01-29T06:50:59","guid":{"rendered":"https:\/\/swissbaker.ch\/?p=158159"},"modified":"2026-01-29T08:04:17","modified_gmt":"2026-01-29T07:04:17","slug":"alipro-et-la-bcs-ensemble-pour-la-releve","status":"publish","type":"post","link":"https:\/\/swissbaker.ch\/fr\/panissimo-news\/alipro-et-la-bcs-ensemble-pour-la-releve\/","title":{"rendered":"Alipro et la BCS\u2009: ensemble pour la rel\u00e8ve"},"content":{"rendered":"\n<p><strong>Depuis le lancement du Club for future des sponsors de la BCS en 2014, Alipro AG s\u2019engage en tant que sponsor or pour la BCS. Depuis le 1<sup>er<\/sup>\u202fjanvier, l\u2019entreprise intensifie son soutien et assume le r\u00f4le de sponsor principal. <\/strong><\/p>\n\n\n\n<p>Le contrat correspondant a \u00e9t\u00e9 sign\u00e9 le 13\u202fjanvier par le directeur g\u00e9n\u00e9ral Marcel W\u00e4lchl et le directeur des ventes et du marketing Lucas B\u00e4ttig pour Alipro AG, et par le pr\u00e9sident Silvan Hotz et le directeur Urs Wellauer-Boschung pour l\u2019association.<\/p>\n\n\n\n<figure class=\"wp-block-image size-large\"><img decoding=\"async\" width=\"1024\" height=\"608\" src=\"https:\/\/swissbaker.ch\/wp-content\/uploads\/2026\/01\/alipro_neuer_hauptsponsor_1_2026-1024x608.jpg\" alt=\"\" class=\"wp-image-158156\" srcset=\"https:\/\/swissbaker.ch\/wp-content\/uploads\/2026\/01\/alipro_neuer_hauptsponsor_1_2026-1024x608.jpg 1024w, https:\/\/swissbaker.ch\/wp-content\/uploads\/2026\/01\/alipro_neuer_hauptsponsor_1_2026-768x456.jpg 768w, https:\/\/swissbaker.ch\/wp-content\/uploads\/2026\/01\/alipro_neuer_hauptsponsor_1_2026.jpg 1200w\" sizes=\"(max-width: 1024px) 100vw, 1024px\" \/><figcaption class=\"wp-element-caption\"><em>Lucas B\u00e4ttig, Urs Wellauer-Boschung, Marcel W\u00e4lchli et Silvan Hotz<\/em><br><em><sup>Photo: Franzisca Ellenberger<\/sup><\/em><\/figcaption><\/figure>\n\n\n\n<p>Alipro AG est une entreprise bas\u00e9e \u00e0 Hittnau (ZH), fond\u00e9e en 1942 et dirig\u00e9e par la troisi\u00e8me g\u00e9n\u00e9ration. Dans le secteur, elle est particuli\u00e8rement connue pour sa gamme de confitures, gel\u00e9es, p\u00e2tes \u00e0 cuire et fourrages aux fruits. <\/p>\n\n\n\n<p>\u00abLa promotion de la rel\u00e8ve est essentielle, car elle garantit l\u2019avenir de notre branche. En ces temps troubl\u00e9s, nous voulons assumer nos responsabilit\u00e9s, ouvrir des perspectives aux jeunes et entretenir leur enthousiasme pour l\u2019artisanat. En tant qu\u2019entreprise familiale, cet engagement est synonyme de solidarit\u00e9, de responsabilit\u00e9 et de v\u00e9ritable passion; des valeurs que la BCS et ses membres incarnent au quotidien\u00bb, souligne Marcel W\u00e4lchli.<\/p>\n\n\n\n<ul class=\"wp-block-list\">\n<li><a href=\"http:\/\/alipro.ch\" type=\"link\" id=\"alipro.ch\" target=\"_blank\" rel=\"noreferrer noopener\"><strong>alipro.ch<\/strong><\/a><\/li>\n\n\n\n<li><strong><a href=\"https:\/\/swissbaker.ch\/fr\/releve\/club-des-sponsors\/le-club\/\" type=\"link\" id=\"https:\/\/swissbaker.ch\/nachwuchs\/sponsorenclub\/zum-club\/\" target=\"_blank\" rel=\"noreferrer noopener\">Club for future des sponsors de la BCS<\/a><\/strong><\/li>\n<\/ul>\n\n\n\n<p class=\"has-text-align-right\"><em>SBC<\/em><\/p>\n\n\n\n<p><\/p>\n","protected":false},"excerpt":{"rendered":"<p>Depuis le lancement du Club for future des sponsors de la BCS en 2014, Alipro AG s\u2019engage en tant que sponsor or pour la BCS. Depuis le 1er\u202fjanvier, l\u2019entreprise intensifie son soutien et assume le r\u00f4le de sponsor principal. <\/p>\n","protected":false},"author":5,"featured_media":158156,"comment_status":"closed","ping_status":"closed","sticky":true,"template":"","format":"standard","meta":{"_acf_changed":false,"footnotes":""},"categories":[41,47],"tags":[1216,1217,1218],"class_list":["post-158159","post","type-post","status-publish","format-standard","has-post-thumbnail","hentry","category-association","category-formation-releve","tag-alipro","tag-club-for-future-des-sponsors-de-la-bcs","tag-sponsor-principal"],"acf":[],"yoast_head":"<!-- This site is optimized with the Yoast SEO Premium plugin v26.8 (Yoast SEO v26.8) - https:\/\/yoast.com\/product\/yoast-seo-premium-wordpress\/ -->\n<title>Alipro et la BCS\u2009: ensemble pour la rel\u00e8ve | SBC<\/title>\n<meta name=\"description\" content=\"Depuis le 1er\u202fjanvier Alipro AG est sponsor principal du Club for future des sponsors de la BCS.\" \/>\n<meta name=\"robots\" content=\"index, follow, max-snippet:-1, max-image-preview:large, max-video-preview:-1\" \/>\n<link rel=\"canonical\" href=\"https:\/\/swissbaker.ch\/fr\/panissimo-news\/alipro-et-la-bcs-ensemble-pour-la-releve\/\" \/>\n<meta property=\"og:locale\" content=\"fr_FR\" \/>\n<meta property=\"og:type\" content=\"article\" \/>\n<meta property=\"og:title\" content=\"Alipro et la BCS\u2009: ensemble pour la rel\u00e8ve\" \/>\n<meta property=\"og:description\" content=\"Depuis le 1er\u202fjanvier Alipro AG est sponsor principal du Club for future des sponsors de la BCS.\" \/>\n<meta property=\"og:url\" content=\"https:\/\/swissbaker.ch\/fr\/panissimo-news\/alipro-et-la-bcs-ensemble-pour-la-releve\/\" \/>\n<meta property=\"og:site_name\" content=\"SBC\" \/>\n<meta property=\"article:publisher\" content=\"https:\/\/www.facebook.com\/swissbaker.ch\" \/>\n<meta property=\"article:published_time\" content=\"2026-01-29T06:50:59+00:00\" \/>\n<meta property=\"article:modified_time\" content=\"2026-01-29T07:04:17+00:00\" \/>\n<meta property=\"og:image\" content=\"https:\/\/swissbaker.ch\/wp-content\/uploads\/2026\/01\/alipro_neuer_hauptsponsor_1_2026.jpg\" \/>\n\t<meta property=\"og:image:width\" content=\"1200\" \/>\n\t<meta property=\"og:image:height\" content=\"712\" \/>\n\t<meta property=\"og:image:type\" content=\"image\/jpeg\" \/>\n<meta name=\"author\" content=\"Simon Nussbaum\" \/>\n<meta name=\"twitter:card\" content=\"summary_large_image\" \/>\n<meta name=\"twitter:creator\" content=\"@ch_swissbaker\" \/>\n<meta name=\"twitter:site\" content=\"@ch_swissbaker\" \/>\n<meta name=\"twitter:label1\" content=\"Written by\" \/>\n\t<meta name=\"twitter:data1\" content=\"Simon Nussbaum\" \/>\n\t<meta name=\"twitter:label2\" content=\"Est. reading time\" \/>\n\t<meta name=\"twitter:data2\" content=\"1 minute\" \/>\n<script type=\"application\/ld+json\" class=\"yoast-schema-graph\">{\"@context\":\"https:\/\/schema.org\",\"@graph\":[{\"@type\":\"Article\",\"@id\":\"https:\/\/swissbaker.ch\/fr\/panissimo-news\/alipro-et-la-bcs-ensemble-pour-la-releve\/#article\",\"isPartOf\":{\"@id\":\"https:\/\/swissbaker.ch\/fr\/panissimo-news\/alipro-et-la-bcs-ensemble-pour-la-releve\/\"},\"author\":{\"name\":\"Simon Nussbaum\",\"@id\":\"https:\/\/swissbaker.ch\/fr\/#\/schema\/person\/74bd327b08c18ca6042c02ff6f0ed5e2\"},\"headline\":\"Alipro et la BCS\u2009: ensemble pour la rel\u00e8ve\",\"datePublished\":\"2026-01-29T06:50:59+00:00\",\"dateModified\":\"2026-01-29T07:04:17+00:00\",\"mainEntityOfPage\":{\"@id\":\"https:\/\/swissbaker.ch\/fr\/panissimo-news\/alipro-et-la-bcs-ensemble-pour-la-releve\/\"},\"wordCount\":238,\"publisher\":{\"@id\":\"https:\/\/swissbaker.ch\/fr\/#organization\"},\"image\":{\"@id\":\"https:\/\/swissbaker.ch\/fr\/panissimo-news\/alipro-et-la-bcs-ensemble-pour-la-releve\/#primaryimage\"},\"thumbnailUrl\":\"https:\/\/swissbaker.ch\/wp-content\/uploads\/2026\/01\/alipro_neuer_hauptsponsor_1_2026.jpg\",\"keywords\":[\"Alipro\",\"Club for future des sponsors de la BCS\",\"Sponsor principal\"],\"articleSection\":[\"Association\",\"Formation\/Rel\u00e8ve\"],\"inLanguage\":\"fr-FR\"},{\"@type\":\"WebPage\",\"@id\":\"https:\/\/swissbaker.ch\/fr\/panissimo-news\/alipro-et-la-bcs-ensemble-pour-la-releve\/\",\"url\":\"https:\/\/swissbaker.ch\/fr\/panissimo-news\/alipro-et-la-bcs-ensemble-pour-la-releve\/\",\"name\":\"Alipro et la BCS\u2009: ensemble pour la rel\u00e8ve | SBC\",\"isPartOf\":{\"@id\":\"https:\/\/swissbaker.ch\/fr\/#website\"},\"primaryImageOfPage\":{\"@id\":\"https:\/\/swissbaker.ch\/fr\/panissimo-news\/alipro-et-la-bcs-ensemble-pour-la-releve\/#primaryimage\"},\"image\":{\"@id\":\"https:\/\/swissbaker.ch\/fr\/panissimo-news\/alipro-et-la-bcs-ensemble-pour-la-releve\/#primaryimage\"},\"thumbnailUrl\":\"https:\/\/swissbaker.ch\/wp-content\/uploads\/2026\/01\/alipro_neuer_hauptsponsor_1_2026.jpg\",\"datePublished\":\"2026-01-29T06:50:59+00:00\",\"dateModified\":\"2026-01-29T07:04:17+00:00\",\"description\":\"Depuis le 1er\u202fjanvier Alipro AG est sponsor principal du Club for future des sponsors de la BCS.\",\"breadcrumb\":{\"@id\":\"https:\/\/swissbaker.ch\/fr\/panissimo-news\/alipro-et-la-bcs-ensemble-pour-la-releve\/#breadcrumb\"},\"inLanguage\":\"fr-FR\",\"potentialAction\":[{\"@type\":\"ReadAction\",\"target\":[\"https:\/\/swissbaker.ch\/fr\/panissimo-news\/alipro-et-la-bcs-ensemble-pour-la-releve\/\"]}]},{\"@type\":\"ImageObject\",\"inLanguage\":\"fr-FR\",\"@id\":\"https:\/\/swissbaker.ch\/fr\/panissimo-news\/alipro-et-la-bcs-ensemble-pour-la-releve\/#primaryimage\",\"url\":\"https:\/\/swissbaker.ch\/wp-content\/uploads\/2026\/01\/alipro_neuer_hauptsponsor_1_2026.jpg\",\"contentUrl\":\"https:\/\/swissbaker.ch\/wp-content\/uploads\/2026\/01\/alipro_neuer_hauptsponsor_1_2026.jpg\",\"width\":1200,\"height\":712},{\"@type\":\"BreadcrumbList\",\"@id\":\"https:\/\/swissbaker.ch\/fr\/panissimo-news\/alipro-et-la-bcs-ensemble-pour-la-releve\/#breadcrumb\",\"itemListElement\":[{\"@type\":\"ListItem\",\"position\":1,\"name\":\"\",\"item\":\"https:\/\/swissbaker.ch\/fr\/\"},{\"@type\":\"ListItem\",\"position\":2,\"name\":\"Association\",\"item\":\"https:\/\/swissbaker.ch\/fr\/panissimo-news\/category\/association\/\"},{\"@type\":\"ListItem\",\"position\":3,\"name\":\"Alipro et la BCS\u2009: ensemble pour la rel\u00e8ve\"}]},{\"@type\":\"WebSite\",\"@id\":\"https:\/\/swissbaker.ch\/fr\/#website\",\"url\":\"https:\/\/swissbaker.ch\/fr\/\",\"name\":\"SBC\",\"description\":\"\",\"publisher\":{\"@id\":\"https:\/\/swissbaker.ch\/fr\/#organization\"},\"potentialAction\":[{\"@type\":\"SearchAction\",\"target\":{\"@type\":\"EntryPoint\",\"urlTemplate\":\"https:\/\/swissbaker.ch\/fr\/?s={search_term_string}\"},\"query-input\":{\"@type\":\"PropertyValueSpecification\",\"valueRequired\":true,\"valueName\":\"search_term_string\"}}],\"inLanguage\":\"fr-FR\"},{\"@type\":\"Organization\",\"@id\":\"https:\/\/swissbaker.ch\/fr\/#organization\",\"name\":\"Schweizerischer B\u00e4cker-Confiseurmeister-Verband\",\"url\":\"https:\/\/swissbaker.ch\/fr\/\",\"logo\":{\"@type\":\"ImageObject\",\"inLanguage\":\"fr-FR\",\"@id\":\"https:\/\/swissbaker.ch\/fr\/#\/schema\/logo\/image\/\",\"url\":\"https:\/\/swissbaker.ch\/wp-content\/uploads\/2022\/04\/sbc-logo-yoast.jpg\",\"contentUrl\":\"https:\/\/swissbaker.ch\/wp-content\/uploads\/2022\/04\/sbc-logo-yoast.jpg\",\"width\":512,\"height\":512,\"caption\":\"Schweizerischer B\u00e4cker-Confiseurmeister-Verband\"},\"image\":{\"@id\":\"https:\/\/swissbaker.ch\/fr\/#\/schema\/logo\/image\/\"},\"sameAs\":[\"https:\/\/www.facebook.com\/swissbaker.ch\",\"https:\/\/x.com\/ch_swissbaker\"]},{\"@type\":\"Person\",\"@id\":\"https:\/\/swissbaker.ch\/fr\/#\/schema\/person\/74bd327b08c18ca6042c02ff6f0ed5e2\",\"name\":\"Simon Nussbaum\",\"image\":{\"@type\":\"ImageObject\",\"inLanguage\":\"fr-FR\",\"@id\":\"https:\/\/swissbaker.ch\/fr\/#\/schema\/person\/image\/\",\"url\":\"https:\/\/secure.gravatar.com\/avatar\/df0eced3bb556c806cb760cf503ade1ed1df25b4104d80d6fd28d93a9509aa12?s=96&d=mm&r=g\",\"contentUrl\":\"https:\/\/secure.gravatar.com\/avatar\/df0eced3bb556c806cb760cf503ade1ed1df25b4104d80d6fd28d93a9509aa12?s=96&d=mm&r=g\",\"caption\":\"Simon Nussbaum\"},\"url\":\"https:\/\/swissbaker.ch\/fr\/panissimo-news\/author\/simon-nussbaum\/\"}]}<\/script>\n<!-- \/ Yoast SEO Premium plugin. -->","yoast_head_json":{"title":"Alipro et la BCS\u2009: ensemble pour la rel\u00e8ve | SBC","description":"Depuis le 1er\u202fjanvier Alipro AG est sponsor principal du Club for future des sponsors de la BCS.","robots":{"index":"index","follow":"follow","max-snippet":"max-snippet:-1","max-image-preview":"max-image-preview:large","max-video-preview":"max-video-preview:-1"},"canonical":"https:\/\/swissbaker.ch\/fr\/panissimo-news\/alipro-et-la-bcs-ensemble-pour-la-releve\/","og_locale":"fr_FR","og_type":"article","og_title":"Alipro et la BCS\u2009: ensemble pour la rel\u00e8ve","og_description":"Depuis le 1er\u202fjanvier Alipro AG est sponsor principal du Club for future des sponsors de la BCS.","og_url":"https:\/\/swissbaker.ch\/fr\/panissimo-news\/alipro-et-la-bcs-ensemble-pour-la-releve\/","og_site_name":"SBC","article_publisher":"https:\/\/www.facebook.com\/swissbaker.ch","article_published_time":"2026-01-29T06:50:59+00:00","article_modified_time":"2026-01-29T07:04:17+00:00","og_image":[{"width":1200,"height":712,"url":"https:\/\/swissbaker.ch\/wp-content\/uploads\/2026\/01\/alipro_neuer_hauptsponsor_1_2026.jpg","type":"image\/jpeg"}],"author":"Simon Nussbaum","twitter_card":"summary_large_image","twitter_creator":"@ch_swissbaker","twitter_site":"@ch_swissbaker","twitter_misc":{"Written by":"Simon Nussbaum","Est. reading time":"1 minute"},"schema":{"@context":"https:\/\/schema.org","@graph":[{"@type":"Article","@id":"https:\/\/swissbaker.ch\/fr\/panissimo-news\/alipro-et-la-bcs-ensemble-pour-la-releve\/#article","isPartOf":{"@id":"https:\/\/swissbaker.ch\/fr\/panissimo-news\/alipro-et-la-bcs-ensemble-pour-la-releve\/"},"author":{"name":"Simon Nussbaum","@id":"https:\/\/swissbaker.ch\/fr\/#\/schema\/person\/74bd327b08c18ca6042c02ff6f0ed5e2"},"headline":"Alipro et la BCS\u2009: ensemble pour la rel\u00e8ve","datePublished":"2026-01-29T06:50:59+00:00","dateModified":"2026-01-29T07:04:17+00:00","mainEntityOfPage":{"@id":"https:\/\/swissbaker.ch\/fr\/panissimo-news\/alipro-et-la-bcs-ensemble-pour-la-releve\/"},"wordCount":238,"publisher":{"@id":"https:\/\/swissbaker.ch\/fr\/#organization"},"image":{"@id":"https:\/\/swissbaker.ch\/fr\/panissimo-news\/alipro-et-la-bcs-ensemble-pour-la-releve\/#primaryimage"},"thumbnailUrl":"https:\/\/swissbaker.ch\/wp-content\/uploads\/2026\/01\/alipro_neuer_hauptsponsor_1_2026.jpg","keywords":["Alipro","Club for future des sponsors de la BCS","Sponsor principal"],"articleSection":["Association","Formation\/Rel\u00e8ve"],"inLanguage":"fr-FR"},{"@type":"WebPage","@id":"https:\/\/swissbaker.ch\/fr\/panissimo-news\/alipro-et-la-bcs-ensemble-pour-la-releve\/","url":"https:\/\/swissbaker.ch\/fr\/panissimo-news\/alipro-et-la-bcs-ensemble-pour-la-releve\/","name":"Alipro et la BCS\u2009: ensemble pour la rel\u00e8ve | SBC","isPartOf":{"@id":"https:\/\/swissbaker.ch\/fr\/#website"},"primaryImageOfPage":{"@id":"https:\/\/swissbaker.ch\/fr\/panissimo-news\/alipro-et-la-bcs-ensemble-pour-la-releve\/#primaryimage"},"image":{"@id":"https:\/\/swissbaker.ch\/fr\/panissimo-news\/alipro-et-la-bcs-ensemble-pour-la-releve\/#primaryimage"},"thumbnailUrl":"https:\/\/swissbaker.ch\/wp-content\/uploads\/2026\/01\/alipro_neuer_hauptsponsor_1_2026.jpg","datePublished":"2026-01-29T06:50:59+00:00","dateModified":"2026-01-29T07:04:17+00:00","description":"Depuis le 1er\u202fjanvier Alipro AG est sponsor principal du Club for future des sponsors de la BCS.","breadcrumb":{"@id":"https:\/\/swissbaker.ch\/fr\/panissimo-news\/alipro-et-la-bcs-ensemble-pour-la-releve\/#breadcrumb"},"inLanguage":"fr-FR","potentialAction":[{"@type":"ReadAction","target":["https:\/\/swissbaker.ch\/fr\/panissimo-news\/alipro-et-la-bcs-ensemble-pour-la-releve\/"]}]},{"@type":"ImageObject","inLanguage":"fr-FR","@id":"https:\/\/swissbaker.ch\/fr\/panissimo-news\/alipro-et-la-bcs-ensemble-pour-la-releve\/#primaryimage","url":"https:\/\/swissbaker.ch\/wp-content\/uploads\/2026\/01\/alipro_neuer_hauptsponsor_1_2026.jpg","contentUrl":"https:\/\/swissbaker.ch\/wp-content\/uploads\/2026\/01\/alipro_neuer_hauptsponsor_1_2026.jpg","width":1200,"height":712},{"@type":"BreadcrumbList","@id":"https:\/\/swissbaker.ch\/fr\/panissimo-news\/alipro-et-la-bcs-ensemble-pour-la-releve\/#breadcrumb","itemListElement":[{"@type":"ListItem","position":1,"name":"","item":"https:\/\/swissbaker.ch\/fr\/"},{"@type":"ListItem","position":2,"name":"Association","item":"https:\/\/swissbaker.ch\/fr\/panissimo-news\/category\/association\/"},{"@type":"ListItem","position":3,"name":"Alipro et la BCS\u2009: ensemble pour la rel\u00e8ve"}]},{"@type":"WebSite","@id":"https:\/\/swissbaker.ch\/fr\/#website","url":"https:\/\/swissbaker.ch\/fr\/","name":"SBC","description":"","publisher":{"@id":"https:\/\/swissbaker.ch\/fr\/#organization"},"potentialAction":[{"@type":"SearchAction","target":{"@type":"EntryPoint","urlTemplate":"https:\/\/swissbaker.ch\/fr\/?s={search_term_string}"},"query-input":{"@type":"PropertyValueSpecification","valueRequired":true,"valueName":"search_term_string"}}],"inLanguage":"fr-FR"},{"@type":"Organization","@id":"https:\/\/swissbaker.ch\/fr\/#organization","name":"Schweizerischer B\u00e4cker-Confiseurmeister-Verband","url":"https:\/\/swissbaker.ch\/fr\/","logo":{"@type":"ImageObject","inLanguage":"fr-FR","@id":"https:\/\/swissbaker.ch\/fr\/#\/schema\/logo\/image\/","url":"https:\/\/swissbaker.ch\/wp-content\/uploads\/2022\/04\/sbc-logo-yoast.jpg","contentUrl":"https:\/\/swissbaker.ch\/wp-content\/uploads\/2022\/04\/sbc-logo-yoast.jpg","width":512,"height":512,"caption":"Schweizerischer B\u00e4cker-Confiseurmeister-Verband"},"image":{"@id":"https:\/\/swissbaker.ch\/fr\/#\/schema\/logo\/image\/"},"sameAs":["https:\/\/www.facebook.com\/swissbaker.ch","https:\/\/x.com\/ch_swissbaker"]},{"@type":"Person","@id":"https:\/\/swissbaker.ch\/fr\/#\/schema\/person\/74bd327b08c18ca6042c02ff6f0ed5e2","name":"Simon Nussbaum","image":{"@type":"ImageObject","inLanguage":"fr-FR","@id":"https:\/\/swissbaker.ch\/fr\/#\/schema\/person\/image\/","url":"https:\/\/secure.gravatar.com\/avatar\/df0eced3bb556c806cb760cf503ade1ed1df25b4104d80d6fd28d93a9509aa12?s=96&d=mm&r=g","contentUrl":"https:\/\/secure.gravatar.com\/avatar\/df0eced3bb556c806cb760cf503ade1ed1df25b4104d80d6fd28d93a9509aa12?s=96&d=mm&r=g","caption":"Simon Nussbaum"},"url":"https:\/\/swissbaker.ch\/fr\/panissimo-news\/author\/simon-nussbaum\/"}]}},"_links":{"self":[{"href":"https:\/\/swissbaker.ch\/fr\/wp-json\/wp\/v2\/posts\/158159","targetHints":{"allow":["GET"]}}],"collection":[{"href":"https:\/\/swissbaker.ch\/fr\/wp-json\/wp\/v2\/posts"}],"about":[{"href":"https:\/\/swissbaker.ch\/fr\/wp-json\/wp\/v2\/types\/post"}],"author":[{"embeddable":true,"href":"https:\/\/swissbaker.ch\/fr\/wp-json\/wp\/v2\/users\/5"}],"replies":[{"embeddable":true,"href":"https:\/\/swissbaker.ch\/fr\/wp-json\/wp\/v2\/comments?post=158159"}],"version-history":[{"count":0,"href":"https:\/\/swissbaker.ch\/fr\/wp-json\/wp\/v2\/posts\/158159\/revisions"}],"wp:featuredmedia":[{"embeddable":true,"href":"https:\/\/swissbaker.ch\/fr\/wp-json\/wp\/v2\/media\/158156"}],"wp:attachment":[{"href":"https:\/\/swissbaker.ch\/fr\/wp-json\/wp\/v2\/media?parent=158159"}],"wp:term":[{"taxonomy":"category","embeddable":true,"href":"https:\/\/swissbaker.ch\/fr\/wp-json\/wp\/v2\/categories?post=158159"},{"taxonomy":"post_tag","embeddable":true,"href":"https:\/\/swissbaker.ch\/fr\/wp-json\/wp\/v2\/tags?post=158159"}],"curies":[{"name":"wp","href":"https:\/\/api.w.org\/{rel}","templated":true}]}}