{"id":158146,"date":"2026-01-28T15:26:12","date_gmt":"2026-01-28T14:26:12","guid":{"rendered":"https:\/\/swissbaker.ch\/?p=158146"},"modified":"2026-01-28T15:41:01","modified_gmt":"2026-01-28T14:41:01","slug":"la-revision-totale-cest-maintenant","status":"publish","type":"post","link":"https:\/\/swissbaker.ch\/fr\/panissimo-news\/la-revision-totale-cest-maintenant\/","title":{"rendered":"La r\u00e9vision totale, c\u2019est maintenant!"},"content":{"rendered":"\n<p>\u00abJe n\u2019ai pas le temps.\u00bb Combien de fois entendrez-vous cette phrase en 2026? Probablement des centaines de fois. Vous arrive-t-il aussi de vous surprendre \u00e0 la dire vous-m\u00eame? Que ce soit pour vous prot\u00e9ger, par commodit\u00e9 ou parce que votre agenda est d\u00e9j\u00e0 plein.<\/p>\n\n\n\n<p>Le fait est que tout le monde dispose du m\u00eame temps; \u00e0 mon avis, c\u2019est la seule chose vraiment \u00e9quitable en ce monde. La mani\u00e8re dont ce temps est utilis\u00e9 ou planifi\u00e9 varie autant que chaque personne est diff\u00e9rente.<\/p>\n\n\n\n<p>Et maintenant, je viens vers vous avec le groupe de travail charg\u00e9 de la r\u00e9vision totale de la formation initiale en production. Les s\u00e9ances d\u2019information sont en cours. Si la date pr\u00e9vue pour votre r\u00e9gion ne vous convient pas, vous pouvez choisir un autre \u00e9v\u00e8nement ou participer \u00e0 l\u2019une des deux s\u00e9ances en ligne. Prenez le temps de vous faire votre propre avis sur notre travail. <\/p>\n\n\n\n<p>Lisez les documents publi\u00e9s en ligne sur <a href=\"http:\/\/richemont.link\/reforme2028\" type=\"link\" id=\"richemont.link\/reforme2028\" target=\"_blank\" rel=\"noreferrer noopener\">richemont.link\/reforme2028<\/a>, posez des questions, car la phase dite de consultation interne est d\u2019une importance capitale. Notre objectif commun est d\u2019obtenir un r\u00e9sultat clair lors du vote du congr\u00e8s de la BCS, le 9 juin 2026.<\/p>\n\n\n\n<p>Le temps consacr\u00e9 \u00e0 vous forger une opinion sur la r\u00e9vision totale de la formation initiale en production en vaut assur\u00e9ment la peine, car il en va de l\u2019avenir de nos apprentis, apprenties, formateurs et formatrices.  Merci.<\/p>\n\n\n\n<div class=\"wp-block-file\"><a id=\"wp-block-file--media-593d3e3b-9139-43b1-bf5f-2f0dd517ceae\" href=\"https:\/\/swissbaker.ch\/wp-content\/uploads\/2025\/12\/20251119-uebersicht-der-informationsveranstaltungen-zur-totalrevision-in-der-produktion-1.pdf\"><strong>Dates des s\u00e9ances d\u2019information r\u00e9gionales<\/strong><\/a><a href=\"https:\/\/swissbaker.ch\/wp-content\/uploads\/2025\/12\/20251119-uebersicht-der-informationsveranstaltungen-zur-totalrevision-in-der-produktion-1.pdf\" class=\"wp-block-file__button wp-element-button\" download aria-describedby=\"wp-block-file--media-593d3e3b-9139-43b1-bf5f-2f0dd517ceae\">Herunterladen<\/a><\/div>\n\n\n\n<p class=\"has-text-align-right\"><br><em>Peter Signer, membre du cc<br>responsable de la formation en production<\/em><\/p>\n\n\n\n<p class=\"has-text-align-right\"><em><sup>Photo: Franzisca Ellenberger<\/sup><\/em><\/p>\n","protected":false},"excerpt":{"rendered":"<p>\u00abJe n\u2019ai pas le temps.\u00bb Combien de fois entendrez-vous cette phrase en 2026\u2009? Probablement des centaines de fois. Vous arrive-t-il aussi de vous surprendre \u00e0 la dire vous-m\u00eame? Que ce soit pour vous prot\u00e9ger, par commodit\u00e9 ou parce que votre agenda est d\u00e9j\u00e0 plein.<\/p>\n","protected":false},"author":5,"featured_media":63627,"comment_status":"closed","ping_status":"closed","sticky":false,"template":"","format":"standard","meta":{"_acf_changed":false,"footnotes":""},"categories":[41,47],"tags":[],"class_list":["post-158146","post","type-post","status-publish","format-standard","has-post-thumbnail","hentry","category-association","category-formation-releve"],"acf":[],"yoast_head":"<!-- This site is optimized with the Yoast SEO Premium plugin v26.8 (Yoast SEO v26.8) - https:\/\/yoast.com\/product\/yoast-seo-premium-wordpress\/ -->\n<title>La r\u00e9vision totale, c\u2019est maintenant! | SBC<\/title>\n<meta name=\"robots\" content=\"index, follow, max-snippet:-1, max-image-preview:large, max-video-preview:-1\" \/>\n<link rel=\"canonical\" href=\"https:\/\/swissbaker.ch\/fr\/panissimo-news\/la-revision-totale-cest-maintenant\/\" \/>\n<meta property=\"og:locale\" content=\"fr_FR\" \/>\n<meta property=\"og:type\" content=\"article\" \/>\n<meta property=\"og:title\" content=\"La r\u00e9vision totale, c\u2019est maintenant!\" \/>\n<meta property=\"og:description\" content=\"\u00abJe n\u2019ai pas le temps.\u00bb Combien de fois entendrez-vous cette phrase en 2026\u2009? Probablement des centaines de fois. Vous arrive-t-il aussi de vous surprendre \u00e0 la dire vous-m\u00eame? Que ce soit pour vous prot\u00e9ger, par commodit\u00e9 ou parce que votre agenda est d\u00e9j\u00e0 plein.\" \/>\n<meta property=\"og:url\" content=\"https:\/\/swissbaker.ch\/fr\/panissimo-news\/la-revision-totale-cest-maintenant\/\" \/>\n<meta property=\"og:site_name\" content=\"SBC\" \/>\n<meta property=\"article:publisher\" content=\"https:\/\/www.facebook.com\/swissbaker.ch\" \/>\n<meta property=\"article:published_time\" content=\"2026-01-28T14:26:12+00:00\" \/>\n<meta property=\"article:modified_time\" content=\"2026-01-28T14:41:01+00:00\" \/>\n<meta property=\"og:image\" content=\"https:\/\/swissbaker.ch\/wp-content\/uploads\/2023\/06\/peter-signer-zv-2023.jpg\" \/>\n\t<meta property=\"og:image:width\" content=\"1200\" \/>\n\t<meta property=\"og:image:height\" content=\"712\" \/>\n\t<meta property=\"og:image:type\" content=\"image\/jpeg\" \/>\n<meta name=\"author\" content=\"Simon Nussbaum\" \/>\n<meta name=\"twitter:card\" content=\"summary_large_image\" \/>\n<meta name=\"twitter:creator\" content=\"@ch_swissbaker\" \/>\n<meta name=\"twitter:site\" content=\"@ch_swissbaker\" \/>\n<meta name=\"twitter:label1\" content=\"Written by\" \/>\n\t<meta name=\"twitter:data1\" content=\"Simon Nussbaum\" \/>\n\t<meta name=\"twitter:label2\" content=\"Est. reading time\" \/>\n\t<meta name=\"twitter:data2\" content=\"1 minute\" \/>\n<script type=\"application\/ld+json\" class=\"yoast-schema-graph\">{\"@context\":\"https:\/\/schema.org\",\"@graph\":[{\"@type\":\"Article\",\"@id\":\"https:\/\/swissbaker.ch\/fr\/panissimo-news\/la-revision-totale-cest-maintenant\/#article\",\"isPartOf\":{\"@id\":\"https:\/\/swissbaker.ch\/fr\/panissimo-news\/la-revision-totale-cest-maintenant\/\"},\"author\":{\"name\":\"Simon Nussbaum\",\"@id\":\"https:\/\/swissbaker.ch\/fr\/#\/schema\/person\/74bd327b08c18ca6042c02ff6f0ed5e2\"},\"headline\":\"La r\u00e9vision totale, c\u2019est maintenant!\",\"datePublished\":\"2026-01-28T14:26:12+00:00\",\"dateModified\":\"2026-01-28T14:41:01+00:00\",\"mainEntityOfPage\":{\"@id\":\"https:\/\/swissbaker.ch\/fr\/panissimo-news\/la-revision-totale-cest-maintenant\/\"},\"wordCount\":276,\"publisher\":{\"@id\":\"https:\/\/swissbaker.ch\/fr\/#organization\"},\"image\":{\"@id\":\"https:\/\/swissbaker.ch\/fr\/panissimo-news\/la-revision-totale-cest-maintenant\/#primaryimage\"},\"thumbnailUrl\":\"https:\/\/swissbaker.ch\/wp-content\/uploads\/2023\/06\/peter-signer-zv-2023.jpg\",\"articleSection\":[\"Association\",\"Formation\/Rel\u00e8ve\"],\"inLanguage\":\"fr-FR\"},{\"@type\":\"WebPage\",\"@id\":\"https:\/\/swissbaker.ch\/fr\/panissimo-news\/la-revision-totale-cest-maintenant\/\",\"url\":\"https:\/\/swissbaker.ch\/fr\/panissimo-news\/la-revision-totale-cest-maintenant\/\",\"name\":\"La r\u00e9vision totale, c\u2019est maintenant! | SBC\",\"isPartOf\":{\"@id\":\"https:\/\/swissbaker.ch\/fr\/#website\"},\"primaryImageOfPage\":{\"@id\":\"https:\/\/swissbaker.ch\/fr\/panissimo-news\/la-revision-totale-cest-maintenant\/#primaryimage\"},\"image\":{\"@id\":\"https:\/\/swissbaker.ch\/fr\/panissimo-news\/la-revision-totale-cest-maintenant\/#primaryimage\"},\"thumbnailUrl\":\"https:\/\/swissbaker.ch\/wp-content\/uploads\/2023\/06\/peter-signer-zv-2023.jpg\",\"datePublished\":\"2026-01-28T14:26:12+00:00\",\"dateModified\":\"2026-01-28T14:41:01+00:00\",\"breadcrumb\":{\"@id\":\"https:\/\/swissbaker.ch\/fr\/panissimo-news\/la-revision-totale-cest-maintenant\/#breadcrumb\"},\"inLanguage\":\"fr-FR\",\"potentialAction\":[{\"@type\":\"ReadAction\",\"target\":[\"https:\/\/swissbaker.ch\/fr\/panissimo-news\/la-revision-totale-cest-maintenant\/\"]}]},{\"@type\":\"ImageObject\",\"inLanguage\":\"fr-FR\",\"@id\":\"https:\/\/swissbaker.ch\/fr\/panissimo-news\/la-revision-totale-cest-maintenant\/#primaryimage\",\"url\":\"https:\/\/swissbaker.ch\/wp-content\/uploads\/2023\/06\/peter-signer-zv-2023.jpg\",\"contentUrl\":\"https:\/\/swissbaker.ch\/wp-content\/uploads\/2023\/06\/peter-signer-zv-2023.jpg\",\"width\":1200,\"height\":712},{\"@type\":\"BreadcrumbList\",\"@id\":\"https:\/\/swissbaker.ch\/fr\/panissimo-news\/la-revision-totale-cest-maintenant\/#breadcrumb\",\"itemListElement\":[{\"@type\":\"ListItem\",\"position\":1,\"name\":\"\",\"item\":\"https:\/\/swissbaker.ch\/fr\/\"},{\"@type\":\"ListItem\",\"position\":2,\"name\":\"Association\",\"item\":\"https:\/\/swissbaker.ch\/fr\/panissimo-news\/category\/association\/\"},{\"@type\":\"ListItem\",\"position\":3,\"name\":\"La r\u00e9vision totale, c\u2019est maintenant!\"}]},{\"@type\":\"WebSite\",\"@id\":\"https:\/\/swissbaker.ch\/fr\/#website\",\"url\":\"https:\/\/swissbaker.ch\/fr\/\",\"name\":\"SBC\",\"description\":\"\",\"publisher\":{\"@id\":\"https:\/\/swissbaker.ch\/fr\/#organization\"},\"potentialAction\":[{\"@type\":\"SearchAction\",\"target\":{\"@type\":\"EntryPoint\",\"urlTemplate\":\"https:\/\/swissbaker.ch\/fr\/?s={search_term_string}\"},\"query-input\":{\"@type\":\"PropertyValueSpecification\",\"valueRequired\":true,\"valueName\":\"search_term_string\"}}],\"inLanguage\":\"fr-FR\"},{\"@type\":\"Organization\",\"@id\":\"https:\/\/swissbaker.ch\/fr\/#organization\",\"name\":\"Schweizerischer B\u00e4cker-Confiseurmeister-Verband\",\"url\":\"https:\/\/swissbaker.ch\/fr\/\",\"logo\":{\"@type\":\"ImageObject\",\"inLanguage\":\"fr-FR\",\"@id\":\"https:\/\/swissbaker.ch\/fr\/#\/schema\/logo\/image\/\",\"url\":\"https:\/\/swissbaker.ch\/wp-content\/uploads\/2022\/04\/sbc-logo-yoast.jpg\",\"contentUrl\":\"https:\/\/swissbaker.ch\/wp-content\/uploads\/2022\/04\/sbc-logo-yoast.jpg\",\"width\":512,\"height\":512,\"caption\":\"Schweizerischer B\u00e4cker-Confiseurmeister-Verband\"},\"image\":{\"@id\":\"https:\/\/swissbaker.ch\/fr\/#\/schema\/logo\/image\/\"},\"sameAs\":[\"https:\/\/www.facebook.com\/swissbaker.ch\",\"https:\/\/x.com\/ch_swissbaker\"]},{\"@type\":\"Person\",\"@id\":\"https:\/\/swissbaker.ch\/fr\/#\/schema\/person\/74bd327b08c18ca6042c02ff6f0ed5e2\",\"name\":\"Simon Nussbaum\",\"image\":{\"@type\":\"ImageObject\",\"inLanguage\":\"fr-FR\",\"@id\":\"https:\/\/swissbaker.ch\/fr\/#\/schema\/person\/image\/\",\"url\":\"https:\/\/secure.gravatar.com\/avatar\/df0eced3bb556c806cb760cf503ade1ed1df25b4104d80d6fd28d93a9509aa12?s=96&d=mm&r=g\",\"contentUrl\":\"https:\/\/secure.gravatar.com\/avatar\/df0eced3bb556c806cb760cf503ade1ed1df25b4104d80d6fd28d93a9509aa12?s=96&d=mm&r=g\",\"caption\":\"Simon Nussbaum\"},\"url\":\"https:\/\/swissbaker.ch\/fr\/panissimo-news\/author\/simon-nussbaum\/\"}]}<\/script>\n<!-- \/ Yoast SEO Premium plugin. -->","yoast_head_json":{"title":"La r\u00e9vision totale, c\u2019est maintenant! | SBC","robots":{"index":"index","follow":"follow","max-snippet":"max-snippet:-1","max-image-preview":"max-image-preview:large","max-video-preview":"max-video-preview:-1"},"canonical":"https:\/\/swissbaker.ch\/fr\/panissimo-news\/la-revision-totale-cest-maintenant\/","og_locale":"fr_FR","og_type":"article","og_title":"La r\u00e9vision totale, c\u2019est maintenant!","og_description":"\u00abJe n\u2019ai pas le temps.\u00bb Combien de fois entendrez-vous cette phrase en 2026\u2009? Probablement des centaines de fois. Vous arrive-t-il aussi de vous surprendre \u00e0 la dire vous-m\u00eame? Que ce soit pour vous prot\u00e9ger, par commodit\u00e9 ou parce que votre agenda est d\u00e9j\u00e0 plein.","og_url":"https:\/\/swissbaker.ch\/fr\/panissimo-news\/la-revision-totale-cest-maintenant\/","og_site_name":"SBC","article_publisher":"https:\/\/www.facebook.com\/swissbaker.ch","article_published_time":"2026-01-28T14:26:12+00:00","article_modified_time":"2026-01-28T14:41:01+00:00","og_image":[{"width":1200,"height":712,"url":"https:\/\/swissbaker.ch\/wp-content\/uploads\/2023\/06\/peter-signer-zv-2023.jpg","type":"image\/jpeg"}],"author":"Simon Nussbaum","twitter_card":"summary_large_image","twitter_creator":"@ch_swissbaker","twitter_site":"@ch_swissbaker","twitter_misc":{"Written by":"Simon Nussbaum","Est. reading time":"1 minute"},"schema":{"@context":"https:\/\/schema.org","@graph":[{"@type":"Article","@id":"https:\/\/swissbaker.ch\/fr\/panissimo-news\/la-revision-totale-cest-maintenant\/#article","isPartOf":{"@id":"https:\/\/swissbaker.ch\/fr\/panissimo-news\/la-revision-totale-cest-maintenant\/"},"author":{"name":"Simon Nussbaum","@id":"https:\/\/swissbaker.ch\/fr\/#\/schema\/person\/74bd327b08c18ca6042c02ff6f0ed5e2"},"headline":"La r\u00e9vision totale, c\u2019est maintenant!","datePublished":"2026-01-28T14:26:12+00:00","dateModified":"2026-01-28T14:41:01+00:00","mainEntityOfPage":{"@id":"https:\/\/swissbaker.ch\/fr\/panissimo-news\/la-revision-totale-cest-maintenant\/"},"wordCount":276,"publisher":{"@id":"https:\/\/swissbaker.ch\/fr\/#organization"},"image":{"@id":"https:\/\/swissbaker.ch\/fr\/panissimo-news\/la-revision-totale-cest-maintenant\/#primaryimage"},"thumbnailUrl":"https:\/\/swissbaker.ch\/wp-content\/uploads\/2023\/06\/peter-signer-zv-2023.jpg","articleSection":["Association","Formation\/Rel\u00e8ve"],"inLanguage":"fr-FR"},{"@type":"WebPage","@id":"https:\/\/swissbaker.ch\/fr\/panissimo-news\/la-revision-totale-cest-maintenant\/","url":"https:\/\/swissbaker.ch\/fr\/panissimo-news\/la-revision-totale-cest-maintenant\/","name":"La r\u00e9vision totale, c\u2019est maintenant! | SBC","isPartOf":{"@id":"https:\/\/swissbaker.ch\/fr\/#website"},"primaryImageOfPage":{"@id":"https:\/\/swissbaker.ch\/fr\/panissimo-news\/la-revision-totale-cest-maintenant\/#primaryimage"},"image":{"@id":"https:\/\/swissbaker.ch\/fr\/panissimo-news\/la-revision-totale-cest-maintenant\/#primaryimage"},"thumbnailUrl":"https:\/\/swissbaker.ch\/wp-content\/uploads\/2023\/06\/peter-signer-zv-2023.jpg","datePublished":"2026-01-28T14:26:12+00:00","dateModified":"2026-01-28T14:41:01+00:00","breadcrumb":{"@id":"https:\/\/swissbaker.ch\/fr\/panissimo-news\/la-revision-totale-cest-maintenant\/#breadcrumb"},"inLanguage":"fr-FR","potentialAction":[{"@type":"ReadAction","target":["https:\/\/swissbaker.ch\/fr\/panissimo-news\/la-revision-totale-cest-maintenant\/"]}]},{"@type":"ImageObject","inLanguage":"fr-FR","@id":"https:\/\/swissbaker.ch\/fr\/panissimo-news\/la-revision-totale-cest-maintenant\/#primaryimage","url":"https:\/\/swissbaker.ch\/wp-content\/uploads\/2023\/06\/peter-signer-zv-2023.jpg","contentUrl":"https:\/\/swissbaker.ch\/wp-content\/uploads\/2023\/06\/peter-signer-zv-2023.jpg","width":1200,"height":712},{"@type":"BreadcrumbList","@id":"https:\/\/swissbaker.ch\/fr\/panissimo-news\/la-revision-totale-cest-maintenant\/#breadcrumb","itemListElement":[{"@type":"ListItem","position":1,"name":"","item":"https:\/\/swissbaker.ch\/fr\/"},{"@type":"ListItem","position":2,"name":"Association","item":"https:\/\/swissbaker.ch\/fr\/panissimo-news\/category\/association\/"},{"@type":"ListItem","position":3,"name":"La r\u00e9vision totale, c\u2019est maintenant!"}]},{"@type":"WebSite","@id":"https:\/\/swissbaker.ch\/fr\/#website","url":"https:\/\/swissbaker.ch\/fr\/","name":"SBC","description":"","publisher":{"@id":"https:\/\/swissbaker.ch\/fr\/#organization"},"potentialAction":[{"@type":"SearchAction","target":{"@type":"EntryPoint","urlTemplate":"https:\/\/swissbaker.ch\/fr\/?s={search_term_string}"},"query-input":{"@type":"PropertyValueSpecification","valueRequired":true,"valueName":"search_term_string"}}],"inLanguage":"fr-FR"},{"@type":"Organization","@id":"https:\/\/swissbaker.ch\/fr\/#organization","name":"Schweizerischer B\u00e4cker-Confiseurmeister-Verband","url":"https:\/\/swissbaker.ch\/fr\/","logo":{"@type":"ImageObject","inLanguage":"fr-FR","@id":"https:\/\/swissbaker.ch\/fr\/#\/schema\/logo\/image\/","url":"https:\/\/swissbaker.ch\/wp-content\/uploads\/2022\/04\/sbc-logo-yoast.jpg","contentUrl":"https:\/\/swissbaker.ch\/wp-content\/uploads\/2022\/04\/sbc-logo-yoast.jpg","width":512,"height":512,"caption":"Schweizerischer B\u00e4cker-Confiseurmeister-Verband"},"image":{"@id":"https:\/\/swissbaker.ch\/fr\/#\/schema\/logo\/image\/"},"sameAs":["https:\/\/www.facebook.com\/swissbaker.ch","https:\/\/x.com\/ch_swissbaker"]},{"@type":"Person","@id":"https:\/\/swissbaker.ch\/fr\/#\/schema\/person\/74bd327b08c18ca6042c02ff6f0ed5e2","name":"Simon Nussbaum","image":{"@type":"ImageObject","inLanguage":"fr-FR","@id":"https:\/\/swissbaker.ch\/fr\/#\/schema\/person\/image\/","url":"https:\/\/secure.gravatar.com\/avatar\/df0eced3bb556c806cb760cf503ade1ed1df25b4104d80d6fd28d93a9509aa12?s=96&d=mm&r=g","contentUrl":"https:\/\/secure.gravatar.com\/avatar\/df0eced3bb556c806cb760cf503ade1ed1df25b4104d80d6fd28d93a9509aa12?s=96&d=mm&r=g","caption":"Simon Nussbaum"},"url":"https:\/\/swissbaker.ch\/fr\/panissimo-news\/author\/simon-nussbaum\/"}]}},"_links":{"self":[{"href":"https:\/\/swissbaker.ch\/fr\/wp-json\/wp\/v2\/posts\/158146","targetHints":{"allow":["GET"]}}],"collection":[{"href":"https:\/\/swissbaker.ch\/fr\/wp-json\/wp\/v2\/posts"}],"about":[{"href":"https:\/\/swissbaker.ch\/fr\/wp-json\/wp\/v2\/types\/post"}],"author":[{"embeddable":true,"href":"https:\/\/swissbaker.ch\/fr\/wp-json\/wp\/v2\/users\/5"}],"replies":[{"embeddable":true,"href":"https:\/\/swissbaker.ch\/fr\/wp-json\/wp\/v2\/comments?post=158146"}],"version-history":[{"count":0,"href":"https:\/\/swissbaker.ch\/fr\/wp-json\/wp\/v2\/posts\/158146\/revisions"}],"wp:featuredmedia":[{"embeddable":true,"href":"https:\/\/swissbaker.ch\/fr\/wp-json\/wp\/v2\/media\/63627"}],"wp:attachment":[{"href":"https:\/\/swissbaker.ch\/fr\/wp-json\/wp\/v2\/media?parent=158146"}],"wp:term":[{"taxonomy":"category","embeddable":true,"href":"https:\/\/swissbaker.ch\/fr\/wp-json\/wp\/v2\/categories?post=158146"},{"taxonomy":"post_tag","embeddable":true,"href":"https:\/\/swissbaker.ch\/fr\/wp-json\/wp\/v2\/tags?post=158146"}],"curies":[{"name":"wp","href":"https:\/\/api.w.org\/{rel}","templated":true}]}}