{"id":157595,"date":"2026-01-20T09:17:30","date_gmt":"2026-01-20T08:17:30","guid":{"rendered":"https:\/\/swissbaker.ch\/?p=157595"},"modified":"2026-01-20T09:17:36","modified_gmt":"2026-01-20T08:17:36","slug":"bilan-et-projections-passages-imponderables","status":"publish","type":"post","link":"https:\/\/swissbaker.ch\/fr\/panissimo-news\/bilan-et-projections-passages-imponderables\/","title":{"rendered":"Bilan et projections passages impond\u00e9rables!"},"content":{"rendered":"\n<p>Une ann\u00e9e s\u2019est termin\u00e9e, une autre s\u2019ouvre. Il est donc temps de faire le bilan de celle \u00e9coul\u00e9e et ceci personne n\u2019y \u00e9chappe.<\/p>\n\n\n\n<p>Faire un bilan ce n\u2019est pas seulement celui comptable mais aussi celui qui permet de voir les asp\u00e9rit\u00e9s qui sont survenues et parfois restent inscrites. Elles peuvent \u00eatre d\u2019ordre financier, de production, humaines ou d\u2019autres causes directes ou indirectes li\u00e9es \u00e0 l\u2019entreprise, son environnement ou conjoncturelles.<\/p>\n\n\n\n<p>Faire un bilan ce n\u2019est pas avoir peur de ce qui va ressortir mais en tenir compte pour grandir \u00e0 travers les axes r\u00e9v\u00e9l\u00e9s qui peuvent \u00eatre corrig\u00e9s source d\u2019une marche future fructueuse. Les additions sont une chose mais l\u2019ad\u00e9quation avec les valeurs, la culture d\u2019entreprise sont aussi des parties prenantes d\u2019un bilan. Qui suis-je, qui sommes-nous, que voulons-nous, trois questions qui ne sont pourtant pas les seules \u00e0 se poser mais dans lesquelles il faut ajouter vers quoi nous voulons aller, sous quelles formes et comment.<\/p>\n\n\n\n<p>Cet \u00e9tat des lieux et le constat faits permettent de mettre en mouvement les projections de l\u2019ann\u00e9e future en marche avec des axes, des volont\u00e9s et des souhaits de r\u00e9alisations moteurs indispensables pour avancer et se projeter.<\/p>\n\n\n\n<p>N\u2019oublions pas que vouloir c\u2019est pouvoir et que s\u2019en donner les moyens est le nerf de la guerre, une r\u00e9alit\u00e9 ne soyons pas des spectateurs de demain mais des b\u00e2tisseurs actifs au bas de l\u2019ouvrage \u00e0 construire, celui qui est le n\u00f4tre.<\/p>\n\n\n\n<p class=\"has-text-align-right\"><em>Bernard Pignat, Chevalier d\u2019honneur<br>de la Confr\u00e9rie valaisanne des chevaliers du bon pain<\/em><br><em><sup>Photo: Johann Ruppen<\/sup><\/em><\/p>\n","protected":false},"excerpt":{"rendered":"<p>Une ann\u00e9e s\u2019est termin\u00e9e, une autre s\u2019ouvre. Il est donc temps de faire le bilan de celle \u00e9coul\u00e9e et ceci personne n\u2019y \u00e9chappe.<\/p>\n","protected":false},"author":5,"featured_media":118780,"comment_status":"closed","ping_status":"closed","sticky":false,"template":"","format":"standard","meta":{"_acf_changed":false,"footnotes":""},"categories":[39],"tags":[],"class_list":["post-157595","post","type-post","status-publish","format-standard","has-post-thumbnail","hentry","category-de-la-branche"],"acf":[],"yoast_head":"<!-- This site is optimized with the Yoast SEO Premium plugin v26.8 (Yoast SEO v26.8) - https:\/\/yoast.com\/product\/yoast-seo-premium-wordpress\/ -->\n<title>Bilan et projections passages impond\u00e9rables! | SBC<\/title>\n<meta name=\"robots\" content=\"index, follow, max-snippet:-1, max-image-preview:large, max-video-preview:-1\" \/>\n<link rel=\"canonical\" href=\"https:\/\/swissbaker.ch\/fr\/panissimo-news\/bilan-et-projections-passages-imponderables\/\" \/>\n<meta property=\"og:locale\" content=\"fr_FR\" \/>\n<meta property=\"og:type\" content=\"article\" \/>\n<meta property=\"og:title\" content=\"Bilan et projections passages impond\u00e9rables!\" \/>\n<meta property=\"og:description\" content=\"Une ann\u00e9e s\u2019est termin\u00e9e, une autre s\u2019ouvre. Il est donc temps de faire le bilan de celle \u00e9coul\u00e9e et ceci personne n\u2019y \u00e9chappe.\" \/>\n<meta property=\"og:url\" content=\"https:\/\/swissbaker.ch\/fr\/panissimo-news\/bilan-et-projections-passages-imponderables\/\" \/>\n<meta property=\"og:site_name\" content=\"SBC\" \/>\n<meta property=\"article:publisher\" content=\"https:\/\/www.facebook.com\/swissbaker.ch\" \/>\n<meta property=\"article:published_time\" content=\"2026-01-20T08:17:30+00:00\" \/>\n<meta property=\"article:modified_time\" content=\"2026-01-20T08:17:36+00:00\" \/>\n<meta property=\"og:image\" content=\"https:\/\/swissbaker.ch\/wp-content\/uploads\/2025\/03\/bernard_pignat_2025.jpg\" \/>\n\t<meta property=\"og:image:width\" content=\"1200\" \/>\n\t<meta property=\"og:image:height\" content=\"712\" \/>\n\t<meta property=\"og:image:type\" content=\"image\/jpeg\" \/>\n<meta name=\"author\" content=\"Simon Nussbaum\" \/>\n<meta name=\"twitter:card\" content=\"summary_large_image\" \/>\n<meta name=\"twitter:creator\" content=\"@ch_swissbaker\" \/>\n<meta name=\"twitter:site\" content=\"@ch_swissbaker\" \/>\n<meta name=\"twitter:label1\" content=\"Written by\" \/>\n\t<meta name=\"twitter:data1\" content=\"Simon Nussbaum\" \/>\n\t<meta name=\"twitter:label2\" content=\"Est. reading time\" \/>\n\t<meta name=\"twitter:data2\" content=\"1 minute\" \/>\n<script type=\"application\/ld+json\" class=\"yoast-schema-graph\">{\"@context\":\"https:\/\/schema.org\",\"@graph\":[{\"@type\":\"Article\",\"@id\":\"https:\/\/swissbaker.ch\/fr\/panissimo-news\/bilan-et-projections-passages-imponderables\/#article\",\"isPartOf\":{\"@id\":\"https:\/\/swissbaker.ch\/fr\/panissimo-news\/bilan-et-projections-passages-imponderables\/\"},\"author\":{\"name\":\"Simon Nussbaum\",\"@id\":\"https:\/\/swissbaker.ch\/fr\/#\/schema\/person\/74bd327b08c18ca6042c02ff6f0ed5e2\"},\"headline\":\"Bilan et projections passages impond\u00e9rables!\",\"datePublished\":\"2026-01-20T08:17:30+00:00\",\"dateModified\":\"2026-01-20T08:17:36+00:00\",\"mainEntityOfPage\":{\"@id\":\"https:\/\/swissbaker.ch\/fr\/panissimo-news\/bilan-et-projections-passages-imponderables\/\"},\"wordCount\":288,\"publisher\":{\"@id\":\"https:\/\/swissbaker.ch\/fr\/#organization\"},\"image\":{\"@id\":\"https:\/\/swissbaker.ch\/fr\/panissimo-news\/bilan-et-projections-passages-imponderables\/#primaryimage\"},\"thumbnailUrl\":\"https:\/\/swissbaker.ch\/wp-content\/uploads\/2025\/03\/bernard_pignat_2025.jpg\",\"articleSection\":[\"De la branche\"],\"inLanguage\":\"fr-FR\"},{\"@type\":\"WebPage\",\"@id\":\"https:\/\/swissbaker.ch\/fr\/panissimo-news\/bilan-et-projections-passages-imponderables\/\",\"url\":\"https:\/\/swissbaker.ch\/fr\/panissimo-news\/bilan-et-projections-passages-imponderables\/\",\"name\":\"Bilan et projections passages impond\u00e9rables! | SBC\",\"isPartOf\":{\"@id\":\"https:\/\/swissbaker.ch\/fr\/#website\"},\"primaryImageOfPage\":{\"@id\":\"https:\/\/swissbaker.ch\/fr\/panissimo-news\/bilan-et-projections-passages-imponderables\/#primaryimage\"},\"image\":{\"@id\":\"https:\/\/swissbaker.ch\/fr\/panissimo-news\/bilan-et-projections-passages-imponderables\/#primaryimage\"},\"thumbnailUrl\":\"https:\/\/swissbaker.ch\/wp-content\/uploads\/2025\/03\/bernard_pignat_2025.jpg\",\"datePublished\":\"2026-01-20T08:17:30+00:00\",\"dateModified\":\"2026-01-20T08:17:36+00:00\",\"breadcrumb\":{\"@id\":\"https:\/\/swissbaker.ch\/fr\/panissimo-news\/bilan-et-projections-passages-imponderables\/#breadcrumb\"},\"inLanguage\":\"fr-FR\",\"potentialAction\":[{\"@type\":\"ReadAction\",\"target\":[\"https:\/\/swissbaker.ch\/fr\/panissimo-news\/bilan-et-projections-passages-imponderables\/\"]}]},{\"@type\":\"ImageObject\",\"inLanguage\":\"fr-FR\",\"@id\":\"https:\/\/swissbaker.ch\/fr\/panissimo-news\/bilan-et-projections-passages-imponderables\/#primaryimage\",\"url\":\"https:\/\/swissbaker.ch\/wp-content\/uploads\/2025\/03\/bernard_pignat_2025.jpg\",\"contentUrl\":\"https:\/\/swissbaker.ch\/wp-content\/uploads\/2025\/03\/bernard_pignat_2025.jpg\",\"width\":1200,\"height\":712},{\"@type\":\"BreadcrumbList\",\"@id\":\"https:\/\/swissbaker.ch\/fr\/panissimo-news\/bilan-et-projections-passages-imponderables\/#breadcrumb\",\"itemListElement\":[{\"@type\":\"ListItem\",\"position\":1,\"name\":\"\",\"item\":\"https:\/\/swissbaker.ch\/fr\/\"},{\"@type\":\"ListItem\",\"position\":2,\"name\":\"De la branche\",\"item\":\"https:\/\/swissbaker.ch\/fr\/panissimo-news\/category\/de-la-branche\/\"},{\"@type\":\"ListItem\",\"position\":3,\"name\":\"Bilan et projections passages impond\u00e9rables!\"}]},{\"@type\":\"WebSite\",\"@id\":\"https:\/\/swissbaker.ch\/fr\/#website\",\"url\":\"https:\/\/swissbaker.ch\/fr\/\",\"name\":\"SBC\",\"description\":\"\",\"publisher\":{\"@id\":\"https:\/\/swissbaker.ch\/fr\/#organization\"},\"potentialAction\":[{\"@type\":\"SearchAction\",\"target\":{\"@type\":\"EntryPoint\",\"urlTemplate\":\"https:\/\/swissbaker.ch\/fr\/?s={search_term_string}\"},\"query-input\":{\"@type\":\"PropertyValueSpecification\",\"valueRequired\":true,\"valueName\":\"search_term_string\"}}],\"inLanguage\":\"fr-FR\"},{\"@type\":\"Organization\",\"@id\":\"https:\/\/swissbaker.ch\/fr\/#organization\",\"name\":\"Schweizerischer B\u00e4cker-Confiseurmeister-Verband\",\"url\":\"https:\/\/swissbaker.ch\/fr\/\",\"logo\":{\"@type\":\"ImageObject\",\"inLanguage\":\"fr-FR\",\"@id\":\"https:\/\/swissbaker.ch\/fr\/#\/schema\/logo\/image\/\",\"url\":\"https:\/\/swissbaker.ch\/wp-content\/uploads\/2022\/04\/sbc-logo-yoast.jpg\",\"contentUrl\":\"https:\/\/swissbaker.ch\/wp-content\/uploads\/2022\/04\/sbc-logo-yoast.jpg\",\"width\":512,\"height\":512,\"caption\":\"Schweizerischer B\u00e4cker-Confiseurmeister-Verband\"},\"image\":{\"@id\":\"https:\/\/swissbaker.ch\/fr\/#\/schema\/logo\/image\/\"},\"sameAs\":[\"https:\/\/www.facebook.com\/swissbaker.ch\",\"https:\/\/x.com\/ch_swissbaker\"]},{\"@type\":\"Person\",\"@id\":\"https:\/\/swissbaker.ch\/fr\/#\/schema\/person\/74bd327b08c18ca6042c02ff6f0ed5e2\",\"name\":\"Simon Nussbaum\",\"image\":{\"@type\":\"ImageObject\",\"inLanguage\":\"fr-FR\",\"@id\":\"https:\/\/swissbaker.ch\/fr\/#\/schema\/person\/image\/\",\"url\":\"https:\/\/secure.gravatar.com\/avatar\/df0eced3bb556c806cb760cf503ade1ed1df25b4104d80d6fd28d93a9509aa12?s=96&d=mm&r=g\",\"contentUrl\":\"https:\/\/secure.gravatar.com\/avatar\/df0eced3bb556c806cb760cf503ade1ed1df25b4104d80d6fd28d93a9509aa12?s=96&d=mm&r=g\",\"caption\":\"Simon Nussbaum\"},\"url\":\"https:\/\/swissbaker.ch\/fr\/panissimo-news\/author\/simon-nussbaum\/\"}]}<\/script>\n<!-- \/ Yoast SEO Premium plugin. -->","yoast_head_json":{"title":"Bilan et projections passages impond\u00e9rables! | SBC","robots":{"index":"index","follow":"follow","max-snippet":"max-snippet:-1","max-image-preview":"max-image-preview:large","max-video-preview":"max-video-preview:-1"},"canonical":"https:\/\/swissbaker.ch\/fr\/panissimo-news\/bilan-et-projections-passages-imponderables\/","og_locale":"fr_FR","og_type":"article","og_title":"Bilan et projections passages impond\u00e9rables!","og_description":"Une ann\u00e9e s\u2019est termin\u00e9e, une autre s\u2019ouvre. Il est donc temps de faire le bilan de celle \u00e9coul\u00e9e et ceci personne n\u2019y \u00e9chappe.","og_url":"https:\/\/swissbaker.ch\/fr\/panissimo-news\/bilan-et-projections-passages-imponderables\/","og_site_name":"SBC","article_publisher":"https:\/\/www.facebook.com\/swissbaker.ch","article_published_time":"2026-01-20T08:17:30+00:00","article_modified_time":"2026-01-20T08:17:36+00:00","og_image":[{"width":1200,"height":712,"url":"https:\/\/swissbaker.ch\/wp-content\/uploads\/2025\/03\/bernard_pignat_2025.jpg","type":"image\/jpeg"}],"author":"Simon Nussbaum","twitter_card":"summary_large_image","twitter_creator":"@ch_swissbaker","twitter_site":"@ch_swissbaker","twitter_misc":{"Written by":"Simon Nussbaum","Est. reading time":"1 minute"},"schema":{"@context":"https:\/\/schema.org","@graph":[{"@type":"Article","@id":"https:\/\/swissbaker.ch\/fr\/panissimo-news\/bilan-et-projections-passages-imponderables\/#article","isPartOf":{"@id":"https:\/\/swissbaker.ch\/fr\/panissimo-news\/bilan-et-projections-passages-imponderables\/"},"author":{"name":"Simon Nussbaum","@id":"https:\/\/swissbaker.ch\/fr\/#\/schema\/person\/74bd327b08c18ca6042c02ff6f0ed5e2"},"headline":"Bilan et projections passages impond\u00e9rables!","datePublished":"2026-01-20T08:17:30+00:00","dateModified":"2026-01-20T08:17:36+00:00","mainEntityOfPage":{"@id":"https:\/\/swissbaker.ch\/fr\/panissimo-news\/bilan-et-projections-passages-imponderables\/"},"wordCount":288,"publisher":{"@id":"https:\/\/swissbaker.ch\/fr\/#organization"},"image":{"@id":"https:\/\/swissbaker.ch\/fr\/panissimo-news\/bilan-et-projections-passages-imponderables\/#primaryimage"},"thumbnailUrl":"https:\/\/swissbaker.ch\/wp-content\/uploads\/2025\/03\/bernard_pignat_2025.jpg","articleSection":["De la branche"],"inLanguage":"fr-FR"},{"@type":"WebPage","@id":"https:\/\/swissbaker.ch\/fr\/panissimo-news\/bilan-et-projections-passages-imponderables\/","url":"https:\/\/swissbaker.ch\/fr\/panissimo-news\/bilan-et-projections-passages-imponderables\/","name":"Bilan et projections passages impond\u00e9rables! | SBC","isPartOf":{"@id":"https:\/\/swissbaker.ch\/fr\/#website"},"primaryImageOfPage":{"@id":"https:\/\/swissbaker.ch\/fr\/panissimo-news\/bilan-et-projections-passages-imponderables\/#primaryimage"},"image":{"@id":"https:\/\/swissbaker.ch\/fr\/panissimo-news\/bilan-et-projections-passages-imponderables\/#primaryimage"},"thumbnailUrl":"https:\/\/swissbaker.ch\/wp-content\/uploads\/2025\/03\/bernard_pignat_2025.jpg","datePublished":"2026-01-20T08:17:30+00:00","dateModified":"2026-01-20T08:17:36+00:00","breadcrumb":{"@id":"https:\/\/swissbaker.ch\/fr\/panissimo-news\/bilan-et-projections-passages-imponderables\/#breadcrumb"},"inLanguage":"fr-FR","potentialAction":[{"@type":"ReadAction","target":["https:\/\/swissbaker.ch\/fr\/panissimo-news\/bilan-et-projections-passages-imponderables\/"]}]},{"@type":"ImageObject","inLanguage":"fr-FR","@id":"https:\/\/swissbaker.ch\/fr\/panissimo-news\/bilan-et-projections-passages-imponderables\/#primaryimage","url":"https:\/\/swissbaker.ch\/wp-content\/uploads\/2025\/03\/bernard_pignat_2025.jpg","contentUrl":"https:\/\/swissbaker.ch\/wp-content\/uploads\/2025\/03\/bernard_pignat_2025.jpg","width":1200,"height":712},{"@type":"BreadcrumbList","@id":"https:\/\/swissbaker.ch\/fr\/panissimo-news\/bilan-et-projections-passages-imponderables\/#breadcrumb","itemListElement":[{"@type":"ListItem","position":1,"name":"","item":"https:\/\/swissbaker.ch\/fr\/"},{"@type":"ListItem","position":2,"name":"De la branche","item":"https:\/\/swissbaker.ch\/fr\/panissimo-news\/category\/de-la-branche\/"},{"@type":"ListItem","position":3,"name":"Bilan et projections passages impond\u00e9rables!"}]},{"@type":"WebSite","@id":"https:\/\/swissbaker.ch\/fr\/#website","url":"https:\/\/swissbaker.ch\/fr\/","name":"SBC","description":"","publisher":{"@id":"https:\/\/swissbaker.ch\/fr\/#organization"},"potentialAction":[{"@type":"SearchAction","target":{"@type":"EntryPoint","urlTemplate":"https:\/\/swissbaker.ch\/fr\/?s={search_term_string}"},"query-input":{"@type":"PropertyValueSpecification","valueRequired":true,"valueName":"search_term_string"}}],"inLanguage":"fr-FR"},{"@type":"Organization","@id":"https:\/\/swissbaker.ch\/fr\/#organization","name":"Schweizerischer B\u00e4cker-Confiseurmeister-Verband","url":"https:\/\/swissbaker.ch\/fr\/","logo":{"@type":"ImageObject","inLanguage":"fr-FR","@id":"https:\/\/swissbaker.ch\/fr\/#\/schema\/logo\/image\/","url":"https:\/\/swissbaker.ch\/wp-content\/uploads\/2022\/04\/sbc-logo-yoast.jpg","contentUrl":"https:\/\/swissbaker.ch\/wp-content\/uploads\/2022\/04\/sbc-logo-yoast.jpg","width":512,"height":512,"caption":"Schweizerischer B\u00e4cker-Confiseurmeister-Verband"},"image":{"@id":"https:\/\/swissbaker.ch\/fr\/#\/schema\/logo\/image\/"},"sameAs":["https:\/\/www.facebook.com\/swissbaker.ch","https:\/\/x.com\/ch_swissbaker"]},{"@type":"Person","@id":"https:\/\/swissbaker.ch\/fr\/#\/schema\/person\/74bd327b08c18ca6042c02ff6f0ed5e2","name":"Simon Nussbaum","image":{"@type":"ImageObject","inLanguage":"fr-FR","@id":"https:\/\/swissbaker.ch\/fr\/#\/schema\/person\/image\/","url":"https:\/\/secure.gravatar.com\/avatar\/df0eced3bb556c806cb760cf503ade1ed1df25b4104d80d6fd28d93a9509aa12?s=96&d=mm&r=g","contentUrl":"https:\/\/secure.gravatar.com\/avatar\/df0eced3bb556c806cb760cf503ade1ed1df25b4104d80d6fd28d93a9509aa12?s=96&d=mm&r=g","caption":"Simon Nussbaum"},"url":"https:\/\/swissbaker.ch\/fr\/panissimo-news\/author\/simon-nussbaum\/"}]}},"_links":{"self":[{"href":"https:\/\/swissbaker.ch\/fr\/wp-json\/wp\/v2\/posts\/157595","targetHints":{"allow":["GET"]}}],"collection":[{"href":"https:\/\/swissbaker.ch\/fr\/wp-json\/wp\/v2\/posts"}],"about":[{"href":"https:\/\/swissbaker.ch\/fr\/wp-json\/wp\/v2\/types\/post"}],"author":[{"embeddable":true,"href":"https:\/\/swissbaker.ch\/fr\/wp-json\/wp\/v2\/users\/5"}],"replies":[{"embeddable":true,"href":"https:\/\/swissbaker.ch\/fr\/wp-json\/wp\/v2\/comments?post=157595"}],"version-history":[{"count":0,"href":"https:\/\/swissbaker.ch\/fr\/wp-json\/wp\/v2\/posts\/157595\/revisions"}],"wp:featuredmedia":[{"embeddable":true,"href":"https:\/\/swissbaker.ch\/fr\/wp-json\/wp\/v2\/media\/118780"}],"wp:attachment":[{"href":"https:\/\/swissbaker.ch\/fr\/wp-json\/wp\/v2\/media?parent=157595"}],"wp:term":[{"taxonomy":"category","embeddable":true,"href":"https:\/\/swissbaker.ch\/fr\/wp-json\/wp\/v2\/categories?post=157595"},{"taxonomy":"post_tag","embeddable":true,"href":"https:\/\/swissbaker.ch\/fr\/wp-json\/wp\/v2\/tags?post=157595"}],"curies":[{"name":"wp","href":"https:\/\/api.w.org\/{rel}","templated":true}]}}