{"id":157520,"date":"2026-01-15T16:41:39","date_gmt":"2026-01-15T15:41:39","guid":{"rendered":"https:\/\/swissbaker.ch\/?p=157520"},"modified":"2026-01-22T09:37:09","modified_gmt":"2026-01-22T08:37:09","slug":"laccompagnement-vaut-de-lor","status":"publish","type":"post","link":"https:\/\/swissbaker.ch\/fr\/panissimo-news\/laccompagnement-vaut-de-lor\/","title":{"rendered":"\u00abL\u2019accompagnement vaut de l\u2019or\u00bb"},"content":{"rendered":"\n<p><strong>Depuis six mois, la p\u00e2tisserie Voland AG \u00e0 Steg im T\u00f6sstal (ZH) utilise le syst\u00e8me de gestion de la sant\u00e9 en entreprise (GSE) de Panvica. Petra Oberholzer, responsable RH, n\u2019a que des \u00e9loges pour cette solution, dont le personnel ressent clairement les b\u00e9n\u00e9fices concrets.<\/strong><\/p>\n\n\n\n<p>Avec la GSE, Panvica mise sur la d\u00e9tection pr\u00e9coce et un soutien cibl\u00e9, allant de la simple d\u00e9claration d\u2019absence \u00e0 l\u2019accompagnement professionnel dans le processus de r\u00e9int\u00e9gration. Qu\u2019il s\u2019agisse de pr\u00e9vention, d\u2019intervention ou d\u2019int\u00e9gration, les entreprises sont encadr\u00e9es pas \u00e0 pas. Ce service est exclusivement r\u00e9serv\u00e9 aux assur\u00e9s de la caisse de pension.<\/p>\n\n\n\n<p><strong>Petra Oberholzer, Comment avez-vous d\u00e9couvert la GSE\u2009?<\/strong><br>Panvica nous en a parl\u00e9 dans le cadre de la gestion des absences. Nous n\u2019avons pris notre d\u00e9cision qu\u2019au deuxi\u00e8me essai.<\/p>\n\n\n\n<p><strong>Quelles mesures avez-vous prises pour convaincre le personnel?<\/strong><br>Nous avons envoy\u00e9 une lettre d\u2019information \u00e0 notre personnel. C\u2019est active care, qui g\u00e8re la GSE pour Panvica, qui nous l\u2019a fournie. Nous avons \u00e9galement inform\u00e9 notre personnel en d\u00e9tail \u00e0 ce sujet dans l\u2019un de nos protocoles d\u2019information hebdomadaires.<\/p>\n\n\n\n<p><strong>Comment proc\u00e9dez-vous avec un collaborateur dont le taux d&#8217;absent\u00e9isme est \u00e9lev\u00e9?<\/strong><br>Nous prenons contact avec la personne concern\u00e9e pour l\u2019informer. Je peux t\u00e9l\u00e9charger la procuration depuis le portail active care apr\u00e8s avoir cr\u00e9\u00e9 une d\u00e9claration et indiqu\u00e9 que je souhaite un CM. Ce n&#8217;est qu\u2019ensuite qu&#8217;un sp\u00e9cialiste neutre le contacte pour un entretien.<\/p>\n\n\n\n<p>Le taux d&#8217;absent\u00e9isme ne doit pas n\u00e9cessairement \u00eatre \u00e9lev\u00e9. En tant que responsable RH, je connais le personnel et je peux \u00e9galement saisir une d\u00e9claration plus t\u00f4t en cas de probl\u00e8me.<\/p>\n\n\n<div class=\"wp-block-image\">\n<figure class=\"aligncenter size-full is-resized\"><img decoding=\"async\" width=\"600\" height=\"679\" src=\"https:\/\/swissbaker.ch\/wp-content\/uploads\/2026\/01\/petra_oberholzer.jpg\" alt=\"\" class=\"wp-image-157514\" style=\"width:326px;height:auto\"\/><figcaption class=\"wp-element-caption\"><em>Petra Oberholzer<br>Responsable RH et sp\u00e9cialiste dipl\u00f4m\u00e9e en commerce de d\u00e9tail CFC en boulangerie et formations continues en ressources humaines travaille dans le secteur de la boulangerie depuis 26 ans.<\/em><\/figcaption><\/figure>\n<\/div>\n\n\n<p><strong>Quelles ont \u00e9t\u00e9 les r\u00e9actions des collaborateurs et collaboratrices?<\/strong><br>Dans l&#8217;ensemble, elles ont \u00e9t\u00e9 positives. Le personnel appr\u00e9cie beaucoup le fait que, en tant qu&#8217;entreprise employeuse, nous lui proposions une aide externe en cas de besoin, et surtout que l&#8217;entretien de conseil ait lieu en dehors de l&#8217;entreprise, dans un environnement neutre.<\/p>\n\n\n\n<p><strong>Y a-t-il eu des r\u00e9actions critiques?<\/strong><br>Certains craignaient que l&#8217;\u00e9quipe care soit trop intrusive. D\u2019autres ont demand\u00e9 ce qui se passerait s&#8217;ils ne souhaitaient pas b\u00e9n\u00e9ficier de cette offre.<\/p>\n\n\n\n<p><strong>Que se passe-t-il pour les collaborateurs et collaboratrices qui ne souhaitent pas accepter ce service?<\/strong><br>Avant de collaborer avec active care, les personnes concern\u00e9es doivent signer une procuration. En cas de refus, nous leur expliquons que notre objectif est uniquement de les soutenir.<\/p>\n\n\n\n<p><a id=\"_msocom_1\"><\/a><strong>Cela entra\u00eene-t-il une charge administrative suppl\u00e9mentaire?<\/strong><br>Tous les collaborateurs doivent \u00eatre enregistr\u00e9s sur un portail. La soci\u00e9t\u00e9 active care nous a aid\u00e9s lors de la mise en place et a transf\u00e9r\u00e9 les donn\u00e9es gr\u00e2ce \u00e0 notre excellent programme des salaires. Il faut par ailleurs enregistrer toutes les entr\u00e9es et sorties, ainsi que les absences d\u00e8s le premier jour. Ce n\u2019est pas tr\u00e8s compliqu\u00e9, mais cela doit \u00eatre fait. Enfin, le certificat m\u00e9dical doit souvent \u00eatre transmis \u00e0 l\u2019assurance. Cela implique donc une \u00e9tape suppl\u00e9mentaire avec la saisie dans le portail active time. Le processus doit aussi \u00eatre surveill\u00e9. Ce l\u00e9ger surcro\u00eet de travail en vaut la peine\u2009!<\/p>\n\n\n\n<p>Les case managers (CM) prennent r\u00e9guli\u00e8rement contact directement avec les responsables du personnel pour les tenir inform\u00e9s de la situation actuelle et des prochaines \u00e9tapes.<\/p>\n\n\n\n<p><strong>Quels ont \u00e9t\u00e9 les principaux d\u00e9fis?<br><\/strong>Je n\u2019ai pas consid\u00e9r\u00e9 cela comme un d\u00e9fi. Toutes les entreprises souhaitent r\u00e9duire les absences et permettre \u00e0 leur personnel de reprendre le travail rapidement et en bonne sant\u00e9. L\u2019accompagnement propos\u00e9 par active time vaut de l\u2019or. Les absences co\u00fbtent du temps et de l\u2019argent. Un personnel en bonne sant\u00e9 est le bien le plus pr\u00e9cieux pour nous comme pour toute entreprise.<\/p>\n\n\n\n<p><strong>Qu&#8217;est-ce qui vous a surprise?<\/strong><br>L&#8217;excellente communication entre les CM et notre service du personnel. Les \u00e9changes sont constructifs et objectifs. Les personnes absentes b\u00e9n\u00e9ficient d&#8217;un accompagnement optimal.<\/p>\n\n\n\n<p><strong>Quel a \u00e9t\u00e9 l\u2019accompagnement de Panvica et d\u2019active care lors de la mise en place?<br><\/strong>Panvica apporte toujours un bon soutien en cas de questions. F\u00e9licitations\u2009! Nous recevons \u00e9galement de l\u2019aide de la part d\u2019active care. Nous sommes toujours conseill\u00e9s rapidement et avec comp\u00e9tence.<\/p>\n\n\n\n<p><strong>Quel est votre bilan\u2009? qu\u2019est-ce qui a chang\u00e9depuis l\u2019introduction en juillet?<br><\/strong>Beaucoup de choses\u2009! Les personnes concern\u00e9es profitent d\u2019un meilleur accompagnement. Nous avons un meilleur contr\u00f4le des cas d\u2019absence et pouvons ainsi pr\u00e9venir les abus. Le suivi s\u2019est \u00e9galement am\u00e9lior\u00e9. Nous b\u00e9n\u00e9ficions d\u2019un excellent soutien de la part de CM. Il est \u00e9galement tr\u00e8s utile de recevoir tous les six mois un relev\u00e9 d\u2019active care pr\u00e9sentant un aper\u00e7u des cas d\u2019absence. Comme d\u00e9j\u00e0 dit, cela repr\u00e9sente une charge de travail suppl\u00e9mentaire, mais cela en vaut la peine\u2009! Autre point positif\u2009: la fluctuation du personnel a diminu\u00e9. Lorsque les collaborateurs sont satisfaits, ils sont moins souvent malades.<\/p>\n\n\n\n<p><strong>\u00c0 ce jour, quelle note de 1 \u00e0 6 donneriez-vous \u00e0 la GSE?<\/strong><\/p>\n\n\n\n<p>Un 5,5!<\/p>\n\n\n\n<p><strong>Pourquoi les membres de la BCS devraient-ils participer \u00e0 la GSE\u2009?<br><\/strong>1.\u2002La GSE apporte un soutien consid\u00e9rable au service RH.<\/p>\n\n\n\n<p>2.\u2002Comme d\u00e9j\u00e0 dit, l\u2019accompagnement et le conseil des personnes absentes sont assur\u00e9s par des sp\u00e9cialistes externes. Les collaborateurs sont ainsi plus enclins \u00e0 accepter les conseils.<\/p>\n\n\n\n<p>3.\u2002Le service du personnel peut d\u00e9clencher des processus \u00e0 un stade pr\u00e9coce, ce qui permet de r\u00e9int\u00e9grer plus rapidement les personnes concern\u00e9es. Le risque de d\u00e9pression peut aussi \u00eatre r\u00e9duit, sachant que des absences prolong\u00e9es peuvent entra\u00eener des probl\u00e8mes psychiques.<\/p>\n\n\n\n<p>4.\u2002Notre service du personnel n\u2019aurait pratiquement pas les capacit\u00e9s n\u00e9cessaires pour assurer un encadrement d\u2019une telle qualit\u00e9.<\/p>\n\n\n\n<p>5.\u2002Les case managers peuvent \u00e9galement obtenir des informations plus pr\u00e9cises aupr\u00e8s des m\u00e9decins. Les personnes qui tentent d\u2019abuser de l\u2019assurance sont identifi\u00e9es \u00e0 un stade pr\u00e9coce, ce qui est avantageux pour la prime d\u2019assurance de l\u2019employeur.<\/p>\n\n\n\n<p>6.\u2002Gr\u00e2ce \u00e0 la d\u00e9claration de prestations, en tant qu\u2019employeuse, je n\u2019ai plus \u00e0 penser personnellement \u00e0 v\u00e9rifier l\u2019exon\u00e9ration de cotisations dans la LPP. Cela se fait automatiquement \u00e0 partir de ma d\u00e9claration de prestations.<\/p>\n\n\n\n<hr class=\"wp-block-separator has-alpha-channel-opacity\"\/>\n\n\n\n<h3 class=\"wp-block-heading\" id=\"h-patisserie-voland-ag-steg-im-tosstal-zh\"><strong>P\u00e2tisserie Voland AG, Steg im T\u00f6sstal (ZH)<\/strong><\/h3>\n\n\n\n<ul class=\"wp-block-list\">\n<li>Nombre de collaborateurs et collaboratrices: environ 150 personnes au total<\/li>\n\n\n\n<li>Production: environ 60 personnes \/ temps partiel compris<\/li>\n\n\n\n<li>Vente: environ 80 personnes \/ temps partiel compris <\/li>\n\n\n\n<li>Administration: environ 9 personnes \/ temps partiel compris<\/li>\n\n\n\n<li>Administration &amp; atelier: environ 10 personnes \/ temps partiel compris<\/li>\n\n\n\n<li>Lancement de la gestion de la sant\u00e9 en entreprise (GSE): 01.07.2025<\/li>\n<\/ul>\n\n\n\n<p><a href=\"http:\/\/baumerfladen.ch\" target=\"_blank\" rel=\"noreferrer noopener\">baumerfladen.ch<\/a><\/p>\n\n\n\n<p class=\"has-text-align-right\"><em>Interview: Claudia Vernocchi<\/em><br><sup><em>Images: Adobestock\/LDD<\/em><\/sup><\/p>\n\n\n\n<p><a id=\"_msocom_1\"><\/a><\/p>\n","protected":false},"excerpt":{"rendered":"<p>Depuis six mois, la p\u00e2tisserie Voland AG \u00e0 Steg im T\u00f6sstal (ZH) utilise le syst\u00e8me de gestion de la sant\u00e9 en entreprise (GSE) de Panvica. Petra Oberholzer, responsable RH, n\u2019a que des \u00e9loges pour cette solution, dont le personnel ressent clairement les b\u00e9n\u00e9fices concrets.<\/p>\n","protected":false},"author":5,"featured_media":157521,"comment_status":"closed","ping_status":"closed","sticky":true,"template":"","format":"standard","meta":{"_acf_changed":false,"footnotes":""},"categories":[49],"tags":[],"class_list":["post-157520","post","type-post","status-publish","format-standard","has-post-thumbnail","hentry","category-sante-securite"],"acf":[],"yoast_head":"<!-- This site is optimized with the Yoast SEO Premium plugin v26.8 (Yoast SEO v26.8) - https:\/\/yoast.com\/product\/yoast-seo-premium-wordpress\/ -->\n<title>\u00abL\u2019accompagnement vaut de l\u2019or\u00bb | SBC<\/title>\n<meta name=\"robots\" content=\"index, follow, max-snippet:-1, max-image-preview:large, max-video-preview:-1\" \/>\n<link rel=\"canonical\" href=\"https:\/\/swissbaker.ch\/fr\/panissimo-news\/laccompagnement-vaut-de-lor\/\" \/>\n<meta property=\"og:locale\" content=\"fr_FR\" \/>\n<meta property=\"og:type\" content=\"article\" \/>\n<meta property=\"og:title\" content=\"\u00abL\u2019accompagnement vaut de l\u2019or\u00bb\" \/>\n<meta property=\"og:description\" content=\"Depuis six mois, la p\u00e2tisserie Voland AG \u00e0 Steg im T\u00f6sstal (ZH) utilise le syst\u00e8me de gestion de la sant\u00e9 en entreprise (GSE) de Panvica. Petra Oberholzer, responsable RH, n\u2019a que des \u00e9loges pour cette solution, dont le personnel ressent clairement les b\u00e9n\u00e9fices concrets.\" \/>\n<meta property=\"og:url\" content=\"https:\/\/swissbaker.ch\/fr\/panissimo-news\/laccompagnement-vaut-de-lor\/\" \/>\n<meta property=\"og:site_name\" content=\"SBC\" \/>\n<meta property=\"article:publisher\" content=\"https:\/\/www.facebook.com\/swissbaker.ch\" \/>\n<meta property=\"article:published_time\" content=\"2026-01-15T15:41:39+00:00\" \/>\n<meta property=\"article:modified_time\" content=\"2026-01-22T08:37:09+00:00\" \/>\n<meta property=\"og:image\" content=\"https:\/\/swissbaker.ch\/wp-content\/uploads\/2026\/01\/betriebliches_gesundheitsmanagement_f.jpg\" \/>\n\t<meta property=\"og:image:width\" content=\"1200\" \/>\n\t<meta property=\"og:image:height\" content=\"712\" \/>\n\t<meta property=\"og:image:type\" content=\"image\/jpeg\" \/>\n<meta name=\"author\" content=\"Simon Nussbaum\" \/>\n<meta name=\"twitter:card\" content=\"summary_large_image\" \/>\n<meta name=\"twitter:creator\" content=\"@ch_swissbaker\" \/>\n<meta name=\"twitter:site\" content=\"@ch_swissbaker\" \/>\n<meta name=\"twitter:label1\" content=\"Written by\" \/>\n\t<meta name=\"twitter:data1\" content=\"Simon Nussbaum\" \/>\n\t<meta name=\"twitter:label2\" content=\"Est. reading time\" \/>\n\t<meta name=\"twitter:data2\" content=\"6 minutes\" \/>\n<script type=\"application\/ld+json\" class=\"yoast-schema-graph\">{\"@context\":\"https:\/\/schema.org\",\"@graph\":[{\"@type\":\"Article\",\"@id\":\"https:\/\/swissbaker.ch\/fr\/panissimo-news\/laccompagnement-vaut-de-lor\/#article\",\"isPartOf\":{\"@id\":\"https:\/\/swissbaker.ch\/fr\/panissimo-news\/laccompagnement-vaut-de-lor\/\"},\"author\":{\"name\":\"Simon Nussbaum\",\"@id\":\"https:\/\/swissbaker.ch\/fr\/#\/schema\/person\/74bd327b08c18ca6042c02ff6f0ed5e2\"},\"headline\":\"\u00abL\u2019accompagnement vaut de l\u2019or\u00bb\",\"datePublished\":\"2026-01-15T15:41:39+00:00\",\"dateModified\":\"2026-01-22T08:37:09+00:00\",\"mainEntityOfPage\":{\"@id\":\"https:\/\/swissbaker.ch\/fr\/panissimo-news\/laccompagnement-vaut-de-lor\/\"},\"wordCount\":1190,\"publisher\":{\"@id\":\"https:\/\/swissbaker.ch\/fr\/#organization\"},\"image\":{\"@id\":\"https:\/\/swissbaker.ch\/fr\/panissimo-news\/laccompagnement-vaut-de-lor\/#primaryimage\"},\"thumbnailUrl\":\"https:\/\/swissbaker.ch\/wp-content\/uploads\/2026\/01\/betriebliches_gesundheitsmanagement_f.jpg\",\"articleSection\":[\"Sant\u00e9\/S\u00e9curit\u00e9\"],\"inLanguage\":\"fr-FR\"},{\"@type\":\"WebPage\",\"@id\":\"https:\/\/swissbaker.ch\/fr\/panissimo-news\/laccompagnement-vaut-de-lor\/\",\"url\":\"https:\/\/swissbaker.ch\/fr\/panissimo-news\/laccompagnement-vaut-de-lor\/\",\"name\":\"\u00abL\u2019accompagnement vaut de l\u2019or\u00bb | SBC\",\"isPartOf\":{\"@id\":\"https:\/\/swissbaker.ch\/fr\/#website\"},\"primaryImageOfPage\":{\"@id\":\"https:\/\/swissbaker.ch\/fr\/panissimo-news\/laccompagnement-vaut-de-lor\/#primaryimage\"},\"image\":{\"@id\":\"https:\/\/swissbaker.ch\/fr\/panissimo-news\/laccompagnement-vaut-de-lor\/#primaryimage\"},\"thumbnailUrl\":\"https:\/\/swissbaker.ch\/wp-content\/uploads\/2026\/01\/betriebliches_gesundheitsmanagement_f.jpg\",\"datePublished\":\"2026-01-15T15:41:39+00:00\",\"dateModified\":\"2026-01-22T08:37:09+00:00\",\"breadcrumb\":{\"@id\":\"https:\/\/swissbaker.ch\/fr\/panissimo-news\/laccompagnement-vaut-de-lor\/#breadcrumb\"},\"inLanguage\":\"fr-FR\",\"potentialAction\":[{\"@type\":\"ReadAction\",\"target\":[\"https:\/\/swissbaker.ch\/fr\/panissimo-news\/laccompagnement-vaut-de-lor\/\"]}]},{\"@type\":\"ImageObject\",\"inLanguage\":\"fr-FR\",\"@id\":\"https:\/\/swissbaker.ch\/fr\/panissimo-news\/laccompagnement-vaut-de-lor\/#primaryimage\",\"url\":\"https:\/\/swissbaker.ch\/wp-content\/uploads\/2026\/01\/betriebliches_gesundheitsmanagement_f.jpg\",\"contentUrl\":\"https:\/\/swissbaker.ch\/wp-content\/uploads\/2026\/01\/betriebliches_gesundheitsmanagement_f.jpg\",\"width\":1200,\"height\":712},{\"@type\":\"BreadcrumbList\",\"@id\":\"https:\/\/swissbaker.ch\/fr\/panissimo-news\/laccompagnement-vaut-de-lor\/#breadcrumb\",\"itemListElement\":[{\"@type\":\"ListItem\",\"position\":1,\"name\":\"\",\"item\":\"https:\/\/swissbaker.ch\/fr\/\"},{\"@type\":\"ListItem\",\"position\":2,\"name\":\"Sant\u00e9\/S\u00e9curit\u00e9\",\"item\":\"https:\/\/swissbaker.ch\/fr\/panissimo-news\/category\/sante-securite\/\"},{\"@type\":\"ListItem\",\"position\":3,\"name\":\"\u00abL\u2019accompagnement vaut de l\u2019or\u00bb\"}]},{\"@type\":\"WebSite\",\"@id\":\"https:\/\/swissbaker.ch\/fr\/#website\",\"url\":\"https:\/\/swissbaker.ch\/fr\/\",\"name\":\"SBC\",\"description\":\"\",\"publisher\":{\"@id\":\"https:\/\/swissbaker.ch\/fr\/#organization\"},\"potentialAction\":[{\"@type\":\"SearchAction\",\"target\":{\"@type\":\"EntryPoint\",\"urlTemplate\":\"https:\/\/swissbaker.ch\/fr\/?s={search_term_string}\"},\"query-input\":{\"@type\":\"PropertyValueSpecification\",\"valueRequired\":true,\"valueName\":\"search_term_string\"}}],\"inLanguage\":\"fr-FR\"},{\"@type\":\"Organization\",\"@id\":\"https:\/\/swissbaker.ch\/fr\/#organization\",\"name\":\"Schweizerischer B\u00e4cker-Confiseurmeister-Verband\",\"url\":\"https:\/\/swissbaker.ch\/fr\/\",\"logo\":{\"@type\":\"ImageObject\",\"inLanguage\":\"fr-FR\",\"@id\":\"https:\/\/swissbaker.ch\/fr\/#\/schema\/logo\/image\/\",\"url\":\"https:\/\/swissbaker.ch\/wp-content\/uploads\/2022\/04\/sbc-logo-yoast.jpg\",\"contentUrl\":\"https:\/\/swissbaker.ch\/wp-content\/uploads\/2022\/04\/sbc-logo-yoast.jpg\",\"width\":512,\"height\":512,\"caption\":\"Schweizerischer B\u00e4cker-Confiseurmeister-Verband\"},\"image\":{\"@id\":\"https:\/\/swissbaker.ch\/fr\/#\/schema\/logo\/image\/\"},\"sameAs\":[\"https:\/\/www.facebook.com\/swissbaker.ch\",\"https:\/\/x.com\/ch_swissbaker\"]},{\"@type\":\"Person\",\"@id\":\"https:\/\/swissbaker.ch\/fr\/#\/schema\/person\/74bd327b08c18ca6042c02ff6f0ed5e2\",\"name\":\"Simon Nussbaum\",\"image\":{\"@type\":\"ImageObject\",\"inLanguage\":\"fr-FR\",\"@id\":\"https:\/\/swissbaker.ch\/fr\/#\/schema\/person\/image\/\",\"url\":\"https:\/\/secure.gravatar.com\/avatar\/df0eced3bb556c806cb760cf503ade1ed1df25b4104d80d6fd28d93a9509aa12?s=96&d=mm&r=g\",\"contentUrl\":\"https:\/\/secure.gravatar.com\/avatar\/df0eced3bb556c806cb760cf503ade1ed1df25b4104d80d6fd28d93a9509aa12?s=96&d=mm&r=g\",\"caption\":\"Simon Nussbaum\"},\"url\":\"https:\/\/swissbaker.ch\/fr\/panissimo-news\/author\/simon-nussbaum\/\"}]}<\/script>\n<!-- \/ Yoast SEO Premium plugin. -->","yoast_head_json":{"title":"\u00abL\u2019accompagnement vaut de l\u2019or\u00bb | SBC","robots":{"index":"index","follow":"follow","max-snippet":"max-snippet:-1","max-image-preview":"max-image-preview:large","max-video-preview":"max-video-preview:-1"},"canonical":"https:\/\/swissbaker.ch\/fr\/panissimo-news\/laccompagnement-vaut-de-lor\/","og_locale":"fr_FR","og_type":"article","og_title":"\u00abL\u2019accompagnement vaut de l\u2019or\u00bb","og_description":"Depuis six mois, la p\u00e2tisserie Voland AG \u00e0 Steg im T\u00f6sstal (ZH) utilise le syst\u00e8me de gestion de la sant\u00e9 en entreprise (GSE) de Panvica. Petra Oberholzer, responsable RH, n\u2019a que des \u00e9loges pour cette solution, dont le personnel ressent clairement les b\u00e9n\u00e9fices concrets.","og_url":"https:\/\/swissbaker.ch\/fr\/panissimo-news\/laccompagnement-vaut-de-lor\/","og_site_name":"SBC","article_publisher":"https:\/\/www.facebook.com\/swissbaker.ch","article_published_time":"2026-01-15T15:41:39+00:00","article_modified_time":"2026-01-22T08:37:09+00:00","og_image":[{"width":1200,"height":712,"url":"https:\/\/swissbaker.ch\/wp-content\/uploads\/2026\/01\/betriebliches_gesundheitsmanagement_f.jpg","type":"image\/jpeg"}],"author":"Simon Nussbaum","twitter_card":"summary_large_image","twitter_creator":"@ch_swissbaker","twitter_site":"@ch_swissbaker","twitter_misc":{"Written by":"Simon Nussbaum","Est. reading time":"6 minutes"},"schema":{"@context":"https:\/\/schema.org","@graph":[{"@type":"Article","@id":"https:\/\/swissbaker.ch\/fr\/panissimo-news\/laccompagnement-vaut-de-lor\/#article","isPartOf":{"@id":"https:\/\/swissbaker.ch\/fr\/panissimo-news\/laccompagnement-vaut-de-lor\/"},"author":{"name":"Simon Nussbaum","@id":"https:\/\/swissbaker.ch\/fr\/#\/schema\/person\/74bd327b08c18ca6042c02ff6f0ed5e2"},"headline":"\u00abL\u2019accompagnement vaut de l\u2019or\u00bb","datePublished":"2026-01-15T15:41:39+00:00","dateModified":"2026-01-22T08:37:09+00:00","mainEntityOfPage":{"@id":"https:\/\/swissbaker.ch\/fr\/panissimo-news\/laccompagnement-vaut-de-lor\/"},"wordCount":1190,"publisher":{"@id":"https:\/\/swissbaker.ch\/fr\/#organization"},"image":{"@id":"https:\/\/swissbaker.ch\/fr\/panissimo-news\/laccompagnement-vaut-de-lor\/#primaryimage"},"thumbnailUrl":"https:\/\/swissbaker.ch\/wp-content\/uploads\/2026\/01\/betriebliches_gesundheitsmanagement_f.jpg","articleSection":["Sant\u00e9\/S\u00e9curit\u00e9"],"inLanguage":"fr-FR"},{"@type":"WebPage","@id":"https:\/\/swissbaker.ch\/fr\/panissimo-news\/laccompagnement-vaut-de-lor\/","url":"https:\/\/swissbaker.ch\/fr\/panissimo-news\/laccompagnement-vaut-de-lor\/","name":"\u00abL\u2019accompagnement vaut de l\u2019or\u00bb | SBC","isPartOf":{"@id":"https:\/\/swissbaker.ch\/fr\/#website"},"primaryImageOfPage":{"@id":"https:\/\/swissbaker.ch\/fr\/panissimo-news\/laccompagnement-vaut-de-lor\/#primaryimage"},"image":{"@id":"https:\/\/swissbaker.ch\/fr\/panissimo-news\/laccompagnement-vaut-de-lor\/#primaryimage"},"thumbnailUrl":"https:\/\/swissbaker.ch\/wp-content\/uploads\/2026\/01\/betriebliches_gesundheitsmanagement_f.jpg","datePublished":"2026-01-15T15:41:39+00:00","dateModified":"2026-01-22T08:37:09+00:00","breadcrumb":{"@id":"https:\/\/swissbaker.ch\/fr\/panissimo-news\/laccompagnement-vaut-de-lor\/#breadcrumb"},"inLanguage":"fr-FR","potentialAction":[{"@type":"ReadAction","target":["https:\/\/swissbaker.ch\/fr\/panissimo-news\/laccompagnement-vaut-de-lor\/"]}]},{"@type":"ImageObject","inLanguage":"fr-FR","@id":"https:\/\/swissbaker.ch\/fr\/panissimo-news\/laccompagnement-vaut-de-lor\/#primaryimage","url":"https:\/\/swissbaker.ch\/wp-content\/uploads\/2026\/01\/betriebliches_gesundheitsmanagement_f.jpg","contentUrl":"https:\/\/swissbaker.ch\/wp-content\/uploads\/2026\/01\/betriebliches_gesundheitsmanagement_f.jpg","width":1200,"height":712},{"@type":"BreadcrumbList","@id":"https:\/\/swissbaker.ch\/fr\/panissimo-news\/laccompagnement-vaut-de-lor\/#breadcrumb","itemListElement":[{"@type":"ListItem","position":1,"name":"","item":"https:\/\/swissbaker.ch\/fr\/"},{"@type":"ListItem","position":2,"name":"Sant\u00e9\/S\u00e9curit\u00e9","item":"https:\/\/swissbaker.ch\/fr\/panissimo-news\/category\/sante-securite\/"},{"@type":"ListItem","position":3,"name":"\u00abL\u2019accompagnement vaut de l\u2019or\u00bb"}]},{"@type":"WebSite","@id":"https:\/\/swissbaker.ch\/fr\/#website","url":"https:\/\/swissbaker.ch\/fr\/","name":"SBC","description":"","publisher":{"@id":"https:\/\/swissbaker.ch\/fr\/#organization"},"potentialAction":[{"@type":"SearchAction","target":{"@type":"EntryPoint","urlTemplate":"https:\/\/swissbaker.ch\/fr\/?s={search_term_string}"},"query-input":{"@type":"PropertyValueSpecification","valueRequired":true,"valueName":"search_term_string"}}],"inLanguage":"fr-FR"},{"@type":"Organization","@id":"https:\/\/swissbaker.ch\/fr\/#organization","name":"Schweizerischer B\u00e4cker-Confiseurmeister-Verband","url":"https:\/\/swissbaker.ch\/fr\/","logo":{"@type":"ImageObject","inLanguage":"fr-FR","@id":"https:\/\/swissbaker.ch\/fr\/#\/schema\/logo\/image\/","url":"https:\/\/swissbaker.ch\/wp-content\/uploads\/2022\/04\/sbc-logo-yoast.jpg","contentUrl":"https:\/\/swissbaker.ch\/wp-content\/uploads\/2022\/04\/sbc-logo-yoast.jpg","width":512,"height":512,"caption":"Schweizerischer B\u00e4cker-Confiseurmeister-Verband"},"image":{"@id":"https:\/\/swissbaker.ch\/fr\/#\/schema\/logo\/image\/"},"sameAs":["https:\/\/www.facebook.com\/swissbaker.ch","https:\/\/x.com\/ch_swissbaker"]},{"@type":"Person","@id":"https:\/\/swissbaker.ch\/fr\/#\/schema\/person\/74bd327b08c18ca6042c02ff6f0ed5e2","name":"Simon Nussbaum","image":{"@type":"ImageObject","inLanguage":"fr-FR","@id":"https:\/\/swissbaker.ch\/fr\/#\/schema\/person\/image\/","url":"https:\/\/secure.gravatar.com\/avatar\/df0eced3bb556c806cb760cf503ade1ed1df25b4104d80d6fd28d93a9509aa12?s=96&d=mm&r=g","contentUrl":"https:\/\/secure.gravatar.com\/avatar\/df0eced3bb556c806cb760cf503ade1ed1df25b4104d80d6fd28d93a9509aa12?s=96&d=mm&r=g","caption":"Simon Nussbaum"},"url":"https:\/\/swissbaker.ch\/fr\/panissimo-news\/author\/simon-nussbaum\/"}]}},"_links":{"self":[{"href":"https:\/\/swissbaker.ch\/fr\/wp-json\/wp\/v2\/posts\/157520","targetHints":{"allow":["GET"]}}],"collection":[{"href":"https:\/\/swissbaker.ch\/fr\/wp-json\/wp\/v2\/posts"}],"about":[{"href":"https:\/\/swissbaker.ch\/fr\/wp-json\/wp\/v2\/types\/post"}],"author":[{"embeddable":true,"href":"https:\/\/swissbaker.ch\/fr\/wp-json\/wp\/v2\/users\/5"}],"replies":[{"embeddable":true,"href":"https:\/\/swissbaker.ch\/fr\/wp-json\/wp\/v2\/comments?post=157520"}],"version-history":[{"count":0,"href":"https:\/\/swissbaker.ch\/fr\/wp-json\/wp\/v2\/posts\/157520\/revisions"}],"wp:featuredmedia":[{"embeddable":true,"href":"https:\/\/swissbaker.ch\/fr\/wp-json\/wp\/v2\/media\/157521"}],"wp:attachment":[{"href":"https:\/\/swissbaker.ch\/fr\/wp-json\/wp\/v2\/media?parent=157520"}],"wp:term":[{"taxonomy":"category","embeddable":true,"href":"https:\/\/swissbaker.ch\/fr\/wp-json\/wp\/v2\/categories?post=157520"},{"taxonomy":"post_tag","embeddable":true,"href":"https:\/\/swissbaker.ch\/fr\/wp-json\/wp\/v2\/tags?post=157520"}],"curies":[{"name":"wp","href":"https:\/\/api.w.org\/{rel}","templated":true}]}}