{"id":157491,"date":"2026-01-15T10:26:44","date_gmt":"2026-01-15T09:26:44","guid":{"rendered":"https:\/\/swissbaker.ch\/?p=157491"},"modified":"2026-01-15T11:19:06","modified_gmt":"2026-01-15T10:19:06","slug":"efficacite-accrue-de-la-facturation","status":"publish","type":"post","link":"https:\/\/swissbaker.ch\/fr\/panissimo-news\/efficacite-accrue-de-la-facturation\/","title":{"rendered":"Efficacit\u00e9 accrue de la facturation"},"content":{"rendered":"\n<p><strong>Les boulangeries-confiseries sont de plus en plus sous pression\u2009: la hausse des co\u00fbts, la p\u00e9nurie de main-d\u2019\u0153uvre qualifi\u00e9e et les exigences administratives croissantes rythment leur quotidien. En comptabilit\u00e9 notamment, le temps manque souvent pour structurer les proc\u00e9dures de mani\u00e8re efficace. Or, la comptabilit\u00e9 fournisseurs offre un fort potentiel d\u2019all\u00e8gement gr\u00e2ce \u00e0 la num\u00e9risation.<\/strong><\/p>\n\n\n\n<p>Dans de nombreuses PME, les proc\u00e9dures sont encore bas\u00e9es sur le papier ou seulement partiellement num\u00e9ris\u00e9es. Les factures arrivent par courrier postal ou \u00e9lectronique, sont imprim\u00e9es, puis trait\u00e9es manuellement. Le paiement est souvent effectu\u00e9 directement dans l\u2019e-banking, sans \u00eatre enregistr\u00e9 simultan\u00e9ment dans la comptabilit\u00e9 financi\u00e8re. L\u2019\u00e9criture comptable doit alors \u00eatre ressaisie ult\u00e9rieurement, ce qui constitue une rupture de m\u00e9dia typique, chronophage et source d\u2019erreurs.<\/p>\n\n\n\n<h3 class=\"wp-block-heading\" id=\"h-les-ruptures-de-media-coutent-du-temps-et-de-la-clarte\">Les ruptures de m\u00e9dia co\u00fbtent du temps et de la clart\u00e9<\/h3>\n\n\n\n<p>Ce fonctionnement s\u00e9par\u00e9 entra\u00eene un double travail de saisie\u2009: les montants sont enregistr\u00e9s \u00e0 plusieurs reprises, les justificatifs doivent \u00eatre recherch\u00e9s \u00e0 nouveau et les paiements ressaisis a posteriori. Parall\u00e8lement, il est impossible d\u2019avoir une vue d\u2019ensemble actualis\u00e9e en temps r\u00e9el des factures d\u00e9j\u00e0 pay\u00e9es et de celles encore ouvertes. En pr\u00e9sence de plusieurs fournisseurs et de paiements r\u00e9guliers, le processus devient rapidement complexe.<\/p>\n\n\n\n<p>C\u2019est pr\u00e9cis\u00e9ment l\u00e0 qu\u2019intervient la num\u00e9risation. L\u2019objectif est de mettre en place une proc\u00e9dure continue, de la r\u00e9ception des justificatifs \u00e0 leur contr\u00f4le et validation, jusqu\u2019au paiement, \u00e0 la comptabilisation et \u00e0 l\u2019archivage, sans rupture de m\u00e9dia ni saisie multiple.<\/p>\n\n\n\n<h3 class=\"wp-block-heading\" id=\"h-processus-automatise\">Processus automatis\u00e9<\/h3>\n\n\n\n<p>Les solutions modernes permettent une telle int\u00e9gration. Les factures peuvent \u00eatre num\u00e9ris\u00e9es ou trait\u00e9es directement sous forme de documents num\u00e9riques. La possibilit\u00e9 de recevoir les factures par courriel \u00e0 une adresse fournisseur d\u00e9di\u00e9e est particuli\u00e8rement pratique. Les documents num\u00e9riques sont ainsi automatiquement int\u00e9gr\u00e9s dans le syst\u00e8me, sans qu\u2019il soit n\u00e9cessaire de les enregistrer ou de les transf\u00e9rer manuellement.<\/p>\n\n\n\n<p>La reconnaissance automatis\u00e9e des documents est un \u00e9l\u00e9ment central. Les factures entrantes sont analys\u00e9es et les informations pertinentes, telles que le fournisseur, la date de facturation, le montant, les d\u00e9tails relatifs \u00e0 la TVA, les \u00e9ch\u00e9ances et les escomptes, sont identifi\u00e9es et propos\u00e9es pour la comptabilisation. Le travail de saisie manuelle est de fait consid\u00e9rablement r\u00e9duit, tout en laissant le contr\u00f4le aux utilisateurs \u00e0 tout moment.<\/p>\n\n\n\n<h3 class=\"wp-block-heading\" id=\"h-plus-de-transparence-et-moins-d-erreurs\">Plus de transparence et moins d\u2019erreurs<\/h3>\n\n\n\n<p>La comptabilit\u00e9 fournisseurs num\u00e9rique permet d\u2019avoir une vue d\u2019ensemble au quotidien. Les factures ouvertes, les \u00e9ch\u00e9ances de paiement et le statut de validation sont visibles \u00e0 tout moment. Les d\u00e9lais d\u2019escompte sont pleinement exploit\u00e9s et le risque d\u2019erreurs comptables est r\u00e9duit. Pour l\u2019entreprise, cela signifie moins de travail administratif et davantage de temps \u00e0 consacrer \u00e0 son c\u0153ur de m\u00e9tier.<br>Un autre avantage majeur r\u00e9side dans l\u2019archivage s\u00e9curis\u00e9. Les documents num\u00e9ris\u00e9s sont stock\u00e9s conform\u00e9ment \u00e0 la loi et peuvent \u00eatre consult\u00e9s \u00e0 tout moment. Le stockage encombrant des documents papier dans des dossiers pendant au moins dix ans devient alors superflu.<\/p>\n\n\n\n<h3 class=\"wp-block-heading\" id=\"h-avantages-de-la-collaboration-avec-les-fiduciaires\">Avantages de la collaboration avec les fiduciaires<\/h3>\n\n\n\n<p>La collaboration avec les fiduciaires b\u00e9n\u00e9ficie \u00e9galement largement de la num\u00e9risation. Au lieu d\u2019envoyer p\u00e9riodiquement les documents par courrier postal ou \u00e9lectronique, les fiduciaires acc\u00e8dent directement aux factures enregistr\u00e9es sous forme num\u00e9rique. Toutes les parties travaillent d\u00e8s lors sur une base de donn\u00e9es commune et actualis\u00e9e. Les questions peuvent \u00eatre clarifi\u00e9es plus rapidement et les travaux de cl\u00f4ture effectu\u00e9s plus efficacement. Pour les PME qui externalisent tout ou partie de leur comptabilit\u00e9, cela r\u00e9duit consid\u00e9rablement la charge administrative, et ce pour les deux parties.<\/p>\n\n\n\n<h3 class=\"wp-block-heading\" id=\"h-conclusion\">Conclusion<\/h3>\n\n\n\n<p>La comptabilit\u00e9 fournisseurs num\u00e9rique offre une valeur ajout\u00e9e concr\u00e8te aux boulangeries-confiseries. Elle \u00e9limine les ruptures de m\u00e9dia fr\u00e9quentes entre l\u2019e-banking et la comptabilit\u00e9 financi\u00e8re, r\u00e9duit les \u00e9tapes manuelles et apporte transparence ainsi que s\u00e9curit\u00e9 en mati\u00e8re de r\u00e9vision. Un processus num\u00e9rique continu relie la r\u00e9ception des documents, le paiement, la comptabilisation et l\u2019archivage en une seule op\u00e9ration.<\/p>\n\n\n\n<p>Pour les PME, cela signifie un r\u00e9el all\u00e8gement au quotidien et, pour les fiduciaires, une proc\u00e9dure clairement structur\u00e9e et efficace. La num\u00e9risation de la comptabilit\u00e9 fournisseurs est donc une \u00e9tape cl\u00e9 pour gagner en efficacit\u00e9 et en clart\u00e9 dans les activit\u00e9s quotidiennes. <\/p>\n\n\n\n<h2 class=\"wp-block-heading\" id=\"h-le-processus-de-facturation-numerique-en-bref\"><strong>Le processus de facturation num\u00e9rique \u2013 en bref<\/strong><\/h2>\n\n\n\n<p><strong>1. La facture arrive sous forme num\u00e9rique:<\/strong><br>e-mail ou scan au lieu de papier.<\/p>\n\n\n\n<p><strong>2. Les donn\u00e9es sont reprises:<\/strong><br>exp\u00e9diteur, montant et date, automatiquement.<\/p>\n\n\n\n<p><strong>3. Contr\u00f4ler et valider:<\/strong><br>tout est visible \u00e0 l&#8217;\u00e9cran, \u00e0 tout moment.<\/p>\n\n\n\n<p><strong>4. Payer sans double saisie:<\/strong><br>paiement et comptabilisation en une seule \u00e9tape.<\/p>\n\n\n\n<p><strong>5. Stockage s\u00e9curis\u00e9: &nbsp;<\/strong><br>archivage num\u00e9rique, disponible en tout temps.<a id=\"_msocom_1\"><\/a><\/p>\n\n\n\n<p class=\"has-text-align-right\"><br><em>Markus Koster, directeur g\u00e9n\u00e9ral de la SBC Fiduciaire SA<\/em><\/p>\n\n\n\n<p class=\"has-text-align-right\"><em><sup>Photo: Adobe.com<\/sup><\/em><\/p>\n","protected":false},"excerpt":{"rendered":"<p>Les boulangeries-confiseries sont de plus en plus sous pression\u2009: la hausse des co\u00fbts, la p\u00e9nurie de main-d\u2019\u0153uvre qualifi\u00e9e et les exigences administratives croissantes rythment leur quotidien. En comptabilit\u00e9 notamment, le temps manque souvent pour structurer les proc\u00e9dures de mani\u00e8re efficace. Or, la comptabilit\u00e9 fournisseurs offre un fort potentiel d\u2019all\u00e8gement gr\u00e2ce \u00e0 la num\u00e9risation.<\/p>\n","protected":false},"author":5,"featured_media":157497,"comment_status":"closed","ping_status":"closed","sticky":false,"template":"","format":"standard","meta":{"_acf_changed":false,"footnotes":""},"categories":[54],"tags":[],"class_list":["post-157491","post","type-post","status-publish","format-standard","has-post-thumbnail","hentry","category-conseils"],"acf":[],"yoast_head":"<!-- This site is optimized with the Yoast SEO Premium plugin v26.8 (Yoast SEO v26.8) - https:\/\/yoast.com\/product\/yoast-seo-premium-wordpress\/ -->\n<title>Efficacit\u00e9 accrue de la facturation | SBC<\/title>\n<meta name=\"robots\" content=\"index, follow, max-snippet:-1, max-image-preview:large, max-video-preview:-1\" \/>\n<link rel=\"canonical\" href=\"https:\/\/swissbaker.ch\/fr\/panissimo-news\/efficacite-accrue-de-la-facturation\/\" \/>\n<meta property=\"og:locale\" content=\"fr_FR\" \/>\n<meta property=\"og:type\" content=\"article\" \/>\n<meta property=\"og:title\" content=\"Efficacit\u00e9 accrue de la facturation\" \/>\n<meta property=\"og:description\" content=\"Les boulangeries-confiseries sont de plus en plus sous pression\u2009: la hausse des co\u00fbts, la p\u00e9nurie de main-d\u2019\u0153uvre qualifi\u00e9e et les exigences administratives croissantes rythment leur quotidien. En comptabilit\u00e9 notamment, le temps manque souvent pour structurer les proc\u00e9dures de mani\u00e8re efficace. Or, la comptabilit\u00e9 fournisseurs offre un fort potentiel d\u2019all\u00e8gement gr\u00e2ce \u00e0 la num\u00e9risation.\" \/>\n<meta property=\"og:url\" content=\"https:\/\/swissbaker.ch\/fr\/panissimo-news\/efficacite-accrue-de-la-facturation\/\" \/>\n<meta property=\"og:site_name\" content=\"SBC\" \/>\n<meta property=\"article:publisher\" content=\"https:\/\/www.facebook.com\/swissbaker.ch\" \/>\n<meta property=\"article:published_time\" content=\"2026-01-15T09:26:44+00:00\" \/>\n<meta property=\"article:modified_time\" content=\"2026-01-15T10:19:06+00:00\" \/>\n<meta property=\"og:image\" content=\"https:\/\/swissbaker.ch\/wp-content\/uploads\/2026\/01\/digitale_rechnung_f.jpg\" \/>\n\t<meta property=\"og:image:width\" content=\"1200\" \/>\n\t<meta property=\"og:image:height\" content=\"712\" \/>\n\t<meta property=\"og:image:type\" content=\"image\/jpeg\" \/>\n<meta name=\"author\" content=\"Simon Nussbaum\" \/>\n<meta name=\"twitter:card\" content=\"summary_large_image\" \/>\n<meta name=\"twitter:creator\" content=\"@ch_swissbaker\" \/>\n<meta name=\"twitter:site\" content=\"@ch_swissbaker\" \/>\n<meta name=\"twitter:label1\" content=\"Written by\" \/>\n\t<meta name=\"twitter:data1\" content=\"Simon Nussbaum\" \/>\n\t<meta name=\"twitter:label2\" content=\"Est. reading time\" \/>\n\t<meta name=\"twitter:data2\" content=\"4 minutes\" \/>\n<script type=\"application\/ld+json\" class=\"yoast-schema-graph\">{\"@context\":\"https:\/\/schema.org\",\"@graph\":[{\"@type\":\"Article\",\"@id\":\"https:\/\/swissbaker.ch\/fr\/panissimo-news\/efficacite-accrue-de-la-facturation\/#article\",\"isPartOf\":{\"@id\":\"https:\/\/swissbaker.ch\/fr\/panissimo-news\/efficacite-accrue-de-la-facturation\/\"},\"author\":{\"name\":\"Simon Nussbaum\",\"@id\":\"https:\/\/swissbaker.ch\/fr\/#\/schema\/person\/74bd327b08c18ca6042c02ff6f0ed5e2\"},\"headline\":\"Efficacit\u00e9 accrue de la facturation\",\"datePublished\":\"2026-01-15T09:26:44+00:00\",\"dateModified\":\"2026-01-15T10:19:06+00:00\",\"mainEntityOfPage\":{\"@id\":\"https:\/\/swissbaker.ch\/fr\/panissimo-news\/efficacite-accrue-de-la-facturation\/\"},\"wordCount\":860,\"publisher\":{\"@id\":\"https:\/\/swissbaker.ch\/fr\/#organization\"},\"image\":{\"@id\":\"https:\/\/swissbaker.ch\/fr\/panissimo-news\/efficacite-accrue-de-la-facturation\/#primaryimage\"},\"thumbnailUrl\":\"https:\/\/swissbaker.ch\/wp-content\/uploads\/2026\/01\/digitale_rechnung_f.jpg\",\"articleSection\":[\"Conseils\"],\"inLanguage\":\"fr-FR\"},{\"@type\":\"WebPage\",\"@id\":\"https:\/\/swissbaker.ch\/fr\/panissimo-news\/efficacite-accrue-de-la-facturation\/\",\"url\":\"https:\/\/swissbaker.ch\/fr\/panissimo-news\/efficacite-accrue-de-la-facturation\/\",\"name\":\"Efficacit\u00e9 accrue de la facturation | SBC\",\"isPartOf\":{\"@id\":\"https:\/\/swissbaker.ch\/fr\/#website\"},\"primaryImageOfPage\":{\"@id\":\"https:\/\/swissbaker.ch\/fr\/panissimo-news\/efficacite-accrue-de-la-facturation\/#primaryimage\"},\"image\":{\"@id\":\"https:\/\/swissbaker.ch\/fr\/panissimo-news\/efficacite-accrue-de-la-facturation\/#primaryimage\"},\"thumbnailUrl\":\"https:\/\/swissbaker.ch\/wp-content\/uploads\/2026\/01\/digitale_rechnung_f.jpg\",\"datePublished\":\"2026-01-15T09:26:44+00:00\",\"dateModified\":\"2026-01-15T10:19:06+00:00\",\"breadcrumb\":{\"@id\":\"https:\/\/swissbaker.ch\/fr\/panissimo-news\/efficacite-accrue-de-la-facturation\/#breadcrumb\"},\"inLanguage\":\"fr-FR\",\"potentialAction\":[{\"@type\":\"ReadAction\",\"target\":[\"https:\/\/swissbaker.ch\/fr\/panissimo-news\/efficacite-accrue-de-la-facturation\/\"]}]},{\"@type\":\"ImageObject\",\"inLanguage\":\"fr-FR\",\"@id\":\"https:\/\/swissbaker.ch\/fr\/panissimo-news\/efficacite-accrue-de-la-facturation\/#primaryimage\",\"url\":\"https:\/\/swissbaker.ch\/wp-content\/uploads\/2026\/01\/digitale_rechnung_f.jpg\",\"contentUrl\":\"https:\/\/swissbaker.ch\/wp-content\/uploads\/2026\/01\/digitale_rechnung_f.jpg\",\"width\":1200,\"height\":712},{\"@type\":\"BreadcrumbList\",\"@id\":\"https:\/\/swissbaker.ch\/fr\/panissimo-news\/efficacite-accrue-de-la-facturation\/#breadcrumb\",\"itemListElement\":[{\"@type\":\"ListItem\",\"position\":1,\"name\":\"\",\"item\":\"https:\/\/swissbaker.ch\/fr\/\"},{\"@type\":\"ListItem\",\"position\":2,\"name\":\"Conseils\",\"item\":\"https:\/\/swissbaker.ch\/fr\/panissimo-news\/category\/conseils\/\"},{\"@type\":\"ListItem\",\"position\":3,\"name\":\"Efficacit\u00e9 accrue de la facturation\"}]},{\"@type\":\"WebSite\",\"@id\":\"https:\/\/swissbaker.ch\/fr\/#website\",\"url\":\"https:\/\/swissbaker.ch\/fr\/\",\"name\":\"SBC\",\"description\":\"\",\"publisher\":{\"@id\":\"https:\/\/swissbaker.ch\/fr\/#organization\"},\"potentialAction\":[{\"@type\":\"SearchAction\",\"target\":{\"@type\":\"EntryPoint\",\"urlTemplate\":\"https:\/\/swissbaker.ch\/fr\/?s={search_term_string}\"},\"query-input\":{\"@type\":\"PropertyValueSpecification\",\"valueRequired\":true,\"valueName\":\"search_term_string\"}}],\"inLanguage\":\"fr-FR\"},{\"@type\":\"Organization\",\"@id\":\"https:\/\/swissbaker.ch\/fr\/#organization\",\"name\":\"Schweizerischer B\u00e4cker-Confiseurmeister-Verband\",\"url\":\"https:\/\/swissbaker.ch\/fr\/\",\"logo\":{\"@type\":\"ImageObject\",\"inLanguage\":\"fr-FR\",\"@id\":\"https:\/\/swissbaker.ch\/fr\/#\/schema\/logo\/image\/\",\"url\":\"https:\/\/swissbaker.ch\/wp-content\/uploads\/2022\/04\/sbc-logo-yoast.jpg\",\"contentUrl\":\"https:\/\/swissbaker.ch\/wp-content\/uploads\/2022\/04\/sbc-logo-yoast.jpg\",\"width\":512,\"height\":512,\"caption\":\"Schweizerischer B\u00e4cker-Confiseurmeister-Verband\"},\"image\":{\"@id\":\"https:\/\/swissbaker.ch\/fr\/#\/schema\/logo\/image\/\"},\"sameAs\":[\"https:\/\/www.facebook.com\/swissbaker.ch\",\"https:\/\/x.com\/ch_swissbaker\"]},{\"@type\":\"Person\",\"@id\":\"https:\/\/swissbaker.ch\/fr\/#\/schema\/person\/74bd327b08c18ca6042c02ff6f0ed5e2\",\"name\":\"Simon Nussbaum\",\"image\":{\"@type\":\"ImageObject\",\"inLanguage\":\"fr-FR\",\"@id\":\"https:\/\/swissbaker.ch\/fr\/#\/schema\/person\/image\/\",\"url\":\"https:\/\/secure.gravatar.com\/avatar\/df0eced3bb556c806cb760cf503ade1ed1df25b4104d80d6fd28d93a9509aa12?s=96&d=mm&r=g\",\"contentUrl\":\"https:\/\/secure.gravatar.com\/avatar\/df0eced3bb556c806cb760cf503ade1ed1df25b4104d80d6fd28d93a9509aa12?s=96&d=mm&r=g\",\"caption\":\"Simon Nussbaum\"},\"url\":\"https:\/\/swissbaker.ch\/fr\/panissimo-news\/author\/simon-nussbaum\/\"}]}<\/script>\n<!-- \/ Yoast SEO Premium plugin. -->","yoast_head_json":{"title":"Efficacit\u00e9 accrue de la facturation | SBC","robots":{"index":"index","follow":"follow","max-snippet":"max-snippet:-1","max-image-preview":"max-image-preview:large","max-video-preview":"max-video-preview:-1"},"canonical":"https:\/\/swissbaker.ch\/fr\/panissimo-news\/efficacite-accrue-de-la-facturation\/","og_locale":"fr_FR","og_type":"article","og_title":"Efficacit\u00e9 accrue de la facturation","og_description":"Les boulangeries-confiseries sont de plus en plus sous pression\u2009: la hausse des co\u00fbts, la p\u00e9nurie de main-d\u2019\u0153uvre qualifi\u00e9e et les exigences administratives croissantes rythment leur quotidien. En comptabilit\u00e9 notamment, le temps manque souvent pour structurer les proc\u00e9dures de mani\u00e8re efficace. Or, la comptabilit\u00e9 fournisseurs offre un fort potentiel d\u2019all\u00e8gement gr\u00e2ce \u00e0 la num\u00e9risation.","og_url":"https:\/\/swissbaker.ch\/fr\/panissimo-news\/efficacite-accrue-de-la-facturation\/","og_site_name":"SBC","article_publisher":"https:\/\/www.facebook.com\/swissbaker.ch","article_published_time":"2026-01-15T09:26:44+00:00","article_modified_time":"2026-01-15T10:19:06+00:00","og_image":[{"width":1200,"height":712,"url":"https:\/\/swissbaker.ch\/wp-content\/uploads\/2026\/01\/digitale_rechnung_f.jpg","type":"image\/jpeg"}],"author":"Simon Nussbaum","twitter_card":"summary_large_image","twitter_creator":"@ch_swissbaker","twitter_site":"@ch_swissbaker","twitter_misc":{"Written by":"Simon Nussbaum","Est. reading time":"4 minutes"},"schema":{"@context":"https:\/\/schema.org","@graph":[{"@type":"Article","@id":"https:\/\/swissbaker.ch\/fr\/panissimo-news\/efficacite-accrue-de-la-facturation\/#article","isPartOf":{"@id":"https:\/\/swissbaker.ch\/fr\/panissimo-news\/efficacite-accrue-de-la-facturation\/"},"author":{"name":"Simon Nussbaum","@id":"https:\/\/swissbaker.ch\/fr\/#\/schema\/person\/74bd327b08c18ca6042c02ff6f0ed5e2"},"headline":"Efficacit\u00e9 accrue de la facturation","datePublished":"2026-01-15T09:26:44+00:00","dateModified":"2026-01-15T10:19:06+00:00","mainEntityOfPage":{"@id":"https:\/\/swissbaker.ch\/fr\/panissimo-news\/efficacite-accrue-de-la-facturation\/"},"wordCount":860,"publisher":{"@id":"https:\/\/swissbaker.ch\/fr\/#organization"},"image":{"@id":"https:\/\/swissbaker.ch\/fr\/panissimo-news\/efficacite-accrue-de-la-facturation\/#primaryimage"},"thumbnailUrl":"https:\/\/swissbaker.ch\/wp-content\/uploads\/2026\/01\/digitale_rechnung_f.jpg","articleSection":["Conseils"],"inLanguage":"fr-FR"},{"@type":"WebPage","@id":"https:\/\/swissbaker.ch\/fr\/panissimo-news\/efficacite-accrue-de-la-facturation\/","url":"https:\/\/swissbaker.ch\/fr\/panissimo-news\/efficacite-accrue-de-la-facturation\/","name":"Efficacit\u00e9 accrue de la facturation | SBC","isPartOf":{"@id":"https:\/\/swissbaker.ch\/fr\/#website"},"primaryImageOfPage":{"@id":"https:\/\/swissbaker.ch\/fr\/panissimo-news\/efficacite-accrue-de-la-facturation\/#primaryimage"},"image":{"@id":"https:\/\/swissbaker.ch\/fr\/panissimo-news\/efficacite-accrue-de-la-facturation\/#primaryimage"},"thumbnailUrl":"https:\/\/swissbaker.ch\/wp-content\/uploads\/2026\/01\/digitale_rechnung_f.jpg","datePublished":"2026-01-15T09:26:44+00:00","dateModified":"2026-01-15T10:19:06+00:00","breadcrumb":{"@id":"https:\/\/swissbaker.ch\/fr\/panissimo-news\/efficacite-accrue-de-la-facturation\/#breadcrumb"},"inLanguage":"fr-FR","potentialAction":[{"@type":"ReadAction","target":["https:\/\/swissbaker.ch\/fr\/panissimo-news\/efficacite-accrue-de-la-facturation\/"]}]},{"@type":"ImageObject","inLanguage":"fr-FR","@id":"https:\/\/swissbaker.ch\/fr\/panissimo-news\/efficacite-accrue-de-la-facturation\/#primaryimage","url":"https:\/\/swissbaker.ch\/wp-content\/uploads\/2026\/01\/digitale_rechnung_f.jpg","contentUrl":"https:\/\/swissbaker.ch\/wp-content\/uploads\/2026\/01\/digitale_rechnung_f.jpg","width":1200,"height":712},{"@type":"BreadcrumbList","@id":"https:\/\/swissbaker.ch\/fr\/panissimo-news\/efficacite-accrue-de-la-facturation\/#breadcrumb","itemListElement":[{"@type":"ListItem","position":1,"name":"","item":"https:\/\/swissbaker.ch\/fr\/"},{"@type":"ListItem","position":2,"name":"Conseils","item":"https:\/\/swissbaker.ch\/fr\/panissimo-news\/category\/conseils\/"},{"@type":"ListItem","position":3,"name":"Efficacit\u00e9 accrue de la facturation"}]},{"@type":"WebSite","@id":"https:\/\/swissbaker.ch\/fr\/#website","url":"https:\/\/swissbaker.ch\/fr\/","name":"SBC","description":"","publisher":{"@id":"https:\/\/swissbaker.ch\/fr\/#organization"},"potentialAction":[{"@type":"SearchAction","target":{"@type":"EntryPoint","urlTemplate":"https:\/\/swissbaker.ch\/fr\/?s={search_term_string}"},"query-input":{"@type":"PropertyValueSpecification","valueRequired":true,"valueName":"search_term_string"}}],"inLanguage":"fr-FR"},{"@type":"Organization","@id":"https:\/\/swissbaker.ch\/fr\/#organization","name":"Schweizerischer B\u00e4cker-Confiseurmeister-Verband","url":"https:\/\/swissbaker.ch\/fr\/","logo":{"@type":"ImageObject","inLanguage":"fr-FR","@id":"https:\/\/swissbaker.ch\/fr\/#\/schema\/logo\/image\/","url":"https:\/\/swissbaker.ch\/wp-content\/uploads\/2022\/04\/sbc-logo-yoast.jpg","contentUrl":"https:\/\/swissbaker.ch\/wp-content\/uploads\/2022\/04\/sbc-logo-yoast.jpg","width":512,"height":512,"caption":"Schweizerischer B\u00e4cker-Confiseurmeister-Verband"},"image":{"@id":"https:\/\/swissbaker.ch\/fr\/#\/schema\/logo\/image\/"},"sameAs":["https:\/\/www.facebook.com\/swissbaker.ch","https:\/\/x.com\/ch_swissbaker"]},{"@type":"Person","@id":"https:\/\/swissbaker.ch\/fr\/#\/schema\/person\/74bd327b08c18ca6042c02ff6f0ed5e2","name":"Simon Nussbaum","image":{"@type":"ImageObject","inLanguage":"fr-FR","@id":"https:\/\/swissbaker.ch\/fr\/#\/schema\/person\/image\/","url":"https:\/\/secure.gravatar.com\/avatar\/df0eced3bb556c806cb760cf503ade1ed1df25b4104d80d6fd28d93a9509aa12?s=96&d=mm&r=g","contentUrl":"https:\/\/secure.gravatar.com\/avatar\/df0eced3bb556c806cb760cf503ade1ed1df25b4104d80d6fd28d93a9509aa12?s=96&d=mm&r=g","caption":"Simon Nussbaum"},"url":"https:\/\/swissbaker.ch\/fr\/panissimo-news\/author\/simon-nussbaum\/"}]}},"_links":{"self":[{"href":"https:\/\/swissbaker.ch\/fr\/wp-json\/wp\/v2\/posts\/157491","targetHints":{"allow":["GET"]}}],"collection":[{"href":"https:\/\/swissbaker.ch\/fr\/wp-json\/wp\/v2\/posts"}],"about":[{"href":"https:\/\/swissbaker.ch\/fr\/wp-json\/wp\/v2\/types\/post"}],"author":[{"embeddable":true,"href":"https:\/\/swissbaker.ch\/fr\/wp-json\/wp\/v2\/users\/5"}],"replies":[{"embeddable":true,"href":"https:\/\/swissbaker.ch\/fr\/wp-json\/wp\/v2\/comments?post=157491"}],"version-history":[{"count":0,"href":"https:\/\/swissbaker.ch\/fr\/wp-json\/wp\/v2\/posts\/157491\/revisions"}],"wp:featuredmedia":[{"embeddable":true,"href":"https:\/\/swissbaker.ch\/fr\/wp-json\/wp\/v2\/media\/157497"}],"wp:attachment":[{"href":"https:\/\/swissbaker.ch\/fr\/wp-json\/wp\/v2\/media?parent=157491"}],"wp:term":[{"taxonomy":"category","embeddable":true,"href":"https:\/\/swissbaker.ch\/fr\/wp-json\/wp\/v2\/categories?post=157491"},{"taxonomy":"post_tag","embeddable":true,"href":"https:\/\/swissbaker.ch\/fr\/wp-json\/wp\/v2\/tags?post=157491"}],"curies":[{"name":"wp","href":"https:\/\/api.w.org\/{rel}","templated":true}]}}