{"id":157482,"date":"2026-01-15T08:27:30","date_gmt":"2026-01-15T07:27:30","guid":{"rendered":"https:\/\/swissbaker.ch\/?p=157482"},"modified":"2026-01-15T08:28:56","modified_gmt":"2026-01-15T07:28:56","slug":"les-voeux-du-president-de-larabpc","status":"publish","type":"post","link":"https:\/\/swissbaker.ch\/fr\/panissimo-news\/les-voeux-du-president-de-larabpc\/","title":{"rendered":"Les v\u0153ux du pr\u00e9sident de l\u2019ARABPC"},"content":{"rendered":"\n<p>Chers membres,<\/p>\n\n\n\n<p>L\u2019ann\u00e9e 2025 nous aura r\u00e9serv\u00e9 quelques surprises. La plus m\u00e9diatis\u00e9e aura probablement \u00e9t\u00e9 le pain \u00e0 99 centimes lanc\u00e9 par Aldi. Pub g\u00e9niale ou concurrence un peu croustillante? A chacun son avis\u2026 mais cela nous rappelle surtout l\u2019importance de d\u00e9fendre la valeur r\u00e9elle de notre travail. La qualit\u00e9 et le savoir-faire ont un prix. Notre travail ne se brade pas, il se savoure.<\/p>\n\n\n\n<h2 class=\"wp-block-heading\" id=\"h-motiver-et-encourager\">Motiver et encourager<\/h2>\n\n\n\n<p>Et pour que notre m\u00e9tier perdure et que nous puissions continuer \u00e0 r\u00e9galer les consommatrices et consommateurs, il est essentiel de transmettre notre savoir-faire aux nouvelles g\u00e9n\u00e9rations. C\u2019est dans cette optique qu\u2019une r\u00e9vision totale de la formation est en cours. L\u2019objectif est double: motiver les jeunes \u00e0 faire leur apprentissage dans la branche, mais aussi encourager plus de boulangers-p\u00e2tissiers-confiseurs \u00e0 s\u2019investir pour la rel\u00e8ve en tant que formateurs. Je suis conscient que transmettre un m\u00e9tier demande du temps et de l\u2019\u00e9nergie, mais c\u2019est surtout beaucoup de belles rencontres, de partage et de fiert\u00e9.<br>En revenant sur la couverture m\u00e9diatique de l\u2019ann\u00e9e 2025, l\u2019on pourrait \u00eatre tent\u00e9 de voir l\u2019avenir avec pessimisme. Mais concentrons-nous plut\u00f4t sur ce que l\u2019ann\u00e9e a apport\u00e9 de positif \u00e0 notre profession. Les SwissSkills, tout d\u2019abord, o\u00f9 les apprentis se sont, encore une fois, magnifiquement d\u00e9marqu\u00e9s.<\/p>\n\n\n\n<div style=\"height:26px\" aria-hidden=\"true\" class=\"wp-block-spacer\"><\/div>\n\n\n\n<blockquote class=\"wp-block-quote\">\n<p style=\"font-size:22px;font-style:italic;font-weight:600\">\u00abM\u00eame s\u2019il faut rester r\u00e9alistes, un petit suppl\u00e9ment d\u2019optimisme est fortement recommand\u00e9.\u00bb<\/p>\n<\/blockquote>\n\n\n\n<div style=\"height:27px\" aria-hidden=\"true\" class=\"wp-block-spacer\"><\/div>\n\n\n\n<p>Rappelons \u00e9galement l\u2019exploit des jeunes apprentis fribourgeois et des collaboratrices et collaborateurs en situation de handicap des Ateliers de la Gl\u00e2ne. Ensemble, ils ont battu le record du plus grand \u00e9clair fourr\u00e9 jamais confectionn\u00e9, avec une longueur officiellement mesur\u00e9e \u00e0 862,9 m\u00e8tres par le Guinness World Records. Plusieurs exemples qui montrent que, m\u00eame s\u2019il faut rester r\u00e9alistes, un petit suppl\u00e9ment d\u2019optimisme est fortement recommand\u00e9.<\/p>\n\n\n\n<p>En ce d\u00e9but d\u2019ann\u00e9e, je tiens \u00e0 vous remercier pour votre engagement, votre passion et votre capacit\u00e9 \u00e0 garder le cap. Ensemble, nous avan\u00e7ons, et ensemble, nous continuons \u00e0 faire vivre notre m\u00e9tier avec fiert\u00e9.<\/p>\n\n\n\n<p>Je vous souhaite une ann\u00e9e 2026 pleine d\u2019\u00e9nergie, de r\u00e9ussite\u2026 et de bonnes surprises. <\/p>\n\n\n\n<p class=\"has-text-align-right\"><em>G\u00e9rard Fornerod, pr\u00e9sident de l\u2019ARABPC<\/em><\/p>\n\n\n\n<p class=\"has-text-align-right\"><em><sup>Photo: Esteban Sandoz<\/sup><\/em><\/p>\n","protected":false},"excerpt":{"rendered":"<p>L\u2019ann\u00e9e 2025 nous aura r\u00e9serv\u00e9 quelques surprises. La plus m\u00e9diatis\u00e9e aura probablement \u00e9t\u00e9 le pain \u00e0 99 centimes lanc\u00e9 par Aldi. Pub g\u00e9niale ou concurrence un peu croustillante\u2009? A chacun son avis\u2026 <\/p>\n","protected":false},"author":5,"featured_media":157484,"comment_status":"closed","ping_status":"closed","sticky":false,"template":"","format":"standard","meta":{"_acf_changed":false,"footnotes":""},"categories":[41,40],"tags":[],"class_list":["post-157482","post","type-post","status-publish","format-standard","has-post-thumbnail","hentry","category-association","category-des-cantons"],"acf":[],"yoast_head":"<!-- This site is optimized with the Yoast SEO Premium plugin v26.8 (Yoast SEO v26.8) - https:\/\/yoast.com\/product\/yoast-seo-premium-wordpress\/ -->\n<title>Les v\u0153ux du pr\u00e9sident de l\u2019ARABPC | SBC<\/title>\n<meta name=\"robots\" content=\"index, follow, max-snippet:-1, max-image-preview:large, max-video-preview:-1\" \/>\n<link rel=\"canonical\" href=\"https:\/\/swissbaker.ch\/fr\/panissimo-news\/les-voeux-du-president-de-larabpc\/\" \/>\n<meta property=\"og:locale\" content=\"fr_FR\" \/>\n<meta property=\"og:type\" content=\"article\" \/>\n<meta property=\"og:title\" content=\"Les v\u0153ux du pr\u00e9sident de l\u2019ARABPC\" \/>\n<meta property=\"og:description\" content=\"L\u2019ann\u00e9e 2025 nous aura r\u00e9serv\u00e9 quelques surprises. La plus m\u00e9diatis\u00e9e aura probablement \u00e9t\u00e9 le pain \u00e0 99 centimes lanc\u00e9 par Aldi. Pub g\u00e9niale ou concurrence un peu croustillante\u2009? A chacun son avis\u2026\" \/>\n<meta property=\"og:url\" content=\"https:\/\/swissbaker.ch\/fr\/panissimo-news\/les-voeux-du-president-de-larabpc\/\" \/>\n<meta property=\"og:site_name\" content=\"SBC\" \/>\n<meta property=\"article:publisher\" content=\"https:\/\/www.facebook.com\/swissbaker.ch\" \/>\n<meta property=\"article:published_time\" content=\"2026-01-15T07:27:30+00:00\" \/>\n<meta property=\"article:modified_time\" content=\"2026-01-15T07:28:56+00:00\" \/>\n<meta property=\"og:image\" content=\"https:\/\/swissbaker.ch\/wp-content\/uploads\/2026\/01\/gerard_fornerod.jpg\" \/>\n\t<meta property=\"og:image:width\" content=\"1200\" \/>\n\t<meta property=\"og:image:height\" content=\"712\" \/>\n\t<meta property=\"og:image:type\" content=\"image\/jpeg\" \/>\n<meta name=\"author\" content=\"Simon Nussbaum\" \/>\n<meta name=\"twitter:card\" content=\"summary_large_image\" \/>\n<meta name=\"twitter:creator\" content=\"@ch_swissbaker\" \/>\n<meta name=\"twitter:site\" content=\"@ch_swissbaker\" \/>\n<meta name=\"twitter:label1\" content=\"Written by\" \/>\n\t<meta name=\"twitter:data1\" content=\"Simon Nussbaum\" \/>\n\t<meta name=\"twitter:label2\" content=\"Est. reading time\" \/>\n\t<meta name=\"twitter:data2\" content=\"2 minutes\" \/>\n<script type=\"application\/ld+json\" class=\"yoast-schema-graph\">{\"@context\":\"https:\/\/schema.org\",\"@graph\":[{\"@type\":\"Article\",\"@id\":\"https:\/\/swissbaker.ch\/fr\/panissimo-news\/les-voeux-du-president-de-larabpc\/#article\",\"isPartOf\":{\"@id\":\"https:\/\/swissbaker.ch\/fr\/panissimo-news\/les-voeux-du-president-de-larabpc\/\"},\"author\":{\"name\":\"Simon Nussbaum\",\"@id\":\"https:\/\/swissbaker.ch\/fr\/#\/schema\/person\/74bd327b08c18ca6042c02ff6f0ed5e2\"},\"headline\":\"Les v\u0153ux du pr\u00e9sident de l\u2019ARABPC\",\"datePublished\":\"2026-01-15T07:27:30+00:00\",\"dateModified\":\"2026-01-15T07:28:56+00:00\",\"mainEntityOfPage\":{\"@id\":\"https:\/\/swissbaker.ch\/fr\/panissimo-news\/les-voeux-du-president-de-larabpc\/\"},\"wordCount\":394,\"publisher\":{\"@id\":\"https:\/\/swissbaker.ch\/fr\/#organization\"},\"image\":{\"@id\":\"https:\/\/swissbaker.ch\/fr\/panissimo-news\/les-voeux-du-president-de-larabpc\/#primaryimage\"},\"thumbnailUrl\":\"https:\/\/swissbaker.ch\/wp-content\/uploads\/2026\/01\/gerard_fornerod.jpg\",\"articleSection\":[\"Association\",\"Des cantons\"],\"inLanguage\":\"fr-FR\"},{\"@type\":\"WebPage\",\"@id\":\"https:\/\/swissbaker.ch\/fr\/panissimo-news\/les-voeux-du-president-de-larabpc\/\",\"url\":\"https:\/\/swissbaker.ch\/fr\/panissimo-news\/les-voeux-du-president-de-larabpc\/\",\"name\":\"Les v\u0153ux du pr\u00e9sident de l\u2019ARABPC | SBC\",\"isPartOf\":{\"@id\":\"https:\/\/swissbaker.ch\/fr\/#website\"},\"primaryImageOfPage\":{\"@id\":\"https:\/\/swissbaker.ch\/fr\/panissimo-news\/les-voeux-du-president-de-larabpc\/#primaryimage\"},\"image\":{\"@id\":\"https:\/\/swissbaker.ch\/fr\/panissimo-news\/les-voeux-du-president-de-larabpc\/#primaryimage\"},\"thumbnailUrl\":\"https:\/\/swissbaker.ch\/wp-content\/uploads\/2026\/01\/gerard_fornerod.jpg\",\"datePublished\":\"2026-01-15T07:27:30+00:00\",\"dateModified\":\"2026-01-15T07:28:56+00:00\",\"breadcrumb\":{\"@id\":\"https:\/\/swissbaker.ch\/fr\/panissimo-news\/les-voeux-du-president-de-larabpc\/#breadcrumb\"},\"inLanguage\":\"fr-FR\",\"potentialAction\":[{\"@type\":\"ReadAction\",\"target\":[\"https:\/\/swissbaker.ch\/fr\/panissimo-news\/les-voeux-du-president-de-larabpc\/\"]}]},{\"@type\":\"ImageObject\",\"inLanguage\":\"fr-FR\",\"@id\":\"https:\/\/swissbaker.ch\/fr\/panissimo-news\/les-voeux-du-president-de-larabpc\/#primaryimage\",\"url\":\"https:\/\/swissbaker.ch\/wp-content\/uploads\/2026\/01\/gerard_fornerod.jpg\",\"contentUrl\":\"https:\/\/swissbaker.ch\/wp-content\/uploads\/2026\/01\/gerard_fornerod.jpg\",\"width\":1200,\"height\":712},{\"@type\":\"BreadcrumbList\",\"@id\":\"https:\/\/swissbaker.ch\/fr\/panissimo-news\/les-voeux-du-president-de-larabpc\/#breadcrumb\",\"itemListElement\":[{\"@type\":\"ListItem\",\"position\":1,\"name\":\"\",\"item\":\"https:\/\/swissbaker.ch\/fr\/\"},{\"@type\":\"ListItem\",\"position\":2,\"name\":\"Association\",\"item\":\"https:\/\/swissbaker.ch\/fr\/panissimo-news\/category\/association\/\"},{\"@type\":\"ListItem\",\"position\":3,\"name\":\"Les v\u0153ux du pr\u00e9sident de l\u2019ARABPC\"}]},{\"@type\":\"WebSite\",\"@id\":\"https:\/\/swissbaker.ch\/fr\/#website\",\"url\":\"https:\/\/swissbaker.ch\/fr\/\",\"name\":\"SBC\",\"description\":\"\",\"publisher\":{\"@id\":\"https:\/\/swissbaker.ch\/fr\/#organization\"},\"potentialAction\":[{\"@type\":\"SearchAction\",\"target\":{\"@type\":\"EntryPoint\",\"urlTemplate\":\"https:\/\/swissbaker.ch\/fr\/?s={search_term_string}\"},\"query-input\":{\"@type\":\"PropertyValueSpecification\",\"valueRequired\":true,\"valueName\":\"search_term_string\"}}],\"inLanguage\":\"fr-FR\"},{\"@type\":\"Organization\",\"@id\":\"https:\/\/swissbaker.ch\/fr\/#organization\",\"name\":\"Schweizerischer B\u00e4cker-Confiseurmeister-Verband\",\"url\":\"https:\/\/swissbaker.ch\/fr\/\",\"logo\":{\"@type\":\"ImageObject\",\"inLanguage\":\"fr-FR\",\"@id\":\"https:\/\/swissbaker.ch\/fr\/#\/schema\/logo\/image\/\",\"url\":\"https:\/\/swissbaker.ch\/wp-content\/uploads\/2022\/04\/sbc-logo-yoast.jpg\",\"contentUrl\":\"https:\/\/swissbaker.ch\/wp-content\/uploads\/2022\/04\/sbc-logo-yoast.jpg\",\"width\":512,\"height\":512,\"caption\":\"Schweizerischer B\u00e4cker-Confiseurmeister-Verband\"},\"image\":{\"@id\":\"https:\/\/swissbaker.ch\/fr\/#\/schema\/logo\/image\/\"},\"sameAs\":[\"https:\/\/www.facebook.com\/swissbaker.ch\",\"https:\/\/x.com\/ch_swissbaker\"]},{\"@type\":\"Person\",\"@id\":\"https:\/\/swissbaker.ch\/fr\/#\/schema\/person\/74bd327b08c18ca6042c02ff6f0ed5e2\",\"name\":\"Simon Nussbaum\",\"image\":{\"@type\":\"ImageObject\",\"inLanguage\":\"fr-FR\",\"@id\":\"https:\/\/swissbaker.ch\/fr\/#\/schema\/person\/image\/\",\"url\":\"https:\/\/secure.gravatar.com\/avatar\/df0eced3bb556c806cb760cf503ade1ed1df25b4104d80d6fd28d93a9509aa12?s=96&d=mm&r=g\",\"contentUrl\":\"https:\/\/secure.gravatar.com\/avatar\/df0eced3bb556c806cb760cf503ade1ed1df25b4104d80d6fd28d93a9509aa12?s=96&d=mm&r=g\",\"caption\":\"Simon Nussbaum\"},\"url\":\"https:\/\/swissbaker.ch\/fr\/panissimo-news\/author\/simon-nussbaum\/\"}]}<\/script>\n<!-- \/ Yoast SEO Premium plugin. -->","yoast_head_json":{"title":"Les v\u0153ux du pr\u00e9sident de l\u2019ARABPC | SBC","robots":{"index":"index","follow":"follow","max-snippet":"max-snippet:-1","max-image-preview":"max-image-preview:large","max-video-preview":"max-video-preview:-1"},"canonical":"https:\/\/swissbaker.ch\/fr\/panissimo-news\/les-voeux-du-president-de-larabpc\/","og_locale":"fr_FR","og_type":"article","og_title":"Les v\u0153ux du pr\u00e9sident de l\u2019ARABPC","og_description":"L\u2019ann\u00e9e 2025 nous aura r\u00e9serv\u00e9 quelques surprises. La plus m\u00e9diatis\u00e9e aura probablement \u00e9t\u00e9 le pain \u00e0 99 centimes lanc\u00e9 par Aldi. Pub g\u00e9niale ou concurrence un peu croustillante\u2009? A chacun son avis\u2026","og_url":"https:\/\/swissbaker.ch\/fr\/panissimo-news\/les-voeux-du-president-de-larabpc\/","og_site_name":"SBC","article_publisher":"https:\/\/www.facebook.com\/swissbaker.ch","article_published_time":"2026-01-15T07:27:30+00:00","article_modified_time":"2026-01-15T07:28:56+00:00","og_image":[{"width":1200,"height":712,"url":"https:\/\/swissbaker.ch\/wp-content\/uploads\/2026\/01\/gerard_fornerod.jpg","type":"image\/jpeg"}],"author":"Simon Nussbaum","twitter_card":"summary_large_image","twitter_creator":"@ch_swissbaker","twitter_site":"@ch_swissbaker","twitter_misc":{"Written by":"Simon Nussbaum","Est. reading time":"2 minutes"},"schema":{"@context":"https:\/\/schema.org","@graph":[{"@type":"Article","@id":"https:\/\/swissbaker.ch\/fr\/panissimo-news\/les-voeux-du-president-de-larabpc\/#article","isPartOf":{"@id":"https:\/\/swissbaker.ch\/fr\/panissimo-news\/les-voeux-du-president-de-larabpc\/"},"author":{"name":"Simon Nussbaum","@id":"https:\/\/swissbaker.ch\/fr\/#\/schema\/person\/74bd327b08c18ca6042c02ff6f0ed5e2"},"headline":"Les v\u0153ux du pr\u00e9sident de l\u2019ARABPC","datePublished":"2026-01-15T07:27:30+00:00","dateModified":"2026-01-15T07:28:56+00:00","mainEntityOfPage":{"@id":"https:\/\/swissbaker.ch\/fr\/panissimo-news\/les-voeux-du-president-de-larabpc\/"},"wordCount":394,"publisher":{"@id":"https:\/\/swissbaker.ch\/fr\/#organization"},"image":{"@id":"https:\/\/swissbaker.ch\/fr\/panissimo-news\/les-voeux-du-president-de-larabpc\/#primaryimage"},"thumbnailUrl":"https:\/\/swissbaker.ch\/wp-content\/uploads\/2026\/01\/gerard_fornerod.jpg","articleSection":["Association","Des cantons"],"inLanguage":"fr-FR"},{"@type":"WebPage","@id":"https:\/\/swissbaker.ch\/fr\/panissimo-news\/les-voeux-du-president-de-larabpc\/","url":"https:\/\/swissbaker.ch\/fr\/panissimo-news\/les-voeux-du-president-de-larabpc\/","name":"Les v\u0153ux du pr\u00e9sident de l\u2019ARABPC | SBC","isPartOf":{"@id":"https:\/\/swissbaker.ch\/fr\/#website"},"primaryImageOfPage":{"@id":"https:\/\/swissbaker.ch\/fr\/panissimo-news\/les-voeux-du-president-de-larabpc\/#primaryimage"},"image":{"@id":"https:\/\/swissbaker.ch\/fr\/panissimo-news\/les-voeux-du-president-de-larabpc\/#primaryimage"},"thumbnailUrl":"https:\/\/swissbaker.ch\/wp-content\/uploads\/2026\/01\/gerard_fornerod.jpg","datePublished":"2026-01-15T07:27:30+00:00","dateModified":"2026-01-15T07:28:56+00:00","breadcrumb":{"@id":"https:\/\/swissbaker.ch\/fr\/panissimo-news\/les-voeux-du-president-de-larabpc\/#breadcrumb"},"inLanguage":"fr-FR","potentialAction":[{"@type":"ReadAction","target":["https:\/\/swissbaker.ch\/fr\/panissimo-news\/les-voeux-du-president-de-larabpc\/"]}]},{"@type":"ImageObject","inLanguage":"fr-FR","@id":"https:\/\/swissbaker.ch\/fr\/panissimo-news\/les-voeux-du-president-de-larabpc\/#primaryimage","url":"https:\/\/swissbaker.ch\/wp-content\/uploads\/2026\/01\/gerard_fornerod.jpg","contentUrl":"https:\/\/swissbaker.ch\/wp-content\/uploads\/2026\/01\/gerard_fornerod.jpg","width":1200,"height":712},{"@type":"BreadcrumbList","@id":"https:\/\/swissbaker.ch\/fr\/panissimo-news\/les-voeux-du-president-de-larabpc\/#breadcrumb","itemListElement":[{"@type":"ListItem","position":1,"name":"","item":"https:\/\/swissbaker.ch\/fr\/"},{"@type":"ListItem","position":2,"name":"Association","item":"https:\/\/swissbaker.ch\/fr\/panissimo-news\/category\/association\/"},{"@type":"ListItem","position":3,"name":"Les v\u0153ux du pr\u00e9sident de l\u2019ARABPC"}]},{"@type":"WebSite","@id":"https:\/\/swissbaker.ch\/fr\/#website","url":"https:\/\/swissbaker.ch\/fr\/","name":"SBC","description":"","publisher":{"@id":"https:\/\/swissbaker.ch\/fr\/#organization"},"potentialAction":[{"@type":"SearchAction","target":{"@type":"EntryPoint","urlTemplate":"https:\/\/swissbaker.ch\/fr\/?s={search_term_string}"},"query-input":{"@type":"PropertyValueSpecification","valueRequired":true,"valueName":"search_term_string"}}],"inLanguage":"fr-FR"},{"@type":"Organization","@id":"https:\/\/swissbaker.ch\/fr\/#organization","name":"Schweizerischer B\u00e4cker-Confiseurmeister-Verband","url":"https:\/\/swissbaker.ch\/fr\/","logo":{"@type":"ImageObject","inLanguage":"fr-FR","@id":"https:\/\/swissbaker.ch\/fr\/#\/schema\/logo\/image\/","url":"https:\/\/swissbaker.ch\/wp-content\/uploads\/2022\/04\/sbc-logo-yoast.jpg","contentUrl":"https:\/\/swissbaker.ch\/wp-content\/uploads\/2022\/04\/sbc-logo-yoast.jpg","width":512,"height":512,"caption":"Schweizerischer B\u00e4cker-Confiseurmeister-Verband"},"image":{"@id":"https:\/\/swissbaker.ch\/fr\/#\/schema\/logo\/image\/"},"sameAs":["https:\/\/www.facebook.com\/swissbaker.ch","https:\/\/x.com\/ch_swissbaker"]},{"@type":"Person","@id":"https:\/\/swissbaker.ch\/fr\/#\/schema\/person\/74bd327b08c18ca6042c02ff6f0ed5e2","name":"Simon Nussbaum","image":{"@type":"ImageObject","inLanguage":"fr-FR","@id":"https:\/\/swissbaker.ch\/fr\/#\/schema\/person\/image\/","url":"https:\/\/secure.gravatar.com\/avatar\/df0eced3bb556c806cb760cf503ade1ed1df25b4104d80d6fd28d93a9509aa12?s=96&d=mm&r=g","contentUrl":"https:\/\/secure.gravatar.com\/avatar\/df0eced3bb556c806cb760cf503ade1ed1df25b4104d80d6fd28d93a9509aa12?s=96&d=mm&r=g","caption":"Simon Nussbaum"},"url":"https:\/\/swissbaker.ch\/fr\/panissimo-news\/author\/simon-nussbaum\/"}]}},"_links":{"self":[{"href":"https:\/\/swissbaker.ch\/fr\/wp-json\/wp\/v2\/posts\/157482","targetHints":{"allow":["GET"]}}],"collection":[{"href":"https:\/\/swissbaker.ch\/fr\/wp-json\/wp\/v2\/posts"}],"about":[{"href":"https:\/\/swissbaker.ch\/fr\/wp-json\/wp\/v2\/types\/post"}],"author":[{"embeddable":true,"href":"https:\/\/swissbaker.ch\/fr\/wp-json\/wp\/v2\/users\/5"}],"replies":[{"embeddable":true,"href":"https:\/\/swissbaker.ch\/fr\/wp-json\/wp\/v2\/comments?post=157482"}],"version-history":[{"count":0,"href":"https:\/\/swissbaker.ch\/fr\/wp-json\/wp\/v2\/posts\/157482\/revisions"}],"wp:featuredmedia":[{"embeddable":true,"href":"https:\/\/swissbaker.ch\/fr\/wp-json\/wp\/v2\/media\/157484"}],"wp:attachment":[{"href":"https:\/\/swissbaker.ch\/fr\/wp-json\/wp\/v2\/media?parent=157482"}],"wp:term":[{"taxonomy":"category","embeddable":true,"href":"https:\/\/swissbaker.ch\/fr\/wp-json\/wp\/v2\/categories?post=157482"},{"taxonomy":"post_tag","embeddable":true,"href":"https:\/\/swissbaker.ch\/fr\/wp-json\/wp\/v2\/tags?post=157482"}],"curies":[{"name":"wp","href":"https:\/\/api.w.org\/{rel}","templated":true}]}}