{"id":130594,"date":"2025-12-17T16:15:30","date_gmt":"2025-12-17T15:15:30","guid":{"rendered":"https:\/\/swissbaker.ch\/?p=130594"},"modified":"2025-12-18T08:08:25","modified_gmt":"2025-12-18T07:08:25","slug":"le-choix-de-lexigence-et-de-la-simplicite","status":"publish","type":"post","link":"https:\/\/swissbaker.ch\/fr\/panissimo-news\/le-choix-de-lexigence-et-de-la-simplicite\/","title":{"rendered":"Le choix de l\u2019exigence et de la simplicit\u00e9"},"content":{"rendered":"\n<p><strong>En fin d\u2019ann\u00e9e, les artisans font la part belle au chocolat. A la Boulangerie-P\u00e2tisserie Monnard A&amp;S, les \u00e9quipes s\u2019activent d\u00e8s le d\u00e9but d\u00e9cembre. Les marmites de l\u2019Escalade ont lanc\u00e9 la haute saison chocolat\u00e9e qui s\u2019ach\u00e8vera \u00e0 P\u00e2ques. St\u00e9phane Fouquet, patron de l\u2019entreprise genevoise, mise sur une production saisonni\u00e8re, traditionnelle et sans artifice.<\/strong><\/p>\n\n\n\n<p>\u00abPar an, nous passons entre 600 et 700\u202fkg de chocolat\u00bb, l\u00e2che St\u00e9phane Fouquet. Ce Fran\u00e7ais d\u2019origine et son \u00e9pouse Ang\u00e9lique ont repris la Boulangerie-P\u00e2tisserie Monnard en 2016. L\u2019essentiel de la production s\u2019\u00e9coule de d\u00e9cembre \u00e0 avril dans leur magasin-tea-room de Ch\u00eane-Bourg (GE) et leur boutique de Jussy (GE). La saison s\u2019ouvre avec les marmites de la f\u00eate de l\u2019Escalade, qui comm\u00e9more la soir\u00e9e du 11 au 12\u202fd\u00e9cembre 1602. Cette nuit-l\u00e0, m\u00e8re Royaume renversa une marmite de soupe br\u00fblante sur les troupes savoyardes qui tentaient d\u2019assaillir Gen\u00e8ve. \u00abNous en avons confectionn\u00e9 quelque 680 sur un mois, de la n\u00b0\u202f1 \u00e0 la n\u00b0\u202f13 (ndlr\u2009: de 0,2 \u00e0 2,5\u202fkg environ). Nous en r\u00e9alisons m\u00eame une de 35\u202fkg pour la commune de Ch\u00eane-Bourg.\u2009\u00bb Leur vente ne dure qu\u2019une quinzaine de jours.<\/p>\n\n\n\n<h2 class=\"wp-block-heading\" id=\"h-l-avent-un-calendrier-charge\">L\u2019Avent, un calendrier charg\u00e9<\/h2>\n\n\n\n<p>D\u00e8s la mi-d\u00e9cembre d\u00e9bute la commercialisation des sp\u00e9cialit\u00e9s de No\u00ebl et Nouvel An: b\u00fbches, pralin\u00e9s, pi\u00e8ces moul\u00e9es, biscuits\u2026 Si des b\u00fbches \u00abstandards\u00bb \u00e0 la cr\u00e8me au beurre demeurent au catalogue publi\u00e9 en novembre, de nouvelles, \u00e0 base de mousses, compl\u00e8tent chaque ann\u00e9e l\u2019assortiment: \u00abCela nous permet de garder les anciennes g\u00e9n\u00e9rations tout en attirant les plus jeunes.\u00bb Au total, l\u2019offre se compose de onze variantes traditionnelles et de dix glac\u00e9es. Parmi elles, les Trois chocolats et autres Croquant-pralin\u00e9 sont ind\u00e9modables. &#8230;<\/p>\n\n\n\n<p><em>&#8230; Vous trouverez l&#8217;article complet dans Panissimo du 19 d\u00e9cembre 2025.<\/em><\/p>\n\n\n\n<p><a href=\"https:\/\/swissbaker.ch\/fr\/panissimo-news\/galerie\/boulangerie-patisserie-monnard-as-haute-saison-chocolatee\/\" target=\"_blank\" rel=\"noreferrer noopener\"><strong>Galerie de photos&#8230;\u00bb<\/strong><\/a><\/p>\n\n\n\n<p><a href=\"http:\/\/patisseriemonnard.info\"><strong>patisseriemonnard.info<\/strong><\/a><\/p>\n\n\n\n<p class=\"has-text-align-right\"><em>Texte et photo: Johann Ruppen<\/em><\/p>\n","protected":false},"excerpt":{"rendered":"<p>En fin d\u2019ann\u00e9e, les artisans font la part belle au chocolat. A la Boulangerie-P\u00e2tisserie Monnard A&#038;S, les \u00e9quipes s\u2019activent d\u00e8s le d\u00e9but d\u00e9cembre. Les marmites de l\u2019Escalade ont lanc\u00e9 la haute saison chocolat\u00e9e qui s\u2019ach\u00e8vera \u00e0 P\u00e2ques. St\u00e9phane Fouquet, patron de l\u2019entreprise genevoise, mise sur une production saisonni\u00e8re, traditionnelle et sans artifice.<\/p>\n","protected":false},"author":5,"featured_media":130589,"comment_status":"closed","ping_status":"closed","sticky":true,"template":"","format":"standard","meta":{"_acf_changed":false,"footnotes":""},"categories":[42],"tags":[],"class_list":["post-130594","post","type-post","status-publish","format-standard","has-post-thumbnail","hentry","category-boulangeries-confiseries"],"acf":[],"yoast_head":"<!-- This site is optimized with the Yoast SEO Premium plugin v26.8 (Yoast SEO v26.8) - https:\/\/yoast.com\/product\/yoast-seo-premium-wordpress\/ -->\n<title>Le choix de l\u2019exigence et de la simplicit\u00e9 | SBC<\/title>\n<meta name=\"robots\" content=\"index, follow, max-snippet:-1, max-image-preview:large, max-video-preview:-1\" \/>\n<link rel=\"canonical\" href=\"https:\/\/swissbaker.ch\/fr\/panissimo-news\/le-choix-de-lexigence-et-de-la-simplicite\/\" \/>\n<meta property=\"og:locale\" content=\"fr_FR\" \/>\n<meta property=\"og:type\" content=\"article\" \/>\n<meta property=\"og:title\" content=\"Le choix de l\u2019exigence et de la simplicit\u00e9\" \/>\n<meta property=\"og:description\" content=\"En fin d\u2019ann\u00e9e, les artisans font la part belle au chocolat. A la Boulangerie-P\u00e2tisserie Monnard A&amp;S, les \u00e9quipes s\u2019activent d\u00e8s le d\u00e9but d\u00e9cembre. Les marmites de l\u2019Escalade ont lanc\u00e9 la haute saison chocolat\u00e9e qui s\u2019ach\u00e8vera \u00e0 P\u00e2ques. St\u00e9phane Fouquet, patron de l\u2019entreprise genevoise, mise sur une production saisonni\u00e8re, traditionnelle et sans artifice.\" \/>\n<meta property=\"og:url\" content=\"https:\/\/swissbaker.ch\/fr\/panissimo-news\/le-choix-de-lexigence-et-de-la-simplicite\/\" \/>\n<meta property=\"og:site_name\" content=\"SBC\" \/>\n<meta property=\"article:publisher\" content=\"https:\/\/www.facebook.com\/swissbaker.ch\" \/>\n<meta property=\"article:published_time\" content=\"2025-12-17T15:15:30+00:00\" \/>\n<meta property=\"article:modified_time\" content=\"2025-12-18T07:08:25+00:00\" \/>\n<meta property=\"og:image\" content=\"https:\/\/swissbaker.ch\/wp-content\/uploads\/2025\/12\/boulangerie_monnard_2.jpg\" \/>\n\t<meta property=\"og:image:width\" content=\"1200\" \/>\n\t<meta property=\"og:image:height\" content=\"712\" \/>\n\t<meta property=\"og:image:type\" content=\"image\/jpeg\" \/>\n<meta name=\"author\" content=\"Simon Nussbaum\" \/>\n<meta name=\"twitter:card\" content=\"summary_large_image\" \/>\n<meta name=\"twitter:creator\" content=\"@ch_swissbaker\" \/>\n<meta name=\"twitter:site\" content=\"@ch_swissbaker\" \/>\n<meta name=\"twitter:label1\" content=\"Written by\" \/>\n\t<meta name=\"twitter:data1\" content=\"Simon Nussbaum\" \/>\n\t<meta name=\"twitter:label2\" content=\"Est. reading time\" \/>\n\t<meta name=\"twitter:data2\" content=\"2 minutes\" \/>\n<script type=\"application\/ld+json\" class=\"yoast-schema-graph\">{\"@context\":\"https:\/\/schema.org\",\"@graph\":[{\"@type\":\"Article\",\"@id\":\"https:\/\/swissbaker.ch\/fr\/panissimo-news\/le-choix-de-lexigence-et-de-la-simplicite\/#article\",\"isPartOf\":{\"@id\":\"https:\/\/swissbaker.ch\/fr\/panissimo-news\/le-choix-de-lexigence-et-de-la-simplicite\/\"},\"author\":{\"name\":\"Simon Nussbaum\",\"@id\":\"https:\/\/swissbaker.ch\/fr\/#\/schema\/person\/74bd327b08c18ca6042c02ff6f0ed5e2\"},\"headline\":\"Le choix de l\u2019exigence et de la simplicit\u00e9\",\"datePublished\":\"2025-12-17T15:15:30+00:00\",\"dateModified\":\"2025-12-18T07:08:25+00:00\",\"mainEntityOfPage\":{\"@id\":\"https:\/\/swissbaker.ch\/fr\/panissimo-news\/le-choix-de-lexigence-et-de-la-simplicite\/\"},\"wordCount\":342,\"publisher\":{\"@id\":\"https:\/\/swissbaker.ch\/fr\/#organization\"},\"image\":{\"@id\":\"https:\/\/swissbaker.ch\/fr\/panissimo-news\/le-choix-de-lexigence-et-de-la-simplicite\/#primaryimage\"},\"thumbnailUrl\":\"https:\/\/swissbaker.ch\/wp-content\/uploads\/2025\/12\/boulangerie_monnard_2.jpg\",\"articleSection\":[\"Boulangeries\/Confiseries\"],\"inLanguage\":\"fr-FR\"},{\"@type\":\"WebPage\",\"@id\":\"https:\/\/swissbaker.ch\/fr\/panissimo-news\/le-choix-de-lexigence-et-de-la-simplicite\/\",\"url\":\"https:\/\/swissbaker.ch\/fr\/panissimo-news\/le-choix-de-lexigence-et-de-la-simplicite\/\",\"name\":\"Le choix de l\u2019exigence et de la simplicit\u00e9 | SBC\",\"isPartOf\":{\"@id\":\"https:\/\/swissbaker.ch\/fr\/#website\"},\"primaryImageOfPage\":{\"@id\":\"https:\/\/swissbaker.ch\/fr\/panissimo-news\/le-choix-de-lexigence-et-de-la-simplicite\/#primaryimage\"},\"image\":{\"@id\":\"https:\/\/swissbaker.ch\/fr\/panissimo-news\/le-choix-de-lexigence-et-de-la-simplicite\/#primaryimage\"},\"thumbnailUrl\":\"https:\/\/swissbaker.ch\/wp-content\/uploads\/2025\/12\/boulangerie_monnard_2.jpg\",\"datePublished\":\"2025-12-17T15:15:30+00:00\",\"dateModified\":\"2025-12-18T07:08:25+00:00\",\"breadcrumb\":{\"@id\":\"https:\/\/swissbaker.ch\/fr\/panissimo-news\/le-choix-de-lexigence-et-de-la-simplicite\/#breadcrumb\"},\"inLanguage\":\"fr-FR\",\"potentialAction\":[{\"@type\":\"ReadAction\",\"target\":[\"https:\/\/swissbaker.ch\/fr\/panissimo-news\/le-choix-de-lexigence-et-de-la-simplicite\/\"]}]},{\"@type\":\"ImageObject\",\"inLanguage\":\"fr-FR\",\"@id\":\"https:\/\/swissbaker.ch\/fr\/panissimo-news\/le-choix-de-lexigence-et-de-la-simplicite\/#primaryimage\",\"url\":\"https:\/\/swissbaker.ch\/wp-content\/uploads\/2025\/12\/boulangerie_monnard_2.jpg\",\"contentUrl\":\"https:\/\/swissbaker.ch\/wp-content\/uploads\/2025\/12\/boulangerie_monnard_2.jpg\",\"width\":1200,\"height\":712},{\"@type\":\"BreadcrumbList\",\"@id\":\"https:\/\/swissbaker.ch\/fr\/panissimo-news\/le-choix-de-lexigence-et-de-la-simplicite\/#breadcrumb\",\"itemListElement\":[{\"@type\":\"ListItem\",\"position\":1,\"name\":\"\",\"item\":\"https:\/\/swissbaker.ch\/fr\/\"},{\"@type\":\"ListItem\",\"position\":2,\"name\":\"Boulangeries\/Confiseries\",\"item\":\"https:\/\/swissbaker.ch\/fr\/panissimo-news\/category\/boulangeries-confiseries\/\"},{\"@type\":\"ListItem\",\"position\":3,\"name\":\"Le choix de l\u2019exigence et de la simplicit\u00e9\"}]},{\"@type\":\"WebSite\",\"@id\":\"https:\/\/swissbaker.ch\/fr\/#website\",\"url\":\"https:\/\/swissbaker.ch\/fr\/\",\"name\":\"SBC\",\"description\":\"\",\"publisher\":{\"@id\":\"https:\/\/swissbaker.ch\/fr\/#organization\"},\"potentialAction\":[{\"@type\":\"SearchAction\",\"target\":{\"@type\":\"EntryPoint\",\"urlTemplate\":\"https:\/\/swissbaker.ch\/fr\/?s={search_term_string}\"},\"query-input\":{\"@type\":\"PropertyValueSpecification\",\"valueRequired\":true,\"valueName\":\"search_term_string\"}}],\"inLanguage\":\"fr-FR\"},{\"@type\":\"Organization\",\"@id\":\"https:\/\/swissbaker.ch\/fr\/#organization\",\"name\":\"Schweizerischer B\u00e4cker-Confiseurmeister-Verband\",\"url\":\"https:\/\/swissbaker.ch\/fr\/\",\"logo\":{\"@type\":\"ImageObject\",\"inLanguage\":\"fr-FR\",\"@id\":\"https:\/\/swissbaker.ch\/fr\/#\/schema\/logo\/image\/\",\"url\":\"https:\/\/swissbaker.ch\/wp-content\/uploads\/2022\/04\/sbc-logo-yoast.jpg\",\"contentUrl\":\"https:\/\/swissbaker.ch\/wp-content\/uploads\/2022\/04\/sbc-logo-yoast.jpg\",\"width\":512,\"height\":512,\"caption\":\"Schweizerischer B\u00e4cker-Confiseurmeister-Verband\"},\"image\":{\"@id\":\"https:\/\/swissbaker.ch\/fr\/#\/schema\/logo\/image\/\"},\"sameAs\":[\"https:\/\/www.facebook.com\/swissbaker.ch\",\"https:\/\/x.com\/ch_swissbaker\"]},{\"@type\":\"Person\",\"@id\":\"https:\/\/swissbaker.ch\/fr\/#\/schema\/person\/74bd327b08c18ca6042c02ff6f0ed5e2\",\"name\":\"Simon Nussbaum\",\"image\":{\"@type\":\"ImageObject\",\"inLanguage\":\"fr-FR\",\"@id\":\"https:\/\/swissbaker.ch\/fr\/#\/schema\/person\/image\/\",\"url\":\"https:\/\/secure.gravatar.com\/avatar\/df0eced3bb556c806cb760cf503ade1ed1df25b4104d80d6fd28d93a9509aa12?s=96&d=mm&r=g\",\"contentUrl\":\"https:\/\/secure.gravatar.com\/avatar\/df0eced3bb556c806cb760cf503ade1ed1df25b4104d80d6fd28d93a9509aa12?s=96&d=mm&r=g\",\"caption\":\"Simon Nussbaum\"},\"url\":\"https:\/\/swissbaker.ch\/fr\/panissimo-news\/author\/simon-nussbaum\/\"}]}<\/script>\n<!-- \/ Yoast SEO Premium plugin. -->","yoast_head_json":{"title":"Le choix de l\u2019exigence et de la simplicit\u00e9 | SBC","robots":{"index":"index","follow":"follow","max-snippet":"max-snippet:-1","max-image-preview":"max-image-preview:large","max-video-preview":"max-video-preview:-1"},"canonical":"https:\/\/swissbaker.ch\/fr\/panissimo-news\/le-choix-de-lexigence-et-de-la-simplicite\/","og_locale":"fr_FR","og_type":"article","og_title":"Le choix de l\u2019exigence et de la simplicit\u00e9","og_description":"En fin d\u2019ann\u00e9e, les artisans font la part belle au chocolat. A la Boulangerie-P\u00e2tisserie Monnard A&S, les \u00e9quipes s\u2019activent d\u00e8s le d\u00e9but d\u00e9cembre. Les marmites de l\u2019Escalade ont lanc\u00e9 la haute saison chocolat\u00e9e qui s\u2019ach\u00e8vera \u00e0 P\u00e2ques. St\u00e9phane Fouquet, patron de l\u2019entreprise genevoise, mise sur une production saisonni\u00e8re, traditionnelle et sans artifice.","og_url":"https:\/\/swissbaker.ch\/fr\/panissimo-news\/le-choix-de-lexigence-et-de-la-simplicite\/","og_site_name":"SBC","article_publisher":"https:\/\/www.facebook.com\/swissbaker.ch","article_published_time":"2025-12-17T15:15:30+00:00","article_modified_time":"2025-12-18T07:08:25+00:00","og_image":[{"width":1200,"height":712,"url":"https:\/\/swissbaker.ch\/wp-content\/uploads\/2025\/12\/boulangerie_monnard_2.jpg","type":"image\/jpeg"}],"author":"Simon Nussbaum","twitter_card":"summary_large_image","twitter_creator":"@ch_swissbaker","twitter_site":"@ch_swissbaker","twitter_misc":{"Written by":"Simon Nussbaum","Est. reading time":"2 minutes"},"schema":{"@context":"https:\/\/schema.org","@graph":[{"@type":"Article","@id":"https:\/\/swissbaker.ch\/fr\/panissimo-news\/le-choix-de-lexigence-et-de-la-simplicite\/#article","isPartOf":{"@id":"https:\/\/swissbaker.ch\/fr\/panissimo-news\/le-choix-de-lexigence-et-de-la-simplicite\/"},"author":{"name":"Simon Nussbaum","@id":"https:\/\/swissbaker.ch\/fr\/#\/schema\/person\/74bd327b08c18ca6042c02ff6f0ed5e2"},"headline":"Le choix de l\u2019exigence et de la simplicit\u00e9","datePublished":"2025-12-17T15:15:30+00:00","dateModified":"2025-12-18T07:08:25+00:00","mainEntityOfPage":{"@id":"https:\/\/swissbaker.ch\/fr\/panissimo-news\/le-choix-de-lexigence-et-de-la-simplicite\/"},"wordCount":342,"publisher":{"@id":"https:\/\/swissbaker.ch\/fr\/#organization"},"image":{"@id":"https:\/\/swissbaker.ch\/fr\/panissimo-news\/le-choix-de-lexigence-et-de-la-simplicite\/#primaryimage"},"thumbnailUrl":"https:\/\/swissbaker.ch\/wp-content\/uploads\/2025\/12\/boulangerie_monnard_2.jpg","articleSection":["Boulangeries\/Confiseries"],"inLanguage":"fr-FR"},{"@type":"WebPage","@id":"https:\/\/swissbaker.ch\/fr\/panissimo-news\/le-choix-de-lexigence-et-de-la-simplicite\/","url":"https:\/\/swissbaker.ch\/fr\/panissimo-news\/le-choix-de-lexigence-et-de-la-simplicite\/","name":"Le choix de l\u2019exigence et de la simplicit\u00e9 | SBC","isPartOf":{"@id":"https:\/\/swissbaker.ch\/fr\/#website"},"primaryImageOfPage":{"@id":"https:\/\/swissbaker.ch\/fr\/panissimo-news\/le-choix-de-lexigence-et-de-la-simplicite\/#primaryimage"},"image":{"@id":"https:\/\/swissbaker.ch\/fr\/panissimo-news\/le-choix-de-lexigence-et-de-la-simplicite\/#primaryimage"},"thumbnailUrl":"https:\/\/swissbaker.ch\/wp-content\/uploads\/2025\/12\/boulangerie_monnard_2.jpg","datePublished":"2025-12-17T15:15:30+00:00","dateModified":"2025-12-18T07:08:25+00:00","breadcrumb":{"@id":"https:\/\/swissbaker.ch\/fr\/panissimo-news\/le-choix-de-lexigence-et-de-la-simplicite\/#breadcrumb"},"inLanguage":"fr-FR","potentialAction":[{"@type":"ReadAction","target":["https:\/\/swissbaker.ch\/fr\/panissimo-news\/le-choix-de-lexigence-et-de-la-simplicite\/"]}]},{"@type":"ImageObject","inLanguage":"fr-FR","@id":"https:\/\/swissbaker.ch\/fr\/panissimo-news\/le-choix-de-lexigence-et-de-la-simplicite\/#primaryimage","url":"https:\/\/swissbaker.ch\/wp-content\/uploads\/2025\/12\/boulangerie_monnard_2.jpg","contentUrl":"https:\/\/swissbaker.ch\/wp-content\/uploads\/2025\/12\/boulangerie_monnard_2.jpg","width":1200,"height":712},{"@type":"BreadcrumbList","@id":"https:\/\/swissbaker.ch\/fr\/panissimo-news\/le-choix-de-lexigence-et-de-la-simplicite\/#breadcrumb","itemListElement":[{"@type":"ListItem","position":1,"name":"","item":"https:\/\/swissbaker.ch\/fr\/"},{"@type":"ListItem","position":2,"name":"Boulangeries\/Confiseries","item":"https:\/\/swissbaker.ch\/fr\/panissimo-news\/category\/boulangeries-confiseries\/"},{"@type":"ListItem","position":3,"name":"Le choix de l\u2019exigence et de la simplicit\u00e9"}]},{"@type":"WebSite","@id":"https:\/\/swissbaker.ch\/fr\/#website","url":"https:\/\/swissbaker.ch\/fr\/","name":"SBC","description":"","publisher":{"@id":"https:\/\/swissbaker.ch\/fr\/#organization"},"potentialAction":[{"@type":"SearchAction","target":{"@type":"EntryPoint","urlTemplate":"https:\/\/swissbaker.ch\/fr\/?s={search_term_string}"},"query-input":{"@type":"PropertyValueSpecification","valueRequired":true,"valueName":"search_term_string"}}],"inLanguage":"fr-FR"},{"@type":"Organization","@id":"https:\/\/swissbaker.ch\/fr\/#organization","name":"Schweizerischer B\u00e4cker-Confiseurmeister-Verband","url":"https:\/\/swissbaker.ch\/fr\/","logo":{"@type":"ImageObject","inLanguage":"fr-FR","@id":"https:\/\/swissbaker.ch\/fr\/#\/schema\/logo\/image\/","url":"https:\/\/swissbaker.ch\/wp-content\/uploads\/2022\/04\/sbc-logo-yoast.jpg","contentUrl":"https:\/\/swissbaker.ch\/wp-content\/uploads\/2022\/04\/sbc-logo-yoast.jpg","width":512,"height":512,"caption":"Schweizerischer B\u00e4cker-Confiseurmeister-Verband"},"image":{"@id":"https:\/\/swissbaker.ch\/fr\/#\/schema\/logo\/image\/"},"sameAs":["https:\/\/www.facebook.com\/swissbaker.ch","https:\/\/x.com\/ch_swissbaker"]},{"@type":"Person","@id":"https:\/\/swissbaker.ch\/fr\/#\/schema\/person\/74bd327b08c18ca6042c02ff6f0ed5e2","name":"Simon Nussbaum","image":{"@type":"ImageObject","inLanguage":"fr-FR","@id":"https:\/\/swissbaker.ch\/fr\/#\/schema\/person\/image\/","url":"https:\/\/secure.gravatar.com\/avatar\/df0eced3bb556c806cb760cf503ade1ed1df25b4104d80d6fd28d93a9509aa12?s=96&d=mm&r=g","contentUrl":"https:\/\/secure.gravatar.com\/avatar\/df0eced3bb556c806cb760cf503ade1ed1df25b4104d80d6fd28d93a9509aa12?s=96&d=mm&r=g","caption":"Simon Nussbaum"},"url":"https:\/\/swissbaker.ch\/fr\/panissimo-news\/author\/simon-nussbaum\/"}]}},"_links":{"self":[{"href":"https:\/\/swissbaker.ch\/fr\/wp-json\/wp\/v2\/posts\/130594","targetHints":{"allow":["GET"]}}],"collection":[{"href":"https:\/\/swissbaker.ch\/fr\/wp-json\/wp\/v2\/posts"}],"about":[{"href":"https:\/\/swissbaker.ch\/fr\/wp-json\/wp\/v2\/types\/post"}],"author":[{"embeddable":true,"href":"https:\/\/swissbaker.ch\/fr\/wp-json\/wp\/v2\/users\/5"}],"replies":[{"embeddable":true,"href":"https:\/\/swissbaker.ch\/fr\/wp-json\/wp\/v2\/comments?post=130594"}],"version-history":[{"count":0,"href":"https:\/\/swissbaker.ch\/fr\/wp-json\/wp\/v2\/posts\/130594\/revisions"}],"wp:featuredmedia":[{"embeddable":true,"href":"https:\/\/swissbaker.ch\/fr\/wp-json\/wp\/v2\/media\/130589"}],"wp:attachment":[{"href":"https:\/\/swissbaker.ch\/fr\/wp-json\/wp\/v2\/media?parent=130594"}],"wp:term":[{"taxonomy":"category","embeddable":true,"href":"https:\/\/swissbaker.ch\/fr\/wp-json\/wp\/v2\/categories?post=130594"},{"taxonomy":"post_tag","embeddable":true,"href":"https:\/\/swissbaker.ch\/fr\/wp-json\/wp\/v2\/tags?post=130594"}],"curies":[{"name":"wp","href":"https:\/\/api.w.org\/{rel}","templated":true}]}}