{"id":129630,"date":"2025-11-26T15:10:45","date_gmt":"2025-11-26T14:10:45","guid":{"rendered":"https:\/\/swissbaker.ch\/?p=129630"},"modified":"2025-11-27T10:24:10","modified_gmt":"2025-11-27T09:24:10","slug":"declarations-cpbc","status":"publish","type":"post","link":"https:\/\/swissbaker.ch\/fr\/panissimo-news\/declarations-cpbc\/","title":{"rendered":"D\u00e9clarations CPBC"},"content":{"rendered":"\n<p><strong>Fin novembre, toutes les entreprises du secteur de la boulangerie-p\u00e2tisserie sont invit\u00e9es par la Commission paritaire Boulangers-Confiseurs cpbc \u00e0 d\u00e9clarer leurs contributions aux frais d\u2019ex\u00e9cution. Les d\u00e9clarations doivent \u00eatre remises au plus tard \u00e0 la fin janvier. Si la d\u00e9claration est soumise dans les d\u00e9lais, une commission est automatiquement d\u00e9duite de la facture. En cas de d\u00e9passement du d\u00e9lai, des frais \u00e9lev\u00e9s de CHF 100.00 par rappel seront factur\u00e9s. <\/strong><\/p>\n\n\n\n<p>Les m\u00eames frais de rappel s\u2019appliquent en cas de paiement tardif des montants d\u00e9clar\u00e9s. Une fois votre d\u00e9claration valid\u00e9e, vous recevrez la facture en quelques minutes, que vous pourrez t\u00e9l\u00e9charger depuis votre compte et payer imm\u00e9diatement. Le d\u00e9lai de paiement est, comme d\u2019habitude, fix\u00e9 au 1er mars 2026.<\/p>\n\n\n\n<h2 class=\"wp-block-heading\" id=\"h-nouveautes-importantes\"><strong>Nouveaut\u00e9s importantes<\/strong><\/h2>\n\n\n\n<p>Depuis juillet 2025, les apprenants sont \u00e9galement tenus de payer des contributions aux frais d\u2019ex\u00e9cution. Cela concerne les apprenants qui ont commenc\u00e9 leur formation initiale apr\u00e8s le 1er juillet 2025.<\/p>\n\n\n\n<p>Une colonne distincte pour la d\u00e9claration des contributions des apprenants figure d\u00e9sormais dans le masque de d\u00e9claration sur le site web de la cpbc (image 2) ainsi que dans le fichier CSV (image 2).<\/p>\n\n\n\n<figure class=\"wp-block-image size-large\"><a href=\"https:\/\/pkbc.ch\/fr_CH\/web\/login\" target=\"_blank\" rel=\" noreferrer noopener\"><img decoding=\"async\" width=\"1024\" height=\"577\" src=\"https:\/\/swissbaker.ch\/wp-content\/uploads\/2025\/11\/daclaration_form_pkpc_fr-1024x577.jpg\" alt=\"\" class=\"wp-image-129633\" srcset=\"https:\/\/swissbaker.ch\/wp-content\/uploads\/2025\/11\/daclaration_form_pkpc_fr-1024x577.jpg 1024w, https:\/\/swissbaker.ch\/wp-content\/uploads\/2025\/11\/daclaration_form_pkpc_fr-768x433.jpg 768w, https:\/\/swissbaker.ch\/wp-content\/uploads\/2025\/11\/daclaration_form_pkpc_fr-1536x866.jpg 1536w, https:\/\/swissbaker.ch\/wp-content\/uploads\/2025\/11\/daclaration_form_pkpc_fr.jpg 1716w\" sizes=\"(max-width: 1024px) 100vw, 1024px\" \/><\/a><\/figure>\n\n\n\n<p>Le nouveau fichier CSV est \u00e0 votre disposition et \u00e0 celle de vos fournisseurs de programmes de paie sur <a href=\"http:\/\/pkbc.ch\">pkbc.ch<\/a> sous le lien <a href=\"https:\/\/pkbc.ch\/blog\/news-2\/csv-datei-5\">Fichier CSV | PKBC<\/a>. Si les collaborateurs sont t\u00e9l\u00e9charg\u00e9s via le fichier CSV, il est imp\u00e9ratif d\u2019utiliser le nouveau mod\u00e8le (inchang\u00e9).<\/p>\n\n\n\n<figure class=\"wp-block-image size-full\"><a href=\"https:\/\/pkbc.ch\/blog\/news-2\/csv-datei-5\" target=\"_blank\" rel=\" noreferrer noopener\"><img decoding=\"async\" width=\"912\" height=\"790\" src=\"https:\/\/swissbaker.ch\/wp-content\/uploads\/2025\/11\/declaration_csv_pkpc_fr.jpg\" alt=\"\" class=\"wp-image-129635\" srcset=\"https:\/\/swissbaker.ch\/wp-content\/uploads\/2025\/11\/declaration_csv_pkpc_fr.jpg 912w, https:\/\/swissbaker.ch\/wp-content\/uploads\/2025\/11\/declaration_csv_pkpc_fr-768x665.jpg 768w\" sizes=\"(max-width: 912px) 100vw, 912px\" \/><\/a><\/figure>\n\n\n\n<p>Il est \u00e9galement possible de saisir les collaborateurs manuellement, comme auparavant.<\/p>\n\n\n\n<p class=\"has-text-align-right\"><em>Harisa Reiz<\/em><\/p>\n","protected":false},"excerpt":{"rendered":"<p>Fin novembre, toutes les entreprises du secteur de la boulangerie-p\u00e2tisserie sont invit\u00e9es par la Commission paritaire Boulangers-Confiseurs cpbc \u00e0 d\u00e9clarer leurs contributions aux frais d\u2019ex\u00e9cution. Les d\u00e9clarations doivent \u00eatre remises au plus tard \u00e0 la fin janvier.<\/p>\n","protected":false},"author":5,"featured_media":129631,"comment_status":"closed","ping_status":"closed","sticky":true,"template":"","format":"standard","meta":{"_acf_changed":false,"footnotes":""},"categories":[41,54],"tags":[],"class_list":["post-129630","post","type-post","status-publish","format-standard","has-post-thumbnail","hentry","category-association","category-conseils"],"acf":[],"yoast_head":"<!-- This site is optimized with the Yoast SEO Premium plugin v26.8 (Yoast SEO v26.8) - https:\/\/yoast.com\/product\/yoast-seo-premium-wordpress\/ -->\n<title>D\u00e9clarations CPBC | SBC<\/title>\n<meta name=\"robots\" content=\"index, follow, max-snippet:-1, max-image-preview:large, max-video-preview:-1\" \/>\n<link rel=\"canonical\" href=\"https:\/\/swissbaker.ch\/fr\/panissimo-news\/declarations-cpbc\/\" \/>\n<meta property=\"og:locale\" content=\"fr_FR\" \/>\n<meta property=\"og:type\" content=\"article\" \/>\n<meta property=\"og:title\" content=\"D\u00e9clarations CPBC\" \/>\n<meta property=\"og:description\" content=\"Fin novembre, toutes les entreprises du secteur de la boulangerie-p\u00e2tisserie sont invit\u00e9es par la Commission paritaire Boulangers-Confiseurs cpbc \u00e0 d\u00e9clarer leurs contributions aux frais d\u2019ex\u00e9cution. Les d\u00e9clarations doivent \u00eatre remises au plus tard \u00e0 la fin janvier.\" \/>\n<meta property=\"og:url\" content=\"https:\/\/swissbaker.ch\/fr\/panissimo-news\/declarations-cpbc\/\" \/>\n<meta property=\"og:site_name\" content=\"SBC\" \/>\n<meta property=\"article:publisher\" content=\"https:\/\/www.facebook.com\/swissbaker.ch\" \/>\n<meta property=\"article:published_time\" content=\"2025-11-26T14:10:45+00:00\" \/>\n<meta property=\"article:modified_time\" content=\"2025-11-27T09:24:10+00:00\" \/>\n<meta property=\"og:image\" content=\"https:\/\/swissbaker.ch\/wp-content\/uploads\/2025\/11\/pkpc_deklaration_fr.jpg\" \/>\n\t<meta property=\"og:image:width\" content=\"1200\" \/>\n\t<meta property=\"og:image:height\" content=\"712\" \/>\n\t<meta property=\"og:image:type\" content=\"image\/jpeg\" \/>\n<meta name=\"author\" content=\"Simon Nussbaum\" \/>\n<meta name=\"twitter:card\" content=\"summary_large_image\" \/>\n<meta name=\"twitter:creator\" content=\"@ch_swissbaker\" \/>\n<meta name=\"twitter:site\" content=\"@ch_swissbaker\" \/>\n<meta name=\"twitter:label1\" content=\"Written by\" \/>\n\t<meta name=\"twitter:data1\" content=\"Simon Nussbaum\" \/>\n\t<meta name=\"twitter:label2\" content=\"Est. reading time\" \/>\n\t<meta name=\"twitter:data2\" content=\"1 minute\" \/>\n<script type=\"application\/ld+json\" class=\"yoast-schema-graph\">{\"@context\":\"https:\/\/schema.org\",\"@graph\":[{\"@type\":\"Article\",\"@id\":\"https:\/\/swissbaker.ch\/fr\/panissimo-news\/declarations-cpbc\/#article\",\"isPartOf\":{\"@id\":\"https:\/\/swissbaker.ch\/fr\/panissimo-news\/declarations-cpbc\/\"},\"author\":{\"name\":\"Simon Nussbaum\",\"@id\":\"https:\/\/swissbaker.ch\/fr\/#\/schema\/person\/74bd327b08c18ca6042c02ff6f0ed5e2\"},\"headline\":\"D\u00e9clarations CPBC\",\"datePublished\":\"2025-11-26T14:10:45+00:00\",\"dateModified\":\"2025-11-27T09:24:10+00:00\",\"mainEntityOfPage\":{\"@id\":\"https:\/\/swissbaker.ch\/fr\/panissimo-news\/declarations-cpbc\/\"},\"wordCount\":270,\"publisher\":{\"@id\":\"https:\/\/swissbaker.ch\/fr\/#organization\"},\"image\":{\"@id\":\"https:\/\/swissbaker.ch\/fr\/panissimo-news\/declarations-cpbc\/#primaryimage\"},\"thumbnailUrl\":\"https:\/\/swissbaker.ch\/wp-content\/uploads\/2025\/11\/pkpc_deklaration_fr.jpg\",\"articleSection\":[\"Association\",\"Conseils\"],\"inLanguage\":\"fr-FR\"},{\"@type\":\"WebPage\",\"@id\":\"https:\/\/swissbaker.ch\/fr\/panissimo-news\/declarations-cpbc\/\",\"url\":\"https:\/\/swissbaker.ch\/fr\/panissimo-news\/declarations-cpbc\/\",\"name\":\"D\u00e9clarations CPBC | SBC\",\"isPartOf\":{\"@id\":\"https:\/\/swissbaker.ch\/fr\/#website\"},\"primaryImageOfPage\":{\"@id\":\"https:\/\/swissbaker.ch\/fr\/panissimo-news\/declarations-cpbc\/#primaryimage\"},\"image\":{\"@id\":\"https:\/\/swissbaker.ch\/fr\/panissimo-news\/declarations-cpbc\/#primaryimage\"},\"thumbnailUrl\":\"https:\/\/swissbaker.ch\/wp-content\/uploads\/2025\/11\/pkpc_deklaration_fr.jpg\",\"datePublished\":\"2025-11-26T14:10:45+00:00\",\"dateModified\":\"2025-11-27T09:24:10+00:00\",\"breadcrumb\":{\"@id\":\"https:\/\/swissbaker.ch\/fr\/panissimo-news\/declarations-cpbc\/#breadcrumb\"},\"inLanguage\":\"fr-FR\",\"potentialAction\":[{\"@type\":\"ReadAction\",\"target\":[\"https:\/\/swissbaker.ch\/fr\/panissimo-news\/declarations-cpbc\/\"]}]},{\"@type\":\"ImageObject\",\"inLanguage\":\"fr-FR\",\"@id\":\"https:\/\/swissbaker.ch\/fr\/panissimo-news\/declarations-cpbc\/#primaryimage\",\"url\":\"https:\/\/swissbaker.ch\/wp-content\/uploads\/2025\/11\/pkpc_deklaration_fr.jpg\",\"contentUrl\":\"https:\/\/swissbaker.ch\/wp-content\/uploads\/2025\/11\/pkpc_deklaration_fr.jpg\",\"width\":1200,\"height\":712},{\"@type\":\"BreadcrumbList\",\"@id\":\"https:\/\/swissbaker.ch\/fr\/panissimo-news\/declarations-cpbc\/#breadcrumb\",\"itemListElement\":[{\"@type\":\"ListItem\",\"position\":1,\"name\":\"\",\"item\":\"https:\/\/swissbaker.ch\/fr\/\"},{\"@type\":\"ListItem\",\"position\":2,\"name\":\"Association\",\"item\":\"https:\/\/swissbaker.ch\/fr\/panissimo-news\/category\/association\/\"},{\"@type\":\"ListItem\",\"position\":3,\"name\":\"D\u00e9clarations CPBC\"}]},{\"@type\":\"WebSite\",\"@id\":\"https:\/\/swissbaker.ch\/fr\/#website\",\"url\":\"https:\/\/swissbaker.ch\/fr\/\",\"name\":\"SBC\",\"description\":\"\",\"publisher\":{\"@id\":\"https:\/\/swissbaker.ch\/fr\/#organization\"},\"potentialAction\":[{\"@type\":\"SearchAction\",\"target\":{\"@type\":\"EntryPoint\",\"urlTemplate\":\"https:\/\/swissbaker.ch\/fr\/?s={search_term_string}\"},\"query-input\":{\"@type\":\"PropertyValueSpecification\",\"valueRequired\":true,\"valueName\":\"search_term_string\"}}],\"inLanguage\":\"fr-FR\"},{\"@type\":\"Organization\",\"@id\":\"https:\/\/swissbaker.ch\/fr\/#organization\",\"name\":\"Schweizerischer B\u00e4cker-Confiseurmeister-Verband\",\"url\":\"https:\/\/swissbaker.ch\/fr\/\",\"logo\":{\"@type\":\"ImageObject\",\"inLanguage\":\"fr-FR\",\"@id\":\"https:\/\/swissbaker.ch\/fr\/#\/schema\/logo\/image\/\",\"url\":\"https:\/\/swissbaker.ch\/wp-content\/uploads\/2022\/04\/sbc-logo-yoast.jpg\",\"contentUrl\":\"https:\/\/swissbaker.ch\/wp-content\/uploads\/2022\/04\/sbc-logo-yoast.jpg\",\"width\":512,\"height\":512,\"caption\":\"Schweizerischer B\u00e4cker-Confiseurmeister-Verband\"},\"image\":{\"@id\":\"https:\/\/swissbaker.ch\/fr\/#\/schema\/logo\/image\/\"},\"sameAs\":[\"https:\/\/www.facebook.com\/swissbaker.ch\",\"https:\/\/x.com\/ch_swissbaker\"]},{\"@type\":\"Person\",\"@id\":\"https:\/\/swissbaker.ch\/fr\/#\/schema\/person\/74bd327b08c18ca6042c02ff6f0ed5e2\",\"name\":\"Simon Nussbaum\",\"image\":{\"@type\":\"ImageObject\",\"inLanguage\":\"fr-FR\",\"@id\":\"https:\/\/swissbaker.ch\/fr\/#\/schema\/person\/image\/\",\"url\":\"https:\/\/secure.gravatar.com\/avatar\/df0eced3bb556c806cb760cf503ade1ed1df25b4104d80d6fd28d93a9509aa12?s=96&d=mm&r=g\",\"contentUrl\":\"https:\/\/secure.gravatar.com\/avatar\/df0eced3bb556c806cb760cf503ade1ed1df25b4104d80d6fd28d93a9509aa12?s=96&d=mm&r=g\",\"caption\":\"Simon Nussbaum\"},\"url\":\"https:\/\/swissbaker.ch\/fr\/panissimo-news\/author\/simon-nussbaum\/\"}]}<\/script>\n<!-- \/ Yoast SEO Premium plugin. -->","yoast_head_json":{"title":"D\u00e9clarations CPBC | SBC","robots":{"index":"index","follow":"follow","max-snippet":"max-snippet:-1","max-image-preview":"max-image-preview:large","max-video-preview":"max-video-preview:-1"},"canonical":"https:\/\/swissbaker.ch\/fr\/panissimo-news\/declarations-cpbc\/","og_locale":"fr_FR","og_type":"article","og_title":"D\u00e9clarations CPBC","og_description":"Fin novembre, toutes les entreprises du secteur de la boulangerie-p\u00e2tisserie sont invit\u00e9es par la Commission paritaire Boulangers-Confiseurs cpbc \u00e0 d\u00e9clarer leurs contributions aux frais d\u2019ex\u00e9cution. Les d\u00e9clarations doivent \u00eatre remises au plus tard \u00e0 la fin janvier.","og_url":"https:\/\/swissbaker.ch\/fr\/panissimo-news\/declarations-cpbc\/","og_site_name":"SBC","article_publisher":"https:\/\/www.facebook.com\/swissbaker.ch","article_published_time":"2025-11-26T14:10:45+00:00","article_modified_time":"2025-11-27T09:24:10+00:00","og_image":[{"width":1200,"height":712,"url":"https:\/\/swissbaker.ch\/wp-content\/uploads\/2025\/11\/pkpc_deklaration_fr.jpg","type":"image\/jpeg"}],"author":"Simon Nussbaum","twitter_card":"summary_large_image","twitter_creator":"@ch_swissbaker","twitter_site":"@ch_swissbaker","twitter_misc":{"Written by":"Simon Nussbaum","Est. reading time":"1 minute"},"schema":{"@context":"https:\/\/schema.org","@graph":[{"@type":"Article","@id":"https:\/\/swissbaker.ch\/fr\/panissimo-news\/declarations-cpbc\/#article","isPartOf":{"@id":"https:\/\/swissbaker.ch\/fr\/panissimo-news\/declarations-cpbc\/"},"author":{"name":"Simon Nussbaum","@id":"https:\/\/swissbaker.ch\/fr\/#\/schema\/person\/74bd327b08c18ca6042c02ff6f0ed5e2"},"headline":"D\u00e9clarations CPBC","datePublished":"2025-11-26T14:10:45+00:00","dateModified":"2025-11-27T09:24:10+00:00","mainEntityOfPage":{"@id":"https:\/\/swissbaker.ch\/fr\/panissimo-news\/declarations-cpbc\/"},"wordCount":270,"publisher":{"@id":"https:\/\/swissbaker.ch\/fr\/#organization"},"image":{"@id":"https:\/\/swissbaker.ch\/fr\/panissimo-news\/declarations-cpbc\/#primaryimage"},"thumbnailUrl":"https:\/\/swissbaker.ch\/wp-content\/uploads\/2025\/11\/pkpc_deklaration_fr.jpg","articleSection":["Association","Conseils"],"inLanguage":"fr-FR"},{"@type":"WebPage","@id":"https:\/\/swissbaker.ch\/fr\/panissimo-news\/declarations-cpbc\/","url":"https:\/\/swissbaker.ch\/fr\/panissimo-news\/declarations-cpbc\/","name":"D\u00e9clarations CPBC | SBC","isPartOf":{"@id":"https:\/\/swissbaker.ch\/fr\/#website"},"primaryImageOfPage":{"@id":"https:\/\/swissbaker.ch\/fr\/panissimo-news\/declarations-cpbc\/#primaryimage"},"image":{"@id":"https:\/\/swissbaker.ch\/fr\/panissimo-news\/declarations-cpbc\/#primaryimage"},"thumbnailUrl":"https:\/\/swissbaker.ch\/wp-content\/uploads\/2025\/11\/pkpc_deklaration_fr.jpg","datePublished":"2025-11-26T14:10:45+00:00","dateModified":"2025-11-27T09:24:10+00:00","breadcrumb":{"@id":"https:\/\/swissbaker.ch\/fr\/panissimo-news\/declarations-cpbc\/#breadcrumb"},"inLanguage":"fr-FR","potentialAction":[{"@type":"ReadAction","target":["https:\/\/swissbaker.ch\/fr\/panissimo-news\/declarations-cpbc\/"]}]},{"@type":"ImageObject","inLanguage":"fr-FR","@id":"https:\/\/swissbaker.ch\/fr\/panissimo-news\/declarations-cpbc\/#primaryimage","url":"https:\/\/swissbaker.ch\/wp-content\/uploads\/2025\/11\/pkpc_deklaration_fr.jpg","contentUrl":"https:\/\/swissbaker.ch\/wp-content\/uploads\/2025\/11\/pkpc_deklaration_fr.jpg","width":1200,"height":712},{"@type":"BreadcrumbList","@id":"https:\/\/swissbaker.ch\/fr\/panissimo-news\/declarations-cpbc\/#breadcrumb","itemListElement":[{"@type":"ListItem","position":1,"name":"","item":"https:\/\/swissbaker.ch\/fr\/"},{"@type":"ListItem","position":2,"name":"Association","item":"https:\/\/swissbaker.ch\/fr\/panissimo-news\/category\/association\/"},{"@type":"ListItem","position":3,"name":"D\u00e9clarations CPBC"}]},{"@type":"WebSite","@id":"https:\/\/swissbaker.ch\/fr\/#website","url":"https:\/\/swissbaker.ch\/fr\/","name":"SBC","description":"","publisher":{"@id":"https:\/\/swissbaker.ch\/fr\/#organization"},"potentialAction":[{"@type":"SearchAction","target":{"@type":"EntryPoint","urlTemplate":"https:\/\/swissbaker.ch\/fr\/?s={search_term_string}"},"query-input":{"@type":"PropertyValueSpecification","valueRequired":true,"valueName":"search_term_string"}}],"inLanguage":"fr-FR"},{"@type":"Organization","@id":"https:\/\/swissbaker.ch\/fr\/#organization","name":"Schweizerischer B\u00e4cker-Confiseurmeister-Verband","url":"https:\/\/swissbaker.ch\/fr\/","logo":{"@type":"ImageObject","inLanguage":"fr-FR","@id":"https:\/\/swissbaker.ch\/fr\/#\/schema\/logo\/image\/","url":"https:\/\/swissbaker.ch\/wp-content\/uploads\/2022\/04\/sbc-logo-yoast.jpg","contentUrl":"https:\/\/swissbaker.ch\/wp-content\/uploads\/2022\/04\/sbc-logo-yoast.jpg","width":512,"height":512,"caption":"Schweizerischer B\u00e4cker-Confiseurmeister-Verband"},"image":{"@id":"https:\/\/swissbaker.ch\/fr\/#\/schema\/logo\/image\/"},"sameAs":["https:\/\/www.facebook.com\/swissbaker.ch","https:\/\/x.com\/ch_swissbaker"]},{"@type":"Person","@id":"https:\/\/swissbaker.ch\/fr\/#\/schema\/person\/74bd327b08c18ca6042c02ff6f0ed5e2","name":"Simon Nussbaum","image":{"@type":"ImageObject","inLanguage":"fr-FR","@id":"https:\/\/swissbaker.ch\/fr\/#\/schema\/person\/image\/","url":"https:\/\/secure.gravatar.com\/avatar\/df0eced3bb556c806cb760cf503ade1ed1df25b4104d80d6fd28d93a9509aa12?s=96&d=mm&r=g","contentUrl":"https:\/\/secure.gravatar.com\/avatar\/df0eced3bb556c806cb760cf503ade1ed1df25b4104d80d6fd28d93a9509aa12?s=96&d=mm&r=g","caption":"Simon Nussbaum"},"url":"https:\/\/swissbaker.ch\/fr\/panissimo-news\/author\/simon-nussbaum\/"}]}},"_links":{"self":[{"href":"https:\/\/swissbaker.ch\/fr\/wp-json\/wp\/v2\/posts\/129630","targetHints":{"allow":["GET"]}}],"collection":[{"href":"https:\/\/swissbaker.ch\/fr\/wp-json\/wp\/v2\/posts"}],"about":[{"href":"https:\/\/swissbaker.ch\/fr\/wp-json\/wp\/v2\/types\/post"}],"author":[{"embeddable":true,"href":"https:\/\/swissbaker.ch\/fr\/wp-json\/wp\/v2\/users\/5"}],"replies":[{"embeddable":true,"href":"https:\/\/swissbaker.ch\/fr\/wp-json\/wp\/v2\/comments?post=129630"}],"version-history":[{"count":0,"href":"https:\/\/swissbaker.ch\/fr\/wp-json\/wp\/v2\/posts\/129630\/revisions"}],"wp:featuredmedia":[{"embeddable":true,"href":"https:\/\/swissbaker.ch\/fr\/wp-json\/wp\/v2\/media\/129631"}],"wp:attachment":[{"href":"https:\/\/swissbaker.ch\/fr\/wp-json\/wp\/v2\/media?parent=129630"}],"wp:term":[{"taxonomy":"category","embeddable":true,"href":"https:\/\/swissbaker.ch\/fr\/wp-json\/wp\/v2\/categories?post=129630"},{"taxonomy":"post_tag","embeddable":true,"href":"https:\/\/swissbaker.ch\/fr\/wp-json\/wp\/v2\/tags?post=129630"}],"curies":[{"name":"wp","href":"https:\/\/api.w.org\/{rel}","templated":true}]}}