{"id":129263,"date":"2025-11-13T13:08:57","date_gmt":"2025-11-13T12:08:57","guid":{"rendered":"https:\/\/swissbaker.ch\/?p=129263"},"modified":"2025-11-14T08:52:58","modified_gmt":"2025-11-14T07:52:58","slug":"harisa-reiz-faite-dame-compagnon-du-pain","status":"publish","type":"post","link":"https:\/\/swissbaker.ch\/fr\/panissimo-news\/harisa-reiz-faite-dame-compagnon-du-pain\/","title":{"rendered":"Chapitre des chevaliers genevois: dix personnalit\u00e9s honor\u00e9es"},"content":{"rendered":"\n<p><strong>Le 30<sup>e<\/sup> Chapitre des Chevaliers du bon pain du canton de Gen\u00e8ve s\u2019est d\u00e9roul\u00e9 le 1<sup>er<\/sup> novembre. Dix personnalit\u00e9s ont rejoint les rangs de la confr\u00e9rie, \u00e0 Satigny (GE)&nbsp;: deux Amis du pain et du chocolat pour leur attachement au terroir, sept Compagnons pour leur soutien actif \u00e0 la boulangerie artisanale, et une Dame compagnon du pain. Concernant cette derni\u00e8re, il s\u2019agit d\u2019Harisa Reiz. Directrice adjointe de la BCS et juriste, elle est amen\u00e9e \u00e0 c\u00f4toyer r\u00e9guli\u00e8rement la confr\u00e9rie et ses membres.<\/strong><\/p>\n\n\n\n<p>A l\u2019occasion de cette soir\u00e9e, membres et invit\u00e9s ont partag\u00e9 un buffet autour du pain et du chocolat, dans une ambiance chaleureuse.<\/p>\n\n\n\n<p><strong>Amis du pain et du chocolat&nbsp;: <\/strong><br>Jean-Luc Merminod (retrait\u00e9) et Nathalie Pasche-Bovier (vendeuse)<\/p>\n\n\n\n<p><strong>Dame compagnon et Compagnons&nbsp;: <\/strong><br>C\u00e9line Argento (journaliste), Claude Bieri (agriculteur)&nbsp;; C\u00f4me dit Jean-Bosco Devaud (pr\u00eatre catholique), Denis Conesa (directeur d\u2019Abiolab), Dario Fossatti (ing\u00e9nieur agronome), Serge Labrosse (chef cuisinier) et Erik Wagenaar (directeur de l\u2019Atelier Bruderlin)<\/p>\n\n\n\n<p><strong>Dame compagnon du pain&nbsp;: <\/strong><br>Harisa Reiz (directrice adjointe de la BCS)<\/p>\n\n\n\n<p><strong><a href=\"https:\/\/swissbaker.ch\/fr\/panissimo-news\/galerie\/30e-chapitre-des-chevaliers-du-bon-pain-du-canton-de-geneve\/\" target=\"_blank\" rel=\"noreferrer noopener\">Galerie de photos&#8230;\u00bb<\/a><\/strong><\/p>\n\n\n\n<p class=\"has-text-align-right\"><em>Johann Ruppen<\/em><br><em>Photo: Nati Gomez <\/em><\/p>\n","protected":false},"excerpt":{"rendered":"<p>Le 30e Chapitre des Chevaliers du bon pain du canton de Gen\u00e8ve s\u2019est d\u00e9roul\u00e9 le 1er novembre. Dix personnalit\u00e9s ont rejoint les rangs de la confr\u00e9rie, \u00e0 Satigny (GE).<\/p>\n","protected":false},"author":5,"featured_media":129264,"comment_status":"closed","ping_status":"closed","sticky":false,"template":"","format":"standard","meta":{"_acf_changed":false,"footnotes":""},"categories":[40],"tags":[],"class_list":["post-129263","post","type-post","status-publish","format-standard","has-post-thumbnail","hentry","category-des-cantons"],"acf":[],"yoast_head":"<!-- This site is optimized with the Yoast SEO Premium plugin v26.8 (Yoast SEO v26.8) - https:\/\/yoast.com\/product\/yoast-seo-premium-wordpress\/ -->\n<title>Chapitre des chevaliers genevois: dix personnalit\u00e9s honor\u00e9es | SBC<\/title>\n<meta name=\"robots\" content=\"index, follow, max-snippet:-1, max-image-preview:large, max-video-preview:-1\" \/>\n<link rel=\"canonical\" href=\"https:\/\/swissbaker.ch\/fr\/panissimo-news\/harisa-reiz-faite-dame-compagnon-du-pain\/\" \/>\n<meta property=\"og:locale\" content=\"fr_FR\" \/>\n<meta property=\"og:type\" content=\"article\" \/>\n<meta property=\"og:title\" content=\"Chapitre des chevaliers genevois: dix personnalit\u00e9s honor\u00e9es\" \/>\n<meta property=\"og:description\" content=\"Le 30e Chapitre des Chevaliers du bon pain du canton de Gen\u00e8ve s\u2019est d\u00e9roul\u00e9 le 1er novembre. Dix personnalit\u00e9s ont rejoint les rangs de la confr\u00e9rie, \u00e0 Satigny (GE).\" \/>\n<meta property=\"og:url\" content=\"https:\/\/swissbaker.ch\/fr\/panissimo-news\/harisa-reiz-faite-dame-compagnon-du-pain\/\" \/>\n<meta property=\"og:site_name\" content=\"SBC\" \/>\n<meta property=\"article:publisher\" content=\"https:\/\/www.facebook.com\/swissbaker.ch\" \/>\n<meta property=\"article:published_time\" content=\"2025-11-13T12:08:57+00:00\" \/>\n<meta property=\"article:modified_time\" content=\"2025-11-14T07:52:58+00:00\" \/>\n<meta property=\"og:image\" content=\"https:\/\/swissbaker.ch\/wp-content\/uploads\/2025\/11\/harisa_reiz_dame_compagnon_du_pain.jpg\" \/>\n\t<meta property=\"og:image:width\" content=\"1200\" \/>\n\t<meta property=\"og:image:height\" content=\"712\" \/>\n\t<meta property=\"og:image:type\" content=\"image\/jpeg\" \/>\n<meta name=\"author\" content=\"Simon Nussbaum\" \/>\n<meta name=\"twitter:card\" content=\"summary_large_image\" \/>\n<meta name=\"twitter:creator\" content=\"@ch_swissbaker\" \/>\n<meta name=\"twitter:site\" content=\"@ch_swissbaker\" \/>\n<meta name=\"twitter:label1\" content=\"Written by\" \/>\n\t<meta name=\"twitter:data1\" content=\"Simon Nussbaum\" \/>\n\t<meta name=\"twitter:label2\" content=\"Est. reading time\" \/>\n\t<meta name=\"twitter:data2\" content=\"1 minute\" \/>\n<script type=\"application\/ld+json\" class=\"yoast-schema-graph\">{\"@context\":\"https:\/\/schema.org\",\"@graph\":[{\"@type\":\"Article\",\"@id\":\"https:\/\/swissbaker.ch\/fr\/panissimo-news\/harisa-reiz-faite-dame-compagnon-du-pain\/#article\",\"isPartOf\":{\"@id\":\"https:\/\/swissbaker.ch\/fr\/panissimo-news\/harisa-reiz-faite-dame-compagnon-du-pain\/\"},\"author\":{\"name\":\"Simon Nussbaum\",\"@id\":\"https:\/\/swissbaker.ch\/fr\/#\/schema\/person\/74bd327b08c18ca6042c02ff6f0ed5e2\"},\"headline\":\"Chapitre des chevaliers genevois: dix personnalit\u00e9s honor\u00e9es\",\"datePublished\":\"2025-11-13T12:08:57+00:00\",\"dateModified\":\"2025-11-14T07:52:58+00:00\",\"mainEntityOfPage\":{\"@id\":\"https:\/\/swissbaker.ch\/fr\/panissimo-news\/harisa-reiz-faite-dame-compagnon-du-pain\/\"},\"wordCount\":204,\"publisher\":{\"@id\":\"https:\/\/swissbaker.ch\/fr\/#organization\"},\"image\":{\"@id\":\"https:\/\/swissbaker.ch\/fr\/panissimo-news\/harisa-reiz-faite-dame-compagnon-du-pain\/#primaryimage\"},\"thumbnailUrl\":\"https:\/\/swissbaker.ch\/wp-content\/uploads\/2025\/11\/harisa_reiz_dame_compagnon_du_pain.jpg\",\"articleSection\":[\"Des cantons\"],\"inLanguage\":\"fr-FR\"},{\"@type\":\"WebPage\",\"@id\":\"https:\/\/swissbaker.ch\/fr\/panissimo-news\/harisa-reiz-faite-dame-compagnon-du-pain\/\",\"url\":\"https:\/\/swissbaker.ch\/fr\/panissimo-news\/harisa-reiz-faite-dame-compagnon-du-pain\/\",\"name\":\"Chapitre des chevaliers genevois: dix personnalit\u00e9s honor\u00e9es | SBC\",\"isPartOf\":{\"@id\":\"https:\/\/swissbaker.ch\/fr\/#website\"},\"primaryImageOfPage\":{\"@id\":\"https:\/\/swissbaker.ch\/fr\/panissimo-news\/harisa-reiz-faite-dame-compagnon-du-pain\/#primaryimage\"},\"image\":{\"@id\":\"https:\/\/swissbaker.ch\/fr\/panissimo-news\/harisa-reiz-faite-dame-compagnon-du-pain\/#primaryimage\"},\"thumbnailUrl\":\"https:\/\/swissbaker.ch\/wp-content\/uploads\/2025\/11\/harisa_reiz_dame_compagnon_du_pain.jpg\",\"datePublished\":\"2025-11-13T12:08:57+00:00\",\"dateModified\":\"2025-11-14T07:52:58+00:00\",\"breadcrumb\":{\"@id\":\"https:\/\/swissbaker.ch\/fr\/panissimo-news\/harisa-reiz-faite-dame-compagnon-du-pain\/#breadcrumb\"},\"inLanguage\":\"fr-FR\",\"potentialAction\":[{\"@type\":\"ReadAction\",\"target\":[\"https:\/\/swissbaker.ch\/fr\/panissimo-news\/harisa-reiz-faite-dame-compagnon-du-pain\/\"]}]},{\"@type\":\"ImageObject\",\"inLanguage\":\"fr-FR\",\"@id\":\"https:\/\/swissbaker.ch\/fr\/panissimo-news\/harisa-reiz-faite-dame-compagnon-du-pain\/#primaryimage\",\"url\":\"https:\/\/swissbaker.ch\/wp-content\/uploads\/2025\/11\/harisa_reiz_dame_compagnon_du_pain.jpg\",\"contentUrl\":\"https:\/\/swissbaker.ch\/wp-content\/uploads\/2025\/11\/harisa_reiz_dame_compagnon_du_pain.jpg\",\"width\":1200,\"height\":712},{\"@type\":\"BreadcrumbList\",\"@id\":\"https:\/\/swissbaker.ch\/fr\/panissimo-news\/harisa-reiz-faite-dame-compagnon-du-pain\/#breadcrumb\",\"itemListElement\":[{\"@type\":\"ListItem\",\"position\":1,\"name\":\"\",\"item\":\"https:\/\/swissbaker.ch\/fr\/\"},{\"@type\":\"ListItem\",\"position\":2,\"name\":\"Des cantons\",\"item\":\"https:\/\/swissbaker.ch\/fr\/panissimo-news\/category\/des-cantons\/\"},{\"@type\":\"ListItem\",\"position\":3,\"name\":\"Chapitre des chevaliers genevois: dix personnalit\u00e9s honor\u00e9es\"}]},{\"@type\":\"WebSite\",\"@id\":\"https:\/\/swissbaker.ch\/fr\/#website\",\"url\":\"https:\/\/swissbaker.ch\/fr\/\",\"name\":\"SBC\",\"description\":\"\",\"publisher\":{\"@id\":\"https:\/\/swissbaker.ch\/fr\/#organization\"},\"potentialAction\":[{\"@type\":\"SearchAction\",\"target\":{\"@type\":\"EntryPoint\",\"urlTemplate\":\"https:\/\/swissbaker.ch\/fr\/?s={search_term_string}\"},\"query-input\":{\"@type\":\"PropertyValueSpecification\",\"valueRequired\":true,\"valueName\":\"search_term_string\"}}],\"inLanguage\":\"fr-FR\"},{\"@type\":\"Organization\",\"@id\":\"https:\/\/swissbaker.ch\/fr\/#organization\",\"name\":\"Schweizerischer B\u00e4cker-Confiseurmeister-Verband\",\"url\":\"https:\/\/swissbaker.ch\/fr\/\",\"logo\":{\"@type\":\"ImageObject\",\"inLanguage\":\"fr-FR\",\"@id\":\"https:\/\/swissbaker.ch\/fr\/#\/schema\/logo\/image\/\",\"url\":\"https:\/\/swissbaker.ch\/wp-content\/uploads\/2022\/04\/sbc-logo-yoast.jpg\",\"contentUrl\":\"https:\/\/swissbaker.ch\/wp-content\/uploads\/2022\/04\/sbc-logo-yoast.jpg\",\"width\":512,\"height\":512,\"caption\":\"Schweizerischer B\u00e4cker-Confiseurmeister-Verband\"},\"image\":{\"@id\":\"https:\/\/swissbaker.ch\/fr\/#\/schema\/logo\/image\/\"},\"sameAs\":[\"https:\/\/www.facebook.com\/swissbaker.ch\",\"https:\/\/x.com\/ch_swissbaker\"]},{\"@type\":\"Person\",\"@id\":\"https:\/\/swissbaker.ch\/fr\/#\/schema\/person\/74bd327b08c18ca6042c02ff6f0ed5e2\",\"name\":\"Simon Nussbaum\",\"image\":{\"@type\":\"ImageObject\",\"inLanguage\":\"fr-FR\",\"@id\":\"https:\/\/swissbaker.ch\/fr\/#\/schema\/person\/image\/\",\"url\":\"https:\/\/secure.gravatar.com\/avatar\/df0eced3bb556c806cb760cf503ade1ed1df25b4104d80d6fd28d93a9509aa12?s=96&d=mm&r=g\",\"contentUrl\":\"https:\/\/secure.gravatar.com\/avatar\/df0eced3bb556c806cb760cf503ade1ed1df25b4104d80d6fd28d93a9509aa12?s=96&d=mm&r=g\",\"caption\":\"Simon Nussbaum\"},\"url\":\"https:\/\/swissbaker.ch\/fr\/panissimo-news\/author\/simon-nussbaum\/\"}]}<\/script>\n<!-- \/ Yoast SEO Premium plugin. -->","yoast_head_json":{"title":"Chapitre des chevaliers genevois: dix personnalit\u00e9s honor\u00e9es | SBC","robots":{"index":"index","follow":"follow","max-snippet":"max-snippet:-1","max-image-preview":"max-image-preview:large","max-video-preview":"max-video-preview:-1"},"canonical":"https:\/\/swissbaker.ch\/fr\/panissimo-news\/harisa-reiz-faite-dame-compagnon-du-pain\/","og_locale":"fr_FR","og_type":"article","og_title":"Chapitre des chevaliers genevois: dix personnalit\u00e9s honor\u00e9es","og_description":"Le 30e Chapitre des Chevaliers du bon pain du canton de Gen\u00e8ve s\u2019est d\u00e9roul\u00e9 le 1er novembre. Dix personnalit\u00e9s ont rejoint les rangs de la confr\u00e9rie, \u00e0 Satigny (GE).","og_url":"https:\/\/swissbaker.ch\/fr\/panissimo-news\/harisa-reiz-faite-dame-compagnon-du-pain\/","og_site_name":"SBC","article_publisher":"https:\/\/www.facebook.com\/swissbaker.ch","article_published_time":"2025-11-13T12:08:57+00:00","article_modified_time":"2025-11-14T07:52:58+00:00","og_image":[{"width":1200,"height":712,"url":"https:\/\/swissbaker.ch\/wp-content\/uploads\/2025\/11\/harisa_reiz_dame_compagnon_du_pain.jpg","type":"image\/jpeg"}],"author":"Simon Nussbaum","twitter_card":"summary_large_image","twitter_creator":"@ch_swissbaker","twitter_site":"@ch_swissbaker","twitter_misc":{"Written by":"Simon Nussbaum","Est. reading time":"1 minute"},"schema":{"@context":"https:\/\/schema.org","@graph":[{"@type":"Article","@id":"https:\/\/swissbaker.ch\/fr\/panissimo-news\/harisa-reiz-faite-dame-compagnon-du-pain\/#article","isPartOf":{"@id":"https:\/\/swissbaker.ch\/fr\/panissimo-news\/harisa-reiz-faite-dame-compagnon-du-pain\/"},"author":{"name":"Simon Nussbaum","@id":"https:\/\/swissbaker.ch\/fr\/#\/schema\/person\/74bd327b08c18ca6042c02ff6f0ed5e2"},"headline":"Chapitre des chevaliers genevois: dix personnalit\u00e9s honor\u00e9es","datePublished":"2025-11-13T12:08:57+00:00","dateModified":"2025-11-14T07:52:58+00:00","mainEntityOfPage":{"@id":"https:\/\/swissbaker.ch\/fr\/panissimo-news\/harisa-reiz-faite-dame-compagnon-du-pain\/"},"wordCount":204,"publisher":{"@id":"https:\/\/swissbaker.ch\/fr\/#organization"},"image":{"@id":"https:\/\/swissbaker.ch\/fr\/panissimo-news\/harisa-reiz-faite-dame-compagnon-du-pain\/#primaryimage"},"thumbnailUrl":"https:\/\/swissbaker.ch\/wp-content\/uploads\/2025\/11\/harisa_reiz_dame_compagnon_du_pain.jpg","articleSection":["Des cantons"],"inLanguage":"fr-FR"},{"@type":"WebPage","@id":"https:\/\/swissbaker.ch\/fr\/panissimo-news\/harisa-reiz-faite-dame-compagnon-du-pain\/","url":"https:\/\/swissbaker.ch\/fr\/panissimo-news\/harisa-reiz-faite-dame-compagnon-du-pain\/","name":"Chapitre des chevaliers genevois: dix personnalit\u00e9s honor\u00e9es | SBC","isPartOf":{"@id":"https:\/\/swissbaker.ch\/fr\/#website"},"primaryImageOfPage":{"@id":"https:\/\/swissbaker.ch\/fr\/panissimo-news\/harisa-reiz-faite-dame-compagnon-du-pain\/#primaryimage"},"image":{"@id":"https:\/\/swissbaker.ch\/fr\/panissimo-news\/harisa-reiz-faite-dame-compagnon-du-pain\/#primaryimage"},"thumbnailUrl":"https:\/\/swissbaker.ch\/wp-content\/uploads\/2025\/11\/harisa_reiz_dame_compagnon_du_pain.jpg","datePublished":"2025-11-13T12:08:57+00:00","dateModified":"2025-11-14T07:52:58+00:00","breadcrumb":{"@id":"https:\/\/swissbaker.ch\/fr\/panissimo-news\/harisa-reiz-faite-dame-compagnon-du-pain\/#breadcrumb"},"inLanguage":"fr-FR","potentialAction":[{"@type":"ReadAction","target":["https:\/\/swissbaker.ch\/fr\/panissimo-news\/harisa-reiz-faite-dame-compagnon-du-pain\/"]}]},{"@type":"ImageObject","inLanguage":"fr-FR","@id":"https:\/\/swissbaker.ch\/fr\/panissimo-news\/harisa-reiz-faite-dame-compagnon-du-pain\/#primaryimage","url":"https:\/\/swissbaker.ch\/wp-content\/uploads\/2025\/11\/harisa_reiz_dame_compagnon_du_pain.jpg","contentUrl":"https:\/\/swissbaker.ch\/wp-content\/uploads\/2025\/11\/harisa_reiz_dame_compagnon_du_pain.jpg","width":1200,"height":712},{"@type":"BreadcrumbList","@id":"https:\/\/swissbaker.ch\/fr\/panissimo-news\/harisa-reiz-faite-dame-compagnon-du-pain\/#breadcrumb","itemListElement":[{"@type":"ListItem","position":1,"name":"","item":"https:\/\/swissbaker.ch\/fr\/"},{"@type":"ListItem","position":2,"name":"Des cantons","item":"https:\/\/swissbaker.ch\/fr\/panissimo-news\/category\/des-cantons\/"},{"@type":"ListItem","position":3,"name":"Chapitre des chevaliers genevois: dix personnalit\u00e9s honor\u00e9es"}]},{"@type":"WebSite","@id":"https:\/\/swissbaker.ch\/fr\/#website","url":"https:\/\/swissbaker.ch\/fr\/","name":"SBC","description":"","publisher":{"@id":"https:\/\/swissbaker.ch\/fr\/#organization"},"potentialAction":[{"@type":"SearchAction","target":{"@type":"EntryPoint","urlTemplate":"https:\/\/swissbaker.ch\/fr\/?s={search_term_string}"},"query-input":{"@type":"PropertyValueSpecification","valueRequired":true,"valueName":"search_term_string"}}],"inLanguage":"fr-FR"},{"@type":"Organization","@id":"https:\/\/swissbaker.ch\/fr\/#organization","name":"Schweizerischer B\u00e4cker-Confiseurmeister-Verband","url":"https:\/\/swissbaker.ch\/fr\/","logo":{"@type":"ImageObject","inLanguage":"fr-FR","@id":"https:\/\/swissbaker.ch\/fr\/#\/schema\/logo\/image\/","url":"https:\/\/swissbaker.ch\/wp-content\/uploads\/2022\/04\/sbc-logo-yoast.jpg","contentUrl":"https:\/\/swissbaker.ch\/wp-content\/uploads\/2022\/04\/sbc-logo-yoast.jpg","width":512,"height":512,"caption":"Schweizerischer B\u00e4cker-Confiseurmeister-Verband"},"image":{"@id":"https:\/\/swissbaker.ch\/fr\/#\/schema\/logo\/image\/"},"sameAs":["https:\/\/www.facebook.com\/swissbaker.ch","https:\/\/x.com\/ch_swissbaker"]},{"@type":"Person","@id":"https:\/\/swissbaker.ch\/fr\/#\/schema\/person\/74bd327b08c18ca6042c02ff6f0ed5e2","name":"Simon Nussbaum","image":{"@type":"ImageObject","inLanguage":"fr-FR","@id":"https:\/\/swissbaker.ch\/fr\/#\/schema\/person\/image\/","url":"https:\/\/secure.gravatar.com\/avatar\/df0eced3bb556c806cb760cf503ade1ed1df25b4104d80d6fd28d93a9509aa12?s=96&d=mm&r=g","contentUrl":"https:\/\/secure.gravatar.com\/avatar\/df0eced3bb556c806cb760cf503ade1ed1df25b4104d80d6fd28d93a9509aa12?s=96&d=mm&r=g","caption":"Simon Nussbaum"},"url":"https:\/\/swissbaker.ch\/fr\/panissimo-news\/author\/simon-nussbaum\/"}]}},"_links":{"self":[{"href":"https:\/\/swissbaker.ch\/fr\/wp-json\/wp\/v2\/posts\/129263","targetHints":{"allow":["GET"]}}],"collection":[{"href":"https:\/\/swissbaker.ch\/fr\/wp-json\/wp\/v2\/posts"}],"about":[{"href":"https:\/\/swissbaker.ch\/fr\/wp-json\/wp\/v2\/types\/post"}],"author":[{"embeddable":true,"href":"https:\/\/swissbaker.ch\/fr\/wp-json\/wp\/v2\/users\/5"}],"replies":[{"embeddable":true,"href":"https:\/\/swissbaker.ch\/fr\/wp-json\/wp\/v2\/comments?post=129263"}],"version-history":[{"count":0,"href":"https:\/\/swissbaker.ch\/fr\/wp-json\/wp\/v2\/posts\/129263\/revisions"}],"wp:featuredmedia":[{"embeddable":true,"href":"https:\/\/swissbaker.ch\/fr\/wp-json\/wp\/v2\/media\/129264"}],"wp:attachment":[{"href":"https:\/\/swissbaker.ch\/fr\/wp-json\/wp\/v2\/media?parent=129263"}],"wp:term":[{"taxonomy":"category","embeddable":true,"href":"https:\/\/swissbaker.ch\/fr\/wp-json\/wp\/v2\/categories?post=129263"},{"taxonomy":"post_tag","embeddable":true,"href":"https:\/\/swissbaker.ch\/fr\/wp-json\/wp\/v2\/tags?post=129263"}],"curies":[{"name":"wp","href":"https:\/\/api.w.org\/{rel}","templated":true}]}}