{"id":129223,"date":"2025-11-11T13:29:31","date_gmt":"2025-11-11T12:29:31","guid":{"rendered":"https:\/\/swissbaker.ch\/?p=129223"},"modified":"2025-11-11T13:39:59","modified_gmt":"2025-11-11T12:39:59","slug":"175-ans-de-production-artisanale","status":"publish","type":"post","link":"https:\/\/swissbaker.ch\/fr\/panissimo-news\/175-ans-de-production-artisanale\/","title":{"rendered":"175 ans de production artisanale"},"content":{"rendered":"\n<p><strong>Depuis 1850, la famille F\u00fcger tient la boulangerie F\u00fcger du m\u00eame nom \u00e0 M\u00f6rschwil. En 2018, c\u2019est au tour de la sixi\u00e8me g\u00e9n\u00e9ration, incarn\u00e9e par Fabian, Simone et Raphael F\u00fcger, de reprendre l\u2019exploitation. A l\u2019occasion du 175e anniversaire, Panissimo a pris le pouls du trio.<\/strong><\/p>\n\n\n\n<p>\u00abCette ann\u00e9e, nous nous sommes d\u00e9lib\u00e9r\u00e9ment fait plaisir.\u00bb, \u00abNous tenons \u00e0 remercier chaleureusement les familles, les collaborateurs, les clients et la maison.\u00bb, \u00abNous visons un changement important pour nous rapprocher de la marque F\u00fcger Handmade\u00bb ont d\u00e9clar\u00e9 Fabian, Simone et Raphael F\u00fcger de la boulangerie F\u00fcger \u00e0 M\u00f6rschwil (SG) \u00e0 propos de cette ann\u00e9e anniversaire. Il y a sept ans, le trio a repris l\u2019exploitation familiale en sixi\u00e8me g\u00e9n\u00e9ration. Ils poursuivent d\u00e9sormais l\u2019histoire vieille de 175 ans. Il est donc compr\u00e9hensible qu\u2019ils se sentent attach\u00e9s \u00e0 leur entreprise familiale.<br><\/p>\n\n\n\n<h2 class=\"wp-block-heading\" id=\"h-la-famille-boulangerie-confiserie-service\">La famille boulangerie-confiserie-service<\/h2>\n\n\n\n<figure class=\"wp-block-image size-large\"><img decoding=\"async\" width=\"1024\" height=\"589\" src=\"https:\/\/swissbaker.ch\/wp-content\/uploads\/2025\/11\/baeckerei-fueger.familie-1024x589.jpg\" alt=\"\" class=\"wp-image-129221\" srcset=\"https:\/\/swissbaker.ch\/wp-content\/uploads\/2025\/11\/baeckerei-fueger.familie-1024x589.jpg 1024w, https:\/\/swissbaker.ch\/wp-content\/uploads\/2025\/11\/baeckerei-fueger.familie-768x442.jpg 768w, https:\/\/swissbaker.ch\/wp-content\/uploads\/2025\/11\/baeckerei-fueger.familie.jpg 1200w\" sizes=\"(max-width: 1024px) 100vw, 1024px\" \/><figcaption class=\"wp-element-caption\"><em>Trois g\u00e9n\u00e9rations de F\u00fcger r\u00e9unies autour d\u2019une table (de g. \u00e0 d.)\u2009: les fr\u00e8res Raphael et Fabian, leur p\u00e8re Beda, la femme de Fabian, Simone, leur grand-m\u00e8re Imelda et leur m\u00e8re Helen F\u00fcger.<\/em><\/figcaption><\/figure>\n\n\n\n<p>Il \u00e9tait \u00e9vident depuis longtemps que Beda et Helen F\u00fcger allaient transmettre l\u2019exploitation \u00e0 leurs enfants\u2009: trois de leurs quatre fils travaillent dans l\u2019alimentation ou la restauration. Le fils a\u00een\u00e9, Dominik, travaille dans le secteur de la construction et apporte son aide pour des travaux sp\u00e9ciaux dans la maison ou lors d\u2019\u00e9v\u00e9nements. Fabian est boulanger-p\u00e2tissier de formation et a remport\u00e9 la couronne boulang\u00e8re pour son concept de succursale \u00e0 Steinach en 2017. <\/p>\n\n\n\n<p>Sa femme Simone F\u00fcger est p\u00e2tissi\u00e8re-confiseuse de formation. Vient ensuite Raphael, qui a suivi une formation de p\u00e2tissier-confiseur et de cuisinier et qui a remport\u00e9 la m\u00e9daille d\u2019or en confiserie aux SwissSkills 2014. David, le benjamin de la famille, travaille \u00e9galement dans la restauration et a, comme son fr\u00e8re, remport\u00e9 la m\u00e9daille d\u2019or aux SwissSkills 2014, mais en tant qu\u2019employ\u00e9 de service. Il a \u00e9galement \u00e9t\u00e9 \u00e9lu \u00abMarmite Youngster\u00bb dans la cat\u00e9gorie service par le magazine gastronomique Marmite en 2019.<\/p>\n\n\n\n<h2 class=\"wp-block-heading\" id=\"h-l-auberge-comme-maison-mere\">L\u2019auberge comme \u00ab\u2009maison m\u00e8re\u2009\u00bb<\/h2>\n\n\n\n<p>En 2018, Beda et Helen F\u00fcger ont transmis l\u2019exploitation familiale \u00e0 leurs enfants Fabian, Raphael et Simone, qui dirigent d\u00e9sormais la boulangerie-confiserie en codirection. Depuis, non seulement le monde a chang\u00e9, mais l\u2019entreprise de M\u00f6rschwiler aussi. &#8230;<\/p>\n\n\n\n<p><em>L&#8217;article complet vous trouverez dans Panissimo du 7 novembre 2025<\/em>.<\/p>\n\n\n\n<p><a href=\"http:\/\/fueger-handmade.ch\" target=\"_blank\" rel=\"noreferrer noopener\"><strong>fueger-handmade.ch<\/strong><\/a><\/p>\n\n\n\n<p class=\"has-text-align-right\"><em>Diego Schwerzmann<br>Photos: F\u00fcger Handmande<\/em><\/p>\n\n\n\n<p><\/p>\n","protected":false},"excerpt":{"rendered":"<p>Depuis 1850, la famille F\u00fcger tient la boulangerie F\u00fcger du m\u00eame nom \u00e0 M\u00f6rschwil. En 2018, c\u2019est au tour de la sixi\u00e8me g\u00e9n\u00e9ration, incarn\u00e9e par Fabian, Simone et Raphael F\u00fcger, de reprendre l\u2019exploitation. A l\u2019occasion du 175e anniversaire, Panissimo a pris le pouls du trio.<\/p>\n","protected":false},"author":5,"featured_media":129219,"comment_status":"closed","ping_status":"closed","sticky":true,"template":"","format":"standard","meta":{"_acf_changed":false,"footnotes":""},"categories":[42],"tags":[236,1152,1153],"class_list":["post-129223","post","type-post","status-publish","format-standard","has-post-thumbnail","hentry","category-boulangeries-confiseries","tag-boulangerie","tag-fuger-handmade","tag-morschwil"],"acf":[],"yoast_head":"<!-- This site is optimized with the Yoast SEO Premium plugin v26.8 (Yoast SEO v26.8) - https:\/\/yoast.com\/product\/yoast-seo-premium-wordpress\/ -->\n<title>175 ans de production artisanale | SBC<\/title>\n<meta name=\"description\" content=\"Depuis 1850, la famille F\u00fcger tient la boulangerie F\u00fcger du m\u00eame nom \u00e0 M\u00f6rschwil. En 2018, c\u2019est au tour de la sixi\u00e8me g\u00e9n\u00e9ration.\" \/>\n<meta name=\"robots\" content=\"index, follow, max-snippet:-1, max-image-preview:large, max-video-preview:-1\" \/>\n<link rel=\"canonical\" href=\"https:\/\/swissbaker.ch\/fr\/panissimo-news\/175-ans-de-production-artisanale\/\" \/>\n<meta property=\"og:locale\" content=\"fr_FR\" \/>\n<meta property=\"og:type\" content=\"article\" \/>\n<meta property=\"og:title\" content=\"175 ans de production artisanale\" \/>\n<meta property=\"og:description\" content=\"Depuis 1850, la famille F\u00fcger tient la boulangerie F\u00fcger du m\u00eame nom \u00e0 M\u00f6rschwil. En 2018, c\u2019est au tour de la sixi\u00e8me g\u00e9n\u00e9ration.\" \/>\n<meta property=\"og:url\" content=\"https:\/\/swissbaker.ch\/fr\/panissimo-news\/175-ans-de-production-artisanale\/\" \/>\n<meta property=\"og:site_name\" content=\"SBC\" \/>\n<meta property=\"article:publisher\" content=\"https:\/\/www.facebook.com\/swissbaker.ch\" \/>\n<meta property=\"article:published_time\" content=\"2025-11-11T12:29:31+00:00\" \/>\n<meta property=\"article:modified_time\" content=\"2025-11-11T12:39:59+00:00\" \/>\n<meta property=\"og:image\" content=\"https:\/\/swissbaker.ch\/wp-content\/uploads\/2025\/11\/baeckerei-fueger-morschwil-1024x683.jpg\" \/>\n\t<meta property=\"og:image:width\" content=\"1024\" \/>\n\t<meta property=\"og:image:height\" content=\"683\" \/>\n\t<meta property=\"og:image:type\" content=\"image\/jpeg\" \/>\n<meta name=\"author\" content=\"Simon Nussbaum\" \/>\n<meta name=\"twitter:card\" content=\"summary_large_image\" \/>\n<meta name=\"twitter:creator\" content=\"@ch_swissbaker\" \/>\n<meta name=\"twitter:site\" content=\"@ch_swissbaker\" \/>\n<meta name=\"twitter:label1\" content=\"Written by\" \/>\n\t<meta name=\"twitter:data1\" content=\"Simon Nussbaum\" \/>\n\t<meta name=\"twitter:label2\" content=\"Est. reading time\" \/>\n\t<meta name=\"twitter:data2\" content=\"2 minutes\" \/>\n<script type=\"application\/ld+json\" class=\"yoast-schema-graph\">{\"@context\":\"https:\/\/schema.org\",\"@graph\":[{\"@type\":\"Article\",\"@id\":\"https:\/\/swissbaker.ch\/fr\/panissimo-news\/175-ans-de-production-artisanale\/#article\",\"isPartOf\":{\"@id\":\"https:\/\/swissbaker.ch\/fr\/panissimo-news\/175-ans-de-production-artisanale\/\"},\"author\":{\"name\":\"Simon Nussbaum\",\"@id\":\"https:\/\/swissbaker.ch\/fr\/#\/schema\/person\/74bd327b08c18ca6042c02ff6f0ed5e2\"},\"headline\":\"175 ans de production artisanale\",\"datePublished\":\"2025-11-11T12:29:31+00:00\",\"dateModified\":\"2025-11-11T12:39:59+00:00\",\"mainEntityOfPage\":{\"@id\":\"https:\/\/swissbaker.ch\/fr\/panissimo-news\/175-ans-de-production-artisanale\/\"},\"wordCount\":433,\"publisher\":{\"@id\":\"https:\/\/swissbaker.ch\/fr\/#organization\"},\"image\":{\"@id\":\"https:\/\/swissbaker.ch\/fr\/panissimo-news\/175-ans-de-production-artisanale\/#primaryimage\"},\"thumbnailUrl\":\"https:\/\/swissbaker.ch\/wp-content\/uploads\/2025\/11\/baeckerei-fueger-morschwil.jpg\",\"keywords\":[\"Boulangerie\",\"F\u00fcger Handmade\",\"M\u00f6rschwil\"],\"articleSection\":[\"Boulangeries\/Confiseries\"],\"inLanguage\":\"fr-FR\"},{\"@type\":\"WebPage\",\"@id\":\"https:\/\/swissbaker.ch\/fr\/panissimo-news\/175-ans-de-production-artisanale\/\",\"url\":\"https:\/\/swissbaker.ch\/fr\/panissimo-news\/175-ans-de-production-artisanale\/\",\"name\":\"175 ans de production artisanale | SBC\",\"isPartOf\":{\"@id\":\"https:\/\/swissbaker.ch\/fr\/#website\"},\"primaryImageOfPage\":{\"@id\":\"https:\/\/swissbaker.ch\/fr\/panissimo-news\/175-ans-de-production-artisanale\/#primaryimage\"},\"image\":{\"@id\":\"https:\/\/swissbaker.ch\/fr\/panissimo-news\/175-ans-de-production-artisanale\/#primaryimage\"},\"thumbnailUrl\":\"https:\/\/swissbaker.ch\/wp-content\/uploads\/2025\/11\/baeckerei-fueger-morschwil.jpg\",\"datePublished\":\"2025-11-11T12:29:31+00:00\",\"dateModified\":\"2025-11-11T12:39:59+00:00\",\"description\":\"Depuis 1850, la famille F\u00fcger tient la boulangerie F\u00fcger du m\u00eame nom \u00e0 M\u00f6rschwil. En 2018, c\u2019est au tour de la sixi\u00e8me g\u00e9n\u00e9ration.\",\"breadcrumb\":{\"@id\":\"https:\/\/swissbaker.ch\/fr\/panissimo-news\/175-ans-de-production-artisanale\/#breadcrumb\"},\"inLanguage\":\"fr-FR\",\"potentialAction\":[{\"@type\":\"ReadAction\",\"target\":[\"https:\/\/swissbaker.ch\/fr\/panissimo-news\/175-ans-de-production-artisanale\/\"]}]},{\"@type\":\"ImageObject\",\"inLanguage\":\"fr-FR\",\"@id\":\"https:\/\/swissbaker.ch\/fr\/panissimo-news\/175-ans-de-production-artisanale\/#primaryimage\",\"url\":\"https:\/\/swissbaker.ch\/wp-content\/uploads\/2025\/11\/baeckerei-fueger-morschwil.jpg\",\"contentUrl\":\"https:\/\/swissbaker.ch\/wp-content\/uploads\/2025\/11\/baeckerei-fueger-morschwil.jpg\",\"width\":2048,\"height\":1365},{\"@type\":\"BreadcrumbList\",\"@id\":\"https:\/\/swissbaker.ch\/fr\/panissimo-news\/175-ans-de-production-artisanale\/#breadcrumb\",\"itemListElement\":[{\"@type\":\"ListItem\",\"position\":1,\"name\":\"\",\"item\":\"https:\/\/swissbaker.ch\/fr\/\"},{\"@type\":\"ListItem\",\"position\":2,\"name\":\"Boulangeries\/Confiseries\",\"item\":\"https:\/\/swissbaker.ch\/fr\/panissimo-news\/category\/boulangeries-confiseries\/\"},{\"@type\":\"ListItem\",\"position\":3,\"name\":\"175 ans de production artisanale\"}]},{\"@type\":\"WebSite\",\"@id\":\"https:\/\/swissbaker.ch\/fr\/#website\",\"url\":\"https:\/\/swissbaker.ch\/fr\/\",\"name\":\"SBC\",\"description\":\"\",\"publisher\":{\"@id\":\"https:\/\/swissbaker.ch\/fr\/#organization\"},\"potentialAction\":[{\"@type\":\"SearchAction\",\"target\":{\"@type\":\"EntryPoint\",\"urlTemplate\":\"https:\/\/swissbaker.ch\/fr\/?s={search_term_string}\"},\"query-input\":{\"@type\":\"PropertyValueSpecification\",\"valueRequired\":true,\"valueName\":\"search_term_string\"}}],\"inLanguage\":\"fr-FR\"},{\"@type\":\"Organization\",\"@id\":\"https:\/\/swissbaker.ch\/fr\/#organization\",\"name\":\"Schweizerischer B\u00e4cker-Confiseurmeister-Verband\",\"url\":\"https:\/\/swissbaker.ch\/fr\/\",\"logo\":{\"@type\":\"ImageObject\",\"inLanguage\":\"fr-FR\",\"@id\":\"https:\/\/swissbaker.ch\/fr\/#\/schema\/logo\/image\/\",\"url\":\"https:\/\/swissbaker.ch\/wp-content\/uploads\/2022\/04\/sbc-logo-yoast.jpg\",\"contentUrl\":\"https:\/\/swissbaker.ch\/wp-content\/uploads\/2022\/04\/sbc-logo-yoast.jpg\",\"width\":512,\"height\":512,\"caption\":\"Schweizerischer B\u00e4cker-Confiseurmeister-Verband\"},\"image\":{\"@id\":\"https:\/\/swissbaker.ch\/fr\/#\/schema\/logo\/image\/\"},\"sameAs\":[\"https:\/\/www.facebook.com\/swissbaker.ch\",\"https:\/\/x.com\/ch_swissbaker\"]},{\"@type\":\"Person\",\"@id\":\"https:\/\/swissbaker.ch\/fr\/#\/schema\/person\/74bd327b08c18ca6042c02ff6f0ed5e2\",\"name\":\"Simon Nussbaum\",\"image\":{\"@type\":\"ImageObject\",\"inLanguage\":\"fr-FR\",\"@id\":\"https:\/\/swissbaker.ch\/fr\/#\/schema\/person\/image\/\",\"url\":\"https:\/\/secure.gravatar.com\/avatar\/df0eced3bb556c806cb760cf503ade1ed1df25b4104d80d6fd28d93a9509aa12?s=96&d=mm&r=g\",\"contentUrl\":\"https:\/\/secure.gravatar.com\/avatar\/df0eced3bb556c806cb760cf503ade1ed1df25b4104d80d6fd28d93a9509aa12?s=96&d=mm&r=g\",\"caption\":\"Simon Nussbaum\"},\"url\":\"https:\/\/swissbaker.ch\/fr\/panissimo-news\/author\/simon-nussbaum\/\"}]}<\/script>\n<!-- \/ Yoast SEO Premium plugin. -->","yoast_head_json":{"title":"175 ans de production artisanale | SBC","description":"Depuis 1850, la famille F\u00fcger tient la boulangerie F\u00fcger du m\u00eame nom \u00e0 M\u00f6rschwil. En 2018, c\u2019est au tour de la sixi\u00e8me g\u00e9n\u00e9ration.","robots":{"index":"index","follow":"follow","max-snippet":"max-snippet:-1","max-image-preview":"max-image-preview:large","max-video-preview":"max-video-preview:-1"},"canonical":"https:\/\/swissbaker.ch\/fr\/panissimo-news\/175-ans-de-production-artisanale\/","og_locale":"fr_FR","og_type":"article","og_title":"175 ans de production artisanale","og_description":"Depuis 1850, la famille F\u00fcger tient la boulangerie F\u00fcger du m\u00eame nom \u00e0 M\u00f6rschwil. En 2018, c\u2019est au tour de la sixi\u00e8me g\u00e9n\u00e9ration.","og_url":"https:\/\/swissbaker.ch\/fr\/panissimo-news\/175-ans-de-production-artisanale\/","og_site_name":"SBC","article_publisher":"https:\/\/www.facebook.com\/swissbaker.ch","article_published_time":"2025-11-11T12:29:31+00:00","article_modified_time":"2025-11-11T12:39:59+00:00","og_image":[{"width":1024,"height":683,"url":"https:\/\/swissbaker.ch\/wp-content\/uploads\/2025\/11\/baeckerei-fueger-morschwil-1024x683.jpg","type":"image\/jpeg"}],"author":"Simon Nussbaum","twitter_card":"summary_large_image","twitter_creator":"@ch_swissbaker","twitter_site":"@ch_swissbaker","twitter_misc":{"Written by":"Simon Nussbaum","Est. reading time":"2 minutes"},"schema":{"@context":"https:\/\/schema.org","@graph":[{"@type":"Article","@id":"https:\/\/swissbaker.ch\/fr\/panissimo-news\/175-ans-de-production-artisanale\/#article","isPartOf":{"@id":"https:\/\/swissbaker.ch\/fr\/panissimo-news\/175-ans-de-production-artisanale\/"},"author":{"name":"Simon Nussbaum","@id":"https:\/\/swissbaker.ch\/fr\/#\/schema\/person\/74bd327b08c18ca6042c02ff6f0ed5e2"},"headline":"175 ans de production artisanale","datePublished":"2025-11-11T12:29:31+00:00","dateModified":"2025-11-11T12:39:59+00:00","mainEntityOfPage":{"@id":"https:\/\/swissbaker.ch\/fr\/panissimo-news\/175-ans-de-production-artisanale\/"},"wordCount":433,"publisher":{"@id":"https:\/\/swissbaker.ch\/fr\/#organization"},"image":{"@id":"https:\/\/swissbaker.ch\/fr\/panissimo-news\/175-ans-de-production-artisanale\/#primaryimage"},"thumbnailUrl":"https:\/\/swissbaker.ch\/wp-content\/uploads\/2025\/11\/baeckerei-fueger-morschwil.jpg","keywords":["Boulangerie","F\u00fcger Handmade","M\u00f6rschwil"],"articleSection":["Boulangeries\/Confiseries"],"inLanguage":"fr-FR"},{"@type":"WebPage","@id":"https:\/\/swissbaker.ch\/fr\/panissimo-news\/175-ans-de-production-artisanale\/","url":"https:\/\/swissbaker.ch\/fr\/panissimo-news\/175-ans-de-production-artisanale\/","name":"175 ans de production artisanale | SBC","isPartOf":{"@id":"https:\/\/swissbaker.ch\/fr\/#website"},"primaryImageOfPage":{"@id":"https:\/\/swissbaker.ch\/fr\/panissimo-news\/175-ans-de-production-artisanale\/#primaryimage"},"image":{"@id":"https:\/\/swissbaker.ch\/fr\/panissimo-news\/175-ans-de-production-artisanale\/#primaryimage"},"thumbnailUrl":"https:\/\/swissbaker.ch\/wp-content\/uploads\/2025\/11\/baeckerei-fueger-morschwil.jpg","datePublished":"2025-11-11T12:29:31+00:00","dateModified":"2025-11-11T12:39:59+00:00","description":"Depuis 1850, la famille F\u00fcger tient la boulangerie F\u00fcger du m\u00eame nom \u00e0 M\u00f6rschwil. En 2018, c\u2019est au tour de la sixi\u00e8me g\u00e9n\u00e9ration.","breadcrumb":{"@id":"https:\/\/swissbaker.ch\/fr\/panissimo-news\/175-ans-de-production-artisanale\/#breadcrumb"},"inLanguage":"fr-FR","potentialAction":[{"@type":"ReadAction","target":["https:\/\/swissbaker.ch\/fr\/panissimo-news\/175-ans-de-production-artisanale\/"]}]},{"@type":"ImageObject","inLanguage":"fr-FR","@id":"https:\/\/swissbaker.ch\/fr\/panissimo-news\/175-ans-de-production-artisanale\/#primaryimage","url":"https:\/\/swissbaker.ch\/wp-content\/uploads\/2025\/11\/baeckerei-fueger-morschwil.jpg","contentUrl":"https:\/\/swissbaker.ch\/wp-content\/uploads\/2025\/11\/baeckerei-fueger-morschwil.jpg","width":2048,"height":1365},{"@type":"BreadcrumbList","@id":"https:\/\/swissbaker.ch\/fr\/panissimo-news\/175-ans-de-production-artisanale\/#breadcrumb","itemListElement":[{"@type":"ListItem","position":1,"name":"","item":"https:\/\/swissbaker.ch\/fr\/"},{"@type":"ListItem","position":2,"name":"Boulangeries\/Confiseries","item":"https:\/\/swissbaker.ch\/fr\/panissimo-news\/category\/boulangeries-confiseries\/"},{"@type":"ListItem","position":3,"name":"175 ans de production artisanale"}]},{"@type":"WebSite","@id":"https:\/\/swissbaker.ch\/fr\/#website","url":"https:\/\/swissbaker.ch\/fr\/","name":"SBC","description":"","publisher":{"@id":"https:\/\/swissbaker.ch\/fr\/#organization"},"potentialAction":[{"@type":"SearchAction","target":{"@type":"EntryPoint","urlTemplate":"https:\/\/swissbaker.ch\/fr\/?s={search_term_string}"},"query-input":{"@type":"PropertyValueSpecification","valueRequired":true,"valueName":"search_term_string"}}],"inLanguage":"fr-FR"},{"@type":"Organization","@id":"https:\/\/swissbaker.ch\/fr\/#organization","name":"Schweizerischer B\u00e4cker-Confiseurmeister-Verband","url":"https:\/\/swissbaker.ch\/fr\/","logo":{"@type":"ImageObject","inLanguage":"fr-FR","@id":"https:\/\/swissbaker.ch\/fr\/#\/schema\/logo\/image\/","url":"https:\/\/swissbaker.ch\/wp-content\/uploads\/2022\/04\/sbc-logo-yoast.jpg","contentUrl":"https:\/\/swissbaker.ch\/wp-content\/uploads\/2022\/04\/sbc-logo-yoast.jpg","width":512,"height":512,"caption":"Schweizerischer B\u00e4cker-Confiseurmeister-Verband"},"image":{"@id":"https:\/\/swissbaker.ch\/fr\/#\/schema\/logo\/image\/"},"sameAs":["https:\/\/www.facebook.com\/swissbaker.ch","https:\/\/x.com\/ch_swissbaker"]},{"@type":"Person","@id":"https:\/\/swissbaker.ch\/fr\/#\/schema\/person\/74bd327b08c18ca6042c02ff6f0ed5e2","name":"Simon Nussbaum","image":{"@type":"ImageObject","inLanguage":"fr-FR","@id":"https:\/\/swissbaker.ch\/fr\/#\/schema\/person\/image\/","url":"https:\/\/secure.gravatar.com\/avatar\/df0eced3bb556c806cb760cf503ade1ed1df25b4104d80d6fd28d93a9509aa12?s=96&d=mm&r=g","contentUrl":"https:\/\/secure.gravatar.com\/avatar\/df0eced3bb556c806cb760cf503ade1ed1df25b4104d80d6fd28d93a9509aa12?s=96&d=mm&r=g","caption":"Simon Nussbaum"},"url":"https:\/\/swissbaker.ch\/fr\/panissimo-news\/author\/simon-nussbaum\/"}]}},"_links":{"self":[{"href":"https:\/\/swissbaker.ch\/fr\/wp-json\/wp\/v2\/posts\/129223","targetHints":{"allow":["GET"]}}],"collection":[{"href":"https:\/\/swissbaker.ch\/fr\/wp-json\/wp\/v2\/posts"}],"about":[{"href":"https:\/\/swissbaker.ch\/fr\/wp-json\/wp\/v2\/types\/post"}],"author":[{"embeddable":true,"href":"https:\/\/swissbaker.ch\/fr\/wp-json\/wp\/v2\/users\/5"}],"replies":[{"embeddable":true,"href":"https:\/\/swissbaker.ch\/fr\/wp-json\/wp\/v2\/comments?post=129223"}],"version-history":[{"count":0,"href":"https:\/\/swissbaker.ch\/fr\/wp-json\/wp\/v2\/posts\/129223\/revisions"}],"wp:featuredmedia":[{"embeddable":true,"href":"https:\/\/swissbaker.ch\/fr\/wp-json\/wp\/v2\/media\/129219"}],"wp:attachment":[{"href":"https:\/\/swissbaker.ch\/fr\/wp-json\/wp\/v2\/media?parent=129223"}],"wp:term":[{"taxonomy":"category","embeddable":true,"href":"https:\/\/swissbaker.ch\/fr\/wp-json\/wp\/v2\/categories?post=129223"},{"taxonomy":"post_tag","embeddable":true,"href":"https:\/\/swissbaker.ch\/fr\/wp-json\/wp\/v2\/tags?post=129223"}],"curies":[{"name":"wp","href":"https:\/\/api.w.org\/{rel}","templated":true}]}}