{"id":129213,"date":"2025-11-11T11:35:10","date_gmt":"2025-11-11T10:35:10","guid":{"rendered":"https:\/\/swissbaker.ch\/?p=129213"},"modified":"2025-11-11T11:45:58","modified_gmt":"2025-11-11T10:45:58","slug":"la-premiere-impression-compte","status":"publish","type":"post","link":"https:\/\/swissbaker.ch\/fr\/panissimo-news\/la-premiere-impression-compte\/","title":{"rendered":"La premi\u00e8re impression compte"},"content":{"rendered":"\n<p><strong>Lorsque j&#8217;entre dans une boulangerie, je m&#8217;attends \u00e0 trouver une ambiance accueillante. Un \u00e9clairage agr\u00e9able \u2013 je dois me sentir \u00e0 l&#8217;aise et bienvenue. Que la d\u00e9coration soit rustique ou moderne, je pr\u00eate attention \u00e0 la propret\u00e9 et \u00e0 l&#8217;entretien du mobilier ainsi qu&#8217;\u00e0 l&#8217;harmonie de l&#8217;am\u00e9nagement. Les miettes sur le comptoir sont \u00e0 proscrire. Un personnel soign\u00e9, v\u00eatu d&#8217;une tenue uniforme et propre, renvoie une image coh\u00e9rente et professionnelle.<\/strong><\/p>\n\n\n\n<p>Suite \u00e0 un accident, je n&#8217;ai plus d&#8217;odorat. Comme je ne me souviens plus des odeurs du pain fra\u00eechement cuit, des p\u00e2tisseries sucr\u00e9es ou du caf\u00e9 chaud, ce crit\u00e8re d&#8217;achat essentiel n&#8217;entre malheureusement pas en ligne de compte pour moi. Ce sont d&#8217;autres sens et impressions qui m&#8217;influencent fortement et me \u00abpoussent\u00bb \u00e0 faire des achats suppl\u00e9mentaires spontan\u00e9s.<\/p>\n\n\n\n<p>Il est important pour moi que les pains, g\u00e2teaux, biscuits et snacks soient pr\u00e9sent\u00e9s de mani\u00e8re claire. Si l&#8217;espace le permet, j&#8217;aime pouvoir regarder ces merveilleux produits et faire mon choix tranquillement. Mes sens sont attir\u00e9s par les formes et les couleurs de ces d\u00e9lices. J&#8217;appr\u00e9cie les noms de pains imaginatifs, tels que \u00abMorgensonne\u00bb (soleil du matin) ou \u00abDinkeltraum\u00bb (r\u00eave d&#8217;\u00e9peautre), qui sont innovants et \u00e9motionnels. <\/p>\n\n\n\n<p>La fra\u00eecheur des produits doit \u00eatre clairement identifiable. La pr\u00e9sence d&#8217;une feuille de salade fl\u00e9trie dans un sandwich t\u00e9moigne d\u2019un manque de soin et je me demande alors quelle est la qualit\u00e9 des autres ingr\u00e9dients. Je trouve \u00e9galement toujours fascinant de voir comment un produit apparemment simple, comme le \u00abcroissant\u00bb, peut se d\u00e9cliner en des variantes totalement diff\u00e9rentes. L&#8217;artisanat, c&#8217;est \u00e7a!<\/p>\n\n\n\n<p>Outre le facteur bien-\u00eatre et la pr\u00e9sentation des produits, j&#8217;en viens au c\u0153ur de chaque entreprise: le personnel. Un sourire, un bref contact visuel suffisent souvent \u00e0 faire bonne impression. Ayant moi-m\u00eame travaill\u00e9 plusieurs ann\u00e9es en contact avec la client\u00e8le dans le cadre de mon m\u00e9tier, je sais \u00e0 quel point les exigences sont \u00e9lev\u00e9es. Nous, les clients et clientes, sommes aussi diversifi\u00e9s que les produits propos\u00e9s. Satisfaire une client\u00e8le de tous \u00e2ges, dont les attentes et les besoins semblent parfois de plus en plus \u00e9lev\u00e9s, est un v\u00e9ritable d\u00e9fi. <\/p>\n\n\n\n<p>Un service client\u00e8le professionnel consiste \u00e0 rester aimable m\u00eame dans des situations stressantes et difficiles. Le vieil adage selon lequel \u00able client est roi\u00bb a toujours une grande importance, mais l&#8217;alternative actuelle d\u2019une \u00abrelation client\u00e8le d&#8217;\u00e9gal \u00e0 \u00e9gal\u00bb me para\u00eet personnellement plus sympathique et plus en phase avec notre \u00e9poque. La&nbsp;connaissance des produits est \u00e9galement indispensable.<\/p>\n\n\n\n<p>L&#8217;aspect de la durabilit\u00e9, qui est \u00e9galement primordial pour moi, me fid\u00e9lise en tant que cliente. J&#8217;attends aussi d&#8217;une boulangerie, qui d\u00e9pend principalement de la client\u00e8le locale en fonction de son emplacement, qu&#8217;elle propose des produits r\u00e9gionaux, de haute qualit\u00e9 et de saison. Je souhaite par ailleurs des alternatives v\u00e9g\u00e9tariennes telles que des snacks \u00e0 base de houmous, de l\u00e9gumes grill\u00e9s ou de p\u00e2tes \u00e0 tartiner v\u00e9g\u00e9taliennes. Je pense que c&#8217;est important pour fid\u00e9liser la jeune client\u00e8le, de plus en plus nombreuse \u00e0 adopter un r\u00e9gime sans viande ou pauvre en viande. D&#8217;ailleurs, un sandwich \u00e0 la viande provenant de l&#8217;\u00e9tranger m&#8217;inspire les m\u00eames sentiments que des miettes sur le comptoir. La qualit\u00e9 doit primer sur la quantit\u00e9, m\u00eame si je comprends que ce ne soit pas toujours possible pour des raisons financi\u00e8res. <\/p>\n\n\n\n<p>Je trouve \u00e9galement sympathique que les fournisseurs de la r\u00e9gion soient mis en avant. Ce que je n&#8217;attends pas, ce sont des rayonnages pleins jusqu&#8217;\u00e0 la fermeture du magasin! Au contraire, cela me rassure de savoir que ce qui n&#8217;est plus en rayon le soir a \u00e9t\u00e9 vendu et ne doit pas \u00eatre jet\u00e9. Je pense que la plupart des clients et clientes peuvent d\u00e9j\u00e0 acheter les produits qu&#8217;ils souhaitent le matin ou \u00e0 midi, ou les commander suffisamment t\u00f4t. Le gaspillage alimentaire est un probl\u00e8me qui concerne tant les consommateurs et consommatrices que les producteurs et productrices \u2013 une campagne publicitaire sp\u00e9cifique pouvant, le cas \u00e9ch\u00e9ant, contribuer \u00e0 sensibiliser le public et \u00e0 faire preuve de compr\u00e9hension.&nbsp;<\/p>\n\n\n\n<p>Apr\u00e8s m\u00fbre r\u00e9flexion sur mes attentes vis-\u00e0-vis d&#8217;une boulangerie, je me rends compte qu&#8217;aucune de celles que je fr\u00e9quente ne diffuse de musique d&#8217;ambiance. Une musique douce, jazz ou classique, aurait sans doute \u00e9galement un effet positif sur moi.<\/p>\n\n\n\n<p>Je souhaite vivement que le secteur puisse continuer \u00e0 attirer de jeunes talents \u00e0 l&#8217;avenir et que nous ne soyons pas priv\u00e9s de cette exp\u00e9rience d&#8217;achat unique chez le boulanger.&nbsp; Ma r\u00e9cente visite aux SwissSkills 2025 \u00e0 Berne m&#8217;a en tout cas inspir\u00e9 un grand respect pour les jeunes participants et participantes \u2013 chapeau \u00e0 eux et elles \u2013 et m&#8217;a donn\u00e9 de l&#8217;espoir pour l&#8217;avenir des m\u00e9tiers artisanaux.<\/p>\n\n\n\n<p class=\"has-text-align-right\"><em>Andrea Lobsiger<br>Photo: LDD<\/em><\/p>\n\n\n\n<hr class=\"wp-block-separator has-alpha-channel-opacity\"\/>\n\n\n\n<p><a id=\"_msocom_1\"><\/a><strong>Andrea Lobsiger travaille comme assistante au service client\u00e8le individuelle \u00e0 la banque Raiffeisen. Pendant son temps libre, cette Thurgovienne exerce entre autres loisirs comme conseill\u00e8re en am\u00e9nagement int\u00e9rieur.<\/strong><\/p>\n\n\n\n<hr class=\"wp-block-separator has-alpha-channel-opacity\"\/>\n\n\n\n<p><em>Les swissbaker-blogs refl\u00e8tent l\u2019opinion de leur auteur. Panissimo d\u00e9cline toute responsabilit\u00e9 quant \u00e0 l\u2019exactitude et l\u2019exhaustivit\u00e9 de leur contenu.<\/em><\/p>\n","protected":false},"excerpt":{"rendered":"<p>Lorsque j&#8217;entre dans une boulangerie, je m&#8217;attends \u00e0 trouver une ambiance accueillante. Un \u00e9clairage agr\u00e9able \u2013 je dois me sentir \u00e0 l&#8217;aise et bienvenue. Que la d\u00e9coration soit rustique ou moderne, je pr\u00eate attention \u00e0 la propret\u00e9 et \u00e0 l&#8217;entretien du mobilier ainsi qu&#8217;\u00e0 l&#8217;harmonie de l&#8217;am\u00e9nagement. Les miettes sur le comptoir sont \u00e0 proscrire. Un personnel soign\u00e9, v\u00eatu d&#8217;une tenue uniforme et propre, renvoie une image coh\u00e9rente et professionnelle.<\/p>\n","protected":false},"author":5,"featured_media":129210,"comment_status":"closed","ping_status":"closed","sticky":false,"template":"","format":"standard","meta":{"_acf_changed":false,"footnotes":""},"categories":[58],"tags":[],"class_list":["post-129213","post","type-post","status-publish","format-standard","has-post-thumbnail","hentry","category-swissbaker-blog-fr"],"acf":[],"yoast_head":"<!-- This site is optimized with the Yoast SEO Premium plugin v26.8 (Yoast SEO v26.8) - https:\/\/yoast.com\/product\/yoast-seo-premium-wordpress\/ -->\n<title>La premi\u00e8re impression compte | SBC<\/title>\n<meta name=\"robots\" content=\"index, follow, max-snippet:-1, max-image-preview:large, max-video-preview:-1\" \/>\n<link rel=\"canonical\" href=\"https:\/\/swissbaker.ch\/fr\/panissimo-news\/la-premiere-impression-compte\/\" \/>\n<meta property=\"og:locale\" content=\"fr_FR\" \/>\n<meta property=\"og:type\" content=\"article\" \/>\n<meta property=\"og:title\" content=\"La premi\u00e8re impression compte\" \/>\n<meta property=\"og:description\" content=\"Lorsque j&#039;entre dans une boulangerie, je m&#039;attends \u00e0 trouver une ambiance accueillante. Un \u00e9clairage agr\u00e9able \u2013 je dois me sentir \u00e0 l&#039;aise et bienvenue. Que la d\u00e9coration soit rustique ou moderne, je pr\u00eate attention \u00e0 la propret\u00e9 et \u00e0 l&#039;entretien du mobilier ainsi qu&#039;\u00e0 l&#039;harmonie de l&#039;am\u00e9nagement. Les miettes sur le comptoir sont \u00e0 proscrire. Un personnel soign\u00e9, v\u00eatu d&#039;une tenue uniforme et propre, renvoie une image coh\u00e9rente et professionnelle.\" \/>\n<meta property=\"og:url\" content=\"https:\/\/swissbaker.ch\/fr\/panissimo-news\/la-premiere-impression-compte\/\" \/>\n<meta property=\"og:site_name\" content=\"SBC\" \/>\n<meta property=\"article:publisher\" content=\"https:\/\/www.facebook.com\/swissbaker.ch\" \/>\n<meta property=\"article:published_time\" content=\"2025-11-11T10:35:10+00:00\" \/>\n<meta property=\"article:modified_time\" content=\"2025-11-11T10:45:58+00:00\" \/>\n<meta property=\"og:image\" content=\"https:\/\/swissbaker.ch\/wp-content\/uploads\/2025\/11\/andrea_lobsiger.jpg\" \/>\n\t<meta property=\"og:image:width\" content=\"1200\" \/>\n\t<meta property=\"og:image:height\" content=\"712\" \/>\n\t<meta property=\"og:image:type\" content=\"image\/jpeg\" \/>\n<meta name=\"author\" content=\"Simon Nussbaum\" \/>\n<meta name=\"twitter:card\" content=\"summary_large_image\" \/>\n<meta name=\"twitter:creator\" content=\"@ch_swissbaker\" \/>\n<meta name=\"twitter:site\" content=\"@ch_swissbaker\" \/>\n<meta name=\"twitter:label1\" content=\"Written by\" \/>\n\t<meta name=\"twitter:data1\" content=\"Simon Nussbaum\" \/>\n\t<meta name=\"twitter:label2\" content=\"Est. reading time\" \/>\n\t<meta name=\"twitter:data2\" content=\"4 minutes\" \/>\n<script type=\"application\/ld+json\" class=\"yoast-schema-graph\">{\"@context\":\"https:\/\/schema.org\",\"@graph\":[{\"@type\":\"Article\",\"@id\":\"https:\/\/swissbaker.ch\/fr\/panissimo-news\/la-premiere-impression-compte\/#article\",\"isPartOf\":{\"@id\":\"https:\/\/swissbaker.ch\/fr\/panissimo-news\/la-premiere-impression-compte\/\"},\"author\":{\"name\":\"Simon Nussbaum\",\"@id\":\"https:\/\/swissbaker.ch\/fr\/#\/schema\/person\/74bd327b08c18ca6042c02ff6f0ed5e2\"},\"headline\":\"La premi\u00e8re impression compte\",\"datePublished\":\"2025-11-11T10:35:10+00:00\",\"dateModified\":\"2025-11-11T10:45:58+00:00\",\"mainEntityOfPage\":{\"@id\":\"https:\/\/swissbaker.ch\/fr\/panissimo-news\/la-premiere-impression-compte\/\"},\"wordCount\":922,\"publisher\":{\"@id\":\"https:\/\/swissbaker.ch\/fr\/#organization\"},\"image\":{\"@id\":\"https:\/\/swissbaker.ch\/fr\/panissimo-news\/la-premiere-impression-compte\/#primaryimage\"},\"thumbnailUrl\":\"https:\/\/swissbaker.ch\/wp-content\/uploads\/2025\/11\/andrea_lobsiger.jpg\",\"articleSection\":[\"swissbaker-blog\"],\"inLanguage\":\"fr-FR\"},{\"@type\":\"WebPage\",\"@id\":\"https:\/\/swissbaker.ch\/fr\/panissimo-news\/la-premiere-impression-compte\/\",\"url\":\"https:\/\/swissbaker.ch\/fr\/panissimo-news\/la-premiere-impression-compte\/\",\"name\":\"La premi\u00e8re impression compte | SBC\",\"isPartOf\":{\"@id\":\"https:\/\/swissbaker.ch\/fr\/#website\"},\"primaryImageOfPage\":{\"@id\":\"https:\/\/swissbaker.ch\/fr\/panissimo-news\/la-premiere-impression-compte\/#primaryimage\"},\"image\":{\"@id\":\"https:\/\/swissbaker.ch\/fr\/panissimo-news\/la-premiere-impression-compte\/#primaryimage\"},\"thumbnailUrl\":\"https:\/\/swissbaker.ch\/wp-content\/uploads\/2025\/11\/andrea_lobsiger.jpg\",\"datePublished\":\"2025-11-11T10:35:10+00:00\",\"dateModified\":\"2025-11-11T10:45:58+00:00\",\"breadcrumb\":{\"@id\":\"https:\/\/swissbaker.ch\/fr\/panissimo-news\/la-premiere-impression-compte\/#breadcrumb\"},\"inLanguage\":\"fr-FR\",\"potentialAction\":[{\"@type\":\"ReadAction\",\"target\":[\"https:\/\/swissbaker.ch\/fr\/panissimo-news\/la-premiere-impression-compte\/\"]}]},{\"@type\":\"ImageObject\",\"inLanguage\":\"fr-FR\",\"@id\":\"https:\/\/swissbaker.ch\/fr\/panissimo-news\/la-premiere-impression-compte\/#primaryimage\",\"url\":\"https:\/\/swissbaker.ch\/wp-content\/uploads\/2025\/11\/andrea_lobsiger.jpg\",\"contentUrl\":\"https:\/\/swissbaker.ch\/wp-content\/uploads\/2025\/11\/andrea_lobsiger.jpg\",\"width\":1200,\"height\":712},{\"@type\":\"BreadcrumbList\",\"@id\":\"https:\/\/swissbaker.ch\/fr\/panissimo-news\/la-premiere-impression-compte\/#breadcrumb\",\"itemListElement\":[{\"@type\":\"ListItem\",\"position\":1,\"name\":\"\",\"item\":\"https:\/\/swissbaker.ch\/fr\/\"},{\"@type\":\"ListItem\",\"position\":2,\"name\":\"swissbaker-blog\",\"item\":\"https:\/\/swissbaker.ch\/fr\/panissimo-news\/category\/swissbaker-blog-fr\/\"},{\"@type\":\"ListItem\",\"position\":3,\"name\":\"La premi\u00e8re impression compte\"}]},{\"@type\":\"WebSite\",\"@id\":\"https:\/\/swissbaker.ch\/fr\/#website\",\"url\":\"https:\/\/swissbaker.ch\/fr\/\",\"name\":\"SBC\",\"description\":\"\",\"publisher\":{\"@id\":\"https:\/\/swissbaker.ch\/fr\/#organization\"},\"potentialAction\":[{\"@type\":\"SearchAction\",\"target\":{\"@type\":\"EntryPoint\",\"urlTemplate\":\"https:\/\/swissbaker.ch\/fr\/?s={search_term_string}\"},\"query-input\":{\"@type\":\"PropertyValueSpecification\",\"valueRequired\":true,\"valueName\":\"search_term_string\"}}],\"inLanguage\":\"fr-FR\"},{\"@type\":\"Organization\",\"@id\":\"https:\/\/swissbaker.ch\/fr\/#organization\",\"name\":\"Schweizerischer B\u00e4cker-Confiseurmeister-Verband\",\"url\":\"https:\/\/swissbaker.ch\/fr\/\",\"logo\":{\"@type\":\"ImageObject\",\"inLanguage\":\"fr-FR\",\"@id\":\"https:\/\/swissbaker.ch\/fr\/#\/schema\/logo\/image\/\",\"url\":\"https:\/\/swissbaker.ch\/wp-content\/uploads\/2022\/04\/sbc-logo-yoast.jpg\",\"contentUrl\":\"https:\/\/swissbaker.ch\/wp-content\/uploads\/2022\/04\/sbc-logo-yoast.jpg\",\"width\":512,\"height\":512,\"caption\":\"Schweizerischer B\u00e4cker-Confiseurmeister-Verband\"},\"image\":{\"@id\":\"https:\/\/swissbaker.ch\/fr\/#\/schema\/logo\/image\/\"},\"sameAs\":[\"https:\/\/www.facebook.com\/swissbaker.ch\",\"https:\/\/x.com\/ch_swissbaker\"]},{\"@type\":\"Person\",\"@id\":\"https:\/\/swissbaker.ch\/fr\/#\/schema\/person\/74bd327b08c18ca6042c02ff6f0ed5e2\",\"name\":\"Simon Nussbaum\",\"image\":{\"@type\":\"ImageObject\",\"inLanguage\":\"fr-FR\",\"@id\":\"https:\/\/swissbaker.ch\/fr\/#\/schema\/person\/image\/\",\"url\":\"https:\/\/secure.gravatar.com\/avatar\/df0eced3bb556c806cb760cf503ade1ed1df25b4104d80d6fd28d93a9509aa12?s=96&d=mm&r=g\",\"contentUrl\":\"https:\/\/secure.gravatar.com\/avatar\/df0eced3bb556c806cb760cf503ade1ed1df25b4104d80d6fd28d93a9509aa12?s=96&d=mm&r=g\",\"caption\":\"Simon Nussbaum\"},\"url\":\"https:\/\/swissbaker.ch\/fr\/panissimo-news\/author\/simon-nussbaum\/\"}]}<\/script>\n<!-- \/ Yoast SEO Premium plugin. -->","yoast_head_json":{"title":"La premi\u00e8re impression compte | SBC","robots":{"index":"index","follow":"follow","max-snippet":"max-snippet:-1","max-image-preview":"max-image-preview:large","max-video-preview":"max-video-preview:-1"},"canonical":"https:\/\/swissbaker.ch\/fr\/panissimo-news\/la-premiere-impression-compte\/","og_locale":"fr_FR","og_type":"article","og_title":"La premi\u00e8re impression compte","og_description":"Lorsque j'entre dans une boulangerie, je m'attends \u00e0 trouver une ambiance accueillante. Un \u00e9clairage agr\u00e9able \u2013 je dois me sentir \u00e0 l'aise et bienvenue. Que la d\u00e9coration soit rustique ou moderne, je pr\u00eate attention \u00e0 la propret\u00e9 et \u00e0 l'entretien du mobilier ainsi qu'\u00e0 l'harmonie de l'am\u00e9nagement. Les miettes sur le comptoir sont \u00e0 proscrire. Un personnel soign\u00e9, v\u00eatu d'une tenue uniforme et propre, renvoie une image coh\u00e9rente et professionnelle.","og_url":"https:\/\/swissbaker.ch\/fr\/panissimo-news\/la-premiere-impression-compte\/","og_site_name":"SBC","article_publisher":"https:\/\/www.facebook.com\/swissbaker.ch","article_published_time":"2025-11-11T10:35:10+00:00","article_modified_time":"2025-11-11T10:45:58+00:00","og_image":[{"width":1200,"height":712,"url":"https:\/\/swissbaker.ch\/wp-content\/uploads\/2025\/11\/andrea_lobsiger.jpg","type":"image\/jpeg"}],"author":"Simon Nussbaum","twitter_card":"summary_large_image","twitter_creator":"@ch_swissbaker","twitter_site":"@ch_swissbaker","twitter_misc":{"Written by":"Simon Nussbaum","Est. reading time":"4 minutes"},"schema":{"@context":"https:\/\/schema.org","@graph":[{"@type":"Article","@id":"https:\/\/swissbaker.ch\/fr\/panissimo-news\/la-premiere-impression-compte\/#article","isPartOf":{"@id":"https:\/\/swissbaker.ch\/fr\/panissimo-news\/la-premiere-impression-compte\/"},"author":{"name":"Simon Nussbaum","@id":"https:\/\/swissbaker.ch\/fr\/#\/schema\/person\/74bd327b08c18ca6042c02ff6f0ed5e2"},"headline":"La premi\u00e8re impression compte","datePublished":"2025-11-11T10:35:10+00:00","dateModified":"2025-11-11T10:45:58+00:00","mainEntityOfPage":{"@id":"https:\/\/swissbaker.ch\/fr\/panissimo-news\/la-premiere-impression-compte\/"},"wordCount":922,"publisher":{"@id":"https:\/\/swissbaker.ch\/fr\/#organization"},"image":{"@id":"https:\/\/swissbaker.ch\/fr\/panissimo-news\/la-premiere-impression-compte\/#primaryimage"},"thumbnailUrl":"https:\/\/swissbaker.ch\/wp-content\/uploads\/2025\/11\/andrea_lobsiger.jpg","articleSection":["swissbaker-blog"],"inLanguage":"fr-FR"},{"@type":"WebPage","@id":"https:\/\/swissbaker.ch\/fr\/panissimo-news\/la-premiere-impression-compte\/","url":"https:\/\/swissbaker.ch\/fr\/panissimo-news\/la-premiere-impression-compte\/","name":"La premi\u00e8re impression compte | SBC","isPartOf":{"@id":"https:\/\/swissbaker.ch\/fr\/#website"},"primaryImageOfPage":{"@id":"https:\/\/swissbaker.ch\/fr\/panissimo-news\/la-premiere-impression-compte\/#primaryimage"},"image":{"@id":"https:\/\/swissbaker.ch\/fr\/panissimo-news\/la-premiere-impression-compte\/#primaryimage"},"thumbnailUrl":"https:\/\/swissbaker.ch\/wp-content\/uploads\/2025\/11\/andrea_lobsiger.jpg","datePublished":"2025-11-11T10:35:10+00:00","dateModified":"2025-11-11T10:45:58+00:00","breadcrumb":{"@id":"https:\/\/swissbaker.ch\/fr\/panissimo-news\/la-premiere-impression-compte\/#breadcrumb"},"inLanguage":"fr-FR","potentialAction":[{"@type":"ReadAction","target":["https:\/\/swissbaker.ch\/fr\/panissimo-news\/la-premiere-impression-compte\/"]}]},{"@type":"ImageObject","inLanguage":"fr-FR","@id":"https:\/\/swissbaker.ch\/fr\/panissimo-news\/la-premiere-impression-compte\/#primaryimage","url":"https:\/\/swissbaker.ch\/wp-content\/uploads\/2025\/11\/andrea_lobsiger.jpg","contentUrl":"https:\/\/swissbaker.ch\/wp-content\/uploads\/2025\/11\/andrea_lobsiger.jpg","width":1200,"height":712},{"@type":"BreadcrumbList","@id":"https:\/\/swissbaker.ch\/fr\/panissimo-news\/la-premiere-impression-compte\/#breadcrumb","itemListElement":[{"@type":"ListItem","position":1,"name":"","item":"https:\/\/swissbaker.ch\/fr\/"},{"@type":"ListItem","position":2,"name":"swissbaker-blog","item":"https:\/\/swissbaker.ch\/fr\/panissimo-news\/category\/swissbaker-blog-fr\/"},{"@type":"ListItem","position":3,"name":"La premi\u00e8re impression compte"}]},{"@type":"WebSite","@id":"https:\/\/swissbaker.ch\/fr\/#website","url":"https:\/\/swissbaker.ch\/fr\/","name":"SBC","description":"","publisher":{"@id":"https:\/\/swissbaker.ch\/fr\/#organization"},"potentialAction":[{"@type":"SearchAction","target":{"@type":"EntryPoint","urlTemplate":"https:\/\/swissbaker.ch\/fr\/?s={search_term_string}"},"query-input":{"@type":"PropertyValueSpecification","valueRequired":true,"valueName":"search_term_string"}}],"inLanguage":"fr-FR"},{"@type":"Organization","@id":"https:\/\/swissbaker.ch\/fr\/#organization","name":"Schweizerischer B\u00e4cker-Confiseurmeister-Verband","url":"https:\/\/swissbaker.ch\/fr\/","logo":{"@type":"ImageObject","inLanguage":"fr-FR","@id":"https:\/\/swissbaker.ch\/fr\/#\/schema\/logo\/image\/","url":"https:\/\/swissbaker.ch\/wp-content\/uploads\/2022\/04\/sbc-logo-yoast.jpg","contentUrl":"https:\/\/swissbaker.ch\/wp-content\/uploads\/2022\/04\/sbc-logo-yoast.jpg","width":512,"height":512,"caption":"Schweizerischer B\u00e4cker-Confiseurmeister-Verband"},"image":{"@id":"https:\/\/swissbaker.ch\/fr\/#\/schema\/logo\/image\/"},"sameAs":["https:\/\/www.facebook.com\/swissbaker.ch","https:\/\/x.com\/ch_swissbaker"]},{"@type":"Person","@id":"https:\/\/swissbaker.ch\/fr\/#\/schema\/person\/74bd327b08c18ca6042c02ff6f0ed5e2","name":"Simon Nussbaum","image":{"@type":"ImageObject","inLanguage":"fr-FR","@id":"https:\/\/swissbaker.ch\/fr\/#\/schema\/person\/image\/","url":"https:\/\/secure.gravatar.com\/avatar\/df0eced3bb556c806cb760cf503ade1ed1df25b4104d80d6fd28d93a9509aa12?s=96&d=mm&r=g","contentUrl":"https:\/\/secure.gravatar.com\/avatar\/df0eced3bb556c806cb760cf503ade1ed1df25b4104d80d6fd28d93a9509aa12?s=96&d=mm&r=g","caption":"Simon Nussbaum"},"url":"https:\/\/swissbaker.ch\/fr\/panissimo-news\/author\/simon-nussbaum\/"}]}},"_links":{"self":[{"href":"https:\/\/swissbaker.ch\/fr\/wp-json\/wp\/v2\/posts\/129213","targetHints":{"allow":["GET"]}}],"collection":[{"href":"https:\/\/swissbaker.ch\/fr\/wp-json\/wp\/v2\/posts"}],"about":[{"href":"https:\/\/swissbaker.ch\/fr\/wp-json\/wp\/v2\/types\/post"}],"author":[{"embeddable":true,"href":"https:\/\/swissbaker.ch\/fr\/wp-json\/wp\/v2\/users\/5"}],"replies":[{"embeddable":true,"href":"https:\/\/swissbaker.ch\/fr\/wp-json\/wp\/v2\/comments?post=129213"}],"version-history":[{"count":0,"href":"https:\/\/swissbaker.ch\/fr\/wp-json\/wp\/v2\/posts\/129213\/revisions"}],"wp:featuredmedia":[{"embeddable":true,"href":"https:\/\/swissbaker.ch\/fr\/wp-json\/wp\/v2\/media\/129210"}],"wp:attachment":[{"href":"https:\/\/swissbaker.ch\/fr\/wp-json\/wp\/v2\/media?parent=129213"}],"wp:term":[{"taxonomy":"category","embeddable":true,"href":"https:\/\/swissbaker.ch\/fr\/wp-json\/wp\/v2\/categories?post=129213"},{"taxonomy":"post_tag","embeddable":true,"href":"https:\/\/swissbaker.ch\/fr\/wp-json\/wp\/v2\/tags?post=129213"}],"curies":[{"name":"wp","href":"https:\/\/api.w.org\/{rel}","templated":true}]}}