{"id":128898,"date":"2025-11-06T11:21:13","date_gmt":"2025-11-06T10:21:13","guid":{"rendered":"https:\/\/swissbaker.ch\/?p=128898"},"modified":"2025-11-06T16:58:34","modified_gmt":"2025-11-06T15:58:34","slug":"trois-moments-de-partage-et-de-convivialite","status":"publish","type":"post","link":"https:\/\/swissbaker.ch\/fr\/panissimo-news\/trois-moments-de-partage-et-de-convivialite\/","title":{"rendered":"Trois moments de partage et de convivialit\u00e9"},"content":{"rendered":"\n<p><strong>Depuis le d\u00e9but de l\u2019ann\u00e9e, la commission Soutien aux membres de l\u2019Association romande des artisans boulangers-p\u00e2tissiers-confiseurs a organis\u00e9 trois rencontres r\u00e9gionales qui ont permis aux artisans de toute la Romandie de se retrouver et d\u2019\u00e9changer.<\/strong><\/p>\n\n\n\n<p>travail sous un angle pratique, avec les explications d\u2019Yves Girard. Les participants ont clarifi\u00e9 leurs obligations et partag\u00e9 leurs exp\u00e9riences autour de th\u00e9matiques telles que les heures de nuit, le temps de repos ou encore la convention collective de travail.<\/p>\n\n\n\n<p>Le 19\u202fmai \u00e0 Bottens (VD), la deuxi\u00e8me rencontre a r\u00e9uni les membres autour d\u2019un th\u00e8me au c\u0153ur du quotidien des entreprises\u2009: la gestion d\u2019\u00e9quipe. Avec les interventions d\u2019Elsa Mendez, responsable de la commission Avenir et Formation, et de Paloma Chapuis, responsable des magasins Pascal Cl\u00e9ment, les participants ont \u00e9chang\u00e9 sur les d\u00e9fis du management et les cl\u00e9s d\u2019une communication r\u00e9ussie.<\/p>\n\n\n\n<p>Enfin, la troisi\u00e8me rencontre s\u2019est tenue le 1er\u202fseptembre \u00e0 Yverdon-les-Bains (VD), au Centre romand de comp\u00e9tences Richemont. Cette fois, c\u2019est Christophe Ackermann, laur\u00e9at de la Couronne boulang\u00e8re 2025 et champion du Swiss Bakery Trophy 2025\u20132027, qui a captiv\u00e9 l\u2019auditoire en partageant son parcours de champion, ses d\u00e9fis et ses succ\u00e8s.<\/p>\n\n\n\n<p>Chaque rencontre s\u2019est achev\u00e9e autour d\u2019un ap\u00e9ritif convivial et d\u2019\u00e9changes inspirants entre artisans passionn\u00e9s. Ces rendez-vous r\u00e9guliers sont devenus des moments incontournables de partage et de r\u00e9seau, renfor\u00e7ant les liens entre professionnels. <\/p>\n\n\n\n<p><a href=\"https:\/\/swissbaker.ch\/fr\/panissimo-news\/galerie\/commission-soutien-de-larabpc\/\"><strong>Galerie de photos&#8230;\u00bb<\/strong><\/a><\/p>\n\n\n\n<p><strong>Save de date\u2009: le prochain \u00e9v\u00e9nement se tiendra le lundi 10\u202fnovembre<br>\u00e0 Colombier (NE) sur le th\u00e8me du relooking des emballages.<\/strong><\/p>\n\n\n\n<p class=\"has-text-align-right\"><em>ARABPC<\/em><\/p>\n","protected":false},"excerpt":{"rendered":"<p>Depuis le d\u00e9but de l\u2019ann\u00e9e, la commission Soutien aux membres de l\u2019Association romande des artisans boulangers-p\u00e2tissiers-confiseurs a organis\u00e9 trois rencontres r\u00e9gionales qui ont permis aux artisans de toute la Romandie de se retrouver et d\u2019\u00e9changer.<\/p>\n","protected":false},"author":5,"featured_media":128899,"comment_status":"closed","ping_status":"closed","sticky":true,"template":"","format":"standard","meta":{"_acf_changed":false,"footnotes":""},"categories":[41],"tags":[],"class_list":["post-128898","post","type-post","status-publish","format-standard","has-post-thumbnail","hentry","category-association"],"acf":[],"yoast_head":"<!-- This site is optimized with the Yoast SEO Premium plugin v26.8 (Yoast SEO v26.8) - https:\/\/yoast.com\/product\/yoast-seo-premium-wordpress\/ -->\n<title>Trois moments de partage et de convivialit\u00e9 | SBC<\/title>\n<meta name=\"robots\" content=\"index, follow, max-snippet:-1, max-image-preview:large, max-video-preview:-1\" \/>\n<link rel=\"canonical\" href=\"https:\/\/swissbaker.ch\/fr\/panissimo-news\/trois-moments-de-partage-et-de-convivialite\/\" \/>\n<meta property=\"og:locale\" content=\"fr_FR\" \/>\n<meta property=\"og:type\" content=\"article\" \/>\n<meta property=\"og:title\" content=\"Trois moments de partage et de convivialit\u00e9\" \/>\n<meta property=\"og:description\" content=\"Depuis le d\u00e9but de l\u2019ann\u00e9e, la commission Soutien aux membres de l\u2019Association romande des artisans boulangers-p\u00e2tissiers-confiseurs a organis\u00e9 trois rencontres r\u00e9gionales qui ont permis aux artisans de toute la Romandie de se retrouver et d\u2019\u00e9changer.\" \/>\n<meta property=\"og:url\" content=\"https:\/\/swissbaker.ch\/fr\/panissimo-news\/trois-moments-de-partage-et-de-convivialite\/\" \/>\n<meta property=\"og:site_name\" content=\"SBC\" \/>\n<meta property=\"article:publisher\" content=\"https:\/\/www.facebook.com\/swissbaker.ch\" \/>\n<meta property=\"article:published_time\" content=\"2025-11-06T10:21:13+00:00\" \/>\n<meta property=\"article:modified_time\" content=\"2025-11-06T15:58:34+00:00\" \/>\n<meta property=\"og:image\" content=\"https:\/\/swissbaker.ch\/wp-content\/uploads\/2025\/11\/commission_soutien_arabpc.jpg\" \/>\n\t<meta property=\"og:image:width\" content=\"1200\" \/>\n\t<meta property=\"og:image:height\" content=\"712\" \/>\n\t<meta property=\"og:image:type\" content=\"image\/jpeg\" \/>\n<meta name=\"author\" content=\"Simon Nussbaum\" \/>\n<meta name=\"twitter:card\" content=\"summary_large_image\" \/>\n<meta name=\"twitter:creator\" content=\"@ch_swissbaker\" \/>\n<meta name=\"twitter:site\" content=\"@ch_swissbaker\" \/>\n<meta name=\"twitter:label1\" content=\"Written by\" \/>\n\t<meta name=\"twitter:data1\" content=\"Simon Nussbaum\" \/>\n\t<meta name=\"twitter:label2\" content=\"Est. reading time\" \/>\n\t<meta name=\"twitter:data2\" content=\"1 minute\" \/>\n<script type=\"application\/ld+json\" class=\"yoast-schema-graph\">{\"@context\":\"https:\/\/schema.org\",\"@graph\":[{\"@type\":\"Article\",\"@id\":\"https:\/\/swissbaker.ch\/fr\/panissimo-news\/trois-moments-de-partage-et-de-convivialite\/#article\",\"isPartOf\":{\"@id\":\"https:\/\/swissbaker.ch\/fr\/panissimo-news\/trois-moments-de-partage-et-de-convivialite\/\"},\"author\":{\"name\":\"Simon Nussbaum\",\"@id\":\"https:\/\/swissbaker.ch\/fr\/#\/schema\/person\/74bd327b08c18ca6042c02ff6f0ed5e2\"},\"headline\":\"Trois moments de partage et de convivialit\u00e9\",\"datePublished\":\"2025-11-06T10:21:13+00:00\",\"dateModified\":\"2025-11-06T15:58:34+00:00\",\"mainEntityOfPage\":{\"@id\":\"https:\/\/swissbaker.ch\/fr\/panissimo-news\/trois-moments-de-partage-et-de-convivialite\/\"},\"wordCount\":287,\"publisher\":{\"@id\":\"https:\/\/swissbaker.ch\/fr\/#organization\"},\"image\":{\"@id\":\"https:\/\/swissbaker.ch\/fr\/panissimo-news\/trois-moments-de-partage-et-de-convivialite\/#primaryimage\"},\"thumbnailUrl\":\"https:\/\/swissbaker.ch\/wp-content\/uploads\/2025\/11\/commission_soutien_arabpc.jpg\",\"articleSection\":[\"Association\"],\"inLanguage\":\"fr-FR\"},{\"@type\":\"WebPage\",\"@id\":\"https:\/\/swissbaker.ch\/fr\/panissimo-news\/trois-moments-de-partage-et-de-convivialite\/\",\"url\":\"https:\/\/swissbaker.ch\/fr\/panissimo-news\/trois-moments-de-partage-et-de-convivialite\/\",\"name\":\"Trois moments de partage et de convivialit\u00e9 | SBC\",\"isPartOf\":{\"@id\":\"https:\/\/swissbaker.ch\/fr\/#website\"},\"primaryImageOfPage\":{\"@id\":\"https:\/\/swissbaker.ch\/fr\/panissimo-news\/trois-moments-de-partage-et-de-convivialite\/#primaryimage\"},\"image\":{\"@id\":\"https:\/\/swissbaker.ch\/fr\/panissimo-news\/trois-moments-de-partage-et-de-convivialite\/#primaryimage\"},\"thumbnailUrl\":\"https:\/\/swissbaker.ch\/wp-content\/uploads\/2025\/11\/commission_soutien_arabpc.jpg\",\"datePublished\":\"2025-11-06T10:21:13+00:00\",\"dateModified\":\"2025-11-06T15:58:34+00:00\",\"breadcrumb\":{\"@id\":\"https:\/\/swissbaker.ch\/fr\/panissimo-news\/trois-moments-de-partage-et-de-convivialite\/#breadcrumb\"},\"inLanguage\":\"fr-FR\",\"potentialAction\":[{\"@type\":\"ReadAction\",\"target\":[\"https:\/\/swissbaker.ch\/fr\/panissimo-news\/trois-moments-de-partage-et-de-convivialite\/\"]}]},{\"@type\":\"ImageObject\",\"inLanguage\":\"fr-FR\",\"@id\":\"https:\/\/swissbaker.ch\/fr\/panissimo-news\/trois-moments-de-partage-et-de-convivialite\/#primaryimage\",\"url\":\"https:\/\/swissbaker.ch\/wp-content\/uploads\/2025\/11\/commission_soutien_arabpc.jpg\",\"contentUrl\":\"https:\/\/swissbaker.ch\/wp-content\/uploads\/2025\/11\/commission_soutien_arabpc.jpg\",\"width\":1200,\"height\":712},{\"@type\":\"BreadcrumbList\",\"@id\":\"https:\/\/swissbaker.ch\/fr\/panissimo-news\/trois-moments-de-partage-et-de-convivialite\/#breadcrumb\",\"itemListElement\":[{\"@type\":\"ListItem\",\"position\":1,\"name\":\"\",\"item\":\"https:\/\/swissbaker.ch\/fr\/\"},{\"@type\":\"ListItem\",\"position\":2,\"name\":\"Association\",\"item\":\"https:\/\/swissbaker.ch\/fr\/panissimo-news\/category\/association\/\"},{\"@type\":\"ListItem\",\"position\":3,\"name\":\"Trois moments de partage et de convivialit\u00e9\"}]},{\"@type\":\"WebSite\",\"@id\":\"https:\/\/swissbaker.ch\/fr\/#website\",\"url\":\"https:\/\/swissbaker.ch\/fr\/\",\"name\":\"SBC\",\"description\":\"\",\"publisher\":{\"@id\":\"https:\/\/swissbaker.ch\/fr\/#organization\"},\"potentialAction\":[{\"@type\":\"SearchAction\",\"target\":{\"@type\":\"EntryPoint\",\"urlTemplate\":\"https:\/\/swissbaker.ch\/fr\/?s={search_term_string}\"},\"query-input\":{\"@type\":\"PropertyValueSpecification\",\"valueRequired\":true,\"valueName\":\"search_term_string\"}}],\"inLanguage\":\"fr-FR\"},{\"@type\":\"Organization\",\"@id\":\"https:\/\/swissbaker.ch\/fr\/#organization\",\"name\":\"Schweizerischer B\u00e4cker-Confiseurmeister-Verband\",\"url\":\"https:\/\/swissbaker.ch\/fr\/\",\"logo\":{\"@type\":\"ImageObject\",\"inLanguage\":\"fr-FR\",\"@id\":\"https:\/\/swissbaker.ch\/fr\/#\/schema\/logo\/image\/\",\"url\":\"https:\/\/swissbaker.ch\/wp-content\/uploads\/2022\/04\/sbc-logo-yoast.jpg\",\"contentUrl\":\"https:\/\/swissbaker.ch\/wp-content\/uploads\/2022\/04\/sbc-logo-yoast.jpg\",\"width\":512,\"height\":512,\"caption\":\"Schweizerischer B\u00e4cker-Confiseurmeister-Verband\"},\"image\":{\"@id\":\"https:\/\/swissbaker.ch\/fr\/#\/schema\/logo\/image\/\"},\"sameAs\":[\"https:\/\/www.facebook.com\/swissbaker.ch\",\"https:\/\/x.com\/ch_swissbaker\"]},{\"@type\":\"Person\",\"@id\":\"https:\/\/swissbaker.ch\/fr\/#\/schema\/person\/74bd327b08c18ca6042c02ff6f0ed5e2\",\"name\":\"Simon Nussbaum\",\"image\":{\"@type\":\"ImageObject\",\"inLanguage\":\"fr-FR\",\"@id\":\"https:\/\/swissbaker.ch\/fr\/#\/schema\/person\/image\/\",\"url\":\"https:\/\/secure.gravatar.com\/avatar\/df0eced3bb556c806cb760cf503ade1ed1df25b4104d80d6fd28d93a9509aa12?s=96&d=mm&r=g\",\"contentUrl\":\"https:\/\/secure.gravatar.com\/avatar\/df0eced3bb556c806cb760cf503ade1ed1df25b4104d80d6fd28d93a9509aa12?s=96&d=mm&r=g\",\"caption\":\"Simon Nussbaum\"},\"url\":\"https:\/\/swissbaker.ch\/fr\/panissimo-news\/author\/simon-nussbaum\/\"}]}<\/script>\n<!-- \/ Yoast SEO Premium plugin. -->","yoast_head_json":{"title":"Trois moments de partage et de convivialit\u00e9 | SBC","robots":{"index":"index","follow":"follow","max-snippet":"max-snippet:-1","max-image-preview":"max-image-preview:large","max-video-preview":"max-video-preview:-1"},"canonical":"https:\/\/swissbaker.ch\/fr\/panissimo-news\/trois-moments-de-partage-et-de-convivialite\/","og_locale":"fr_FR","og_type":"article","og_title":"Trois moments de partage et de convivialit\u00e9","og_description":"Depuis le d\u00e9but de l\u2019ann\u00e9e, la commission Soutien aux membres de l\u2019Association romande des artisans boulangers-p\u00e2tissiers-confiseurs a organis\u00e9 trois rencontres r\u00e9gionales qui ont permis aux artisans de toute la Romandie de se retrouver et d\u2019\u00e9changer.","og_url":"https:\/\/swissbaker.ch\/fr\/panissimo-news\/trois-moments-de-partage-et-de-convivialite\/","og_site_name":"SBC","article_publisher":"https:\/\/www.facebook.com\/swissbaker.ch","article_published_time":"2025-11-06T10:21:13+00:00","article_modified_time":"2025-11-06T15:58:34+00:00","og_image":[{"width":1200,"height":712,"url":"https:\/\/swissbaker.ch\/wp-content\/uploads\/2025\/11\/commission_soutien_arabpc.jpg","type":"image\/jpeg"}],"author":"Simon Nussbaum","twitter_card":"summary_large_image","twitter_creator":"@ch_swissbaker","twitter_site":"@ch_swissbaker","twitter_misc":{"Written by":"Simon Nussbaum","Est. reading time":"1 minute"},"schema":{"@context":"https:\/\/schema.org","@graph":[{"@type":"Article","@id":"https:\/\/swissbaker.ch\/fr\/panissimo-news\/trois-moments-de-partage-et-de-convivialite\/#article","isPartOf":{"@id":"https:\/\/swissbaker.ch\/fr\/panissimo-news\/trois-moments-de-partage-et-de-convivialite\/"},"author":{"name":"Simon Nussbaum","@id":"https:\/\/swissbaker.ch\/fr\/#\/schema\/person\/74bd327b08c18ca6042c02ff6f0ed5e2"},"headline":"Trois moments de partage et de convivialit\u00e9","datePublished":"2025-11-06T10:21:13+00:00","dateModified":"2025-11-06T15:58:34+00:00","mainEntityOfPage":{"@id":"https:\/\/swissbaker.ch\/fr\/panissimo-news\/trois-moments-de-partage-et-de-convivialite\/"},"wordCount":287,"publisher":{"@id":"https:\/\/swissbaker.ch\/fr\/#organization"},"image":{"@id":"https:\/\/swissbaker.ch\/fr\/panissimo-news\/trois-moments-de-partage-et-de-convivialite\/#primaryimage"},"thumbnailUrl":"https:\/\/swissbaker.ch\/wp-content\/uploads\/2025\/11\/commission_soutien_arabpc.jpg","articleSection":["Association"],"inLanguage":"fr-FR"},{"@type":"WebPage","@id":"https:\/\/swissbaker.ch\/fr\/panissimo-news\/trois-moments-de-partage-et-de-convivialite\/","url":"https:\/\/swissbaker.ch\/fr\/panissimo-news\/trois-moments-de-partage-et-de-convivialite\/","name":"Trois moments de partage et de convivialit\u00e9 | SBC","isPartOf":{"@id":"https:\/\/swissbaker.ch\/fr\/#website"},"primaryImageOfPage":{"@id":"https:\/\/swissbaker.ch\/fr\/panissimo-news\/trois-moments-de-partage-et-de-convivialite\/#primaryimage"},"image":{"@id":"https:\/\/swissbaker.ch\/fr\/panissimo-news\/trois-moments-de-partage-et-de-convivialite\/#primaryimage"},"thumbnailUrl":"https:\/\/swissbaker.ch\/wp-content\/uploads\/2025\/11\/commission_soutien_arabpc.jpg","datePublished":"2025-11-06T10:21:13+00:00","dateModified":"2025-11-06T15:58:34+00:00","breadcrumb":{"@id":"https:\/\/swissbaker.ch\/fr\/panissimo-news\/trois-moments-de-partage-et-de-convivialite\/#breadcrumb"},"inLanguage":"fr-FR","potentialAction":[{"@type":"ReadAction","target":["https:\/\/swissbaker.ch\/fr\/panissimo-news\/trois-moments-de-partage-et-de-convivialite\/"]}]},{"@type":"ImageObject","inLanguage":"fr-FR","@id":"https:\/\/swissbaker.ch\/fr\/panissimo-news\/trois-moments-de-partage-et-de-convivialite\/#primaryimage","url":"https:\/\/swissbaker.ch\/wp-content\/uploads\/2025\/11\/commission_soutien_arabpc.jpg","contentUrl":"https:\/\/swissbaker.ch\/wp-content\/uploads\/2025\/11\/commission_soutien_arabpc.jpg","width":1200,"height":712},{"@type":"BreadcrumbList","@id":"https:\/\/swissbaker.ch\/fr\/panissimo-news\/trois-moments-de-partage-et-de-convivialite\/#breadcrumb","itemListElement":[{"@type":"ListItem","position":1,"name":"","item":"https:\/\/swissbaker.ch\/fr\/"},{"@type":"ListItem","position":2,"name":"Association","item":"https:\/\/swissbaker.ch\/fr\/panissimo-news\/category\/association\/"},{"@type":"ListItem","position":3,"name":"Trois moments de partage et de convivialit\u00e9"}]},{"@type":"WebSite","@id":"https:\/\/swissbaker.ch\/fr\/#website","url":"https:\/\/swissbaker.ch\/fr\/","name":"SBC","description":"","publisher":{"@id":"https:\/\/swissbaker.ch\/fr\/#organization"},"potentialAction":[{"@type":"SearchAction","target":{"@type":"EntryPoint","urlTemplate":"https:\/\/swissbaker.ch\/fr\/?s={search_term_string}"},"query-input":{"@type":"PropertyValueSpecification","valueRequired":true,"valueName":"search_term_string"}}],"inLanguage":"fr-FR"},{"@type":"Organization","@id":"https:\/\/swissbaker.ch\/fr\/#organization","name":"Schweizerischer B\u00e4cker-Confiseurmeister-Verband","url":"https:\/\/swissbaker.ch\/fr\/","logo":{"@type":"ImageObject","inLanguage":"fr-FR","@id":"https:\/\/swissbaker.ch\/fr\/#\/schema\/logo\/image\/","url":"https:\/\/swissbaker.ch\/wp-content\/uploads\/2022\/04\/sbc-logo-yoast.jpg","contentUrl":"https:\/\/swissbaker.ch\/wp-content\/uploads\/2022\/04\/sbc-logo-yoast.jpg","width":512,"height":512,"caption":"Schweizerischer B\u00e4cker-Confiseurmeister-Verband"},"image":{"@id":"https:\/\/swissbaker.ch\/fr\/#\/schema\/logo\/image\/"},"sameAs":["https:\/\/www.facebook.com\/swissbaker.ch","https:\/\/x.com\/ch_swissbaker"]},{"@type":"Person","@id":"https:\/\/swissbaker.ch\/fr\/#\/schema\/person\/74bd327b08c18ca6042c02ff6f0ed5e2","name":"Simon Nussbaum","image":{"@type":"ImageObject","inLanguage":"fr-FR","@id":"https:\/\/swissbaker.ch\/fr\/#\/schema\/person\/image\/","url":"https:\/\/secure.gravatar.com\/avatar\/df0eced3bb556c806cb760cf503ade1ed1df25b4104d80d6fd28d93a9509aa12?s=96&d=mm&r=g","contentUrl":"https:\/\/secure.gravatar.com\/avatar\/df0eced3bb556c806cb760cf503ade1ed1df25b4104d80d6fd28d93a9509aa12?s=96&d=mm&r=g","caption":"Simon Nussbaum"},"url":"https:\/\/swissbaker.ch\/fr\/panissimo-news\/author\/simon-nussbaum\/"}]}},"_links":{"self":[{"href":"https:\/\/swissbaker.ch\/fr\/wp-json\/wp\/v2\/posts\/128898","targetHints":{"allow":["GET"]}}],"collection":[{"href":"https:\/\/swissbaker.ch\/fr\/wp-json\/wp\/v2\/posts"}],"about":[{"href":"https:\/\/swissbaker.ch\/fr\/wp-json\/wp\/v2\/types\/post"}],"author":[{"embeddable":true,"href":"https:\/\/swissbaker.ch\/fr\/wp-json\/wp\/v2\/users\/5"}],"replies":[{"embeddable":true,"href":"https:\/\/swissbaker.ch\/fr\/wp-json\/wp\/v2\/comments?post=128898"}],"version-history":[{"count":0,"href":"https:\/\/swissbaker.ch\/fr\/wp-json\/wp\/v2\/posts\/128898\/revisions"}],"wp:featuredmedia":[{"embeddable":true,"href":"https:\/\/swissbaker.ch\/fr\/wp-json\/wp\/v2\/media\/128899"}],"wp:attachment":[{"href":"https:\/\/swissbaker.ch\/fr\/wp-json\/wp\/v2\/media?parent=128898"}],"wp:term":[{"taxonomy":"category","embeddable":true,"href":"https:\/\/swissbaker.ch\/fr\/wp-json\/wp\/v2\/categories?post=128898"},{"taxonomy":"post_tag","embeddable":true,"href":"https:\/\/swissbaker.ch\/fr\/wp-json\/wp\/v2\/tags?post=128898"}],"curies":[{"name":"wp","href":"https:\/\/api.w.org\/{rel}","templated":true}]}}