{"id":128861,"date":"2025-11-06T08:18:32","date_gmt":"2025-11-06T07:18:32","guid":{"rendered":"https:\/\/swissbaker.ch\/?p=128861"},"modified":"2025-11-06T08:25:29","modified_gmt":"2025-11-06T07:25:29","slug":"coude-a-coude-pour-lexcellence-de-la-cuchaule","status":"publish","type":"post","link":"https:\/\/swissbaker.ch\/fr\/panissimo-news\/coude-a-coude-pour-lexcellence-de-la-cuchaule\/","title":{"rendered":"Coude \u00e0 coude pour l\u2019excellence de la Cuchaule"},"content":{"rendered":"\n<p><strong>La remise des prix de la 7e Evaluation cantonale de la Cuchaule AOP s\u2019est tenue samedi 1er\u202fnovembre lors du Salon suisse des go\u00fbts et terroirs \u00e0 Bulle (FR). \u00ab\u2009Onze producteurs ont \u00e9t\u00e9 r\u00e9compens\u00e9s pour la qualit\u00e9 exceptionnelle\u2009\u00bb de leur brioche safran\u00e9e, souligne le communiqu\u00e9.<\/strong><\/p>\n\n\n\n<ul class=\"wp-block-list\">\n<li>1<sup>ers<\/sup> ex \u00e6quo (98 points sur 100)\u2009: <br>Au Vieux Grenier SA (Grolley), Bertrand Jonin P\u00e2tissier S\u00e0rl (M\u00e9zi\u00e8res), Aligro \u2013<br>Boulangerie (Matran) et Coop Boulangerie Maison (Villars-sur-Gl\u00e2ne);<br><\/li>\n\n\n\n<li>2<sup>es <\/sup>ex \u00e6quo (97 pts)\u2009: <br>Saudan-Zurbuchen SA (Fribourg), Coop Boulangerie Maison (Ch\u00e2tel-St-Denis), Simmax S\u00e0rl (Rueyres-Treyfayes)\u2009;<\/li>\n\n\n\n<li><br>3<sup>es<\/sup> ex \u00e6quo (96 pts)\u2009: <br>Le Fournil de S\u00e9b S\u00e0rl (Lugnorre), Boulangerie &#8211; Tea-Room Les Arcades S\u00e0rl (Epagny), Boulangerie-Confiserie du Tilleul S\u00e0rl (Fribourg), B\u00e4ckerei Buchs GmbH (Jaun).<\/li>\n<\/ul>\n\n\n\n<figure class=\"wp-block-image size-large\"><img decoding=\"async\" width=\"1024\" height=\"608\" src=\"https:\/\/swissbaker.ch\/wp-content\/uploads\/2025\/11\/podest-cuchaule-aop-2025_alle-1024x608.jpg\" alt=\"\" class=\"wp-image-128859\" srcset=\"https:\/\/swissbaker.ch\/wp-content\/uploads\/2025\/11\/podest-cuchaule-aop-2025_alle-1024x608.jpg 1024w, https:\/\/swissbaker.ch\/wp-content\/uploads\/2025\/11\/podest-cuchaule-aop-2025_alle-768x456.jpg 768w, https:\/\/swissbaker.ch\/wp-content\/uploads\/2025\/11\/podest-cuchaule-aop-2025_alle.jpg 1200w\" sizes=\"(max-width: 1024px) 100vw, 1024px\" \/><figcaption class=\"wp-element-caption\"><em>Onze producteurs ont \u00e9t\u00e9 r\u00e9compens\u00e9s pour la qualit\u00e9 exceptionnelle\u2009<\/em><\/figcaption><\/figure>\n\n\n\n<p><br>Pour contr\u00f4ler la qualit\u00e9 des produits et garder l\u2019AOP, les entreprises certifi\u00e9es soumettent chaque ann\u00e9e une cuchaule \u00e0 un jury de taxateurs professionnels. L\u2019\u00e9valuation s\u2019est d\u00e9roul\u00e9e le 25\u202fseptembre \u00e0 Neyruz (FR) et a r\u00e9uni cinquante brioches.<\/p>\n\n\n\n<p class=\"has-text-align-right\"><em>Pan<\/em><br><em>Photo: LDD<\/em><\/p>\n","protected":false},"excerpt":{"rendered":"<p>La remise des prix de la 7e Evaluation cantonale de la Cuchaule AOP s\u2019est tenue samedi 1er\u202fnovembre lors du Salon suisse des go\u00fbts et terroirs \u00e0 Bulle (FR). \u00ab\u2009Onze producteurs ont \u00e9t\u00e9 r\u00e9compens\u00e9s pour la qualit\u00e9 exceptionnelle\u2009\u00bb de leur brioche safran\u00e9e, souligne le communiqu\u00e9.<\/p>\n","protected":false},"author":5,"featured_media":128855,"comment_status":"closed","ping_status":"closed","sticky":false,"template":"","format":"standard","meta":{"_acf_changed":false,"footnotes":""},"categories":[40],"tags":[],"class_list":["post-128861","post","type-post","status-publish","format-standard","has-post-thumbnail","hentry","category-des-cantons"],"acf":[],"yoast_head":"<!-- This site is optimized with the Yoast SEO Premium plugin v26.8 (Yoast SEO v26.8) - https:\/\/yoast.com\/product\/yoast-seo-premium-wordpress\/ -->\n<title>Coude \u00e0 coude pour l\u2019excellence de la Cuchaule | SBC<\/title>\n<meta name=\"description\" content=\"La remise des prix de la 7e Evaluation cantonale de la Cuchaule AOP s\u2019est tenue samedi 1er\u202fnovembre lors du Salon suisse des go\u00fbts et terroirs \u00e0 Bulle (FR).\" \/>\n<meta name=\"robots\" content=\"index, follow, max-snippet:-1, max-image-preview:large, max-video-preview:-1\" \/>\n<link rel=\"canonical\" href=\"https:\/\/swissbaker.ch\/fr\/panissimo-news\/coude-a-coude-pour-lexcellence-de-la-cuchaule\/\" \/>\n<meta property=\"og:locale\" content=\"fr_FR\" \/>\n<meta property=\"og:type\" content=\"article\" \/>\n<meta property=\"og:title\" content=\"Coude \u00e0 coude pour l\u2019excellence de la Cuchaule\" \/>\n<meta property=\"og:description\" content=\"La remise des prix de la 7e Evaluation cantonale de la Cuchaule AOP s\u2019est tenue samedi 1er\u202fnovembre lors du Salon suisse des go\u00fbts et terroirs \u00e0 Bulle (FR).\" \/>\n<meta property=\"og:url\" content=\"https:\/\/swissbaker.ch\/fr\/panissimo-news\/coude-a-coude-pour-lexcellence-de-la-cuchaule\/\" \/>\n<meta property=\"og:site_name\" content=\"SBC\" \/>\n<meta property=\"article:publisher\" content=\"https:\/\/www.facebook.com\/swissbaker.ch\" \/>\n<meta property=\"article:published_time\" content=\"2025-11-06T07:18:32+00:00\" \/>\n<meta property=\"article:modified_time\" content=\"2025-11-06T07:25:29+00:00\" \/>\n<meta property=\"og:image\" content=\"https:\/\/swissbaker.ch\/wp-content\/uploads\/2025\/11\/cuchaule_aop_fred_grangier.jpg\" \/>\n\t<meta property=\"og:image:width\" content=\"1200\" \/>\n\t<meta property=\"og:image:height\" content=\"712\" \/>\n\t<meta property=\"og:image:type\" content=\"image\/jpeg\" \/>\n<meta name=\"author\" content=\"Simon Nussbaum\" \/>\n<meta name=\"twitter:card\" content=\"summary_large_image\" \/>\n<meta name=\"twitter:creator\" content=\"@ch_swissbaker\" \/>\n<meta name=\"twitter:site\" content=\"@ch_swissbaker\" \/>\n<meta name=\"twitter:label1\" content=\"Written by\" \/>\n\t<meta name=\"twitter:data1\" content=\"Simon Nussbaum\" \/>\n\t<meta name=\"twitter:label2\" content=\"Est. reading time\" \/>\n\t<meta name=\"twitter:data2\" content=\"1 minute\" \/>\n<script type=\"application\/ld+json\" class=\"yoast-schema-graph\">{\"@context\":\"https:\/\/schema.org\",\"@graph\":[{\"@type\":\"Article\",\"@id\":\"https:\/\/swissbaker.ch\/fr\/panissimo-news\/coude-a-coude-pour-lexcellence-de-la-cuchaule\/#article\",\"isPartOf\":{\"@id\":\"https:\/\/swissbaker.ch\/fr\/panissimo-news\/coude-a-coude-pour-lexcellence-de-la-cuchaule\/\"},\"author\":{\"name\":\"Simon Nussbaum\",\"@id\":\"https:\/\/swissbaker.ch\/fr\/#\/schema\/person\/74bd327b08c18ca6042c02ff6f0ed5e2\"},\"headline\":\"Coude \u00e0 coude pour l\u2019excellence de la Cuchaule\",\"datePublished\":\"2025-11-06T07:18:32+00:00\",\"dateModified\":\"2025-11-06T07:25:29+00:00\",\"mainEntityOfPage\":{\"@id\":\"https:\/\/swissbaker.ch\/fr\/panissimo-news\/coude-a-coude-pour-lexcellence-de-la-cuchaule\/\"},\"wordCount\":189,\"publisher\":{\"@id\":\"https:\/\/swissbaker.ch\/fr\/#organization\"},\"image\":{\"@id\":\"https:\/\/swissbaker.ch\/fr\/panissimo-news\/coude-a-coude-pour-lexcellence-de-la-cuchaule\/#primaryimage\"},\"thumbnailUrl\":\"https:\/\/swissbaker.ch\/wp-content\/uploads\/2025\/11\/cuchaule_aop_fred_grangier.jpg\",\"articleSection\":[\"Des cantons\"],\"inLanguage\":\"fr-FR\"},{\"@type\":\"WebPage\",\"@id\":\"https:\/\/swissbaker.ch\/fr\/panissimo-news\/coude-a-coude-pour-lexcellence-de-la-cuchaule\/\",\"url\":\"https:\/\/swissbaker.ch\/fr\/panissimo-news\/coude-a-coude-pour-lexcellence-de-la-cuchaule\/\",\"name\":\"Coude \u00e0 coude pour l\u2019excellence de la Cuchaule | SBC\",\"isPartOf\":{\"@id\":\"https:\/\/swissbaker.ch\/fr\/#website\"},\"primaryImageOfPage\":{\"@id\":\"https:\/\/swissbaker.ch\/fr\/panissimo-news\/coude-a-coude-pour-lexcellence-de-la-cuchaule\/#primaryimage\"},\"image\":{\"@id\":\"https:\/\/swissbaker.ch\/fr\/panissimo-news\/coude-a-coude-pour-lexcellence-de-la-cuchaule\/#primaryimage\"},\"thumbnailUrl\":\"https:\/\/swissbaker.ch\/wp-content\/uploads\/2025\/11\/cuchaule_aop_fred_grangier.jpg\",\"datePublished\":\"2025-11-06T07:18:32+00:00\",\"dateModified\":\"2025-11-06T07:25:29+00:00\",\"description\":\"La remise des prix de la 7e Evaluation cantonale de la Cuchaule AOP s\u2019est tenue samedi 1er\u202fnovembre lors du Salon suisse des go\u00fbts et terroirs \u00e0 Bulle (FR).\",\"breadcrumb\":{\"@id\":\"https:\/\/swissbaker.ch\/fr\/panissimo-news\/coude-a-coude-pour-lexcellence-de-la-cuchaule\/#breadcrumb\"},\"inLanguage\":\"fr-FR\",\"potentialAction\":[{\"@type\":\"ReadAction\",\"target\":[\"https:\/\/swissbaker.ch\/fr\/panissimo-news\/coude-a-coude-pour-lexcellence-de-la-cuchaule\/\"]}]},{\"@type\":\"ImageObject\",\"inLanguage\":\"fr-FR\",\"@id\":\"https:\/\/swissbaker.ch\/fr\/panissimo-news\/coude-a-coude-pour-lexcellence-de-la-cuchaule\/#primaryimage\",\"url\":\"https:\/\/swissbaker.ch\/wp-content\/uploads\/2025\/11\/cuchaule_aop_fred_grangier.jpg\",\"contentUrl\":\"https:\/\/swissbaker.ch\/wp-content\/uploads\/2025\/11\/cuchaule_aop_fred_grangier.jpg\",\"width\":1200,\"height\":712},{\"@type\":\"BreadcrumbList\",\"@id\":\"https:\/\/swissbaker.ch\/fr\/panissimo-news\/coude-a-coude-pour-lexcellence-de-la-cuchaule\/#breadcrumb\",\"itemListElement\":[{\"@type\":\"ListItem\",\"position\":1,\"name\":\"\",\"item\":\"https:\/\/swissbaker.ch\/fr\/\"},{\"@type\":\"ListItem\",\"position\":2,\"name\":\"Des cantons\",\"item\":\"https:\/\/swissbaker.ch\/fr\/panissimo-news\/category\/des-cantons\/\"},{\"@type\":\"ListItem\",\"position\":3,\"name\":\"Coude \u00e0 coude pour l\u2019excellence de la Cuchaule\"}]},{\"@type\":\"WebSite\",\"@id\":\"https:\/\/swissbaker.ch\/fr\/#website\",\"url\":\"https:\/\/swissbaker.ch\/fr\/\",\"name\":\"SBC\",\"description\":\"\",\"publisher\":{\"@id\":\"https:\/\/swissbaker.ch\/fr\/#organization\"},\"potentialAction\":[{\"@type\":\"SearchAction\",\"target\":{\"@type\":\"EntryPoint\",\"urlTemplate\":\"https:\/\/swissbaker.ch\/fr\/?s={search_term_string}\"},\"query-input\":{\"@type\":\"PropertyValueSpecification\",\"valueRequired\":true,\"valueName\":\"search_term_string\"}}],\"inLanguage\":\"fr-FR\"},{\"@type\":\"Organization\",\"@id\":\"https:\/\/swissbaker.ch\/fr\/#organization\",\"name\":\"Schweizerischer B\u00e4cker-Confiseurmeister-Verband\",\"url\":\"https:\/\/swissbaker.ch\/fr\/\",\"logo\":{\"@type\":\"ImageObject\",\"inLanguage\":\"fr-FR\",\"@id\":\"https:\/\/swissbaker.ch\/fr\/#\/schema\/logo\/image\/\",\"url\":\"https:\/\/swissbaker.ch\/wp-content\/uploads\/2022\/04\/sbc-logo-yoast.jpg\",\"contentUrl\":\"https:\/\/swissbaker.ch\/wp-content\/uploads\/2022\/04\/sbc-logo-yoast.jpg\",\"width\":512,\"height\":512,\"caption\":\"Schweizerischer B\u00e4cker-Confiseurmeister-Verband\"},\"image\":{\"@id\":\"https:\/\/swissbaker.ch\/fr\/#\/schema\/logo\/image\/\"},\"sameAs\":[\"https:\/\/www.facebook.com\/swissbaker.ch\",\"https:\/\/x.com\/ch_swissbaker\"]},{\"@type\":\"Person\",\"@id\":\"https:\/\/swissbaker.ch\/fr\/#\/schema\/person\/74bd327b08c18ca6042c02ff6f0ed5e2\",\"name\":\"Simon Nussbaum\",\"image\":{\"@type\":\"ImageObject\",\"inLanguage\":\"fr-FR\",\"@id\":\"https:\/\/swissbaker.ch\/fr\/#\/schema\/person\/image\/\",\"url\":\"https:\/\/secure.gravatar.com\/avatar\/df0eced3bb556c806cb760cf503ade1ed1df25b4104d80d6fd28d93a9509aa12?s=96&d=mm&r=g\",\"contentUrl\":\"https:\/\/secure.gravatar.com\/avatar\/df0eced3bb556c806cb760cf503ade1ed1df25b4104d80d6fd28d93a9509aa12?s=96&d=mm&r=g\",\"caption\":\"Simon Nussbaum\"},\"url\":\"https:\/\/swissbaker.ch\/fr\/panissimo-news\/author\/simon-nussbaum\/\"}]}<\/script>\n<!-- \/ Yoast SEO Premium plugin. -->","yoast_head_json":{"title":"Coude \u00e0 coude pour l\u2019excellence de la Cuchaule | SBC","description":"La remise des prix de la 7e Evaluation cantonale de la Cuchaule AOP s\u2019est tenue samedi 1er\u202fnovembre lors du Salon suisse des go\u00fbts et terroirs \u00e0 Bulle (FR).","robots":{"index":"index","follow":"follow","max-snippet":"max-snippet:-1","max-image-preview":"max-image-preview:large","max-video-preview":"max-video-preview:-1"},"canonical":"https:\/\/swissbaker.ch\/fr\/panissimo-news\/coude-a-coude-pour-lexcellence-de-la-cuchaule\/","og_locale":"fr_FR","og_type":"article","og_title":"Coude \u00e0 coude pour l\u2019excellence de la Cuchaule","og_description":"La remise des prix de la 7e Evaluation cantonale de la Cuchaule AOP s\u2019est tenue samedi 1er\u202fnovembre lors du Salon suisse des go\u00fbts et terroirs \u00e0 Bulle (FR).","og_url":"https:\/\/swissbaker.ch\/fr\/panissimo-news\/coude-a-coude-pour-lexcellence-de-la-cuchaule\/","og_site_name":"SBC","article_publisher":"https:\/\/www.facebook.com\/swissbaker.ch","article_published_time":"2025-11-06T07:18:32+00:00","article_modified_time":"2025-11-06T07:25:29+00:00","og_image":[{"width":1200,"height":712,"url":"https:\/\/swissbaker.ch\/wp-content\/uploads\/2025\/11\/cuchaule_aop_fred_grangier.jpg","type":"image\/jpeg"}],"author":"Simon Nussbaum","twitter_card":"summary_large_image","twitter_creator":"@ch_swissbaker","twitter_site":"@ch_swissbaker","twitter_misc":{"Written by":"Simon Nussbaum","Est. reading time":"1 minute"},"schema":{"@context":"https:\/\/schema.org","@graph":[{"@type":"Article","@id":"https:\/\/swissbaker.ch\/fr\/panissimo-news\/coude-a-coude-pour-lexcellence-de-la-cuchaule\/#article","isPartOf":{"@id":"https:\/\/swissbaker.ch\/fr\/panissimo-news\/coude-a-coude-pour-lexcellence-de-la-cuchaule\/"},"author":{"name":"Simon Nussbaum","@id":"https:\/\/swissbaker.ch\/fr\/#\/schema\/person\/74bd327b08c18ca6042c02ff6f0ed5e2"},"headline":"Coude \u00e0 coude pour l\u2019excellence de la Cuchaule","datePublished":"2025-11-06T07:18:32+00:00","dateModified":"2025-11-06T07:25:29+00:00","mainEntityOfPage":{"@id":"https:\/\/swissbaker.ch\/fr\/panissimo-news\/coude-a-coude-pour-lexcellence-de-la-cuchaule\/"},"wordCount":189,"publisher":{"@id":"https:\/\/swissbaker.ch\/fr\/#organization"},"image":{"@id":"https:\/\/swissbaker.ch\/fr\/panissimo-news\/coude-a-coude-pour-lexcellence-de-la-cuchaule\/#primaryimage"},"thumbnailUrl":"https:\/\/swissbaker.ch\/wp-content\/uploads\/2025\/11\/cuchaule_aop_fred_grangier.jpg","articleSection":["Des cantons"],"inLanguage":"fr-FR"},{"@type":"WebPage","@id":"https:\/\/swissbaker.ch\/fr\/panissimo-news\/coude-a-coude-pour-lexcellence-de-la-cuchaule\/","url":"https:\/\/swissbaker.ch\/fr\/panissimo-news\/coude-a-coude-pour-lexcellence-de-la-cuchaule\/","name":"Coude \u00e0 coude pour l\u2019excellence de la Cuchaule | SBC","isPartOf":{"@id":"https:\/\/swissbaker.ch\/fr\/#website"},"primaryImageOfPage":{"@id":"https:\/\/swissbaker.ch\/fr\/panissimo-news\/coude-a-coude-pour-lexcellence-de-la-cuchaule\/#primaryimage"},"image":{"@id":"https:\/\/swissbaker.ch\/fr\/panissimo-news\/coude-a-coude-pour-lexcellence-de-la-cuchaule\/#primaryimage"},"thumbnailUrl":"https:\/\/swissbaker.ch\/wp-content\/uploads\/2025\/11\/cuchaule_aop_fred_grangier.jpg","datePublished":"2025-11-06T07:18:32+00:00","dateModified":"2025-11-06T07:25:29+00:00","description":"La remise des prix de la 7e Evaluation cantonale de la Cuchaule AOP s\u2019est tenue samedi 1er\u202fnovembre lors du Salon suisse des go\u00fbts et terroirs \u00e0 Bulle (FR).","breadcrumb":{"@id":"https:\/\/swissbaker.ch\/fr\/panissimo-news\/coude-a-coude-pour-lexcellence-de-la-cuchaule\/#breadcrumb"},"inLanguage":"fr-FR","potentialAction":[{"@type":"ReadAction","target":["https:\/\/swissbaker.ch\/fr\/panissimo-news\/coude-a-coude-pour-lexcellence-de-la-cuchaule\/"]}]},{"@type":"ImageObject","inLanguage":"fr-FR","@id":"https:\/\/swissbaker.ch\/fr\/panissimo-news\/coude-a-coude-pour-lexcellence-de-la-cuchaule\/#primaryimage","url":"https:\/\/swissbaker.ch\/wp-content\/uploads\/2025\/11\/cuchaule_aop_fred_grangier.jpg","contentUrl":"https:\/\/swissbaker.ch\/wp-content\/uploads\/2025\/11\/cuchaule_aop_fred_grangier.jpg","width":1200,"height":712},{"@type":"BreadcrumbList","@id":"https:\/\/swissbaker.ch\/fr\/panissimo-news\/coude-a-coude-pour-lexcellence-de-la-cuchaule\/#breadcrumb","itemListElement":[{"@type":"ListItem","position":1,"name":"","item":"https:\/\/swissbaker.ch\/fr\/"},{"@type":"ListItem","position":2,"name":"Des cantons","item":"https:\/\/swissbaker.ch\/fr\/panissimo-news\/category\/des-cantons\/"},{"@type":"ListItem","position":3,"name":"Coude \u00e0 coude pour l\u2019excellence de la Cuchaule"}]},{"@type":"WebSite","@id":"https:\/\/swissbaker.ch\/fr\/#website","url":"https:\/\/swissbaker.ch\/fr\/","name":"SBC","description":"","publisher":{"@id":"https:\/\/swissbaker.ch\/fr\/#organization"},"potentialAction":[{"@type":"SearchAction","target":{"@type":"EntryPoint","urlTemplate":"https:\/\/swissbaker.ch\/fr\/?s={search_term_string}"},"query-input":{"@type":"PropertyValueSpecification","valueRequired":true,"valueName":"search_term_string"}}],"inLanguage":"fr-FR"},{"@type":"Organization","@id":"https:\/\/swissbaker.ch\/fr\/#organization","name":"Schweizerischer B\u00e4cker-Confiseurmeister-Verband","url":"https:\/\/swissbaker.ch\/fr\/","logo":{"@type":"ImageObject","inLanguage":"fr-FR","@id":"https:\/\/swissbaker.ch\/fr\/#\/schema\/logo\/image\/","url":"https:\/\/swissbaker.ch\/wp-content\/uploads\/2022\/04\/sbc-logo-yoast.jpg","contentUrl":"https:\/\/swissbaker.ch\/wp-content\/uploads\/2022\/04\/sbc-logo-yoast.jpg","width":512,"height":512,"caption":"Schweizerischer B\u00e4cker-Confiseurmeister-Verband"},"image":{"@id":"https:\/\/swissbaker.ch\/fr\/#\/schema\/logo\/image\/"},"sameAs":["https:\/\/www.facebook.com\/swissbaker.ch","https:\/\/x.com\/ch_swissbaker"]},{"@type":"Person","@id":"https:\/\/swissbaker.ch\/fr\/#\/schema\/person\/74bd327b08c18ca6042c02ff6f0ed5e2","name":"Simon Nussbaum","image":{"@type":"ImageObject","inLanguage":"fr-FR","@id":"https:\/\/swissbaker.ch\/fr\/#\/schema\/person\/image\/","url":"https:\/\/secure.gravatar.com\/avatar\/df0eced3bb556c806cb760cf503ade1ed1df25b4104d80d6fd28d93a9509aa12?s=96&d=mm&r=g","contentUrl":"https:\/\/secure.gravatar.com\/avatar\/df0eced3bb556c806cb760cf503ade1ed1df25b4104d80d6fd28d93a9509aa12?s=96&d=mm&r=g","caption":"Simon Nussbaum"},"url":"https:\/\/swissbaker.ch\/fr\/panissimo-news\/author\/simon-nussbaum\/"}]}},"_links":{"self":[{"href":"https:\/\/swissbaker.ch\/fr\/wp-json\/wp\/v2\/posts\/128861","targetHints":{"allow":["GET"]}}],"collection":[{"href":"https:\/\/swissbaker.ch\/fr\/wp-json\/wp\/v2\/posts"}],"about":[{"href":"https:\/\/swissbaker.ch\/fr\/wp-json\/wp\/v2\/types\/post"}],"author":[{"embeddable":true,"href":"https:\/\/swissbaker.ch\/fr\/wp-json\/wp\/v2\/users\/5"}],"replies":[{"embeddable":true,"href":"https:\/\/swissbaker.ch\/fr\/wp-json\/wp\/v2\/comments?post=128861"}],"version-history":[{"count":0,"href":"https:\/\/swissbaker.ch\/fr\/wp-json\/wp\/v2\/posts\/128861\/revisions"}],"wp:featuredmedia":[{"embeddable":true,"href":"https:\/\/swissbaker.ch\/fr\/wp-json\/wp\/v2\/media\/128855"}],"wp:attachment":[{"href":"https:\/\/swissbaker.ch\/fr\/wp-json\/wp\/v2\/media?parent=128861"}],"wp:term":[{"taxonomy":"category","embeddable":true,"href":"https:\/\/swissbaker.ch\/fr\/wp-json\/wp\/v2\/categories?post=128861"},{"taxonomy":"post_tag","embeddable":true,"href":"https:\/\/swissbaker.ch\/fr\/wp-json\/wp\/v2\/tags?post=128861"}],"curies":[{"name":"wp","href":"https:\/\/api.w.org\/{rel}","templated":true}]}}