{"id":128828,"date":"2025-11-05T14:06:32","date_gmt":"2025-11-05T13:06:32","guid":{"rendered":"https:\/\/swissbaker.ch\/?p=128828"},"modified":"2025-11-05T14:36:10","modified_gmt":"2025-11-05T13:36:10","slug":"je-suis-devenue-plus-audacieuse","status":"publish","type":"post","link":"https:\/\/swissbaker.ch\/fr\/panissimo-news\/je-suis-devenue-plus-audacieuse\/","title":{"rendered":"\u00abJe suis devenue plus audacieuse\u00bb"},"content":{"rendered":"\n<p><strong>Il y a deux ans, Ursula Schmid (Confiserie Speck AG, Zoug) a remport\u00e9 le concours du pralin\u00e9 \u00e0 l\u2019eau-de-vie avec son \u00abLittle Pear Crumble\u00bb. Cette fois-ci, elle fera partie du jury. Dans cette interview, elle revient sur son parcours et d\u00e9voile ses trucs et astuces.<\/strong><\/p>\n\n\n\n<p>L\u2019entretien avec la Schwyzoise Ursula Schmid a lieu chez son employeur, au si\u00e8ge de la confiserie Speck \u00e0 Zoug, o\u00f9 les produits destin\u00e9s aux sept succursales sont fabriqu\u00e9s dans des locaux lumineux et spacieux. C\u2019est ici qu\u2019il y a environ deux ans, elle a cr\u00e9\u00e9 le pralin\u00e9 qui a remport\u00e9 le concours du pralin\u00e9 \u00e0 l\u2019eau-de-vie, \u00e9dition Williams.<\/p>\n\n\n\n<p><strong>Quand tu repenses au concours de 2024, quelle est la premi\u00e8re chose qui te vient \u00e0 l\u2019esprit?<br><\/strong>Ursula Schmid\u2009: Le moment o\u00f9 Claudia Vernocchi m\u2019a appel\u00e9e pour me dire: \u00abUrsula, tu as gagn\u00e9.\u00bb Aujourd\u2019hui encore, j\u2019ai du mal \u00e0 y croire. Je ne m\u2019y attendais pas du tout. Claudia m\u2019a dit au t\u00e9l\u00e9phone que je ne devais en parler \u00e0 personne. Ce qui \u00e9tait un peu difficile, car j\u2019avais du mal \u00e0 cacher ma joie.<\/p>\n\n\n\n<p><strong>Ta cr\u00e9ation s\u2019appelle \u00abLittle Pear Crumble\u00bb. Comment t\u2019est venue cette id\u00e9e?<\/strong><br>Il y a dix ans, j\u2019\u00e9tais en Angleterre. Mon p\u00e8re d\u2019accueil \u00e9tait un excellent cuisinier qui nous pr\u00e9parait souvent un apple crumble en dessert. J\u2019adorais \u00e7a. Lorsque je cherchais une id\u00e9e pour mon pralin\u00e9, je me suis dit qu\u2019un crumble aux poires pourrait peut-\u00eatre \u00e9galement fonctionner et que ce serait une belle histoire \u00e0 raconter pour le concours.<\/p>\n\n\n\n<figure class=\"wp-block-image size-large\"><img decoding=\"async\" width=\"768\" height=\"1024\" src=\"https:\/\/swissbaker.ch\/wp-content\/uploads\/2025\/11\/ursula-schmid-praline-2024-768x1024.jpg\" alt=\"\" class=\"wp-image-128817\" srcset=\"https:\/\/swissbaker.ch\/wp-content\/uploads\/2025\/11\/ursula-schmid-praline-2024-768x1024.jpg 768w, https:\/\/swissbaker.ch\/wp-content\/uploads\/2025\/11\/ursula-schmid-praline-2024.jpg 800w\" sizes=\"(max-width: 768px) 100vw, 768px\" \/><figcaption class=\"wp-element-caption\"><em>Le pralin\u00e9 gagnant 2024: \u00abLittle Pear Crumble\u00bb<\/em><\/figcaption><\/figure>\n\n\n\n<p><strong>Combien de temps as-tu consacr\u00e9 \u00e0 la cr\u00e9ation de ton pralin\u00e9?<br><\/strong>Je l\u2019ai plut\u00f4t fait accessoirement, car nous avions la production de No\u00ebl \u00e0 pr\u00e9parer ce mois-l\u00e0. J\u2019ai d\u2019abord fait mac\u00e9rer les poires dans du Williams, puis deux semaines plus tard, j\u2019ai effectu\u00e9 plusieurs tests en parall\u00e8le. J\u2019ai \u00e9t\u00e9 assez rapidement satisfaite du r\u00e9sultat. En janvier, j\u2019ai produit les pralin\u00e9s que j\u2019ai pu envoyer pour le concours. Je me r\u00e9p\u00e9tais sans cesse: \u00abIl faut absolument que tout se passe bien. Ils doivent \u00eatre vraiment bons.\u00bb<\/p>\n\n\n\n<p><strong>Qu\u2019est-ce qui \u00e9tait particuli\u00e8rement important pour toi lors du d\u00e9veloppement de ton pralin\u00e9?<br><\/strong>La texture est tr\u00e8s importante pour moi. Je veille toujours \u00e0 associer deux composants diff\u00e9rents, par exemple quelque chose de cr\u00e9meux et quelque chose de friable, comme du crumble. Et \u00e0 ce que ce ne soit pas seulement sucr\u00e9. Comme les poires \u00e9taient plut\u00f4t sucr\u00e9es, j\u2019ai d\u00e9lib\u00e9r\u00e9ment rendu le gianduja un peu plus amer, voire l\u00e9g\u00e8rement sal\u00e9. Avec le Williams, j\u2019ai essay\u00e9 de trouver un bel \u00e9quilibre.<\/p>\n\n\n\n<p><strong>As-tu rencontr\u00e9 des d\u00e9fis particuliers et comment les as-tu relev\u00e9s?<br><\/strong>Le storytelling. L\u2019\u00e9criture n\u2019est pas mon fort (rires). Heureusement, ma s\u0153ur est tr\u00e8s dou\u00e9e avec les mots et a corrig\u00e9 mon texte.<\/p>\n\n\n\n<p><strong>Ce prix a-t-il chang\u00e9 quelque chose dans ton quotidien professionnel?<\/strong><br>L\u2019annonce de ma victoire a suscit\u00e9 un certain engouement. Une journaliste du Bote der Urschweiz et Claudia Vernocchi sont venues (ndlr\u2009: un article sur le pralin\u00e9 a \u00e9galement \u00e9t\u00e9 publi\u00e9 dans le Tages-Anzeiger). Nous avons vendu ma cr\u00e9ation dans nos magasins, ce qui a \u00e9t\u00e9 une tr\u00e8s belle reconnaissance.<\/p>\n\n\n<div class=\"wp-block-image\">\n<figure class=\"aligncenter size-full is-resized\"><img decoding=\"async\" width=\"800\" height=\"968\" src=\"https:\/\/swissbaker.ch\/wp-content\/uploads\/2025\/11\/ursula-schmid-und-peter-speck.jpg\" alt=\"\" class=\"wp-image-128821\" style=\"width:432px;height:auto\" srcset=\"https:\/\/swissbaker.ch\/wp-content\/uploads\/2025\/11\/ursula-schmid-und-peter-speck.jpg 800w, https:\/\/swissbaker.ch\/wp-content\/uploads\/2025\/11\/ursula-schmid-und-peter-speck-768x929.jpg 768w\" sizes=\"(max-width: 800px) 100vw, 800px\" \/><figcaption class=\"wp-element-caption\"><em>Ursula Schmid et Peter Speck, patron de Speck Genuss AG<br><\/em><\/figcaption><\/figure>\n<\/div>\n\n\n<p><strong>As-tu tir\u00e9 quelque chose de ce concours?<\/strong><br>Dans l\u2019ensemble, je pense que je suis devenue plus audacieuse. Le concours y a peut-\u00eatre contribu\u00e9, mais c\u2019est aussi gr\u00e2ce \u00e0 mon exp\u00e9rience professionnelle qui ne cesse de s\u2019enrichir (rires).<\/p>\n\n\n\n<p><strong>Te r\u00e9inscrirais-tu?<br><\/strong>Si j\u2019avais une tr\u00e8s bonne id\u00e9e, oui. Mais je dois pouvoir y croire. Je ne ferais pas quelque chose \u00e0 la va-vite juste pour pouvoir participer. Et comme c\u2019est souvent le cas en mati\u00e8re de cr\u00e9ativit\u00e9, j\u2019ai parfois beaucoup d\u2019id\u00e9es, parfois aucune.<\/p>\n\n\n\n<p><strong>Que conseillerais-tu aux boulangers et confiseurs qui souhaiteraient participer au concours?<br><\/strong>De ne pas avoir peur de demander de l\u2019aide. On ne peut pas tout savoir sur tout. A l\u2019\u00e9poque, une coll\u00e8gue de travail m\u2019a donn\u00e9 un ou deux conseils, et ma s\u0153ur m\u2019a aid\u00e9e pour le storytelling. Les \u00e9changes sont toujours utiles et permettent de faire na\u00eetre de nouvelles id\u00e9es.<\/p>\n\n\n\n<p><strong>Tu es d\u00e9sormais membre du jury du concours du pralin\u00e9 \u00e0 l\u2019eau-de-vie. Qu\u2019est-ce qui te r\u00e9jouit particuli\u00e8rement?<br><\/strong>J\u2019ai h\u00e2te de d\u00e9couvrir les id\u00e9es des participants et participantes. Lorsque j\u2019ai moi-m\u00eame particip\u00e9, je n\u2019avais aucun point de comparaison. Je n\u2019ai jamais su quel \u00e9tait le go\u00fbt des pralin\u00e9s des autres candidats et candidates.<\/p>\n\n\n\n<p><strong>Mis \u00e0 part la technique, qu\u2019est-ce qui fait pour toi un tr\u00e8s bon pralin\u00e9?<br><\/strong>La texture. Le go\u00fbt est \u00e9videmment important, mais au final, un pralin\u00e9 doit \u00eatre un ensemble harmonieux. Je n\u2019ach\u00e8terais pas une truffe classique, je pr\u00e9f\u00e8re essayer de nouvelles saveurs et me laisser inspirer.<\/p>\n\n\n\n<p class=\"has-text-align-right\"><em>Anja Steiner<br>Photos: Claudia Vernocchi<\/em><\/p>\n\n\n\n<hr class=\"wp-block-separator has-alpha-channel-opacity\"\/>\n\n\n\n<h2 class=\"wp-block-heading\" id=\"h-concours-du-praline-a-l-eau-de-vie-edition-gin-2026\">Concours du Pralin\u00e9 \u00e0 l\u2019eau-de-vie \u2013 Edition Gin 2026<\/h2>\n\n\n\n<p>Le concours est organis\u00e9 par la BCS et les distillateurs suisses. Il s\u2019agit de cr\u00e9er un pralin\u00e9 au gin cr\u00e9atif, avec ou sans alcool. La participation est ouverte aux membres de la BCS ainsi qu\u2019\u00e0 leurs collaborateurs et apprentis qui aiment l\u2019artisanat et souhaitent soumettre leurs id\u00e9es.<\/p>\n\n\n\n<p><strong>Date limite d\u2019inscription: 1<sup>er<\/sup>\u202fd\u00e9cembre<br>Date limite de remise de tous les documents: 9\u202fjanvier<br>Infos: <a href=\"http:\/\/swissbaker.ch\/pralines\">swissbaker.ch\/pralines<\/a><\/strong><\/p>\n","protected":false},"excerpt":{"rendered":"<p>Il y a deux ans, Ursula Schmid (Confiserie Speck AG, Zoug) a remport\u00e9 le concours du pralin\u00e9 \u00e0 l\u2019eau-de-vie avec son \u00ab\u2009Little Pear Crumble\u2009\u00bb. Cette fois-ci, elle fera partie du jury. Dans cette interview, elle revient sur son parcours et d\u00e9voile ses trucs et astuces.<\/p>\n","protected":false},"author":5,"featured_media":128811,"comment_status":"closed","ping_status":"closed","sticky":true,"template":"","format":"standard","meta":{"_acf_changed":false,"footnotes":""},"categories":[43],"tags":[],"class_list":["post-128828","post","type-post","status-publish","format-standard","has-post-thumbnail","hentry","category-concours"],"acf":[],"yoast_head":"<!-- This site is optimized with the Yoast SEO Premium plugin v26.8 (Yoast SEO v26.8) - https:\/\/yoast.com\/product\/yoast-seo-premium-wordpress\/ -->\n<title>\u00abJe suis devenue plus audacieuse\u00bb | SBC<\/title>\n<meta name=\"description\" content=\"Il y a deux ans, Ursula Schmid (Confiserie Speck AG, Zoug) a remport\u00e9 le concours du pralin\u00e9 \u00e0 l\u2019eau-de-vie avec son \u00abLittle Pear Crumble\u00bb.\" \/>\n<meta name=\"robots\" content=\"index, follow, max-snippet:-1, max-image-preview:large, max-video-preview:-1\" \/>\n<link rel=\"canonical\" href=\"https:\/\/swissbaker.ch\/fr\/panissimo-news\/je-suis-devenue-plus-audacieuse\/\" \/>\n<meta property=\"og:locale\" content=\"fr_FR\" \/>\n<meta property=\"og:type\" content=\"article\" \/>\n<meta property=\"og:title\" content=\"\u00abJe suis devenue plus audacieuse\u00bb\" \/>\n<meta property=\"og:description\" content=\"Il y a deux ans, Ursula Schmid (Confiserie Speck AG, Zoug) a remport\u00e9 le concours du pralin\u00e9 \u00e0 l\u2019eau-de-vie avec son \u00abLittle Pear Crumble\u00bb.\" \/>\n<meta property=\"og:url\" content=\"https:\/\/swissbaker.ch\/fr\/panissimo-news\/je-suis-devenue-plus-audacieuse\/\" \/>\n<meta property=\"og:site_name\" content=\"SBC\" \/>\n<meta property=\"article:publisher\" content=\"https:\/\/www.facebook.com\/swissbaker.ch\" \/>\n<meta property=\"article:published_time\" content=\"2025-11-05T13:06:32+00:00\" \/>\n<meta property=\"article:modified_time\" content=\"2025-11-05T13:36:10+00:00\" \/>\n<meta property=\"og:image\" content=\"https:\/\/swissbaker.ch\/wp-content\/uploads\/2025\/11\/ursula-schmid-2024.jpg\" \/>\n\t<meta property=\"og:image:width\" content=\"1200\" \/>\n\t<meta property=\"og:image:height\" content=\"712\" \/>\n\t<meta property=\"og:image:type\" content=\"image\/jpeg\" \/>\n<meta name=\"author\" content=\"Simon Nussbaum\" \/>\n<meta name=\"twitter:card\" content=\"summary_large_image\" \/>\n<meta name=\"twitter:creator\" content=\"@ch_swissbaker\" \/>\n<meta name=\"twitter:site\" content=\"@ch_swissbaker\" \/>\n<meta name=\"twitter:label1\" content=\"Written by\" \/>\n\t<meta name=\"twitter:data1\" content=\"Simon Nussbaum\" \/>\n\t<meta name=\"twitter:label2\" content=\"Est. reading time\" \/>\n\t<meta name=\"twitter:data2\" content=\"5 minutes\" \/>\n<script type=\"application\/ld+json\" class=\"yoast-schema-graph\">{\"@context\":\"https:\/\/schema.org\",\"@graph\":[{\"@type\":\"Article\",\"@id\":\"https:\/\/swissbaker.ch\/fr\/panissimo-news\/je-suis-devenue-plus-audacieuse\/#article\",\"isPartOf\":{\"@id\":\"https:\/\/swissbaker.ch\/fr\/panissimo-news\/je-suis-devenue-plus-audacieuse\/\"},\"author\":{\"name\":\"Simon Nussbaum\",\"@id\":\"https:\/\/swissbaker.ch\/fr\/#\/schema\/person\/74bd327b08c18ca6042c02ff6f0ed5e2\"},\"headline\":\"\u00abJe suis devenue plus audacieuse\u00bb\",\"datePublished\":\"2025-11-05T13:06:32+00:00\",\"dateModified\":\"2025-11-05T13:36:10+00:00\",\"mainEntityOfPage\":{\"@id\":\"https:\/\/swissbaker.ch\/fr\/panissimo-news\/je-suis-devenue-plus-audacieuse\/\"},\"wordCount\":950,\"publisher\":{\"@id\":\"https:\/\/swissbaker.ch\/fr\/#organization\"},\"image\":{\"@id\":\"https:\/\/swissbaker.ch\/fr\/panissimo-news\/je-suis-devenue-plus-audacieuse\/#primaryimage\"},\"thumbnailUrl\":\"https:\/\/swissbaker.ch\/wp-content\/uploads\/2025\/11\/ursula-schmid-2024.jpg\",\"articleSection\":[\"Concours\"],\"inLanguage\":\"fr-FR\"},{\"@type\":\"WebPage\",\"@id\":\"https:\/\/swissbaker.ch\/fr\/panissimo-news\/je-suis-devenue-plus-audacieuse\/\",\"url\":\"https:\/\/swissbaker.ch\/fr\/panissimo-news\/je-suis-devenue-plus-audacieuse\/\",\"name\":\"\u00abJe suis devenue plus audacieuse\u00bb | SBC\",\"isPartOf\":{\"@id\":\"https:\/\/swissbaker.ch\/fr\/#website\"},\"primaryImageOfPage\":{\"@id\":\"https:\/\/swissbaker.ch\/fr\/panissimo-news\/je-suis-devenue-plus-audacieuse\/#primaryimage\"},\"image\":{\"@id\":\"https:\/\/swissbaker.ch\/fr\/panissimo-news\/je-suis-devenue-plus-audacieuse\/#primaryimage\"},\"thumbnailUrl\":\"https:\/\/swissbaker.ch\/wp-content\/uploads\/2025\/11\/ursula-schmid-2024.jpg\",\"datePublished\":\"2025-11-05T13:06:32+00:00\",\"dateModified\":\"2025-11-05T13:36:10+00:00\",\"description\":\"Il y a deux ans, Ursula Schmid (Confiserie Speck AG, Zoug) a remport\u00e9 le concours du pralin\u00e9 \u00e0 l\u2019eau-de-vie avec son \u00abLittle Pear Crumble\u00bb.\",\"breadcrumb\":{\"@id\":\"https:\/\/swissbaker.ch\/fr\/panissimo-news\/je-suis-devenue-plus-audacieuse\/#breadcrumb\"},\"inLanguage\":\"fr-FR\",\"potentialAction\":[{\"@type\":\"ReadAction\",\"target\":[\"https:\/\/swissbaker.ch\/fr\/panissimo-news\/je-suis-devenue-plus-audacieuse\/\"]}]},{\"@type\":\"ImageObject\",\"inLanguage\":\"fr-FR\",\"@id\":\"https:\/\/swissbaker.ch\/fr\/panissimo-news\/je-suis-devenue-plus-audacieuse\/#primaryimage\",\"url\":\"https:\/\/swissbaker.ch\/wp-content\/uploads\/2025\/11\/ursula-schmid-2024.jpg\",\"contentUrl\":\"https:\/\/swissbaker.ch\/wp-content\/uploads\/2025\/11\/ursula-schmid-2024.jpg\",\"width\":1200,\"height\":712},{\"@type\":\"BreadcrumbList\",\"@id\":\"https:\/\/swissbaker.ch\/fr\/panissimo-news\/je-suis-devenue-plus-audacieuse\/#breadcrumb\",\"itemListElement\":[{\"@type\":\"ListItem\",\"position\":1,\"name\":\"\",\"item\":\"https:\/\/swissbaker.ch\/fr\/\"},{\"@type\":\"ListItem\",\"position\":2,\"name\":\"Concours\",\"item\":\"https:\/\/swissbaker.ch\/fr\/panissimo-news\/category\/concours\/\"},{\"@type\":\"ListItem\",\"position\":3,\"name\":\"\u00abJe suis devenue plus audacieuse\u00bb\"}]},{\"@type\":\"WebSite\",\"@id\":\"https:\/\/swissbaker.ch\/fr\/#website\",\"url\":\"https:\/\/swissbaker.ch\/fr\/\",\"name\":\"SBC\",\"description\":\"\",\"publisher\":{\"@id\":\"https:\/\/swissbaker.ch\/fr\/#organization\"},\"potentialAction\":[{\"@type\":\"SearchAction\",\"target\":{\"@type\":\"EntryPoint\",\"urlTemplate\":\"https:\/\/swissbaker.ch\/fr\/?s={search_term_string}\"},\"query-input\":{\"@type\":\"PropertyValueSpecification\",\"valueRequired\":true,\"valueName\":\"search_term_string\"}}],\"inLanguage\":\"fr-FR\"},{\"@type\":\"Organization\",\"@id\":\"https:\/\/swissbaker.ch\/fr\/#organization\",\"name\":\"Schweizerischer B\u00e4cker-Confiseurmeister-Verband\",\"url\":\"https:\/\/swissbaker.ch\/fr\/\",\"logo\":{\"@type\":\"ImageObject\",\"inLanguage\":\"fr-FR\",\"@id\":\"https:\/\/swissbaker.ch\/fr\/#\/schema\/logo\/image\/\",\"url\":\"https:\/\/swissbaker.ch\/wp-content\/uploads\/2022\/04\/sbc-logo-yoast.jpg\",\"contentUrl\":\"https:\/\/swissbaker.ch\/wp-content\/uploads\/2022\/04\/sbc-logo-yoast.jpg\",\"width\":512,\"height\":512,\"caption\":\"Schweizerischer B\u00e4cker-Confiseurmeister-Verband\"},\"image\":{\"@id\":\"https:\/\/swissbaker.ch\/fr\/#\/schema\/logo\/image\/\"},\"sameAs\":[\"https:\/\/www.facebook.com\/swissbaker.ch\",\"https:\/\/x.com\/ch_swissbaker\"]},{\"@type\":\"Person\",\"@id\":\"https:\/\/swissbaker.ch\/fr\/#\/schema\/person\/74bd327b08c18ca6042c02ff6f0ed5e2\",\"name\":\"Simon Nussbaum\",\"image\":{\"@type\":\"ImageObject\",\"inLanguage\":\"fr-FR\",\"@id\":\"https:\/\/swissbaker.ch\/fr\/#\/schema\/person\/image\/\",\"url\":\"https:\/\/secure.gravatar.com\/avatar\/df0eced3bb556c806cb760cf503ade1ed1df25b4104d80d6fd28d93a9509aa12?s=96&d=mm&r=g\",\"contentUrl\":\"https:\/\/secure.gravatar.com\/avatar\/df0eced3bb556c806cb760cf503ade1ed1df25b4104d80d6fd28d93a9509aa12?s=96&d=mm&r=g\",\"caption\":\"Simon Nussbaum\"},\"url\":\"https:\/\/swissbaker.ch\/fr\/panissimo-news\/author\/simon-nussbaum\/\"}]}<\/script>\n<!-- \/ Yoast SEO Premium plugin. -->","yoast_head_json":{"title":"\u00abJe suis devenue plus audacieuse\u00bb | SBC","description":"Il y a deux ans, Ursula Schmid (Confiserie Speck AG, Zoug) a remport\u00e9 le concours du pralin\u00e9 \u00e0 l\u2019eau-de-vie avec son \u00abLittle Pear Crumble\u00bb.","robots":{"index":"index","follow":"follow","max-snippet":"max-snippet:-1","max-image-preview":"max-image-preview:large","max-video-preview":"max-video-preview:-1"},"canonical":"https:\/\/swissbaker.ch\/fr\/panissimo-news\/je-suis-devenue-plus-audacieuse\/","og_locale":"fr_FR","og_type":"article","og_title":"\u00abJe suis devenue plus audacieuse\u00bb","og_description":"Il y a deux ans, Ursula Schmid (Confiserie Speck AG, Zoug) a remport\u00e9 le concours du pralin\u00e9 \u00e0 l\u2019eau-de-vie avec son \u00abLittle Pear Crumble\u00bb.","og_url":"https:\/\/swissbaker.ch\/fr\/panissimo-news\/je-suis-devenue-plus-audacieuse\/","og_site_name":"SBC","article_publisher":"https:\/\/www.facebook.com\/swissbaker.ch","article_published_time":"2025-11-05T13:06:32+00:00","article_modified_time":"2025-11-05T13:36:10+00:00","og_image":[{"width":1200,"height":712,"url":"https:\/\/swissbaker.ch\/wp-content\/uploads\/2025\/11\/ursula-schmid-2024.jpg","type":"image\/jpeg"}],"author":"Simon Nussbaum","twitter_card":"summary_large_image","twitter_creator":"@ch_swissbaker","twitter_site":"@ch_swissbaker","twitter_misc":{"Written by":"Simon Nussbaum","Est. reading time":"5 minutes"},"schema":{"@context":"https:\/\/schema.org","@graph":[{"@type":"Article","@id":"https:\/\/swissbaker.ch\/fr\/panissimo-news\/je-suis-devenue-plus-audacieuse\/#article","isPartOf":{"@id":"https:\/\/swissbaker.ch\/fr\/panissimo-news\/je-suis-devenue-plus-audacieuse\/"},"author":{"name":"Simon Nussbaum","@id":"https:\/\/swissbaker.ch\/fr\/#\/schema\/person\/74bd327b08c18ca6042c02ff6f0ed5e2"},"headline":"\u00abJe suis devenue plus audacieuse\u00bb","datePublished":"2025-11-05T13:06:32+00:00","dateModified":"2025-11-05T13:36:10+00:00","mainEntityOfPage":{"@id":"https:\/\/swissbaker.ch\/fr\/panissimo-news\/je-suis-devenue-plus-audacieuse\/"},"wordCount":950,"publisher":{"@id":"https:\/\/swissbaker.ch\/fr\/#organization"},"image":{"@id":"https:\/\/swissbaker.ch\/fr\/panissimo-news\/je-suis-devenue-plus-audacieuse\/#primaryimage"},"thumbnailUrl":"https:\/\/swissbaker.ch\/wp-content\/uploads\/2025\/11\/ursula-schmid-2024.jpg","articleSection":["Concours"],"inLanguage":"fr-FR"},{"@type":"WebPage","@id":"https:\/\/swissbaker.ch\/fr\/panissimo-news\/je-suis-devenue-plus-audacieuse\/","url":"https:\/\/swissbaker.ch\/fr\/panissimo-news\/je-suis-devenue-plus-audacieuse\/","name":"\u00abJe suis devenue plus audacieuse\u00bb | SBC","isPartOf":{"@id":"https:\/\/swissbaker.ch\/fr\/#website"},"primaryImageOfPage":{"@id":"https:\/\/swissbaker.ch\/fr\/panissimo-news\/je-suis-devenue-plus-audacieuse\/#primaryimage"},"image":{"@id":"https:\/\/swissbaker.ch\/fr\/panissimo-news\/je-suis-devenue-plus-audacieuse\/#primaryimage"},"thumbnailUrl":"https:\/\/swissbaker.ch\/wp-content\/uploads\/2025\/11\/ursula-schmid-2024.jpg","datePublished":"2025-11-05T13:06:32+00:00","dateModified":"2025-11-05T13:36:10+00:00","description":"Il y a deux ans, Ursula Schmid (Confiserie Speck AG, Zoug) a remport\u00e9 le concours du pralin\u00e9 \u00e0 l\u2019eau-de-vie avec son \u00abLittle Pear Crumble\u00bb.","breadcrumb":{"@id":"https:\/\/swissbaker.ch\/fr\/panissimo-news\/je-suis-devenue-plus-audacieuse\/#breadcrumb"},"inLanguage":"fr-FR","potentialAction":[{"@type":"ReadAction","target":["https:\/\/swissbaker.ch\/fr\/panissimo-news\/je-suis-devenue-plus-audacieuse\/"]}]},{"@type":"ImageObject","inLanguage":"fr-FR","@id":"https:\/\/swissbaker.ch\/fr\/panissimo-news\/je-suis-devenue-plus-audacieuse\/#primaryimage","url":"https:\/\/swissbaker.ch\/wp-content\/uploads\/2025\/11\/ursula-schmid-2024.jpg","contentUrl":"https:\/\/swissbaker.ch\/wp-content\/uploads\/2025\/11\/ursula-schmid-2024.jpg","width":1200,"height":712},{"@type":"BreadcrumbList","@id":"https:\/\/swissbaker.ch\/fr\/panissimo-news\/je-suis-devenue-plus-audacieuse\/#breadcrumb","itemListElement":[{"@type":"ListItem","position":1,"name":"","item":"https:\/\/swissbaker.ch\/fr\/"},{"@type":"ListItem","position":2,"name":"Concours","item":"https:\/\/swissbaker.ch\/fr\/panissimo-news\/category\/concours\/"},{"@type":"ListItem","position":3,"name":"\u00abJe suis devenue plus audacieuse\u00bb"}]},{"@type":"WebSite","@id":"https:\/\/swissbaker.ch\/fr\/#website","url":"https:\/\/swissbaker.ch\/fr\/","name":"SBC","description":"","publisher":{"@id":"https:\/\/swissbaker.ch\/fr\/#organization"},"potentialAction":[{"@type":"SearchAction","target":{"@type":"EntryPoint","urlTemplate":"https:\/\/swissbaker.ch\/fr\/?s={search_term_string}"},"query-input":{"@type":"PropertyValueSpecification","valueRequired":true,"valueName":"search_term_string"}}],"inLanguage":"fr-FR"},{"@type":"Organization","@id":"https:\/\/swissbaker.ch\/fr\/#organization","name":"Schweizerischer B\u00e4cker-Confiseurmeister-Verband","url":"https:\/\/swissbaker.ch\/fr\/","logo":{"@type":"ImageObject","inLanguage":"fr-FR","@id":"https:\/\/swissbaker.ch\/fr\/#\/schema\/logo\/image\/","url":"https:\/\/swissbaker.ch\/wp-content\/uploads\/2022\/04\/sbc-logo-yoast.jpg","contentUrl":"https:\/\/swissbaker.ch\/wp-content\/uploads\/2022\/04\/sbc-logo-yoast.jpg","width":512,"height":512,"caption":"Schweizerischer B\u00e4cker-Confiseurmeister-Verband"},"image":{"@id":"https:\/\/swissbaker.ch\/fr\/#\/schema\/logo\/image\/"},"sameAs":["https:\/\/www.facebook.com\/swissbaker.ch","https:\/\/x.com\/ch_swissbaker"]},{"@type":"Person","@id":"https:\/\/swissbaker.ch\/fr\/#\/schema\/person\/74bd327b08c18ca6042c02ff6f0ed5e2","name":"Simon Nussbaum","image":{"@type":"ImageObject","inLanguage":"fr-FR","@id":"https:\/\/swissbaker.ch\/fr\/#\/schema\/person\/image\/","url":"https:\/\/secure.gravatar.com\/avatar\/df0eced3bb556c806cb760cf503ade1ed1df25b4104d80d6fd28d93a9509aa12?s=96&d=mm&r=g","contentUrl":"https:\/\/secure.gravatar.com\/avatar\/df0eced3bb556c806cb760cf503ade1ed1df25b4104d80d6fd28d93a9509aa12?s=96&d=mm&r=g","caption":"Simon Nussbaum"},"url":"https:\/\/swissbaker.ch\/fr\/panissimo-news\/author\/simon-nussbaum\/"}]}},"_links":{"self":[{"href":"https:\/\/swissbaker.ch\/fr\/wp-json\/wp\/v2\/posts\/128828","targetHints":{"allow":["GET"]}}],"collection":[{"href":"https:\/\/swissbaker.ch\/fr\/wp-json\/wp\/v2\/posts"}],"about":[{"href":"https:\/\/swissbaker.ch\/fr\/wp-json\/wp\/v2\/types\/post"}],"author":[{"embeddable":true,"href":"https:\/\/swissbaker.ch\/fr\/wp-json\/wp\/v2\/users\/5"}],"replies":[{"embeddable":true,"href":"https:\/\/swissbaker.ch\/fr\/wp-json\/wp\/v2\/comments?post=128828"}],"version-history":[{"count":0,"href":"https:\/\/swissbaker.ch\/fr\/wp-json\/wp\/v2\/posts\/128828\/revisions"}],"wp:featuredmedia":[{"embeddable":true,"href":"https:\/\/swissbaker.ch\/fr\/wp-json\/wp\/v2\/media\/128811"}],"wp:attachment":[{"href":"https:\/\/swissbaker.ch\/fr\/wp-json\/wp\/v2\/media?parent=128828"}],"wp:term":[{"taxonomy":"category","embeddable":true,"href":"https:\/\/swissbaker.ch\/fr\/wp-json\/wp\/v2\/categories?post=128828"},{"taxonomy":"post_tag","embeddable":true,"href":"https:\/\/swissbaker.ch\/fr\/wp-json\/wp\/v2\/tags?post=128828"}],"curies":[{"name":"wp","href":"https:\/\/api.w.org\/{rel}","templated":true}]}}