{"id":128582,"date":"2025-10-28T13:37:31","date_gmt":"2025-10-28T12:37:31","guid":{"rendered":"https:\/\/swissbaker.ch\/?p=128582"},"modified":"2025-10-28T14:12:24","modified_gmt":"2025-10-28T13:12:24","slug":"lambiance-lequipe-lassortiment","status":"publish","type":"post","link":"https:\/\/swissbaker.ch\/fr\/panissimo-news\/lambiance-lequipe-lassortiment\/","title":{"rendered":"L\u2019ambiance, l\u2019\u00e9quipe, l\u2019assortiment"},"content":{"rendered":"\n<p><strong>Depuis un an, la client\u00e8le de Steiner-Beck \u00e0 Wetzikon (ZH) profite d\u2019une exp\u00e9rience d\u2019achat unique, dans une ambiance chaleureuse, avec une \u00e9quipe rod\u00e9e et des produits de qualit\u00e9. Fabienne K\u00f6ng et son p\u00e8re Bernhard Steiner, propri\u00e9taire de l\u2019\u00e9tablissement, expliquent pourquoi le magasin r\u00e9nov\u00e9 et le caf\u00e9 nouvellement ouvert s\u00e9duisent autant les clients.<\/strong><\/p>\n\n\n\n<p>Avec ses 29 succursales, Steiner-Beck \u00e0 Wetzikon (ZH) est l\u2019un des plus grands membres de la BCS. \u00abLe si\u00e8ge central doit refl\u00e9ter notre modernit\u00e9 et notre esprit d\u2019innovation\u00bb, d\u00e9clare Fabienne K\u00f6ng, responsable des finances et de l\u2019administration de la boulangerie-confiserie. Ce qui a un certain co\u00fbt pour l\u2019entreprise: l\u2019ann\u00e9e derni\u00e8re, le point de vente et le caf\u00e9 ont \u00e9t\u00e9 r\u00e9nov\u00e9s pour un montant de 3\u202fmillions de francs.<\/p>\n\n\n\n<figure class=\"wp-block-image size-full\"><img decoding=\"async\" width=\"1000\" height=\"737\" src=\"https:\/\/swissbaker.ch\/wp-content\/uploads\/2025\/10\/20_2_steiner-beck_damen.jpg\" alt=\"\" class=\"wp-image-128579\" srcset=\"https:\/\/swissbaker.ch\/wp-content\/uploads\/2025\/10\/20_2_steiner-beck_damen.jpg 1000w, https:\/\/swissbaker.ch\/wp-content\/uploads\/2025\/10\/20_2_steiner-beck_damen-768x566.jpg 768w\" sizes=\"(max-width: 1000px) 100vw, 1000px\" \/><figcaption class=\"wp-element-caption\"><em>Fabienne K\u00f6ng, administration et finances, avec Majlinda Blakaj, directrice de la succursale de Wetzikon.<\/em><\/figcaption><\/figure>\n\n\n\n<h2 class=\"wp-block-heading\" id=\"h-experiences-a-hinwil-et-arosa\">Exp\u00e9riences \u00e0 Hinwil et Arosa<\/h2>\n\n\n\n<p>Ce ne sont bien s\u00fbr pas seulement des raisons subjectives qui ont motiv\u00e9 la r\u00e9novation du magasin: \u00abNous n\u2019avions pas assez de places dans le caf\u00e9\u00bb, rapporte Fabienne K\u00f6ng. Mais un an plus tard, c\u2019est presque \u00e0 nouveau le cas, ajoute-t-elle d\u2019un air pensif. \u00abTrois jours apr\u00e8s la r\u00e9ouverture, le caf\u00e9 \u00e9tait d\u00e9j\u00e0 presque plein.\u00bb De plus, une voie d\u2019acc\u00e8s aux parkings voisins passait entre la terrasse ext\u00e9rieure et le caf\u00e9 int\u00e9rieur, ce qui \u00e9tait \u00abtr\u00e8s g\u00eanant\u00bb tant pour le personnel que pour les clients.<\/p>\n\n\n<div class=\"wp-block-image\">\n<figure class=\"aligncenter size-full is-resized\"><img decoding=\"async\" width=\"609\" height=\"712\" src=\"https:\/\/swissbaker.ch\/wp-content\/uploads\/2025\/10\/20_2_bernhard_steiner.jpg\" alt=\"\" class=\"wp-image-128572\" style=\"width:328px;height:auto\"\/><figcaption class=\"wp-element-caption\">Bernh<em>ard Steiner est la troisi\u00e8me g\u00e9n\u00e9ration \u00e0 diriger Steiner-Beck.<\/em><\/figcaption><\/figure>\n<\/div>\n\n\n<p>Pour d\u00e9terminer le nouveau look de la succursale r\u00e9nov\u00e9e, Steiner-Beck a puis\u00e9 son inspiration sur ses nombreux sites: \u00abEn termes de style, nous nous sommes inspir\u00e9s des nouvelles constructions \u00e0 Hinwil (ZH) et \u00e0 Arosa (GR\u2009\u00bb, explique Bernhard Steiner. Il est le propri\u00e9taire de l\u2019entreprise familiale et le p\u00e8re de Fabienne K\u00f6ng. &#8230;<\/p>\n\n\n\n<p>&#8230; <em>Lisez l&#8217;article complet dans Panissimo du 24 octobre 2025<\/em>.<\/p>\n\n\n\n<ul class=\"wp-block-list\">\n<li><a href=\"http:\/\/steiner-beck.ch\">steiner-beck.ch<\/a><\/li>\n\n\n\n<li><a href=\"https:\/\/swissbaker.ch\/panissimo-news\/fotogalerie\/produktion-vom-steiner-beck\/\" target=\"_blank\" rel=\"noreferrer noopener\">Galerie de photos de la production&#8230;\u00bb<\/a><\/li>\n<\/ul>\n\n\n\n<p class=\"has-text-align-right\"><em>Texte et photos: Diego Schwerzmann<\/em><\/p>\n","protected":false},"excerpt":{"rendered":"<p>Depuis un an, la client\u00e8le de Steiner-Beck \u00e0 Wetzikon (ZH) profite d\u2019une exp\u00e9rience d\u2019achat unique, dans une ambiance chaleureuse, avec une \u00e9quipe rod\u00e9e et des produits de qualit\u00e9. Fabienne K\u00f6ng et son p\u00e8re Bernhard Steiner, propri\u00e9taire de l\u2019\u00e9tablissement, expliquent pourquoi le magasin r\u00e9nov\u00e9 et le caf\u00e9 nouvellement ouvert s\u00e9duisent autant les clients.  <\/p>\n","protected":false},"author":5,"featured_media":128568,"comment_status":"closed","ping_status":"closed","sticky":true,"template":"","format":"standard","meta":{"_acf_changed":false,"footnotes":""},"categories":[42],"tags":[],"class_list":["post-128582","post","type-post","status-publish","format-standard","has-post-thumbnail","hentry","category-boulangeries-confiseries"],"acf":[],"yoast_head":"<!-- This site is optimized with the Yoast SEO Premium plugin v26.8 (Yoast SEO v26.8) - https:\/\/yoast.com\/product\/yoast-seo-premium-wordpress\/ -->\n<title>L\u2019ambiance, l\u2019\u00e9quipe, l\u2019assortiment | SBC<\/title>\n<meta name=\"description\" content=\"La client\u00e8le de Steiner-Beck \u00e0 Wetzikon (ZH) profite d\u2019une exp\u00e9rience d\u2019achat unique\" \/>\n<meta name=\"robots\" content=\"index, follow, max-snippet:-1, max-image-preview:large, max-video-preview:-1\" \/>\n<link rel=\"canonical\" href=\"https:\/\/swissbaker.ch\/fr\/panissimo-news\/lambiance-lequipe-lassortiment\/\" \/>\n<meta property=\"og:locale\" content=\"fr_FR\" \/>\n<meta property=\"og:type\" content=\"article\" \/>\n<meta property=\"og:title\" content=\"L\u2019ambiance, l\u2019\u00e9quipe, l\u2019assortiment\" \/>\n<meta property=\"og:description\" content=\"La client\u00e8le de Steiner-Beck \u00e0 Wetzikon (ZH) profite d\u2019une exp\u00e9rience d\u2019achat unique\" \/>\n<meta property=\"og:url\" content=\"https:\/\/swissbaker.ch\/fr\/panissimo-news\/lambiance-lequipe-lassortiment\/\" \/>\n<meta property=\"og:site_name\" content=\"SBC\" \/>\n<meta property=\"article:publisher\" content=\"https:\/\/www.facebook.com\/swissbaker.ch\" \/>\n<meta property=\"article:published_time\" content=\"2025-10-28T12:37:31+00:00\" \/>\n<meta property=\"article:modified_time\" content=\"2025-10-28T13:12:24+00:00\" \/>\n<meta property=\"og:image\" content=\"https:\/\/swissbaker.ch\/wp-content\/uploads\/2025\/10\/20_2_steiner-beck_cafe.jpg\" \/>\n\t<meta property=\"og:image:width\" content=\"1200\" \/>\n\t<meta property=\"og:image:height\" content=\"712\" \/>\n\t<meta property=\"og:image:type\" content=\"image\/jpeg\" \/>\n<meta name=\"author\" content=\"Simon Nussbaum\" \/>\n<meta name=\"twitter:card\" content=\"summary_large_image\" \/>\n<meta name=\"twitter:creator\" content=\"@ch_swissbaker\" \/>\n<meta name=\"twitter:site\" content=\"@ch_swissbaker\" \/>\n<meta name=\"twitter:label1\" content=\"Written by\" \/>\n\t<meta name=\"twitter:data1\" content=\"Simon Nussbaum\" \/>\n\t<meta name=\"twitter:label2\" content=\"Est. reading time\" \/>\n\t<meta name=\"twitter:data2\" content=\"2 minutes\" \/>\n<script type=\"application\/ld+json\" class=\"yoast-schema-graph\">{\"@context\":\"https:\/\/schema.org\",\"@graph\":[{\"@type\":\"Article\",\"@id\":\"https:\/\/swissbaker.ch\/fr\/panissimo-news\/lambiance-lequipe-lassortiment\/#article\",\"isPartOf\":{\"@id\":\"https:\/\/swissbaker.ch\/fr\/panissimo-news\/lambiance-lequipe-lassortiment\/\"},\"author\":{\"name\":\"Simon Nussbaum\",\"@id\":\"https:\/\/swissbaker.ch\/fr\/#\/schema\/person\/74bd327b08c18ca6042c02ff6f0ed5e2\"},\"headline\":\"L\u2019ambiance, l\u2019\u00e9quipe, l\u2019assortiment\",\"datePublished\":\"2025-10-28T12:37:31+00:00\",\"dateModified\":\"2025-10-28T13:12:24+00:00\",\"mainEntityOfPage\":{\"@id\":\"https:\/\/swissbaker.ch\/fr\/panissimo-news\/lambiance-lequipe-lassortiment\/\"},\"wordCount\":356,\"publisher\":{\"@id\":\"https:\/\/swissbaker.ch\/fr\/#organization\"},\"image\":{\"@id\":\"https:\/\/swissbaker.ch\/fr\/panissimo-news\/lambiance-lequipe-lassortiment\/#primaryimage\"},\"thumbnailUrl\":\"https:\/\/swissbaker.ch\/wp-content\/uploads\/2025\/10\/20_2_steiner-beck_cafe.jpg\",\"articleSection\":[\"Boulangeries\/Confiseries\"],\"inLanguage\":\"fr-FR\"},{\"@type\":\"WebPage\",\"@id\":\"https:\/\/swissbaker.ch\/fr\/panissimo-news\/lambiance-lequipe-lassortiment\/\",\"url\":\"https:\/\/swissbaker.ch\/fr\/panissimo-news\/lambiance-lequipe-lassortiment\/\",\"name\":\"L\u2019ambiance, l\u2019\u00e9quipe, l\u2019assortiment | SBC\",\"isPartOf\":{\"@id\":\"https:\/\/swissbaker.ch\/fr\/#website\"},\"primaryImageOfPage\":{\"@id\":\"https:\/\/swissbaker.ch\/fr\/panissimo-news\/lambiance-lequipe-lassortiment\/#primaryimage\"},\"image\":{\"@id\":\"https:\/\/swissbaker.ch\/fr\/panissimo-news\/lambiance-lequipe-lassortiment\/#primaryimage\"},\"thumbnailUrl\":\"https:\/\/swissbaker.ch\/wp-content\/uploads\/2025\/10\/20_2_steiner-beck_cafe.jpg\",\"datePublished\":\"2025-10-28T12:37:31+00:00\",\"dateModified\":\"2025-10-28T13:12:24+00:00\",\"description\":\"La client\u00e8le de Steiner-Beck \u00e0 Wetzikon (ZH) profite d\u2019une exp\u00e9rience d\u2019achat unique\",\"breadcrumb\":{\"@id\":\"https:\/\/swissbaker.ch\/fr\/panissimo-news\/lambiance-lequipe-lassortiment\/#breadcrumb\"},\"inLanguage\":\"fr-FR\",\"potentialAction\":[{\"@type\":\"ReadAction\",\"target\":[\"https:\/\/swissbaker.ch\/fr\/panissimo-news\/lambiance-lequipe-lassortiment\/\"]}]},{\"@type\":\"ImageObject\",\"inLanguage\":\"fr-FR\",\"@id\":\"https:\/\/swissbaker.ch\/fr\/panissimo-news\/lambiance-lequipe-lassortiment\/#primaryimage\",\"url\":\"https:\/\/swissbaker.ch\/wp-content\/uploads\/2025\/10\/20_2_steiner-beck_cafe.jpg\",\"contentUrl\":\"https:\/\/swissbaker.ch\/wp-content\/uploads\/2025\/10\/20_2_steiner-beck_cafe.jpg\",\"width\":1200,\"height\":712},{\"@type\":\"BreadcrumbList\",\"@id\":\"https:\/\/swissbaker.ch\/fr\/panissimo-news\/lambiance-lequipe-lassortiment\/#breadcrumb\",\"itemListElement\":[{\"@type\":\"ListItem\",\"position\":1,\"name\":\"\",\"item\":\"https:\/\/swissbaker.ch\/fr\/\"},{\"@type\":\"ListItem\",\"position\":2,\"name\":\"Boulangeries\/Confiseries\",\"item\":\"https:\/\/swissbaker.ch\/fr\/panissimo-news\/category\/boulangeries-confiseries\/\"},{\"@type\":\"ListItem\",\"position\":3,\"name\":\"L\u2019ambiance, l\u2019\u00e9quipe, l\u2019assortiment\"}]},{\"@type\":\"WebSite\",\"@id\":\"https:\/\/swissbaker.ch\/fr\/#website\",\"url\":\"https:\/\/swissbaker.ch\/fr\/\",\"name\":\"SBC\",\"description\":\"\",\"publisher\":{\"@id\":\"https:\/\/swissbaker.ch\/fr\/#organization\"},\"potentialAction\":[{\"@type\":\"SearchAction\",\"target\":{\"@type\":\"EntryPoint\",\"urlTemplate\":\"https:\/\/swissbaker.ch\/fr\/?s={search_term_string}\"},\"query-input\":{\"@type\":\"PropertyValueSpecification\",\"valueRequired\":true,\"valueName\":\"search_term_string\"}}],\"inLanguage\":\"fr-FR\"},{\"@type\":\"Organization\",\"@id\":\"https:\/\/swissbaker.ch\/fr\/#organization\",\"name\":\"Schweizerischer B\u00e4cker-Confiseurmeister-Verband\",\"url\":\"https:\/\/swissbaker.ch\/fr\/\",\"logo\":{\"@type\":\"ImageObject\",\"inLanguage\":\"fr-FR\",\"@id\":\"https:\/\/swissbaker.ch\/fr\/#\/schema\/logo\/image\/\",\"url\":\"https:\/\/swissbaker.ch\/wp-content\/uploads\/2022\/04\/sbc-logo-yoast.jpg\",\"contentUrl\":\"https:\/\/swissbaker.ch\/wp-content\/uploads\/2022\/04\/sbc-logo-yoast.jpg\",\"width\":512,\"height\":512,\"caption\":\"Schweizerischer B\u00e4cker-Confiseurmeister-Verband\"},\"image\":{\"@id\":\"https:\/\/swissbaker.ch\/fr\/#\/schema\/logo\/image\/\"},\"sameAs\":[\"https:\/\/www.facebook.com\/swissbaker.ch\",\"https:\/\/x.com\/ch_swissbaker\"]},{\"@type\":\"Person\",\"@id\":\"https:\/\/swissbaker.ch\/fr\/#\/schema\/person\/74bd327b08c18ca6042c02ff6f0ed5e2\",\"name\":\"Simon Nussbaum\",\"image\":{\"@type\":\"ImageObject\",\"inLanguage\":\"fr-FR\",\"@id\":\"https:\/\/swissbaker.ch\/fr\/#\/schema\/person\/image\/\",\"url\":\"https:\/\/secure.gravatar.com\/avatar\/df0eced3bb556c806cb760cf503ade1ed1df25b4104d80d6fd28d93a9509aa12?s=96&d=mm&r=g\",\"contentUrl\":\"https:\/\/secure.gravatar.com\/avatar\/df0eced3bb556c806cb760cf503ade1ed1df25b4104d80d6fd28d93a9509aa12?s=96&d=mm&r=g\",\"caption\":\"Simon Nussbaum\"},\"url\":\"https:\/\/swissbaker.ch\/fr\/panissimo-news\/author\/simon-nussbaum\/\"}]}<\/script>\n<!-- \/ Yoast SEO Premium plugin. -->","yoast_head_json":{"title":"L\u2019ambiance, l\u2019\u00e9quipe, l\u2019assortiment | SBC","description":"La client\u00e8le de Steiner-Beck \u00e0 Wetzikon (ZH) profite d\u2019une exp\u00e9rience d\u2019achat unique","robots":{"index":"index","follow":"follow","max-snippet":"max-snippet:-1","max-image-preview":"max-image-preview:large","max-video-preview":"max-video-preview:-1"},"canonical":"https:\/\/swissbaker.ch\/fr\/panissimo-news\/lambiance-lequipe-lassortiment\/","og_locale":"fr_FR","og_type":"article","og_title":"L\u2019ambiance, l\u2019\u00e9quipe, l\u2019assortiment","og_description":"La client\u00e8le de Steiner-Beck \u00e0 Wetzikon (ZH) profite d\u2019une exp\u00e9rience d\u2019achat unique","og_url":"https:\/\/swissbaker.ch\/fr\/panissimo-news\/lambiance-lequipe-lassortiment\/","og_site_name":"SBC","article_publisher":"https:\/\/www.facebook.com\/swissbaker.ch","article_published_time":"2025-10-28T12:37:31+00:00","article_modified_time":"2025-10-28T13:12:24+00:00","og_image":[{"width":1200,"height":712,"url":"https:\/\/swissbaker.ch\/wp-content\/uploads\/2025\/10\/20_2_steiner-beck_cafe.jpg","type":"image\/jpeg"}],"author":"Simon Nussbaum","twitter_card":"summary_large_image","twitter_creator":"@ch_swissbaker","twitter_site":"@ch_swissbaker","twitter_misc":{"Written by":"Simon Nussbaum","Est. reading time":"2 minutes"},"schema":{"@context":"https:\/\/schema.org","@graph":[{"@type":"Article","@id":"https:\/\/swissbaker.ch\/fr\/panissimo-news\/lambiance-lequipe-lassortiment\/#article","isPartOf":{"@id":"https:\/\/swissbaker.ch\/fr\/panissimo-news\/lambiance-lequipe-lassortiment\/"},"author":{"name":"Simon Nussbaum","@id":"https:\/\/swissbaker.ch\/fr\/#\/schema\/person\/74bd327b08c18ca6042c02ff6f0ed5e2"},"headline":"L\u2019ambiance, l\u2019\u00e9quipe, l\u2019assortiment","datePublished":"2025-10-28T12:37:31+00:00","dateModified":"2025-10-28T13:12:24+00:00","mainEntityOfPage":{"@id":"https:\/\/swissbaker.ch\/fr\/panissimo-news\/lambiance-lequipe-lassortiment\/"},"wordCount":356,"publisher":{"@id":"https:\/\/swissbaker.ch\/fr\/#organization"},"image":{"@id":"https:\/\/swissbaker.ch\/fr\/panissimo-news\/lambiance-lequipe-lassortiment\/#primaryimage"},"thumbnailUrl":"https:\/\/swissbaker.ch\/wp-content\/uploads\/2025\/10\/20_2_steiner-beck_cafe.jpg","articleSection":["Boulangeries\/Confiseries"],"inLanguage":"fr-FR"},{"@type":"WebPage","@id":"https:\/\/swissbaker.ch\/fr\/panissimo-news\/lambiance-lequipe-lassortiment\/","url":"https:\/\/swissbaker.ch\/fr\/panissimo-news\/lambiance-lequipe-lassortiment\/","name":"L\u2019ambiance, l\u2019\u00e9quipe, l\u2019assortiment | SBC","isPartOf":{"@id":"https:\/\/swissbaker.ch\/fr\/#website"},"primaryImageOfPage":{"@id":"https:\/\/swissbaker.ch\/fr\/panissimo-news\/lambiance-lequipe-lassortiment\/#primaryimage"},"image":{"@id":"https:\/\/swissbaker.ch\/fr\/panissimo-news\/lambiance-lequipe-lassortiment\/#primaryimage"},"thumbnailUrl":"https:\/\/swissbaker.ch\/wp-content\/uploads\/2025\/10\/20_2_steiner-beck_cafe.jpg","datePublished":"2025-10-28T12:37:31+00:00","dateModified":"2025-10-28T13:12:24+00:00","description":"La client\u00e8le de Steiner-Beck \u00e0 Wetzikon (ZH) profite d\u2019une exp\u00e9rience d\u2019achat unique","breadcrumb":{"@id":"https:\/\/swissbaker.ch\/fr\/panissimo-news\/lambiance-lequipe-lassortiment\/#breadcrumb"},"inLanguage":"fr-FR","potentialAction":[{"@type":"ReadAction","target":["https:\/\/swissbaker.ch\/fr\/panissimo-news\/lambiance-lequipe-lassortiment\/"]}]},{"@type":"ImageObject","inLanguage":"fr-FR","@id":"https:\/\/swissbaker.ch\/fr\/panissimo-news\/lambiance-lequipe-lassortiment\/#primaryimage","url":"https:\/\/swissbaker.ch\/wp-content\/uploads\/2025\/10\/20_2_steiner-beck_cafe.jpg","contentUrl":"https:\/\/swissbaker.ch\/wp-content\/uploads\/2025\/10\/20_2_steiner-beck_cafe.jpg","width":1200,"height":712},{"@type":"BreadcrumbList","@id":"https:\/\/swissbaker.ch\/fr\/panissimo-news\/lambiance-lequipe-lassortiment\/#breadcrumb","itemListElement":[{"@type":"ListItem","position":1,"name":"","item":"https:\/\/swissbaker.ch\/fr\/"},{"@type":"ListItem","position":2,"name":"Boulangeries\/Confiseries","item":"https:\/\/swissbaker.ch\/fr\/panissimo-news\/category\/boulangeries-confiseries\/"},{"@type":"ListItem","position":3,"name":"L\u2019ambiance, l\u2019\u00e9quipe, l\u2019assortiment"}]},{"@type":"WebSite","@id":"https:\/\/swissbaker.ch\/fr\/#website","url":"https:\/\/swissbaker.ch\/fr\/","name":"SBC","description":"","publisher":{"@id":"https:\/\/swissbaker.ch\/fr\/#organization"},"potentialAction":[{"@type":"SearchAction","target":{"@type":"EntryPoint","urlTemplate":"https:\/\/swissbaker.ch\/fr\/?s={search_term_string}"},"query-input":{"@type":"PropertyValueSpecification","valueRequired":true,"valueName":"search_term_string"}}],"inLanguage":"fr-FR"},{"@type":"Organization","@id":"https:\/\/swissbaker.ch\/fr\/#organization","name":"Schweizerischer B\u00e4cker-Confiseurmeister-Verband","url":"https:\/\/swissbaker.ch\/fr\/","logo":{"@type":"ImageObject","inLanguage":"fr-FR","@id":"https:\/\/swissbaker.ch\/fr\/#\/schema\/logo\/image\/","url":"https:\/\/swissbaker.ch\/wp-content\/uploads\/2022\/04\/sbc-logo-yoast.jpg","contentUrl":"https:\/\/swissbaker.ch\/wp-content\/uploads\/2022\/04\/sbc-logo-yoast.jpg","width":512,"height":512,"caption":"Schweizerischer B\u00e4cker-Confiseurmeister-Verband"},"image":{"@id":"https:\/\/swissbaker.ch\/fr\/#\/schema\/logo\/image\/"},"sameAs":["https:\/\/www.facebook.com\/swissbaker.ch","https:\/\/x.com\/ch_swissbaker"]},{"@type":"Person","@id":"https:\/\/swissbaker.ch\/fr\/#\/schema\/person\/74bd327b08c18ca6042c02ff6f0ed5e2","name":"Simon Nussbaum","image":{"@type":"ImageObject","inLanguage":"fr-FR","@id":"https:\/\/swissbaker.ch\/fr\/#\/schema\/person\/image\/","url":"https:\/\/secure.gravatar.com\/avatar\/df0eced3bb556c806cb760cf503ade1ed1df25b4104d80d6fd28d93a9509aa12?s=96&d=mm&r=g","contentUrl":"https:\/\/secure.gravatar.com\/avatar\/df0eced3bb556c806cb760cf503ade1ed1df25b4104d80d6fd28d93a9509aa12?s=96&d=mm&r=g","caption":"Simon Nussbaum"},"url":"https:\/\/swissbaker.ch\/fr\/panissimo-news\/author\/simon-nussbaum\/"}]}},"_links":{"self":[{"href":"https:\/\/swissbaker.ch\/fr\/wp-json\/wp\/v2\/posts\/128582","targetHints":{"allow":["GET"]}}],"collection":[{"href":"https:\/\/swissbaker.ch\/fr\/wp-json\/wp\/v2\/posts"}],"about":[{"href":"https:\/\/swissbaker.ch\/fr\/wp-json\/wp\/v2\/types\/post"}],"author":[{"embeddable":true,"href":"https:\/\/swissbaker.ch\/fr\/wp-json\/wp\/v2\/users\/5"}],"replies":[{"embeddable":true,"href":"https:\/\/swissbaker.ch\/fr\/wp-json\/wp\/v2\/comments?post=128582"}],"version-history":[{"count":0,"href":"https:\/\/swissbaker.ch\/fr\/wp-json\/wp\/v2\/posts\/128582\/revisions"}],"wp:featuredmedia":[{"embeddable":true,"href":"https:\/\/swissbaker.ch\/fr\/wp-json\/wp\/v2\/media\/128568"}],"wp:attachment":[{"href":"https:\/\/swissbaker.ch\/fr\/wp-json\/wp\/v2\/media?parent=128582"}],"wp:term":[{"taxonomy":"category","embeddable":true,"href":"https:\/\/swissbaker.ch\/fr\/wp-json\/wp\/v2\/categories?post=128582"},{"taxonomy":"post_tag","embeddable":true,"href":"https:\/\/swissbaker.ch\/fr\/wp-json\/wp\/v2\/tags?post=128582"}],"curies":[{"name":"wp","href":"https:\/\/api.w.org\/{rel}","templated":true}]}}