{"id":127755,"date":"2025-10-01T16:28:17","date_gmt":"2025-10-01T14:28:17","guid":{"rendered":"https:\/\/swissbaker.ch\/?p=127755"},"modified":"2025-10-01T16:52:14","modified_gmt":"2025-10-01T14:52:14","slug":"vitesse-et-precipitation-deux-ennemis-sournois","status":"publish","type":"post","link":"https:\/\/swissbaker.ch\/fr\/panissimo-news\/vitesse-et-precipitation-deux-ennemis-sournois\/","title":{"rendered":"Vitesse et pr\u00e9cipitation, deux ennemis sournois\u2009!"},"content":{"rendered":"\n<p>Dans tous les domaines de l\u2019activit\u00e9 et y compris dans ceux des loisirs aussi ces deux mots r\u00e9sument, ce qui peut s\u2019av\u00e9rer un risque majeur. En effet, nous voyons dans des actes divers des appels trop souvent brillants qui, en d\u00e9finitive, ne sont que des leurres. Que cela soit pour des achats de bien d\u2019investissements, de mat\u00e9riels ou m\u00eame de march\u00e9s qui souvent s\u2019av\u00e8rent trompeurs de l\u00e0 \u00e0 dire que tout ce qui brille n\u2019est pas d\u2019or.<\/p>\n\n\n\n<p>L\u00e0, la r\u00e9flexion devient imp\u00e9rative. Est-ce n\u00e9cessaire, cela correspond-il \u00e0 un besoin, va-t-il m\u2019apporter des avantages et le jeu en vaut-il la chandelle\u2009? Car trop souvent il est vrai la chandelle n\u2019est qu\u2019une petite bougie \u00e0 la flamme p\u00e2lotte mais bien enrob\u00e9e pour y cacher les d\u00e9fauts. Mieux vaut prendre le temps et donner du temps au temps avant de s\u2019engager dans des op\u00e9rations qui peuvent s\u2019av\u00e9rer destructrices. Je ne vais pas me lancer dans des comparatifs. Pourtant, alors que les d\u00e9fis de la qualit\u00e9 deviennent des inconditionnels en ce moment, il est important de se dire que, comme pour tous les actes de la vie, courir pour courir ne sert \u00e0 rien. Afin d\u2019amener les meilleurs produits, la cl\u00e9 est le temps qui est n\u00e9cessaire et qui ne se raccourcit pas au risque de tout perdre.<\/p>\n\n\n\n<p>Pour moi, il en va de m\u00eame dans le domaine de la formation mais je pense que je ne fais pas l\u2019unanimit\u00e9. Permettez-moi de douter de ces formations raccourcies qui font des boulangers, de p\u00e2tissiers et des confiseurs ou des chocolatiers en six mois voire une ann\u00e9e. C\u2019est l\u00e0 que la prudence s\u2019impose et en regardant autour de nous, nous voyons que de multiples m\u00e9tiers se forment en quatre ans, alors pourquoi pas nous\u2009? Nous ne devons pas entrer dans la sph\u00e8re de la formation au rabais \u00e0 cause du manque de main-d\u2019\u0153uvre mais dans celle de qualit\u00e9 inscrite sur les \u00e9tapes n\u00e9cessaires et le temps indispensable. La jeunesse certes a chang\u00e9 elle est moins pr\u00eate \u00e0 entrer dans le monde du travail qu\u2019hier et l\u2019alternative d\u2019une ann\u00e9e d\u2019\u00e9cole avec stages d\u00e9montre l\u2019utilit\u00e9 de cette mesure qui permet de mettre sur les rails et d\u2019\u00e9viter les \u00e9checs ou les ruptures de contrats.<\/p>\n\n\n\n<p>Pour les plus anciens, souvenez-vous que le m\u00e9tier de boulanger en fonction de sa dur\u00e9e dans les temps anciens \u00e9tait vendu comme la cl\u00e9 pour entrer en suite soit au CFF, PTT, douane etc. Alors oui la vitesse et la pr\u00e9cipitation sont des ennemis sournois ne l\u2019oublions pas et trop souvent des miroirs aux alouettes pour perdre des plumes.<\/p>\n\n\n\n<p class=\"has-text-align-right\"><em>Bernard Pignat, Chevalier d\u2019honneur<br>de la Confr\u00e9rie valaisanne des chevaliers du bon pain<\/em><\/p>\n","protected":false},"excerpt":{"rendered":"<p>Dans tous les domaines de l\u2019activit\u00e9 et y compris dans ceux des loisirs aussi ces deux mots r\u00e9sument, ce qui peut s\u2019av\u00e9rer un risque majeur. En effet, nous voyons dans des actes divers des appels trop souvent brillants qui, en d\u00e9finitive, ne sont que des leurres. Que cela soit pour des achats de bien d\u2019investissements, de mat\u00e9riels ou m\u00eame de march\u00e9s qui souvent s\u2019av\u00e8rent trompeurs de l\u00e0 \u00e0 dire que tout ce qui brille n\u2019est pas d\u2019or.<\/p>\n","protected":false},"author":5,"featured_media":118780,"comment_status":"closed","ping_status":"closed","sticky":false,"template":"","format":"standard","meta":{"_acf_changed":false,"footnotes":""},"categories":[39],"tags":[],"class_list":["post-127755","post","type-post","status-publish","format-standard","has-post-thumbnail","hentry","category-de-la-branche"],"acf":[],"yoast_head":"<!-- This site is optimized with the Yoast SEO Premium plugin v26.8 (Yoast SEO v26.8) - https:\/\/yoast.com\/product\/yoast-seo-premium-wordpress\/ -->\n<title>Vitesse et pr\u00e9cipitation, deux ennemis sournois\u2009! | SBC<\/title>\n<meta name=\"robots\" content=\"index, follow, max-snippet:-1, max-image-preview:large, max-video-preview:-1\" \/>\n<link rel=\"canonical\" href=\"https:\/\/swissbaker.ch\/fr\/panissimo-news\/vitesse-et-precipitation-deux-ennemis-sournois\/\" \/>\n<meta property=\"og:locale\" content=\"fr_FR\" \/>\n<meta property=\"og:type\" content=\"article\" \/>\n<meta property=\"og:title\" content=\"Vitesse et pr\u00e9cipitation, deux ennemis sournois\u2009!\" \/>\n<meta property=\"og:description\" content=\"Dans tous les domaines de l\u2019activit\u00e9 et y compris dans ceux des loisirs aussi ces deux mots r\u00e9sument, ce qui peut s\u2019av\u00e9rer un risque majeur. En effet, nous voyons dans des actes divers des appels trop souvent brillants qui, en d\u00e9finitive, ne sont que des leurres. Que cela soit pour des achats de bien d\u2019investissements, de mat\u00e9riels ou m\u00eame de march\u00e9s qui souvent s\u2019av\u00e8rent trompeurs de l\u00e0 \u00e0 dire que tout ce qui brille n\u2019est pas d\u2019or.\" \/>\n<meta property=\"og:url\" content=\"https:\/\/swissbaker.ch\/fr\/panissimo-news\/vitesse-et-precipitation-deux-ennemis-sournois\/\" \/>\n<meta property=\"og:site_name\" content=\"SBC\" \/>\n<meta property=\"article:publisher\" content=\"https:\/\/www.facebook.com\/swissbaker.ch\" \/>\n<meta property=\"article:published_time\" content=\"2025-10-01T14:28:17+00:00\" \/>\n<meta property=\"article:modified_time\" content=\"2025-10-01T14:52:14+00:00\" \/>\n<meta property=\"og:image\" content=\"https:\/\/swissbaker.ch\/wp-content\/uploads\/2025\/03\/bernard_pignat_2025.jpg\" \/>\n\t<meta property=\"og:image:width\" content=\"1200\" \/>\n\t<meta property=\"og:image:height\" content=\"712\" \/>\n\t<meta property=\"og:image:type\" content=\"image\/jpeg\" \/>\n<meta name=\"author\" content=\"Simon Nussbaum\" \/>\n<meta name=\"twitter:card\" content=\"summary_large_image\" \/>\n<meta name=\"twitter:creator\" content=\"@ch_swissbaker\" \/>\n<meta name=\"twitter:site\" content=\"@ch_swissbaker\" \/>\n<meta name=\"twitter:label1\" content=\"Written by\" \/>\n\t<meta name=\"twitter:data1\" content=\"Simon Nussbaum\" \/>\n\t<meta name=\"twitter:label2\" content=\"Est. reading time\" \/>\n\t<meta name=\"twitter:data2\" content=\"2 minutes\" \/>\n<script type=\"application\/ld+json\" class=\"yoast-schema-graph\">{\"@context\":\"https:\/\/schema.org\",\"@graph\":[{\"@type\":\"Article\",\"@id\":\"https:\/\/swissbaker.ch\/fr\/panissimo-news\/vitesse-et-precipitation-deux-ennemis-sournois\/#article\",\"isPartOf\":{\"@id\":\"https:\/\/swissbaker.ch\/fr\/panissimo-news\/vitesse-et-precipitation-deux-ennemis-sournois\/\"},\"author\":{\"name\":\"Simon Nussbaum\",\"@id\":\"https:\/\/swissbaker.ch\/fr\/#\/schema\/person\/74bd327b08c18ca6042c02ff6f0ed5e2\"},\"headline\":\"Vitesse et pr\u00e9cipitation, deux ennemis sournois\u2009!\",\"datePublished\":\"2025-10-01T14:28:17+00:00\",\"dateModified\":\"2025-10-01T14:52:14+00:00\",\"mainEntityOfPage\":{\"@id\":\"https:\/\/swissbaker.ch\/fr\/panissimo-news\/vitesse-et-precipitation-deux-ennemis-sournois\/\"},\"wordCount\":492,\"publisher\":{\"@id\":\"https:\/\/swissbaker.ch\/fr\/#organization\"},\"image\":{\"@id\":\"https:\/\/swissbaker.ch\/fr\/panissimo-news\/vitesse-et-precipitation-deux-ennemis-sournois\/#primaryimage\"},\"thumbnailUrl\":\"https:\/\/swissbaker.ch\/wp-content\/uploads\/2025\/03\/bernard_pignat_2025.jpg\",\"articleSection\":[\"De la branche\"],\"inLanguage\":\"fr-FR\"},{\"@type\":\"WebPage\",\"@id\":\"https:\/\/swissbaker.ch\/fr\/panissimo-news\/vitesse-et-precipitation-deux-ennemis-sournois\/\",\"url\":\"https:\/\/swissbaker.ch\/fr\/panissimo-news\/vitesse-et-precipitation-deux-ennemis-sournois\/\",\"name\":\"Vitesse et pr\u00e9cipitation, deux ennemis sournois\u2009! | SBC\",\"isPartOf\":{\"@id\":\"https:\/\/swissbaker.ch\/fr\/#website\"},\"primaryImageOfPage\":{\"@id\":\"https:\/\/swissbaker.ch\/fr\/panissimo-news\/vitesse-et-precipitation-deux-ennemis-sournois\/#primaryimage\"},\"image\":{\"@id\":\"https:\/\/swissbaker.ch\/fr\/panissimo-news\/vitesse-et-precipitation-deux-ennemis-sournois\/#primaryimage\"},\"thumbnailUrl\":\"https:\/\/swissbaker.ch\/wp-content\/uploads\/2025\/03\/bernard_pignat_2025.jpg\",\"datePublished\":\"2025-10-01T14:28:17+00:00\",\"dateModified\":\"2025-10-01T14:52:14+00:00\",\"breadcrumb\":{\"@id\":\"https:\/\/swissbaker.ch\/fr\/panissimo-news\/vitesse-et-precipitation-deux-ennemis-sournois\/#breadcrumb\"},\"inLanguage\":\"fr-FR\",\"potentialAction\":[{\"@type\":\"ReadAction\",\"target\":[\"https:\/\/swissbaker.ch\/fr\/panissimo-news\/vitesse-et-precipitation-deux-ennemis-sournois\/\"]}]},{\"@type\":\"ImageObject\",\"inLanguage\":\"fr-FR\",\"@id\":\"https:\/\/swissbaker.ch\/fr\/panissimo-news\/vitesse-et-precipitation-deux-ennemis-sournois\/#primaryimage\",\"url\":\"https:\/\/swissbaker.ch\/wp-content\/uploads\/2025\/03\/bernard_pignat_2025.jpg\",\"contentUrl\":\"https:\/\/swissbaker.ch\/wp-content\/uploads\/2025\/03\/bernard_pignat_2025.jpg\",\"width\":1200,\"height\":712},{\"@type\":\"BreadcrumbList\",\"@id\":\"https:\/\/swissbaker.ch\/fr\/panissimo-news\/vitesse-et-precipitation-deux-ennemis-sournois\/#breadcrumb\",\"itemListElement\":[{\"@type\":\"ListItem\",\"position\":1,\"name\":\"\",\"item\":\"https:\/\/swissbaker.ch\/fr\/\"},{\"@type\":\"ListItem\",\"position\":2,\"name\":\"De la branche\",\"item\":\"https:\/\/swissbaker.ch\/fr\/panissimo-news\/category\/de-la-branche\/\"},{\"@type\":\"ListItem\",\"position\":3,\"name\":\"Vitesse et pr\u00e9cipitation, deux ennemis sournois\u2009!\"}]},{\"@type\":\"WebSite\",\"@id\":\"https:\/\/swissbaker.ch\/fr\/#website\",\"url\":\"https:\/\/swissbaker.ch\/fr\/\",\"name\":\"SBC\",\"description\":\"\",\"publisher\":{\"@id\":\"https:\/\/swissbaker.ch\/fr\/#organization\"},\"potentialAction\":[{\"@type\":\"SearchAction\",\"target\":{\"@type\":\"EntryPoint\",\"urlTemplate\":\"https:\/\/swissbaker.ch\/fr\/?s={search_term_string}\"},\"query-input\":{\"@type\":\"PropertyValueSpecification\",\"valueRequired\":true,\"valueName\":\"search_term_string\"}}],\"inLanguage\":\"fr-FR\"},{\"@type\":\"Organization\",\"@id\":\"https:\/\/swissbaker.ch\/fr\/#organization\",\"name\":\"Schweizerischer B\u00e4cker-Confiseurmeister-Verband\",\"url\":\"https:\/\/swissbaker.ch\/fr\/\",\"logo\":{\"@type\":\"ImageObject\",\"inLanguage\":\"fr-FR\",\"@id\":\"https:\/\/swissbaker.ch\/fr\/#\/schema\/logo\/image\/\",\"url\":\"https:\/\/swissbaker.ch\/wp-content\/uploads\/2022\/04\/sbc-logo-yoast.jpg\",\"contentUrl\":\"https:\/\/swissbaker.ch\/wp-content\/uploads\/2022\/04\/sbc-logo-yoast.jpg\",\"width\":512,\"height\":512,\"caption\":\"Schweizerischer B\u00e4cker-Confiseurmeister-Verband\"},\"image\":{\"@id\":\"https:\/\/swissbaker.ch\/fr\/#\/schema\/logo\/image\/\"},\"sameAs\":[\"https:\/\/www.facebook.com\/swissbaker.ch\",\"https:\/\/x.com\/ch_swissbaker\"]},{\"@type\":\"Person\",\"@id\":\"https:\/\/swissbaker.ch\/fr\/#\/schema\/person\/74bd327b08c18ca6042c02ff6f0ed5e2\",\"name\":\"Simon Nussbaum\",\"image\":{\"@type\":\"ImageObject\",\"inLanguage\":\"fr-FR\",\"@id\":\"https:\/\/swissbaker.ch\/fr\/#\/schema\/person\/image\/\",\"url\":\"https:\/\/secure.gravatar.com\/avatar\/df0eced3bb556c806cb760cf503ade1ed1df25b4104d80d6fd28d93a9509aa12?s=96&d=mm&r=g\",\"contentUrl\":\"https:\/\/secure.gravatar.com\/avatar\/df0eced3bb556c806cb760cf503ade1ed1df25b4104d80d6fd28d93a9509aa12?s=96&d=mm&r=g\",\"caption\":\"Simon Nussbaum\"},\"url\":\"https:\/\/swissbaker.ch\/fr\/panissimo-news\/author\/simon-nussbaum\/\"}]}<\/script>\n<!-- \/ Yoast SEO Premium plugin. -->","yoast_head_json":{"title":"Vitesse et pr\u00e9cipitation, deux ennemis sournois\u2009! | SBC","robots":{"index":"index","follow":"follow","max-snippet":"max-snippet:-1","max-image-preview":"max-image-preview:large","max-video-preview":"max-video-preview:-1"},"canonical":"https:\/\/swissbaker.ch\/fr\/panissimo-news\/vitesse-et-precipitation-deux-ennemis-sournois\/","og_locale":"fr_FR","og_type":"article","og_title":"Vitesse et pr\u00e9cipitation, deux ennemis sournois\u2009!","og_description":"Dans tous les domaines de l\u2019activit\u00e9 et y compris dans ceux des loisirs aussi ces deux mots r\u00e9sument, ce qui peut s\u2019av\u00e9rer un risque majeur. En effet, nous voyons dans des actes divers des appels trop souvent brillants qui, en d\u00e9finitive, ne sont que des leurres. Que cela soit pour des achats de bien d\u2019investissements, de mat\u00e9riels ou m\u00eame de march\u00e9s qui souvent s\u2019av\u00e8rent trompeurs de l\u00e0 \u00e0 dire que tout ce qui brille n\u2019est pas d\u2019or.","og_url":"https:\/\/swissbaker.ch\/fr\/panissimo-news\/vitesse-et-precipitation-deux-ennemis-sournois\/","og_site_name":"SBC","article_publisher":"https:\/\/www.facebook.com\/swissbaker.ch","article_published_time":"2025-10-01T14:28:17+00:00","article_modified_time":"2025-10-01T14:52:14+00:00","og_image":[{"width":1200,"height":712,"url":"https:\/\/swissbaker.ch\/wp-content\/uploads\/2025\/03\/bernard_pignat_2025.jpg","type":"image\/jpeg"}],"author":"Simon Nussbaum","twitter_card":"summary_large_image","twitter_creator":"@ch_swissbaker","twitter_site":"@ch_swissbaker","twitter_misc":{"Written by":"Simon Nussbaum","Est. reading time":"2 minutes"},"schema":{"@context":"https:\/\/schema.org","@graph":[{"@type":"Article","@id":"https:\/\/swissbaker.ch\/fr\/panissimo-news\/vitesse-et-precipitation-deux-ennemis-sournois\/#article","isPartOf":{"@id":"https:\/\/swissbaker.ch\/fr\/panissimo-news\/vitesse-et-precipitation-deux-ennemis-sournois\/"},"author":{"name":"Simon Nussbaum","@id":"https:\/\/swissbaker.ch\/fr\/#\/schema\/person\/74bd327b08c18ca6042c02ff6f0ed5e2"},"headline":"Vitesse et pr\u00e9cipitation, deux ennemis sournois\u2009!","datePublished":"2025-10-01T14:28:17+00:00","dateModified":"2025-10-01T14:52:14+00:00","mainEntityOfPage":{"@id":"https:\/\/swissbaker.ch\/fr\/panissimo-news\/vitesse-et-precipitation-deux-ennemis-sournois\/"},"wordCount":492,"publisher":{"@id":"https:\/\/swissbaker.ch\/fr\/#organization"},"image":{"@id":"https:\/\/swissbaker.ch\/fr\/panissimo-news\/vitesse-et-precipitation-deux-ennemis-sournois\/#primaryimage"},"thumbnailUrl":"https:\/\/swissbaker.ch\/wp-content\/uploads\/2025\/03\/bernard_pignat_2025.jpg","articleSection":["De la branche"],"inLanguage":"fr-FR"},{"@type":"WebPage","@id":"https:\/\/swissbaker.ch\/fr\/panissimo-news\/vitesse-et-precipitation-deux-ennemis-sournois\/","url":"https:\/\/swissbaker.ch\/fr\/panissimo-news\/vitesse-et-precipitation-deux-ennemis-sournois\/","name":"Vitesse et pr\u00e9cipitation, deux ennemis sournois\u2009! | SBC","isPartOf":{"@id":"https:\/\/swissbaker.ch\/fr\/#website"},"primaryImageOfPage":{"@id":"https:\/\/swissbaker.ch\/fr\/panissimo-news\/vitesse-et-precipitation-deux-ennemis-sournois\/#primaryimage"},"image":{"@id":"https:\/\/swissbaker.ch\/fr\/panissimo-news\/vitesse-et-precipitation-deux-ennemis-sournois\/#primaryimage"},"thumbnailUrl":"https:\/\/swissbaker.ch\/wp-content\/uploads\/2025\/03\/bernard_pignat_2025.jpg","datePublished":"2025-10-01T14:28:17+00:00","dateModified":"2025-10-01T14:52:14+00:00","breadcrumb":{"@id":"https:\/\/swissbaker.ch\/fr\/panissimo-news\/vitesse-et-precipitation-deux-ennemis-sournois\/#breadcrumb"},"inLanguage":"fr-FR","potentialAction":[{"@type":"ReadAction","target":["https:\/\/swissbaker.ch\/fr\/panissimo-news\/vitesse-et-precipitation-deux-ennemis-sournois\/"]}]},{"@type":"ImageObject","inLanguage":"fr-FR","@id":"https:\/\/swissbaker.ch\/fr\/panissimo-news\/vitesse-et-precipitation-deux-ennemis-sournois\/#primaryimage","url":"https:\/\/swissbaker.ch\/wp-content\/uploads\/2025\/03\/bernard_pignat_2025.jpg","contentUrl":"https:\/\/swissbaker.ch\/wp-content\/uploads\/2025\/03\/bernard_pignat_2025.jpg","width":1200,"height":712},{"@type":"BreadcrumbList","@id":"https:\/\/swissbaker.ch\/fr\/panissimo-news\/vitesse-et-precipitation-deux-ennemis-sournois\/#breadcrumb","itemListElement":[{"@type":"ListItem","position":1,"name":"","item":"https:\/\/swissbaker.ch\/fr\/"},{"@type":"ListItem","position":2,"name":"De la branche","item":"https:\/\/swissbaker.ch\/fr\/panissimo-news\/category\/de-la-branche\/"},{"@type":"ListItem","position":3,"name":"Vitesse et pr\u00e9cipitation, deux ennemis sournois\u2009!"}]},{"@type":"WebSite","@id":"https:\/\/swissbaker.ch\/fr\/#website","url":"https:\/\/swissbaker.ch\/fr\/","name":"SBC","description":"","publisher":{"@id":"https:\/\/swissbaker.ch\/fr\/#organization"},"potentialAction":[{"@type":"SearchAction","target":{"@type":"EntryPoint","urlTemplate":"https:\/\/swissbaker.ch\/fr\/?s={search_term_string}"},"query-input":{"@type":"PropertyValueSpecification","valueRequired":true,"valueName":"search_term_string"}}],"inLanguage":"fr-FR"},{"@type":"Organization","@id":"https:\/\/swissbaker.ch\/fr\/#organization","name":"Schweizerischer B\u00e4cker-Confiseurmeister-Verband","url":"https:\/\/swissbaker.ch\/fr\/","logo":{"@type":"ImageObject","inLanguage":"fr-FR","@id":"https:\/\/swissbaker.ch\/fr\/#\/schema\/logo\/image\/","url":"https:\/\/swissbaker.ch\/wp-content\/uploads\/2022\/04\/sbc-logo-yoast.jpg","contentUrl":"https:\/\/swissbaker.ch\/wp-content\/uploads\/2022\/04\/sbc-logo-yoast.jpg","width":512,"height":512,"caption":"Schweizerischer B\u00e4cker-Confiseurmeister-Verband"},"image":{"@id":"https:\/\/swissbaker.ch\/fr\/#\/schema\/logo\/image\/"},"sameAs":["https:\/\/www.facebook.com\/swissbaker.ch","https:\/\/x.com\/ch_swissbaker"]},{"@type":"Person","@id":"https:\/\/swissbaker.ch\/fr\/#\/schema\/person\/74bd327b08c18ca6042c02ff6f0ed5e2","name":"Simon Nussbaum","image":{"@type":"ImageObject","inLanguage":"fr-FR","@id":"https:\/\/swissbaker.ch\/fr\/#\/schema\/person\/image\/","url":"https:\/\/secure.gravatar.com\/avatar\/df0eced3bb556c806cb760cf503ade1ed1df25b4104d80d6fd28d93a9509aa12?s=96&d=mm&r=g","contentUrl":"https:\/\/secure.gravatar.com\/avatar\/df0eced3bb556c806cb760cf503ade1ed1df25b4104d80d6fd28d93a9509aa12?s=96&d=mm&r=g","caption":"Simon Nussbaum"},"url":"https:\/\/swissbaker.ch\/fr\/panissimo-news\/author\/simon-nussbaum\/"}]}},"_links":{"self":[{"href":"https:\/\/swissbaker.ch\/fr\/wp-json\/wp\/v2\/posts\/127755","targetHints":{"allow":["GET"]}}],"collection":[{"href":"https:\/\/swissbaker.ch\/fr\/wp-json\/wp\/v2\/posts"}],"about":[{"href":"https:\/\/swissbaker.ch\/fr\/wp-json\/wp\/v2\/types\/post"}],"author":[{"embeddable":true,"href":"https:\/\/swissbaker.ch\/fr\/wp-json\/wp\/v2\/users\/5"}],"replies":[{"embeddable":true,"href":"https:\/\/swissbaker.ch\/fr\/wp-json\/wp\/v2\/comments?post=127755"}],"version-history":[{"count":0,"href":"https:\/\/swissbaker.ch\/fr\/wp-json\/wp\/v2\/posts\/127755\/revisions"}],"wp:featuredmedia":[{"embeddable":true,"href":"https:\/\/swissbaker.ch\/fr\/wp-json\/wp\/v2\/media\/118780"}],"wp:attachment":[{"href":"https:\/\/swissbaker.ch\/fr\/wp-json\/wp\/v2\/media?parent=127755"}],"wp:term":[{"taxonomy":"category","embeddable":true,"href":"https:\/\/swissbaker.ch\/fr\/wp-json\/wp\/v2\/categories?post=127755"},{"taxonomy":"post_tag","embeddable":true,"href":"https:\/\/swissbaker.ch\/fr\/wp-json\/wp\/v2\/tags?post=127755"}],"curies":[{"name":"wp","href":"https:\/\/api.w.org\/{rel}","templated":true}]}}