{"id":127585,"date":"2025-09-25T08:50:54","date_gmt":"2025-09-25T06:50:54","guid":{"rendered":"https:\/\/swissbaker.ch\/?p=127585"},"modified":"2025-09-25T09:32:23","modified_gmt":"2025-09-25T07:32:23","slug":"women-power-performances-au-top","status":"publish","type":"post","link":"https:\/\/swissbaker.ch\/fr\/panissimo-news\/women-power-performances-au-top\/","title":{"rendered":"Women power, performances au top"},"content":{"rendered":"\n<p><strong>Trois championnes suisses rayonnantes, neuf places sur le podium, 32 concurrents talentueux aux performances impressionnantes, d\u2019innombrables assistants comp\u00e9tents, un nombre r\u00e9jouissant de visiteurs sur le stand, un ambassadeur engag\u00e9\u2009: voici comment r\u00e9sumer les SwissSkills 2025, qui se sont d\u00e9roul\u00e9s du 17 au 21\u202fseptembre \u00e0 Berne,avec la boulangerie-confiserie au c\u0153ur de l\u2019action. <\/strong>\u2002<\/p>\n\n\n\n<p>De l\u2019or a \u00e9t\u00e9 d\u00e9cern\u00e9 \u00e0 Gwenda Boesch (B\u00e4ckerei-Caf\u00e9 Betschart, Bonstetten) dans la cat\u00e9gorie boulangerie-p\u00e2tisserie, \u00e0 Regula Baschung (L\u00e4derach Schweiz AG, Ennenda) dans la cat\u00e9gorie p\u00e2tisserie-confiserie et \u00e0 Anna Putzi (Maron Chur AG, Coire) dans la cat\u00e9gorie commerce de d\u00e9tail. Les autres places du podium ont \u00e9t\u00e9 remport\u00e9es par\u2009: Boulangerie-p\u00e2tisserie\u2009: Rahel Meier (argent, H\u00f6rnli Hemberg AG, Hemberg), Nadine Matter (bronze, B\u00e4ckerei Lanz AG, Berne). P\u00e2tisserie-confiserie\u2009: Marlene Bruderer (argent, Confiserie Roggwiller AG, Saint-Gall), Sina Plattner (bronze, Kunz AG art of sweets, Frick). Commerce de d\u00e9tail\u2009: Fabia Stocker (argent, B\u00e4ckerei &amp; Konditorei Schell GmbH, B\u00fcron), Fabienne Leonie Mohn (bronze, Confiserie Spr\u00fcngli AG, Zurich)\u2009; women power \u00e0 l\u2019\u00e9tat pur\u2009!<\/p>\n\n\n\n<figure class=\"wp-block-image size-large\"><img decoding=\"async\" width=\"1024\" height=\"608\" src=\"https:\/\/swissbaker.ch\/wp-content\/uploads\/2025\/09\/18_1_swissskills_medaillengewinnerinnen_alle-1024x608.jpg\" alt=\"\" class=\"wp-image-127580\" srcset=\"https:\/\/swissbaker.ch\/wp-content\/uploads\/2025\/09\/18_1_swissskills_medaillengewinnerinnen_alle-1024x608.jpg 1024w, https:\/\/swissbaker.ch\/wp-content\/uploads\/2025\/09\/18_1_swissskills_medaillengewinnerinnen_alle-768x456.jpg 768w, https:\/\/swissbaker.ch\/wp-content\/uploads\/2025\/09\/18_1_swissskills_medaillengewinnerinnen_alle.jpg 1200w\" sizes=\"(max-width: 1024px) 100vw, 1024px\" \/><figcaption class=\"wp-element-caption\"><em>Les neuf m\u00e9daill\u00e9es des SwissSkills 2025<\/em><\/figcaption><\/figure>\n\n\n\n<div style=\"height:29px\" aria-hidden=\"true\" class=\"wp-block-spacer\"><\/div>\n\n\n\n<p class=\"has-text-align-center\"><a href=\"https:\/\/swissbaker.ch\/fr\/panissimo-news\/swissskills-2025\/\"><strong>Les photos gagnantes<\/strong><\/a><br><a href=\"https:\/\/swissbaker.ch\/fr\/panissimo-news\/swissskills-2025\/\"><strong> et les interviews &#8230;\u00bb<\/strong><\/a><\/p>\n\n\n\n<div style=\"height:38px\" aria-hidden=\"true\" class=\"wp-block-spacer\"><\/div>\n\n\n\n<h2 class=\"wp-block-heading\" id=\"h-une-premiere-dans-le-commerce-de-detail\">Une premi\u00e8re dans le commerce de d\u00e9tail<\/h2>\n\n\n\n<p>Cette ann\u00e9e, une premi\u00e8re a eu lieu aux SwissSkills dans le commerce de d\u00e9tail\u2009: les examens ont \u00e9t\u00e9 organis\u00e9s pour la premi\u00e8re fois selon le nouveau programme de formation Vente 2022+. Le bilan des responsables est tr\u00e8s positif.<br><a href=\"https:\/\/swissbaker.ch\/fr\/panissimo-news\/une-nouvelle-voie-fort-prometteuse-pour-la-vente\/\"><strong>Une nouvelle voie fort prometteuse pour la vente &#8230;\u00bb<\/strong><\/a><\/p>\n\n\n\n<h2 class=\"wp-block-heading\" id=\"h-family-day-avec-l-ambassadeur-andre-luthi\">\u00abFamily Day\u00bb avec l\u2019ambassadeur Andr\u00e9 L\u00fcthi<\/h2>\n\n\n\n<p>Le \u00abFamily Day\u00bb organis\u00e9 lors de la derni\u00e8re journ\u00e9e des SwissSkills s\u2019est sold\u00e9 par un franc succ\u00e8s pour la branche. \u00abJamais encore nous n\u2019avions accueilli autant de visiteurs un dimanche\u00bb, a-t-on pu entendre de part et d\u2019autre. Outre les trois championnes suisses fra\u00eechement couronn\u00e9es, de nombreux autres concurrents ont particip\u00e9 \u00e0 l\u2019animation du stand, o\u00f9 les visiteurs ont pu d\u00e9couvrir de nombreuses choses.<\/p>\n\n\n<div class=\"wp-block-image\">\n<figure class=\"aligncenter size-large is-resized\"><img decoding=\"async\" width=\"1024\" height=\"768\" src=\"https:\/\/swissbaker.ch\/wp-content\/uploads\/2025\/09\/20250921_swissskills_familyday_nachmittag-19-1024x768.jpeg\" alt=\"\" class=\"wp-image-127190\" style=\"width:562px;height:auto\" srcset=\"https:\/\/swissbaker.ch\/wp-content\/uploads\/2025\/09\/20250921_swissskills_familyday_nachmittag-19-1024x768.jpeg 1024w, https:\/\/swissbaker.ch\/wp-content\/uploads\/2025\/09\/20250921_swissskills_familyday_nachmittag-19-768x576.jpeg 768w, https:\/\/swissbaker.ch\/wp-content\/uploads\/2025\/09\/20250921_swissskills_familyday_nachmittag-19-1536x1152.jpeg 1536w, https:\/\/swissbaker.ch\/wp-content\/uploads\/2025\/09\/20250921_swissskills_familyday_nachmittag-19-2048x1536.jpeg 2048w, https:\/\/swissbaker.ch\/wp-content\/uploads\/2025\/09\/20250921_swissskills_familyday_nachmittag-19-1000x750.jpeg 1000w\" sizes=\"(max-width: 1024px) 100vw, 1024px\" \/><figcaption class=\"wp-element-caption\"><em>Engagement total aux SwissSkills\u2009: le bin\u00f4me d\u2019animateurs \u00e0 l\u2019\u0153uvre, Rahel Weber et S\u00e9bastien Knecht.<\/em><\/figcaption><\/figure>\n<\/div>\n\n\n<p>Comme les jours pr\u00e9c\u00e9dents, le \u00abFamily Day\u00bb a \u00e9t\u00e9 anim\u00e9 avec brio et humour par Rahel Weber (m\u00e9daille d\u2019or SwissSkills 2018, dipl\u00f4me WorldSkills 2019) et S\u00e9bastien Knecht, directeur de l\u2019Ecole professionnelle Richemont \u00e0 Yverdon-les-Bains (VD). Andr\u00e9 L\u00fcthi, ancien boulanger-p\u00e2tissier et aujourd\u2019hui pr\u00e9sident du conseil d\u2019administration de l\u2019agence de voyages Globetrotter Travel Service AG, a marqu\u00e9 l\u2019un des moments forts de ce dimanche. Il s\u2019est livr\u00e9 \u00e0 un duel de tressage avec Vera Stocker, championne suisse 2022, participante aux WorldSkills et experte aux SwissSkills de cette ann\u00e9e, lui avec deux brins, elle avec cinq\u2026<\/p>\n\n\n<div class=\"wp-block-image\">\n<figure class=\"aligncenter size-large is-resized\"><img decoding=\"async\" width=\"768\" height=\"1024\" src=\"https:\/\/swissbaker.ch\/wp-content\/uploads\/2025\/09\/20250921_swissskills_familyday_nachmittag-5-768x1024.jpeg\" alt=\"\" class=\"wp-image-127162\" style=\"width:440px;height:auto\" srcset=\"https:\/\/swissbaker.ch\/wp-content\/uploads\/2025\/09\/20250921_swissskills_familyday_nachmittag-5-768x1024.jpeg 768w, https:\/\/swissbaker.ch\/wp-content\/uploads\/2025\/09\/20250921_swissskills_familyday_nachmittag-5-1152x1536.jpeg 1152w, https:\/\/swissbaker.ch\/wp-content\/uploads\/2025\/09\/20250921_swissskills_familyday_nachmittag-5-1536x2048.jpeg 1536w\" sizes=\"(max-width: 768px) 100vw, 768px\" \/><figcaption class=\"wp-element-caption\"><em>Vera Stocker et Andr\u00e9 L\u00fcthi avec la tresse \u00e0 cinq brins.<\/em><\/figcaption><\/figure>\n<\/div>\n\n\n<h2 class=\"wp-block-heading\" id=\"h-des-chiffres-impressionnants\">Des chiffres impressionnants<\/h2>\n\n\n\n<p>Pendant cinq jours, le site de Bernexpo \u00e0 Berne s\u2019est transform\u00e9 en capitale anim\u00e9e de la formation professionnelle. Avec plus de 170 b\u00e9n\u00e9voles, un site aussi grand que 15 terrains de football, rempli de 92 espaces de comp\u00e9tition, plus de 150 professions et d\u2019innombrables lieux de rencontre, environ 1021 jeunes talents professionnels, accompagn\u00e9s d\u2019environ 800 experts, 297 m\u00e9dailles d\u00e9cern\u00e9es et plus de 120\u2009000 visiteurs, dont 65\u2009000 \u00e9l\u00e8ves venus de toutes les r\u00e9gions du pays. Les SwissSkills 2025 ont \u00e9t\u00e9 un grand succ\u00e8s.<\/p>\n\n\n\n<p>Daniel Nyfeler, pr\u00e9sident de la commission des concours BCS, s\u2019est montr\u00e9 tr\u00e8s satisfait des performances r\u00e9alis\u00e9es au cours de ces cinq jours\u2009: \u00ab\u2009Il est impressionnant de voir autant de jeunes professionnels passionn\u00e9s et enthousiastes dans leur m\u00e9tier. Cela fait vraiment plaisir\u2009!\u2009\u00bb <\/p>\n\n\n\n<p class=\"has-text-align-right\"><em>Claudia Vernocchi<\/em><\/p>\n","protected":false},"excerpt":{"rendered":"<p>Trois championnes suisses rayonnantes, neuf places<br \/>\nsur le podium, 32 concurrents talentueux aux performances impressionnantes, d\u2019innombrables assistants comp\u00e9tents,<br \/>\nun nombre r\u00e9jouissant de visiteurs sur le stand, un ambassadeur engag\u00e9\u2009: voici comment r\u00e9sumer les SwissSkills 2025,<br \/>\nqui se sont d\u00e9roul\u00e9s du 17 au 21\u202fseptembre \u00e0 Berne,<br \/>\navec la boulangerie-confiserie au c\u0153ur de l\u2019action.   \u2002Page\u202f33<\/p>\n","protected":false},"author":5,"featured_media":127571,"comment_status":"closed","ping_status":"closed","sticky":true,"template":"","format":"standard","meta":{"_acf_changed":false,"footnotes":""},"categories":[43],"tags":[],"class_list":["post-127585","post","type-post","status-publish","format-standard","has-post-thumbnail","hentry","category-concours"],"acf":[],"yoast_head":"<!-- This site is optimized with the Yoast SEO Premium plugin v26.8 (Yoast SEO v26.8) - https:\/\/yoast.com\/product\/yoast-seo-premium-wordpress\/ -->\n<title>Women power, performances au top | SBC<\/title>\n<meta name=\"robots\" content=\"index, follow, max-snippet:-1, max-image-preview:large, max-video-preview:-1\" \/>\n<link rel=\"canonical\" href=\"https:\/\/swissbaker.ch\/fr\/panissimo-news\/women-power-performances-au-top\/\" \/>\n<meta property=\"og:locale\" content=\"fr_FR\" \/>\n<meta property=\"og:type\" content=\"article\" \/>\n<meta property=\"og:title\" content=\"Women power, performances au top\" \/>\n<meta property=\"og:description\" content=\"Trois championnes suisses rayonnantes, neuf places sur le podium, 32 concurrents talentueux aux performances impressionnantes, d\u2019innombrables assistants comp\u00e9tents, un nombre r\u00e9jouissant de visiteurs sur le stand, un ambassadeur engag\u00e9\u2009: voici comment r\u00e9sumer les SwissSkills 2025, qui se sont d\u00e9roul\u00e9s du 17 au 21\u202fseptembre \u00e0 Berne, avec la boulangerie-confiserie au c\u0153ur de l\u2019action.  \u2002Page\u202f33\" \/>\n<meta property=\"og:url\" content=\"https:\/\/swissbaker.ch\/fr\/panissimo-news\/women-power-performances-au-top\/\" \/>\n<meta property=\"og:site_name\" content=\"SBC\" \/>\n<meta property=\"article:publisher\" content=\"https:\/\/www.facebook.com\/swissbaker.ch\" \/>\n<meta property=\"article:published_time\" content=\"2025-09-25T06:50:54+00:00\" \/>\n<meta property=\"article:modified_time\" content=\"2025-09-25T07:32:23+00:00\" \/>\n<meta property=\"og:image\" content=\"https:\/\/swissbaker.ch\/wp-content\/uploads\/2025\/09\/18_1_swissskills_team.jpg\" \/>\n\t<meta property=\"og:image:width\" content=\"1200\" \/>\n\t<meta property=\"og:image:height\" content=\"712\" \/>\n\t<meta property=\"og:image:type\" content=\"image\/jpeg\" \/>\n<meta name=\"author\" content=\"Simon Nussbaum\" \/>\n<meta name=\"twitter:card\" content=\"summary_large_image\" \/>\n<meta name=\"twitter:creator\" content=\"@ch_swissbaker\" \/>\n<meta name=\"twitter:site\" content=\"@ch_swissbaker\" \/>\n<meta name=\"twitter:label1\" content=\"Written by\" \/>\n\t<meta name=\"twitter:data1\" content=\"Simon Nussbaum\" \/>\n\t<meta name=\"twitter:label2\" content=\"Est. reading time\" \/>\n\t<meta name=\"twitter:data2\" content=\"3 minutes\" \/>\n<script type=\"application\/ld+json\" class=\"yoast-schema-graph\">{\"@context\":\"https:\/\/schema.org\",\"@graph\":[{\"@type\":\"Article\",\"@id\":\"https:\/\/swissbaker.ch\/fr\/panissimo-news\/women-power-performances-au-top\/#article\",\"isPartOf\":{\"@id\":\"https:\/\/swissbaker.ch\/fr\/panissimo-news\/women-power-performances-au-top\/\"},\"author\":{\"name\":\"Simon Nussbaum\",\"@id\":\"https:\/\/swissbaker.ch\/fr\/#\/schema\/person\/74bd327b08c18ca6042c02ff6f0ed5e2\"},\"headline\":\"Women power, performances au top\",\"datePublished\":\"2025-09-25T06:50:54+00:00\",\"dateModified\":\"2025-09-25T07:32:23+00:00\",\"mainEntityOfPage\":{\"@id\":\"https:\/\/swissbaker.ch\/fr\/panissimo-news\/women-power-performances-au-top\/\"},\"wordCount\":606,\"publisher\":{\"@id\":\"https:\/\/swissbaker.ch\/fr\/#organization\"},\"image\":{\"@id\":\"https:\/\/swissbaker.ch\/fr\/panissimo-news\/women-power-performances-au-top\/#primaryimage\"},\"thumbnailUrl\":\"https:\/\/swissbaker.ch\/wp-content\/uploads\/2025\/09\/18_1_swissskills_team.jpg\",\"articleSection\":[\"Concours\"],\"inLanguage\":\"fr-FR\"},{\"@type\":\"WebPage\",\"@id\":\"https:\/\/swissbaker.ch\/fr\/panissimo-news\/women-power-performances-au-top\/\",\"url\":\"https:\/\/swissbaker.ch\/fr\/panissimo-news\/women-power-performances-au-top\/\",\"name\":\"Women power, performances au top | SBC\",\"isPartOf\":{\"@id\":\"https:\/\/swissbaker.ch\/fr\/#website\"},\"primaryImageOfPage\":{\"@id\":\"https:\/\/swissbaker.ch\/fr\/panissimo-news\/women-power-performances-au-top\/#primaryimage\"},\"image\":{\"@id\":\"https:\/\/swissbaker.ch\/fr\/panissimo-news\/women-power-performances-au-top\/#primaryimage\"},\"thumbnailUrl\":\"https:\/\/swissbaker.ch\/wp-content\/uploads\/2025\/09\/18_1_swissskills_team.jpg\",\"datePublished\":\"2025-09-25T06:50:54+00:00\",\"dateModified\":\"2025-09-25T07:32:23+00:00\",\"breadcrumb\":{\"@id\":\"https:\/\/swissbaker.ch\/fr\/panissimo-news\/women-power-performances-au-top\/#breadcrumb\"},\"inLanguage\":\"fr-FR\",\"potentialAction\":[{\"@type\":\"ReadAction\",\"target\":[\"https:\/\/swissbaker.ch\/fr\/panissimo-news\/women-power-performances-au-top\/\"]}]},{\"@type\":\"ImageObject\",\"inLanguage\":\"fr-FR\",\"@id\":\"https:\/\/swissbaker.ch\/fr\/panissimo-news\/women-power-performances-au-top\/#primaryimage\",\"url\":\"https:\/\/swissbaker.ch\/wp-content\/uploads\/2025\/09\/18_1_swissskills_team.jpg\",\"contentUrl\":\"https:\/\/swissbaker.ch\/wp-content\/uploads\/2025\/09\/18_1_swissskills_team.jpg\",\"width\":1200,\"height\":712},{\"@type\":\"BreadcrumbList\",\"@id\":\"https:\/\/swissbaker.ch\/fr\/panissimo-news\/women-power-performances-au-top\/#breadcrumb\",\"itemListElement\":[{\"@type\":\"ListItem\",\"position\":1,\"name\":\"\",\"item\":\"https:\/\/swissbaker.ch\/fr\/\"},{\"@type\":\"ListItem\",\"position\":2,\"name\":\"Concours\",\"item\":\"https:\/\/swissbaker.ch\/fr\/panissimo-news\/category\/concours\/\"},{\"@type\":\"ListItem\",\"position\":3,\"name\":\"Women power, performances au top\"}]},{\"@type\":\"WebSite\",\"@id\":\"https:\/\/swissbaker.ch\/fr\/#website\",\"url\":\"https:\/\/swissbaker.ch\/fr\/\",\"name\":\"SBC\",\"description\":\"\",\"publisher\":{\"@id\":\"https:\/\/swissbaker.ch\/fr\/#organization\"},\"potentialAction\":[{\"@type\":\"SearchAction\",\"target\":{\"@type\":\"EntryPoint\",\"urlTemplate\":\"https:\/\/swissbaker.ch\/fr\/?s={search_term_string}\"},\"query-input\":{\"@type\":\"PropertyValueSpecification\",\"valueRequired\":true,\"valueName\":\"search_term_string\"}}],\"inLanguage\":\"fr-FR\"},{\"@type\":\"Organization\",\"@id\":\"https:\/\/swissbaker.ch\/fr\/#organization\",\"name\":\"Schweizerischer B\u00e4cker-Confiseurmeister-Verband\",\"url\":\"https:\/\/swissbaker.ch\/fr\/\",\"logo\":{\"@type\":\"ImageObject\",\"inLanguage\":\"fr-FR\",\"@id\":\"https:\/\/swissbaker.ch\/fr\/#\/schema\/logo\/image\/\",\"url\":\"https:\/\/swissbaker.ch\/wp-content\/uploads\/2022\/04\/sbc-logo-yoast.jpg\",\"contentUrl\":\"https:\/\/swissbaker.ch\/wp-content\/uploads\/2022\/04\/sbc-logo-yoast.jpg\",\"width\":512,\"height\":512,\"caption\":\"Schweizerischer B\u00e4cker-Confiseurmeister-Verband\"},\"image\":{\"@id\":\"https:\/\/swissbaker.ch\/fr\/#\/schema\/logo\/image\/\"},\"sameAs\":[\"https:\/\/www.facebook.com\/swissbaker.ch\",\"https:\/\/x.com\/ch_swissbaker\"]},{\"@type\":\"Person\",\"@id\":\"https:\/\/swissbaker.ch\/fr\/#\/schema\/person\/74bd327b08c18ca6042c02ff6f0ed5e2\",\"name\":\"Simon Nussbaum\",\"image\":{\"@type\":\"ImageObject\",\"inLanguage\":\"fr-FR\",\"@id\":\"https:\/\/swissbaker.ch\/fr\/#\/schema\/person\/image\/\",\"url\":\"https:\/\/secure.gravatar.com\/avatar\/df0eced3bb556c806cb760cf503ade1ed1df25b4104d80d6fd28d93a9509aa12?s=96&d=mm&r=g\",\"contentUrl\":\"https:\/\/secure.gravatar.com\/avatar\/df0eced3bb556c806cb760cf503ade1ed1df25b4104d80d6fd28d93a9509aa12?s=96&d=mm&r=g\",\"caption\":\"Simon Nussbaum\"},\"url\":\"https:\/\/swissbaker.ch\/fr\/panissimo-news\/author\/simon-nussbaum\/\"}]}<\/script>\n<!-- \/ Yoast SEO Premium plugin. -->","yoast_head_json":{"title":"Women power, performances au top | SBC","robots":{"index":"index","follow":"follow","max-snippet":"max-snippet:-1","max-image-preview":"max-image-preview:large","max-video-preview":"max-video-preview:-1"},"canonical":"https:\/\/swissbaker.ch\/fr\/panissimo-news\/women-power-performances-au-top\/","og_locale":"fr_FR","og_type":"article","og_title":"Women power, performances au top","og_description":"Trois championnes suisses rayonnantes, neuf places sur le podium, 32 concurrents talentueux aux performances impressionnantes, d\u2019innombrables assistants comp\u00e9tents, un nombre r\u00e9jouissant de visiteurs sur le stand, un ambassadeur engag\u00e9\u2009: voici comment r\u00e9sumer les SwissSkills 2025, qui se sont d\u00e9roul\u00e9s du 17 au 21\u202fseptembre \u00e0 Berne, avec la boulangerie-confiserie au c\u0153ur de l\u2019action.  \u2002Page\u202f33","og_url":"https:\/\/swissbaker.ch\/fr\/panissimo-news\/women-power-performances-au-top\/","og_site_name":"SBC","article_publisher":"https:\/\/www.facebook.com\/swissbaker.ch","article_published_time":"2025-09-25T06:50:54+00:00","article_modified_time":"2025-09-25T07:32:23+00:00","og_image":[{"width":1200,"height":712,"url":"https:\/\/swissbaker.ch\/wp-content\/uploads\/2025\/09\/18_1_swissskills_team.jpg","type":"image\/jpeg"}],"author":"Simon Nussbaum","twitter_card":"summary_large_image","twitter_creator":"@ch_swissbaker","twitter_site":"@ch_swissbaker","twitter_misc":{"Written by":"Simon Nussbaum","Est. reading time":"3 minutes"},"schema":{"@context":"https:\/\/schema.org","@graph":[{"@type":"Article","@id":"https:\/\/swissbaker.ch\/fr\/panissimo-news\/women-power-performances-au-top\/#article","isPartOf":{"@id":"https:\/\/swissbaker.ch\/fr\/panissimo-news\/women-power-performances-au-top\/"},"author":{"name":"Simon Nussbaum","@id":"https:\/\/swissbaker.ch\/fr\/#\/schema\/person\/74bd327b08c18ca6042c02ff6f0ed5e2"},"headline":"Women power, performances au top","datePublished":"2025-09-25T06:50:54+00:00","dateModified":"2025-09-25T07:32:23+00:00","mainEntityOfPage":{"@id":"https:\/\/swissbaker.ch\/fr\/panissimo-news\/women-power-performances-au-top\/"},"wordCount":606,"publisher":{"@id":"https:\/\/swissbaker.ch\/fr\/#organization"},"image":{"@id":"https:\/\/swissbaker.ch\/fr\/panissimo-news\/women-power-performances-au-top\/#primaryimage"},"thumbnailUrl":"https:\/\/swissbaker.ch\/wp-content\/uploads\/2025\/09\/18_1_swissskills_team.jpg","articleSection":["Concours"],"inLanguage":"fr-FR"},{"@type":"WebPage","@id":"https:\/\/swissbaker.ch\/fr\/panissimo-news\/women-power-performances-au-top\/","url":"https:\/\/swissbaker.ch\/fr\/panissimo-news\/women-power-performances-au-top\/","name":"Women power, performances au top | SBC","isPartOf":{"@id":"https:\/\/swissbaker.ch\/fr\/#website"},"primaryImageOfPage":{"@id":"https:\/\/swissbaker.ch\/fr\/panissimo-news\/women-power-performances-au-top\/#primaryimage"},"image":{"@id":"https:\/\/swissbaker.ch\/fr\/panissimo-news\/women-power-performances-au-top\/#primaryimage"},"thumbnailUrl":"https:\/\/swissbaker.ch\/wp-content\/uploads\/2025\/09\/18_1_swissskills_team.jpg","datePublished":"2025-09-25T06:50:54+00:00","dateModified":"2025-09-25T07:32:23+00:00","breadcrumb":{"@id":"https:\/\/swissbaker.ch\/fr\/panissimo-news\/women-power-performances-au-top\/#breadcrumb"},"inLanguage":"fr-FR","potentialAction":[{"@type":"ReadAction","target":["https:\/\/swissbaker.ch\/fr\/panissimo-news\/women-power-performances-au-top\/"]}]},{"@type":"ImageObject","inLanguage":"fr-FR","@id":"https:\/\/swissbaker.ch\/fr\/panissimo-news\/women-power-performances-au-top\/#primaryimage","url":"https:\/\/swissbaker.ch\/wp-content\/uploads\/2025\/09\/18_1_swissskills_team.jpg","contentUrl":"https:\/\/swissbaker.ch\/wp-content\/uploads\/2025\/09\/18_1_swissskills_team.jpg","width":1200,"height":712},{"@type":"BreadcrumbList","@id":"https:\/\/swissbaker.ch\/fr\/panissimo-news\/women-power-performances-au-top\/#breadcrumb","itemListElement":[{"@type":"ListItem","position":1,"name":"","item":"https:\/\/swissbaker.ch\/fr\/"},{"@type":"ListItem","position":2,"name":"Concours","item":"https:\/\/swissbaker.ch\/fr\/panissimo-news\/category\/concours\/"},{"@type":"ListItem","position":3,"name":"Women power, performances au top"}]},{"@type":"WebSite","@id":"https:\/\/swissbaker.ch\/fr\/#website","url":"https:\/\/swissbaker.ch\/fr\/","name":"SBC","description":"","publisher":{"@id":"https:\/\/swissbaker.ch\/fr\/#organization"},"potentialAction":[{"@type":"SearchAction","target":{"@type":"EntryPoint","urlTemplate":"https:\/\/swissbaker.ch\/fr\/?s={search_term_string}"},"query-input":{"@type":"PropertyValueSpecification","valueRequired":true,"valueName":"search_term_string"}}],"inLanguage":"fr-FR"},{"@type":"Organization","@id":"https:\/\/swissbaker.ch\/fr\/#organization","name":"Schweizerischer B\u00e4cker-Confiseurmeister-Verband","url":"https:\/\/swissbaker.ch\/fr\/","logo":{"@type":"ImageObject","inLanguage":"fr-FR","@id":"https:\/\/swissbaker.ch\/fr\/#\/schema\/logo\/image\/","url":"https:\/\/swissbaker.ch\/wp-content\/uploads\/2022\/04\/sbc-logo-yoast.jpg","contentUrl":"https:\/\/swissbaker.ch\/wp-content\/uploads\/2022\/04\/sbc-logo-yoast.jpg","width":512,"height":512,"caption":"Schweizerischer B\u00e4cker-Confiseurmeister-Verband"},"image":{"@id":"https:\/\/swissbaker.ch\/fr\/#\/schema\/logo\/image\/"},"sameAs":["https:\/\/www.facebook.com\/swissbaker.ch","https:\/\/x.com\/ch_swissbaker"]},{"@type":"Person","@id":"https:\/\/swissbaker.ch\/fr\/#\/schema\/person\/74bd327b08c18ca6042c02ff6f0ed5e2","name":"Simon Nussbaum","image":{"@type":"ImageObject","inLanguage":"fr-FR","@id":"https:\/\/swissbaker.ch\/fr\/#\/schema\/person\/image\/","url":"https:\/\/secure.gravatar.com\/avatar\/df0eced3bb556c806cb760cf503ade1ed1df25b4104d80d6fd28d93a9509aa12?s=96&d=mm&r=g","contentUrl":"https:\/\/secure.gravatar.com\/avatar\/df0eced3bb556c806cb760cf503ade1ed1df25b4104d80d6fd28d93a9509aa12?s=96&d=mm&r=g","caption":"Simon Nussbaum"},"url":"https:\/\/swissbaker.ch\/fr\/panissimo-news\/author\/simon-nussbaum\/"}]}},"_links":{"self":[{"href":"https:\/\/swissbaker.ch\/fr\/wp-json\/wp\/v2\/posts\/127585","targetHints":{"allow":["GET"]}}],"collection":[{"href":"https:\/\/swissbaker.ch\/fr\/wp-json\/wp\/v2\/posts"}],"about":[{"href":"https:\/\/swissbaker.ch\/fr\/wp-json\/wp\/v2\/types\/post"}],"author":[{"embeddable":true,"href":"https:\/\/swissbaker.ch\/fr\/wp-json\/wp\/v2\/users\/5"}],"replies":[{"embeddable":true,"href":"https:\/\/swissbaker.ch\/fr\/wp-json\/wp\/v2\/comments?post=127585"}],"version-history":[{"count":0,"href":"https:\/\/swissbaker.ch\/fr\/wp-json\/wp\/v2\/posts\/127585\/revisions"}],"wp:featuredmedia":[{"embeddable":true,"href":"https:\/\/swissbaker.ch\/fr\/wp-json\/wp\/v2\/media\/127571"}],"wp:attachment":[{"href":"https:\/\/swissbaker.ch\/fr\/wp-json\/wp\/v2\/media?parent=127585"}],"wp:term":[{"taxonomy":"category","embeddable":true,"href":"https:\/\/swissbaker.ch\/fr\/wp-json\/wp\/v2\/categories?post=127585"},{"taxonomy":"post_tag","embeddable":true,"href":"https:\/\/swissbaker.ch\/fr\/wp-json\/wp\/v2\/tags?post=127585"}],"curies":[{"name":"wp","href":"https:\/\/api.w.org\/{rel}","templated":true}]}}