{"id":126165,"date":"2025-09-17T10:13:00","date_gmt":"2025-09-17T08:13:00","guid":{"rendered":"https:\/\/swissbaker.ch\/?p=126165"},"modified":"2025-09-18T15:50:24","modified_gmt":"2025-09-18T13:50:24","slug":"la-boulangerie-rassemble-le-monde","status":"publish","type":"post","link":"https:\/\/swissbaker.ch\/fr\/panissimo-news\/la-boulangerie-rassemble-le-monde\/","title":{"rendered":"La boulangerie rassemble le monde"},"content":{"rendered":"\n<p><strong>Le Richemont Club Suisse<\/strong> <strong>a f\u00eat\u00e9 cette semaine son 75<sup>e<\/sup>&nbsp;anniversaire \u00e0 Lucerne, un \u00e9v\u00e9nement d&#8217;envergure internationale. Pour tous les participants et participantes, une chose est s\u00fbre: ce fut un \u00e9v\u00e9nement exceptionnel!<\/strong><\/p>\n\n\n\n<p>Pour son anniversaire, le Richemont Club Suisse s&#8217;est offert un cadeau qui restera dans les m\u00e9moires, tout en posant de nouveaux jalons: un \u00e9v\u00e9nement parfaitement organis\u00e9, rendu inoubliable pour plus de 110 h\u00f4tes internationaux venus de 15 pays, gr\u00e2ce \u00e0 la g\u00e9n\u00e9rosit\u00e9 des sponsors et \u00e0 la passion de toutes les personnes impliqu\u00e9es.<\/p>\n\n\n\n<figure class=\"wp-block-video\"><video height=\"2160\" style=\"aspect-ratio: 3840 \/ 2160;\" width=\"3840\" controls src=\"https:\/\/swissbaker.ch\/wp-content\/uploads\/2025\/09\/irc_meeting_2025_v1.mp4\"><\/video><\/figure>\n\n\n\n<h2 class=\"wp-block-heading\" id=\"h-un-voyage-a-travers-l-univers-de-la-boulangerie-confiserie-artisanale\">Un voyage \u00e0 travers l&#8217;univers de la boulangerie-confiserie artisanale<\/h2>\n\n\n\n<p>De la visite de la boulangerie moderne de Christen Beck \u00e0 Buochs (NW) \u00e0 la d\u00e9couverte de la gestion exemplaire de la boulangerie Schefer \u00e0 Einsiedeln (SZ), en passant par le fascinant atelier de fabrication de g\u00e2teaux au kirsch de la confiserie Speck \u00e0 Zoug, o\u00f9 une d\u00e9gustation \u00e9tait propos\u00e9e, les h\u00f4tes ont pu se familiariser avec l&#8217;artisanat. Un moment fort: la visite guid\u00e9e personnalis\u00e9e de la famille Bachmann dans sa confiserie et son fournil \u00e0 Lucerne, o\u00f9 l&#8217;excellence de cette entreprise a impressionn\u00e9 tout le monde. Les ateliers \u00e0 l&#8217;Ecole professionnelle Richemont et la croisi\u00e8re avec accompagnement musical sur le lac des Quatre-Cantons ont compl\u00e9t\u00e9 le programme et ravi tous les participants et participantes.<\/p>\n\n\n\n<h2 class=\"wp-block-heading\" id=\"h-nouveau-president\">Nouveau pr\u00e9sident<\/h2>\n\n\n\n<figure class=\"wp-block-image size-large\"><img decoding=\"async\" width=\"1024\" height=\"616\" src=\"https:\/\/swissbaker.ch\/wp-content\/uploads\/2025\/09\/17_2_richemontclub_marcel_paa-1024x616.jpg\" alt=\"\" class=\"wp-image-126122\" srcset=\"https:\/\/swissbaker.ch\/wp-content\/uploads\/2025\/09\/17_2_richemontclub_marcel_paa-1024x616.jpg 1024w, https:\/\/swissbaker.ch\/wp-content\/uploads\/2025\/09\/17_2_richemontclub_marcel_paa-768x462.jpg 768w, https:\/\/swissbaker.ch\/wp-content\/uploads\/2025\/09\/17_2_richemontclub_marcel_paa.jpg 1200w\" sizes=\"(max-width: 1024px) 100vw, 1024px\" \/><figcaption class=\"wp-element-caption\"><em>l&#8217;investiture solennelle du nouveau pr\u00e9sident international Marcel Paa (2e d.g.)<\/em><\/figcaption><\/figure>\n\n\n\n<p>Un d\u00eener de gala festif, anim\u00e9 par le duo tr\u00e8s appr\u00e9ci\u00e9 Ursina et Roni Merz, a r\u00e9uni tous les sponsors et diverti les h\u00f4tes avec des mets culinaires et les impressionnants roulements de tambour du groupe Drumpact. Le clou de la soir\u00e9e: l&#8217;investiture solennelle du nouveau pr\u00e9sident international Marcel Paa, un moment qui a encore resserr\u00e9 les liens au sein de la famille internationale des boulangers-confiseurs.<\/p>\n\n\n\n<h2 class=\"wp-block-heading\" id=\"h-tradition-innovation-et-passion\">Tradition, innovation et passion<\/h2>\n\n\n\n<p>\u00abC&#8217;\u00e9tait impressionnant de voir des gens du monde entier se r\u00e9unir ici pour partager leur amour de la boulangerie artisanale\u00bb, s&#8217;est enthousiasm\u00e9 un invit\u00e9 croate. Et c&#8217;est pr\u00e9cis\u00e9ment la mission du Richemont Club: jeter des ponts entre tradition et innovation, entre cultures et g\u00e9n\u00e9rations.&nbsp;<\/p>\n\n\n\n<p><a href=\"https:\/\/swissbaker.ch\/panissimo-news\/fotogalerie\/75-jahr-jubilaeum-des-richemontclub-schweiz\/\" target=\"_blank\" rel=\"noreferrer noopener\"><strong>Grande galerie de photos du l\u00e9v\u00e9nement\u2026\u00bb<\/strong><\/a><\/p>\n\n\n\n<p class=\"has-text-align-right\"><em>Marcel Paa<\/em><\/p>\n\n\n\n<p class=\"has-text-align-right\"><em>Fotos: Marcel Paa GmbH, Fachschule Richemont<\/em><\/p>\n\n\n\n<hr class=\"wp-block-separator has-alpha-channel-opacity\"\/>\n\n\n\n<h2 class=\"wp-block-heading\" id=\"h-rejoindre-a-famille-du-richemont-club\">Rejoindre a famille du Richemont Club<\/h2>\n\n\n\n<p>Le Richemont Club Suisse invite tous les professionnels et professionnelles passionn\u00e9s \u00e0 rejoindre cette communaut\u00e9 unique. <a href=\"https:\/\/www.richemont-club.ch\/de-ch\/ch-join-us\" target=\"_blank\" rel=\"noreferrer noopener\">Informations&#8230;\u00bb<\/a><\/p>\n\n\n\n<hr class=\"wp-block-separator has-alpha-channel-opacity\"\/>\n\n\n\n<p><a id=\"_msocom_1\"><\/a><a id=\"_msocom_3\"><\/a><\/p>\n","protected":false},"excerpt":{"rendered":"<p>Le Richemont Club Suisse a f\u00eat\u00e9 cette semaine son 75e\u00a0anniversaire \u00e0 Lucerne, un \u00e9v\u00e9nement d&#8217;envergure internationale. Pour tous les participants et participantes, une chose est s\u00fbre: ce fut un \u00e9v\u00e9nement exceptionnel!<\/p>\n","protected":false},"author":5,"featured_media":126118,"comment_status":"closed","ping_status":"closed","sticky":true,"template":"","format":"standard","meta":{"_acf_changed":false,"footnotes":""},"categories":[46],"tags":[],"class_list":["post-126165","post","type-post","status-publish","format-standard","has-post-thumbnail","hentry","category-evenement"],"acf":[],"yoast_head":"<!-- This site is optimized with the Yoast SEO Premium plugin v26.8 (Yoast SEO v26.8) - https:\/\/yoast.com\/product\/yoast-seo-premium-wordpress\/ -->\n<title>La boulangerie rassemble le monde | SBC<\/title>\n<meta name=\"robots\" content=\"index, follow, max-snippet:-1, max-image-preview:large, max-video-preview:-1\" \/>\n<link rel=\"canonical\" href=\"https:\/\/swissbaker.ch\/fr\/panissimo-news\/la-boulangerie-rassemble-le-monde\/\" \/>\n<meta property=\"og:locale\" content=\"fr_FR\" \/>\n<meta property=\"og:type\" content=\"article\" \/>\n<meta property=\"og:title\" content=\"La boulangerie rassemble le monde\" \/>\n<meta property=\"og:description\" content=\"Le Richemont Club Suisse a f\u00eat\u00e9 cette semaine son 75e\u00a0anniversaire \u00e0 Lucerne, un \u00e9v\u00e9nement d&#039;envergure internationale. Pour tous les participants et participantes, une chose est s\u00fbre: ce fut un \u00e9v\u00e9nement exceptionnel!\" \/>\n<meta property=\"og:url\" content=\"https:\/\/swissbaker.ch\/fr\/panissimo-news\/la-boulangerie-rassemble-le-monde\/\" \/>\n<meta property=\"og:site_name\" content=\"SBC\" \/>\n<meta property=\"article:publisher\" content=\"https:\/\/www.facebook.com\/swissbaker.ch\" \/>\n<meta property=\"article:published_time\" content=\"2025-09-17T08:13:00+00:00\" \/>\n<meta property=\"article:modified_time\" content=\"2025-09-18T13:50:24+00:00\" \/>\n<meta property=\"og:image\" content=\"https:\/\/swissbaker.ch\/wp-content\/uploads\/2025\/09\/17_2_richemontclub_1.jpg\" \/>\n\t<meta property=\"og:image:width\" content=\"1200\" \/>\n\t<meta property=\"og:image:height\" content=\"712\" \/>\n\t<meta property=\"og:image:type\" content=\"image\/jpeg\" \/>\n<meta name=\"author\" content=\"Simon Nussbaum\" \/>\n<meta name=\"twitter:card\" content=\"summary_large_image\" \/>\n<meta name=\"twitter:creator\" content=\"@ch_swissbaker\" \/>\n<meta name=\"twitter:site\" content=\"@ch_swissbaker\" \/>\n<meta name=\"twitter:label1\" content=\"Written by\" \/>\n\t<meta name=\"twitter:data1\" content=\"Simon Nussbaum\" \/>\n\t<meta name=\"twitter:label2\" content=\"Est. reading time\" \/>\n\t<meta name=\"twitter:data2\" content=\"2 minutes\" \/>\n<script type=\"application\/ld+json\" class=\"yoast-schema-graph\">{\"@context\":\"https:\/\/schema.org\",\"@graph\":[{\"@type\":\"Article\",\"@id\":\"https:\/\/swissbaker.ch\/fr\/panissimo-news\/la-boulangerie-rassemble-le-monde\/#article\",\"isPartOf\":{\"@id\":\"https:\/\/swissbaker.ch\/fr\/panissimo-news\/la-boulangerie-rassemble-le-monde\/\"},\"author\":{\"name\":\"Simon Nussbaum\",\"@id\":\"https:\/\/swissbaker.ch\/fr\/#\/schema\/person\/74bd327b08c18ca6042c02ff6f0ed5e2\"},\"headline\":\"La boulangerie rassemble le monde\",\"datePublished\":\"2025-09-17T08:13:00+00:00\",\"dateModified\":\"2025-09-18T13:50:24+00:00\",\"mainEntityOfPage\":{\"@id\":\"https:\/\/swissbaker.ch\/fr\/panissimo-news\/la-boulangerie-rassemble-le-monde\/\"},\"wordCount\":415,\"publisher\":{\"@id\":\"https:\/\/swissbaker.ch\/fr\/#organization\"},\"image\":{\"@id\":\"https:\/\/swissbaker.ch\/fr\/panissimo-news\/la-boulangerie-rassemble-le-monde\/#primaryimage\"},\"thumbnailUrl\":\"https:\/\/swissbaker.ch\/wp-content\/uploads\/2025\/09\/17_2_richemontclub_1.jpg\",\"articleSection\":[\"Ev\u00e9nement\"],\"inLanguage\":\"fr-FR\"},{\"@type\":\"WebPage\",\"@id\":\"https:\/\/swissbaker.ch\/fr\/panissimo-news\/la-boulangerie-rassemble-le-monde\/\",\"url\":\"https:\/\/swissbaker.ch\/fr\/panissimo-news\/la-boulangerie-rassemble-le-monde\/\",\"name\":\"La boulangerie rassemble le monde | SBC\",\"isPartOf\":{\"@id\":\"https:\/\/swissbaker.ch\/fr\/#website\"},\"primaryImageOfPage\":{\"@id\":\"https:\/\/swissbaker.ch\/fr\/panissimo-news\/la-boulangerie-rassemble-le-monde\/#primaryimage\"},\"image\":{\"@id\":\"https:\/\/swissbaker.ch\/fr\/panissimo-news\/la-boulangerie-rassemble-le-monde\/#primaryimage\"},\"thumbnailUrl\":\"https:\/\/swissbaker.ch\/wp-content\/uploads\/2025\/09\/17_2_richemontclub_1.jpg\",\"datePublished\":\"2025-09-17T08:13:00+00:00\",\"dateModified\":\"2025-09-18T13:50:24+00:00\",\"breadcrumb\":{\"@id\":\"https:\/\/swissbaker.ch\/fr\/panissimo-news\/la-boulangerie-rassemble-le-monde\/#breadcrumb\"},\"inLanguage\":\"fr-FR\",\"potentialAction\":[{\"@type\":\"ReadAction\",\"target\":[\"https:\/\/swissbaker.ch\/fr\/panissimo-news\/la-boulangerie-rassemble-le-monde\/\"]}]},{\"@type\":\"ImageObject\",\"inLanguage\":\"fr-FR\",\"@id\":\"https:\/\/swissbaker.ch\/fr\/panissimo-news\/la-boulangerie-rassemble-le-monde\/#primaryimage\",\"url\":\"https:\/\/swissbaker.ch\/wp-content\/uploads\/2025\/09\/17_2_richemontclub_1.jpg\",\"contentUrl\":\"https:\/\/swissbaker.ch\/wp-content\/uploads\/2025\/09\/17_2_richemontclub_1.jpg\",\"width\":1200,\"height\":712},{\"@type\":\"BreadcrumbList\",\"@id\":\"https:\/\/swissbaker.ch\/fr\/panissimo-news\/la-boulangerie-rassemble-le-monde\/#breadcrumb\",\"itemListElement\":[{\"@type\":\"ListItem\",\"position\":1,\"name\":\"\",\"item\":\"https:\/\/swissbaker.ch\/fr\/\"},{\"@type\":\"ListItem\",\"position\":2,\"name\":\"Ev\u00e9nement\",\"item\":\"https:\/\/swissbaker.ch\/fr\/panissimo-news\/category\/evenement\/\"},{\"@type\":\"ListItem\",\"position\":3,\"name\":\"La boulangerie rassemble le monde\"}]},{\"@type\":\"WebSite\",\"@id\":\"https:\/\/swissbaker.ch\/fr\/#website\",\"url\":\"https:\/\/swissbaker.ch\/fr\/\",\"name\":\"SBC\",\"description\":\"\",\"publisher\":{\"@id\":\"https:\/\/swissbaker.ch\/fr\/#organization\"},\"potentialAction\":[{\"@type\":\"SearchAction\",\"target\":{\"@type\":\"EntryPoint\",\"urlTemplate\":\"https:\/\/swissbaker.ch\/fr\/?s={search_term_string}\"},\"query-input\":{\"@type\":\"PropertyValueSpecification\",\"valueRequired\":true,\"valueName\":\"search_term_string\"}}],\"inLanguage\":\"fr-FR\"},{\"@type\":\"Organization\",\"@id\":\"https:\/\/swissbaker.ch\/fr\/#organization\",\"name\":\"Schweizerischer B\u00e4cker-Confiseurmeister-Verband\",\"url\":\"https:\/\/swissbaker.ch\/fr\/\",\"logo\":{\"@type\":\"ImageObject\",\"inLanguage\":\"fr-FR\",\"@id\":\"https:\/\/swissbaker.ch\/fr\/#\/schema\/logo\/image\/\",\"url\":\"https:\/\/swissbaker.ch\/wp-content\/uploads\/2022\/04\/sbc-logo-yoast.jpg\",\"contentUrl\":\"https:\/\/swissbaker.ch\/wp-content\/uploads\/2022\/04\/sbc-logo-yoast.jpg\",\"width\":512,\"height\":512,\"caption\":\"Schweizerischer B\u00e4cker-Confiseurmeister-Verband\"},\"image\":{\"@id\":\"https:\/\/swissbaker.ch\/fr\/#\/schema\/logo\/image\/\"},\"sameAs\":[\"https:\/\/www.facebook.com\/swissbaker.ch\",\"https:\/\/x.com\/ch_swissbaker\"]},{\"@type\":\"Person\",\"@id\":\"https:\/\/swissbaker.ch\/fr\/#\/schema\/person\/74bd327b08c18ca6042c02ff6f0ed5e2\",\"name\":\"Simon Nussbaum\",\"image\":{\"@type\":\"ImageObject\",\"inLanguage\":\"fr-FR\",\"@id\":\"https:\/\/swissbaker.ch\/fr\/#\/schema\/person\/image\/\",\"url\":\"https:\/\/secure.gravatar.com\/avatar\/df0eced3bb556c806cb760cf503ade1ed1df25b4104d80d6fd28d93a9509aa12?s=96&d=mm&r=g\",\"contentUrl\":\"https:\/\/secure.gravatar.com\/avatar\/df0eced3bb556c806cb760cf503ade1ed1df25b4104d80d6fd28d93a9509aa12?s=96&d=mm&r=g\",\"caption\":\"Simon Nussbaum\"},\"url\":\"https:\/\/swissbaker.ch\/fr\/panissimo-news\/author\/simon-nussbaum\/\"}]}<\/script>\n<!-- \/ Yoast SEO Premium plugin. -->","yoast_head_json":{"title":"La boulangerie rassemble le monde | SBC","robots":{"index":"index","follow":"follow","max-snippet":"max-snippet:-1","max-image-preview":"max-image-preview:large","max-video-preview":"max-video-preview:-1"},"canonical":"https:\/\/swissbaker.ch\/fr\/panissimo-news\/la-boulangerie-rassemble-le-monde\/","og_locale":"fr_FR","og_type":"article","og_title":"La boulangerie rassemble le monde","og_description":"Le Richemont Club Suisse a f\u00eat\u00e9 cette semaine son 75e\u00a0anniversaire \u00e0 Lucerne, un \u00e9v\u00e9nement d'envergure internationale. Pour tous les participants et participantes, une chose est s\u00fbre: ce fut un \u00e9v\u00e9nement exceptionnel!","og_url":"https:\/\/swissbaker.ch\/fr\/panissimo-news\/la-boulangerie-rassemble-le-monde\/","og_site_name":"SBC","article_publisher":"https:\/\/www.facebook.com\/swissbaker.ch","article_published_time":"2025-09-17T08:13:00+00:00","article_modified_time":"2025-09-18T13:50:24+00:00","og_image":[{"width":1200,"height":712,"url":"https:\/\/swissbaker.ch\/wp-content\/uploads\/2025\/09\/17_2_richemontclub_1.jpg","type":"image\/jpeg"}],"author":"Simon Nussbaum","twitter_card":"summary_large_image","twitter_creator":"@ch_swissbaker","twitter_site":"@ch_swissbaker","twitter_misc":{"Written by":"Simon Nussbaum","Est. reading time":"2 minutes"},"schema":{"@context":"https:\/\/schema.org","@graph":[{"@type":"Article","@id":"https:\/\/swissbaker.ch\/fr\/panissimo-news\/la-boulangerie-rassemble-le-monde\/#article","isPartOf":{"@id":"https:\/\/swissbaker.ch\/fr\/panissimo-news\/la-boulangerie-rassemble-le-monde\/"},"author":{"name":"Simon Nussbaum","@id":"https:\/\/swissbaker.ch\/fr\/#\/schema\/person\/74bd327b08c18ca6042c02ff6f0ed5e2"},"headline":"La boulangerie rassemble le monde","datePublished":"2025-09-17T08:13:00+00:00","dateModified":"2025-09-18T13:50:24+00:00","mainEntityOfPage":{"@id":"https:\/\/swissbaker.ch\/fr\/panissimo-news\/la-boulangerie-rassemble-le-monde\/"},"wordCount":415,"publisher":{"@id":"https:\/\/swissbaker.ch\/fr\/#organization"},"image":{"@id":"https:\/\/swissbaker.ch\/fr\/panissimo-news\/la-boulangerie-rassemble-le-monde\/#primaryimage"},"thumbnailUrl":"https:\/\/swissbaker.ch\/wp-content\/uploads\/2025\/09\/17_2_richemontclub_1.jpg","articleSection":["Ev\u00e9nement"],"inLanguage":"fr-FR"},{"@type":"WebPage","@id":"https:\/\/swissbaker.ch\/fr\/panissimo-news\/la-boulangerie-rassemble-le-monde\/","url":"https:\/\/swissbaker.ch\/fr\/panissimo-news\/la-boulangerie-rassemble-le-monde\/","name":"La boulangerie rassemble le monde | SBC","isPartOf":{"@id":"https:\/\/swissbaker.ch\/fr\/#website"},"primaryImageOfPage":{"@id":"https:\/\/swissbaker.ch\/fr\/panissimo-news\/la-boulangerie-rassemble-le-monde\/#primaryimage"},"image":{"@id":"https:\/\/swissbaker.ch\/fr\/panissimo-news\/la-boulangerie-rassemble-le-monde\/#primaryimage"},"thumbnailUrl":"https:\/\/swissbaker.ch\/wp-content\/uploads\/2025\/09\/17_2_richemontclub_1.jpg","datePublished":"2025-09-17T08:13:00+00:00","dateModified":"2025-09-18T13:50:24+00:00","breadcrumb":{"@id":"https:\/\/swissbaker.ch\/fr\/panissimo-news\/la-boulangerie-rassemble-le-monde\/#breadcrumb"},"inLanguage":"fr-FR","potentialAction":[{"@type":"ReadAction","target":["https:\/\/swissbaker.ch\/fr\/panissimo-news\/la-boulangerie-rassemble-le-monde\/"]}]},{"@type":"ImageObject","inLanguage":"fr-FR","@id":"https:\/\/swissbaker.ch\/fr\/panissimo-news\/la-boulangerie-rassemble-le-monde\/#primaryimage","url":"https:\/\/swissbaker.ch\/wp-content\/uploads\/2025\/09\/17_2_richemontclub_1.jpg","contentUrl":"https:\/\/swissbaker.ch\/wp-content\/uploads\/2025\/09\/17_2_richemontclub_1.jpg","width":1200,"height":712},{"@type":"BreadcrumbList","@id":"https:\/\/swissbaker.ch\/fr\/panissimo-news\/la-boulangerie-rassemble-le-monde\/#breadcrumb","itemListElement":[{"@type":"ListItem","position":1,"name":"","item":"https:\/\/swissbaker.ch\/fr\/"},{"@type":"ListItem","position":2,"name":"Ev\u00e9nement","item":"https:\/\/swissbaker.ch\/fr\/panissimo-news\/category\/evenement\/"},{"@type":"ListItem","position":3,"name":"La boulangerie rassemble le monde"}]},{"@type":"WebSite","@id":"https:\/\/swissbaker.ch\/fr\/#website","url":"https:\/\/swissbaker.ch\/fr\/","name":"SBC","description":"","publisher":{"@id":"https:\/\/swissbaker.ch\/fr\/#organization"},"potentialAction":[{"@type":"SearchAction","target":{"@type":"EntryPoint","urlTemplate":"https:\/\/swissbaker.ch\/fr\/?s={search_term_string}"},"query-input":{"@type":"PropertyValueSpecification","valueRequired":true,"valueName":"search_term_string"}}],"inLanguage":"fr-FR"},{"@type":"Organization","@id":"https:\/\/swissbaker.ch\/fr\/#organization","name":"Schweizerischer B\u00e4cker-Confiseurmeister-Verband","url":"https:\/\/swissbaker.ch\/fr\/","logo":{"@type":"ImageObject","inLanguage":"fr-FR","@id":"https:\/\/swissbaker.ch\/fr\/#\/schema\/logo\/image\/","url":"https:\/\/swissbaker.ch\/wp-content\/uploads\/2022\/04\/sbc-logo-yoast.jpg","contentUrl":"https:\/\/swissbaker.ch\/wp-content\/uploads\/2022\/04\/sbc-logo-yoast.jpg","width":512,"height":512,"caption":"Schweizerischer B\u00e4cker-Confiseurmeister-Verband"},"image":{"@id":"https:\/\/swissbaker.ch\/fr\/#\/schema\/logo\/image\/"},"sameAs":["https:\/\/www.facebook.com\/swissbaker.ch","https:\/\/x.com\/ch_swissbaker"]},{"@type":"Person","@id":"https:\/\/swissbaker.ch\/fr\/#\/schema\/person\/74bd327b08c18ca6042c02ff6f0ed5e2","name":"Simon Nussbaum","image":{"@type":"ImageObject","inLanguage":"fr-FR","@id":"https:\/\/swissbaker.ch\/fr\/#\/schema\/person\/image\/","url":"https:\/\/secure.gravatar.com\/avatar\/df0eced3bb556c806cb760cf503ade1ed1df25b4104d80d6fd28d93a9509aa12?s=96&d=mm&r=g","contentUrl":"https:\/\/secure.gravatar.com\/avatar\/df0eced3bb556c806cb760cf503ade1ed1df25b4104d80d6fd28d93a9509aa12?s=96&d=mm&r=g","caption":"Simon Nussbaum"},"url":"https:\/\/swissbaker.ch\/fr\/panissimo-news\/author\/simon-nussbaum\/"}]}},"_links":{"self":[{"href":"https:\/\/swissbaker.ch\/fr\/wp-json\/wp\/v2\/posts\/126165","targetHints":{"allow":["GET"]}}],"collection":[{"href":"https:\/\/swissbaker.ch\/fr\/wp-json\/wp\/v2\/posts"}],"about":[{"href":"https:\/\/swissbaker.ch\/fr\/wp-json\/wp\/v2\/types\/post"}],"author":[{"embeddable":true,"href":"https:\/\/swissbaker.ch\/fr\/wp-json\/wp\/v2\/users\/5"}],"replies":[{"embeddable":true,"href":"https:\/\/swissbaker.ch\/fr\/wp-json\/wp\/v2\/comments?post=126165"}],"version-history":[{"count":0,"href":"https:\/\/swissbaker.ch\/fr\/wp-json\/wp\/v2\/posts\/126165\/revisions"}],"wp:featuredmedia":[{"embeddable":true,"href":"https:\/\/swissbaker.ch\/fr\/wp-json\/wp\/v2\/media\/126118"}],"wp:attachment":[{"href":"https:\/\/swissbaker.ch\/fr\/wp-json\/wp\/v2\/media?parent=126165"}],"wp:term":[{"taxonomy":"category","embeddable":true,"href":"https:\/\/swissbaker.ch\/fr\/wp-json\/wp\/v2\/categories?post=126165"},{"taxonomy":"post_tag","embeddable":true,"href":"https:\/\/swissbaker.ch\/fr\/wp-json\/wp\/v2\/tags?post=126165"}],"curies":[{"name":"wp","href":"https:\/\/api.w.org\/{rel}","templated":true}]}}