{"id":125920,"date":"2025-09-17T11:45:13","date_gmt":"2025-09-17T09:45:13","guid":{"rendered":"https:\/\/swissbaker.ch\/?p=125920"},"modified":"2025-09-17T15:03:21","modified_gmt":"2025-09-17T13:03:21","slug":"avenant-aux-contrats-dapprentissage-debutant-a-lete-2025","status":"publish","type":"post","link":"https:\/\/swissbaker.ch\/fr\/panissimo-news\/avenant-aux-contrats-dapprentissage-debutant-a-lete-2025\/","title":{"rendered":"Avenant aux contrats d&#8217;apprentissage d\u00e9butant \u00e0 l&#8217;\u00e9t\u00e9 2025"},"content":{"rendered":"\n<p>La convention pour apprentis doit \u00eatre prise en consid\u00e9ration pour les apprentis et apprenties qui commencent leur apprentissage ou leur apprentissage compl\u00e9mentaire \u00e0 l&#8217;\u00e9t\u00e9 2025 (ou plus tard). Elle est obligatoire pour lesdits apprentis et apprenties; elle est par contre facultative et non obligatoire pour ceux et celles qui entrent en deuxi\u00e8me ann\u00e9e ou dans une ann\u00e9e d\u2019apprentissage suppl\u00e9mentaire \u00e0 l&#8217;\u00e9t\u00e9 2025.<\/p>\n\n\n\n<p>En cas d&#8217;application obligatoire de la convention pour apprentis, ses dispositions doivent \u00eatre respect\u00e9es au minimum. Les apprentis et apprenties concern\u00e9s doivent \u00e9galement s&#8217;acquitter de contributions aux frais d\u2019ex\u00e9cution de 2\u00a0francs par mois d\u00e8s le d\u00e9but de la formation; en contrepartie, ils et elles b\u00e9n\u00e9ficient de subventions et d\u2019avantages li\u00e9s \u00e0 ladite convention. Si n\u00e9cessaire, le contrat d&#8217;apprentissage peut\/doit \u00eatre modifi\u00e9. <\/p>\n\n\n\n<p><a href=\"https:\/\/swissbaker.ch\/fr\/intranet\/dokumente-gav-recht\/\">Une proposition de modification ad hoc est \u00e0 la disposition des membres de la BCS dans l\u2019intranet&#8230;\u00bb<\/a><\/p>\n\n\n\n<p class=\"has-text-align-right\"><em>Harisa Reiz<\/em><\/p>\n","protected":false},"excerpt":{"rendered":"<p>La convention pour apprentis doit \u00eatre prise en consid\u00e9ration pour les apprentis et apprenties qui commencent leur apprentissage ou leur apprentissage compl\u00e9mentaire \u00e0 l&#8217;\u00e9t\u00e9 2025 (ou plus tard). Elle est obligatoire pour lesdits apprentis et apprenties; elle est par contre facultative et non obligatoire pour ceux et celles qui entrent en deuxi\u00e8me ann\u00e9e ou dans une ann\u00e9e d\u2019apprentissage suppl\u00e9mentaire \u00e0 [&hellip;]<\/p>\n","protected":false},"author":5,"featured_media":77388,"comment_status":"closed","ping_status":"closed","sticky":false,"template":"","format":"standard","meta":{"_acf_changed":false,"footnotes":""},"categories":[44],"tags":[],"class_list":["post-125920","post","type-post","status-publish","format-standard","has-post-thumbnail","hentry","category-droit-politique"],"acf":[],"yoast_head":"<!-- This site is optimized with the Yoast SEO Premium plugin v26.8 (Yoast SEO v26.8) - https:\/\/yoast.com\/product\/yoast-seo-premium-wordpress\/ -->\n<title>Avenant aux contrats d&#039;apprentissage d\u00e9butant \u00e0 l&#039;\u00e9t\u00e9 2025 | SBC<\/title>\n<meta name=\"robots\" content=\"index, follow, max-snippet:-1, max-image-preview:large, max-video-preview:-1\" \/>\n<link rel=\"canonical\" href=\"https:\/\/swissbaker.ch\/fr\/panissimo-news\/avenant-aux-contrats-dapprentissage-debutant-a-lete-2025\/\" \/>\n<meta property=\"og:locale\" content=\"fr_FR\" \/>\n<meta property=\"og:type\" content=\"article\" \/>\n<meta property=\"og:title\" content=\"Avenant aux contrats d&#039;apprentissage d\u00e9butant \u00e0 l&#039;\u00e9t\u00e9 2025\" \/>\n<meta property=\"og:description\" content=\"La convention pour apprentis doit \u00eatre prise en consid\u00e9ration pour les apprentis et apprenties qui commencent leur apprentissage ou leur apprentissage compl\u00e9mentaire \u00e0 l&#8217;\u00e9t\u00e9 2025 (ou plus tard). Elle est obligatoire pour lesdits apprentis et apprenties; elle est par contre facultative et non obligatoire pour ceux et celles qui entrent en deuxi\u00e8me ann\u00e9e ou dans une ann\u00e9e d\u2019apprentissage suppl\u00e9mentaire \u00e0 [&hellip;]\" \/>\n<meta property=\"og:url\" content=\"https:\/\/swissbaker.ch\/fr\/panissimo-news\/avenant-aux-contrats-dapprentissage-debutant-a-lete-2025\/\" \/>\n<meta property=\"og:site_name\" content=\"SBC\" \/>\n<meta property=\"article:publisher\" content=\"https:\/\/www.facebook.com\/swissbaker.ch\" \/>\n<meta property=\"article:published_time\" content=\"2025-09-17T09:45:13+00:00\" \/>\n<meta property=\"article:modified_time\" content=\"2025-09-17T13:03:21+00:00\" \/>\n<meta property=\"og:image\" content=\"https:\/\/swissbaker.ch\/wp-content\/uploads\/2023\/01\/harisa-reiz_web-1024x819.jpg\" \/>\n\t<meta property=\"og:image:width\" content=\"1024\" \/>\n\t<meta property=\"og:image:height\" content=\"819\" \/>\n\t<meta property=\"og:image:type\" content=\"image\/jpeg\" \/>\n<meta name=\"author\" content=\"Simon Nussbaum\" \/>\n<meta name=\"twitter:card\" content=\"summary_large_image\" \/>\n<meta name=\"twitter:creator\" content=\"@ch_swissbaker\" \/>\n<meta name=\"twitter:site\" content=\"@ch_swissbaker\" \/>\n<meta name=\"twitter:label1\" content=\"Written by\" \/>\n\t<meta name=\"twitter:data1\" content=\"Simon Nussbaum\" \/>\n\t<meta name=\"twitter:label2\" content=\"Est. reading time\" \/>\n\t<meta name=\"twitter:data2\" content=\"1 minute\" \/>\n<script type=\"application\/ld+json\" class=\"yoast-schema-graph\">{\"@context\":\"https:\/\/schema.org\",\"@graph\":[{\"@type\":\"Article\",\"@id\":\"https:\/\/swissbaker.ch\/fr\/panissimo-news\/avenant-aux-contrats-dapprentissage-debutant-a-lete-2025\/#article\",\"isPartOf\":{\"@id\":\"https:\/\/swissbaker.ch\/fr\/panissimo-news\/avenant-aux-contrats-dapprentissage-debutant-a-lete-2025\/\"},\"author\":{\"name\":\"Simon Nussbaum\",\"@id\":\"https:\/\/swissbaker.ch\/fr\/#\/schema\/person\/74bd327b08c18ca6042c02ff6f0ed5e2\"},\"headline\":\"Avenant aux contrats d&#8217;apprentissage d\u00e9butant \u00e0 l&#8217;\u00e9t\u00e9 2025\",\"datePublished\":\"2025-09-17T09:45:13+00:00\",\"dateModified\":\"2025-09-17T13:03:21+00:00\",\"mainEntityOfPage\":{\"@id\":\"https:\/\/swissbaker.ch\/fr\/panissimo-news\/avenant-aux-contrats-dapprentissage-debutant-a-lete-2025\/\"},\"wordCount\":170,\"publisher\":{\"@id\":\"https:\/\/swissbaker.ch\/fr\/#organization\"},\"image\":{\"@id\":\"https:\/\/swissbaker.ch\/fr\/panissimo-news\/avenant-aux-contrats-dapprentissage-debutant-a-lete-2025\/#primaryimage\"},\"thumbnailUrl\":\"https:\/\/swissbaker.ch\/wp-content\/uploads\/2023\/01\/harisa-reiz_web.jpg\",\"articleSection\":[\"Droit &amp; politique\"],\"inLanguage\":\"fr-FR\"},{\"@type\":\"WebPage\",\"@id\":\"https:\/\/swissbaker.ch\/fr\/panissimo-news\/avenant-aux-contrats-dapprentissage-debutant-a-lete-2025\/\",\"url\":\"https:\/\/swissbaker.ch\/fr\/panissimo-news\/avenant-aux-contrats-dapprentissage-debutant-a-lete-2025\/\",\"name\":\"Avenant aux contrats d'apprentissage d\u00e9butant \u00e0 l'\u00e9t\u00e9 2025 | SBC\",\"isPartOf\":{\"@id\":\"https:\/\/swissbaker.ch\/fr\/#website\"},\"primaryImageOfPage\":{\"@id\":\"https:\/\/swissbaker.ch\/fr\/panissimo-news\/avenant-aux-contrats-dapprentissage-debutant-a-lete-2025\/#primaryimage\"},\"image\":{\"@id\":\"https:\/\/swissbaker.ch\/fr\/panissimo-news\/avenant-aux-contrats-dapprentissage-debutant-a-lete-2025\/#primaryimage\"},\"thumbnailUrl\":\"https:\/\/swissbaker.ch\/wp-content\/uploads\/2023\/01\/harisa-reiz_web.jpg\",\"datePublished\":\"2025-09-17T09:45:13+00:00\",\"dateModified\":\"2025-09-17T13:03:21+00:00\",\"breadcrumb\":{\"@id\":\"https:\/\/swissbaker.ch\/fr\/panissimo-news\/avenant-aux-contrats-dapprentissage-debutant-a-lete-2025\/#breadcrumb\"},\"inLanguage\":\"fr-FR\",\"potentialAction\":[{\"@type\":\"ReadAction\",\"target\":[\"https:\/\/swissbaker.ch\/fr\/panissimo-news\/avenant-aux-contrats-dapprentissage-debutant-a-lete-2025\/\"]}]},{\"@type\":\"ImageObject\",\"inLanguage\":\"fr-FR\",\"@id\":\"https:\/\/swissbaker.ch\/fr\/panissimo-news\/avenant-aux-contrats-dapprentissage-debutant-a-lete-2025\/#primaryimage\",\"url\":\"https:\/\/swissbaker.ch\/wp-content\/uploads\/2023\/01\/harisa-reiz_web.jpg\",\"contentUrl\":\"https:\/\/swissbaker.ch\/wp-content\/uploads\/2023\/01\/harisa-reiz_web.jpg\",\"width\":4325,\"height\":3460},{\"@type\":\"BreadcrumbList\",\"@id\":\"https:\/\/swissbaker.ch\/fr\/panissimo-news\/avenant-aux-contrats-dapprentissage-debutant-a-lete-2025\/#breadcrumb\",\"itemListElement\":[{\"@type\":\"ListItem\",\"position\":1,\"name\":\"\",\"item\":\"https:\/\/swissbaker.ch\/fr\/\"},{\"@type\":\"ListItem\",\"position\":2,\"name\":\"Droit &amp; politique\",\"item\":\"https:\/\/swissbaker.ch\/fr\/panissimo-news\/category\/droit-politique\/\"},{\"@type\":\"ListItem\",\"position\":3,\"name\":\"Avenant aux contrats d&#8217;apprentissage d\u00e9butant \u00e0 l&#8217;\u00e9t\u00e9 2025\"}]},{\"@type\":\"WebSite\",\"@id\":\"https:\/\/swissbaker.ch\/fr\/#website\",\"url\":\"https:\/\/swissbaker.ch\/fr\/\",\"name\":\"SBC\",\"description\":\"\",\"publisher\":{\"@id\":\"https:\/\/swissbaker.ch\/fr\/#organization\"},\"potentialAction\":[{\"@type\":\"SearchAction\",\"target\":{\"@type\":\"EntryPoint\",\"urlTemplate\":\"https:\/\/swissbaker.ch\/fr\/?s={search_term_string}\"},\"query-input\":{\"@type\":\"PropertyValueSpecification\",\"valueRequired\":true,\"valueName\":\"search_term_string\"}}],\"inLanguage\":\"fr-FR\"},{\"@type\":\"Organization\",\"@id\":\"https:\/\/swissbaker.ch\/fr\/#organization\",\"name\":\"Schweizerischer B\u00e4cker-Confiseurmeister-Verband\",\"url\":\"https:\/\/swissbaker.ch\/fr\/\",\"logo\":{\"@type\":\"ImageObject\",\"inLanguage\":\"fr-FR\",\"@id\":\"https:\/\/swissbaker.ch\/fr\/#\/schema\/logo\/image\/\",\"url\":\"https:\/\/swissbaker.ch\/wp-content\/uploads\/2022\/04\/sbc-logo-yoast.jpg\",\"contentUrl\":\"https:\/\/swissbaker.ch\/wp-content\/uploads\/2022\/04\/sbc-logo-yoast.jpg\",\"width\":512,\"height\":512,\"caption\":\"Schweizerischer B\u00e4cker-Confiseurmeister-Verband\"},\"image\":{\"@id\":\"https:\/\/swissbaker.ch\/fr\/#\/schema\/logo\/image\/\"},\"sameAs\":[\"https:\/\/www.facebook.com\/swissbaker.ch\",\"https:\/\/x.com\/ch_swissbaker\"]},{\"@type\":\"Person\",\"@id\":\"https:\/\/swissbaker.ch\/fr\/#\/schema\/person\/74bd327b08c18ca6042c02ff6f0ed5e2\",\"name\":\"Simon Nussbaum\",\"image\":{\"@type\":\"ImageObject\",\"inLanguage\":\"fr-FR\",\"@id\":\"https:\/\/swissbaker.ch\/fr\/#\/schema\/person\/image\/\",\"url\":\"https:\/\/secure.gravatar.com\/avatar\/df0eced3bb556c806cb760cf503ade1ed1df25b4104d80d6fd28d93a9509aa12?s=96&d=mm&r=g\",\"contentUrl\":\"https:\/\/secure.gravatar.com\/avatar\/df0eced3bb556c806cb760cf503ade1ed1df25b4104d80d6fd28d93a9509aa12?s=96&d=mm&r=g\",\"caption\":\"Simon Nussbaum\"},\"url\":\"https:\/\/swissbaker.ch\/fr\/panissimo-news\/author\/simon-nussbaum\/\"}]}<\/script>\n<!-- \/ Yoast SEO Premium plugin. -->","yoast_head_json":{"title":"Avenant aux contrats d'apprentissage d\u00e9butant \u00e0 l'\u00e9t\u00e9 2025 | SBC","robots":{"index":"index","follow":"follow","max-snippet":"max-snippet:-1","max-image-preview":"max-image-preview:large","max-video-preview":"max-video-preview:-1"},"canonical":"https:\/\/swissbaker.ch\/fr\/panissimo-news\/avenant-aux-contrats-dapprentissage-debutant-a-lete-2025\/","og_locale":"fr_FR","og_type":"article","og_title":"Avenant aux contrats d'apprentissage d\u00e9butant \u00e0 l'\u00e9t\u00e9 2025","og_description":"La convention pour apprentis doit \u00eatre prise en consid\u00e9ration pour les apprentis et apprenties qui commencent leur apprentissage ou leur apprentissage compl\u00e9mentaire \u00e0 l&#8217;\u00e9t\u00e9 2025 (ou plus tard). Elle est obligatoire pour lesdits apprentis et apprenties; elle est par contre facultative et non obligatoire pour ceux et celles qui entrent en deuxi\u00e8me ann\u00e9e ou dans une ann\u00e9e d\u2019apprentissage suppl\u00e9mentaire \u00e0 [&hellip;]","og_url":"https:\/\/swissbaker.ch\/fr\/panissimo-news\/avenant-aux-contrats-dapprentissage-debutant-a-lete-2025\/","og_site_name":"SBC","article_publisher":"https:\/\/www.facebook.com\/swissbaker.ch","article_published_time":"2025-09-17T09:45:13+00:00","article_modified_time":"2025-09-17T13:03:21+00:00","og_image":[{"width":1024,"height":819,"url":"https:\/\/swissbaker.ch\/wp-content\/uploads\/2023\/01\/harisa-reiz_web-1024x819.jpg","type":"image\/jpeg"}],"author":"Simon Nussbaum","twitter_card":"summary_large_image","twitter_creator":"@ch_swissbaker","twitter_site":"@ch_swissbaker","twitter_misc":{"Written by":"Simon Nussbaum","Est. reading time":"1 minute"},"schema":{"@context":"https:\/\/schema.org","@graph":[{"@type":"Article","@id":"https:\/\/swissbaker.ch\/fr\/panissimo-news\/avenant-aux-contrats-dapprentissage-debutant-a-lete-2025\/#article","isPartOf":{"@id":"https:\/\/swissbaker.ch\/fr\/panissimo-news\/avenant-aux-contrats-dapprentissage-debutant-a-lete-2025\/"},"author":{"name":"Simon Nussbaum","@id":"https:\/\/swissbaker.ch\/fr\/#\/schema\/person\/74bd327b08c18ca6042c02ff6f0ed5e2"},"headline":"Avenant aux contrats d&#8217;apprentissage d\u00e9butant \u00e0 l&#8217;\u00e9t\u00e9 2025","datePublished":"2025-09-17T09:45:13+00:00","dateModified":"2025-09-17T13:03:21+00:00","mainEntityOfPage":{"@id":"https:\/\/swissbaker.ch\/fr\/panissimo-news\/avenant-aux-contrats-dapprentissage-debutant-a-lete-2025\/"},"wordCount":170,"publisher":{"@id":"https:\/\/swissbaker.ch\/fr\/#organization"},"image":{"@id":"https:\/\/swissbaker.ch\/fr\/panissimo-news\/avenant-aux-contrats-dapprentissage-debutant-a-lete-2025\/#primaryimage"},"thumbnailUrl":"https:\/\/swissbaker.ch\/wp-content\/uploads\/2023\/01\/harisa-reiz_web.jpg","articleSection":["Droit &amp; politique"],"inLanguage":"fr-FR"},{"@type":"WebPage","@id":"https:\/\/swissbaker.ch\/fr\/panissimo-news\/avenant-aux-contrats-dapprentissage-debutant-a-lete-2025\/","url":"https:\/\/swissbaker.ch\/fr\/panissimo-news\/avenant-aux-contrats-dapprentissage-debutant-a-lete-2025\/","name":"Avenant aux contrats d'apprentissage d\u00e9butant \u00e0 l'\u00e9t\u00e9 2025 | SBC","isPartOf":{"@id":"https:\/\/swissbaker.ch\/fr\/#website"},"primaryImageOfPage":{"@id":"https:\/\/swissbaker.ch\/fr\/panissimo-news\/avenant-aux-contrats-dapprentissage-debutant-a-lete-2025\/#primaryimage"},"image":{"@id":"https:\/\/swissbaker.ch\/fr\/panissimo-news\/avenant-aux-contrats-dapprentissage-debutant-a-lete-2025\/#primaryimage"},"thumbnailUrl":"https:\/\/swissbaker.ch\/wp-content\/uploads\/2023\/01\/harisa-reiz_web.jpg","datePublished":"2025-09-17T09:45:13+00:00","dateModified":"2025-09-17T13:03:21+00:00","breadcrumb":{"@id":"https:\/\/swissbaker.ch\/fr\/panissimo-news\/avenant-aux-contrats-dapprentissage-debutant-a-lete-2025\/#breadcrumb"},"inLanguage":"fr-FR","potentialAction":[{"@type":"ReadAction","target":["https:\/\/swissbaker.ch\/fr\/panissimo-news\/avenant-aux-contrats-dapprentissage-debutant-a-lete-2025\/"]}]},{"@type":"ImageObject","inLanguage":"fr-FR","@id":"https:\/\/swissbaker.ch\/fr\/panissimo-news\/avenant-aux-contrats-dapprentissage-debutant-a-lete-2025\/#primaryimage","url":"https:\/\/swissbaker.ch\/wp-content\/uploads\/2023\/01\/harisa-reiz_web.jpg","contentUrl":"https:\/\/swissbaker.ch\/wp-content\/uploads\/2023\/01\/harisa-reiz_web.jpg","width":4325,"height":3460},{"@type":"BreadcrumbList","@id":"https:\/\/swissbaker.ch\/fr\/panissimo-news\/avenant-aux-contrats-dapprentissage-debutant-a-lete-2025\/#breadcrumb","itemListElement":[{"@type":"ListItem","position":1,"name":"","item":"https:\/\/swissbaker.ch\/fr\/"},{"@type":"ListItem","position":2,"name":"Droit &amp; politique","item":"https:\/\/swissbaker.ch\/fr\/panissimo-news\/category\/droit-politique\/"},{"@type":"ListItem","position":3,"name":"Avenant aux contrats d&#8217;apprentissage d\u00e9butant \u00e0 l&#8217;\u00e9t\u00e9 2025"}]},{"@type":"WebSite","@id":"https:\/\/swissbaker.ch\/fr\/#website","url":"https:\/\/swissbaker.ch\/fr\/","name":"SBC","description":"","publisher":{"@id":"https:\/\/swissbaker.ch\/fr\/#organization"},"potentialAction":[{"@type":"SearchAction","target":{"@type":"EntryPoint","urlTemplate":"https:\/\/swissbaker.ch\/fr\/?s={search_term_string}"},"query-input":{"@type":"PropertyValueSpecification","valueRequired":true,"valueName":"search_term_string"}}],"inLanguage":"fr-FR"},{"@type":"Organization","@id":"https:\/\/swissbaker.ch\/fr\/#organization","name":"Schweizerischer B\u00e4cker-Confiseurmeister-Verband","url":"https:\/\/swissbaker.ch\/fr\/","logo":{"@type":"ImageObject","inLanguage":"fr-FR","@id":"https:\/\/swissbaker.ch\/fr\/#\/schema\/logo\/image\/","url":"https:\/\/swissbaker.ch\/wp-content\/uploads\/2022\/04\/sbc-logo-yoast.jpg","contentUrl":"https:\/\/swissbaker.ch\/wp-content\/uploads\/2022\/04\/sbc-logo-yoast.jpg","width":512,"height":512,"caption":"Schweizerischer B\u00e4cker-Confiseurmeister-Verband"},"image":{"@id":"https:\/\/swissbaker.ch\/fr\/#\/schema\/logo\/image\/"},"sameAs":["https:\/\/www.facebook.com\/swissbaker.ch","https:\/\/x.com\/ch_swissbaker"]},{"@type":"Person","@id":"https:\/\/swissbaker.ch\/fr\/#\/schema\/person\/74bd327b08c18ca6042c02ff6f0ed5e2","name":"Simon Nussbaum","image":{"@type":"ImageObject","inLanguage":"fr-FR","@id":"https:\/\/swissbaker.ch\/fr\/#\/schema\/person\/image\/","url":"https:\/\/secure.gravatar.com\/avatar\/df0eced3bb556c806cb760cf503ade1ed1df25b4104d80d6fd28d93a9509aa12?s=96&d=mm&r=g","contentUrl":"https:\/\/secure.gravatar.com\/avatar\/df0eced3bb556c806cb760cf503ade1ed1df25b4104d80d6fd28d93a9509aa12?s=96&d=mm&r=g","caption":"Simon Nussbaum"},"url":"https:\/\/swissbaker.ch\/fr\/panissimo-news\/author\/simon-nussbaum\/"}]}},"_links":{"self":[{"href":"https:\/\/swissbaker.ch\/fr\/wp-json\/wp\/v2\/posts\/125920","targetHints":{"allow":["GET"]}}],"collection":[{"href":"https:\/\/swissbaker.ch\/fr\/wp-json\/wp\/v2\/posts"}],"about":[{"href":"https:\/\/swissbaker.ch\/fr\/wp-json\/wp\/v2\/types\/post"}],"author":[{"embeddable":true,"href":"https:\/\/swissbaker.ch\/fr\/wp-json\/wp\/v2\/users\/5"}],"replies":[{"embeddable":true,"href":"https:\/\/swissbaker.ch\/fr\/wp-json\/wp\/v2\/comments?post=125920"}],"version-history":[{"count":0,"href":"https:\/\/swissbaker.ch\/fr\/wp-json\/wp\/v2\/posts\/125920\/revisions"}],"wp:featuredmedia":[{"embeddable":true,"href":"https:\/\/swissbaker.ch\/fr\/wp-json\/wp\/v2\/media\/77388"}],"wp:attachment":[{"href":"https:\/\/swissbaker.ch\/fr\/wp-json\/wp\/v2\/media?parent=125920"}],"wp:term":[{"taxonomy":"category","embeddable":true,"href":"https:\/\/swissbaker.ch\/fr\/wp-json\/wp\/v2\/categories?post=125920"},{"taxonomy":"post_tag","embeddable":true,"href":"https:\/\/swissbaker.ch\/fr\/wp-json\/wp\/v2\/tags?post=125920"}],"curies":[{"name":"wp","href":"https:\/\/api.w.org\/{rel}","templated":true}]}}