{"id":125880,"date":"2025-09-17T13:19:22","date_gmt":"2025-09-17T11:19:22","guid":{"rendered":"https:\/\/swissbaker.ch\/?p=125880"},"modified":"2025-09-25T13:08:29","modified_gmt":"2025-09-25T11:08:29","slug":"swissskills-2025","status":"publish","type":"post","link":"https:\/\/swissbaker.ch\/fr\/panissimo-news\/swissskills-2025\/","title":{"rendered":"SwissSkills 2025"},"content":{"rendered":"\n<p><strong>Du 17 au 21 septembre 2025, les SwissSkills 2025 se sont d\u00e9roul\u00e9s \u00e0 Berne, sur le site Bernexpo. <\/strong> <strong>Au milieu, les meilleurs aux proc\u00e9dures de qualification des boulangers-p\u00e2tissiers-confiseurs CFC dans les orientations boulangerie-p\u00e2tisserie et p\u00e2tisserie-confiserie ainsi que des gestionnaires du commerce de d\u00e9tail CFC se sont disput\u00e9 les titres de champion suisse.&nbsp;<\/strong><\/p>\n\n\n\n<p><strong><a href=\"https:\/\/swissbaker.ch\/fr\/panissimo-news\/galerie\/\" target=\"_blank\" rel=\"noreferrer noopener\">Galeries de photos&#8230;\u00bb<\/a><\/strong> <\/p>\n\n\n\n<p><strong>R\u00e9seaux sociaux<\/strong><\/p>\n\n\n\n<ul class=\"wp-block-list\">\n<li><strong><a href=\"https:\/\/www.facebook.com\/swissbaker.ch\" target=\"_blank\" rel=\"noreferrer noopener\">Facebook&#8230;\u00bb<\/a><\/strong><\/li>\n\n\n\n<li><strong><a href=\"https:\/\/www.instagram.com\/swissbaker.ch\/\" target=\"_blank\" rel=\"noreferrer noopener\">Instagram&#8230;\u00bb<\/a><\/strong><\/li>\n<\/ul>\n\n\n\n<h2 class=\"wp-block-heading\" id=\"h-nous-felicitons-les-medaillees\">Nous f\u00e9licitons les m\u00e9daill\u00e9es !<\/h2>\n\n\n\n<h3 class=\"wp-block-heading\" id=\"h-boulangere-patissiere-confiseuse-cfc-boulanger-patissier-confiseur-cfc-orientation-boulangerie-patisserie\">Boulang\u00e8re-p\u00e2tissi\u00e8re-confiseuse CFC \/ boulanger-p\u00e2tissier-confiseur CFC, orientation \u00abboulangerie-p\u00e2tisserie\u00bb<\/h3>\n\n\n\n<figure class=\"wp-block-image size-large is-resized\"><img decoding=\"async\" width=\"768\" height=\"1024\" src=\"https:\/\/swissbaker.ch\/wp-content\/uploads\/2025\/09\/20250920_swissskills_sieger-8-768x1024.jpg\" alt=\"\" class=\"wp-image-127008\" style=\"width:557px;height:auto\" srcset=\"https:\/\/swissbaker.ch\/wp-content\/uploads\/2025\/09\/20250920_swissskills_sieger-8-768x1024.jpg 768w, https:\/\/swissbaker.ch\/wp-content\/uploads\/2025\/09\/20250920_swissskills_sieger-8-1152x1536.jpg 1152w, https:\/\/swissbaker.ch\/wp-content\/uploads\/2025\/09\/20250920_swissskills_sieger-8.jpg 1200w\" sizes=\"(max-width: 768px) 100vw, 768px\" \/><\/figure>\n\n\n\n<ul class=\"wp-block-list\">\n<li><strong>M\u00e9daille d&#8217;or:<\/strong> Gwenda Boesch, B\u00e4ckerei-Caf\u00e9 Betschart, Bonstetten<br><a href=\"https:\/\/vimeo.com\/showcase\/winner-interviews?video=1120557385\" target=\"_blank\" rel=\"noreferrer noopener\"><em>Interview&#8230;\u00bb<\/em><\/a><\/li>\n\n\n\n<li><strong>M\u00e9daille d&#8217;argent:<\/strong> Rahel Meier, H\u00f6rnli Hemberg AG, Hemberg<br><a href=\"https:\/\/vimeo.com\/showcase\/winner-interviews?video=1120555465\" target=\"_blank\" rel=\"noreferrer noopener\"><em>Interview&#8230;\u00bb<\/em><\/a><\/li>\n\n\n\n<li><strong>M\u00e9daille de bronze:<\/strong> Nadine Matter, B\u00e4ckerei Lanz AG, Bern<br><a href=\"https:\/\/vimeo.com\/showcase\/winner-interviews?video=1120565697\" target=\"_blank\" rel=\"noreferrer noopener\"><em>Interview&#8230;\u00bb<\/em><\/a><\/li>\n<\/ul>\n\n\n\n<div style=\"height:34px\" aria-hidden=\"true\" class=\"wp-block-spacer\"><\/div>\n\n\n\n<h3 class=\"wp-block-heading\" id=\"h-boulangere-patissiere-confiseuse-cfc-boulanger-patissier-confiseur-cfc-orientation-patisserie-confiserie\">Boulang\u00e8re-p\u00e2tissi\u00e8re-confiseuse CFC \/ boulanger-p\u00e2tissier-confiseur CFC, orientation \u00abp\u00e2tisserie-confiserie\u00bb<\/h3>\n\n\n\n<figure class=\"wp-block-image size-large is-resized\"><img decoding=\"async\" width=\"768\" height=\"1024\" src=\"https:\/\/swissbaker.ch\/wp-content\/uploads\/2025\/09\/20250920_swissskills_sieger-4-768x1024.jpg\" alt=\"\" class=\"wp-image-127000\" style=\"width:520px;height:auto\" srcset=\"https:\/\/swissbaker.ch\/wp-content\/uploads\/2025\/09\/20250920_swissskills_sieger-4-768x1024.jpg 768w, https:\/\/swissbaker.ch\/wp-content\/uploads\/2025\/09\/20250920_swissskills_sieger-4-1152x1536.jpg 1152w, https:\/\/swissbaker.ch\/wp-content\/uploads\/2025\/09\/20250920_swissskills_sieger-4-1536x2048.jpg 1536w, https:\/\/swissbaker.ch\/wp-content\/uploads\/2025\/09\/20250920_swissskills_sieger-4.jpg 1920w\" sizes=\"(max-width: 768px) 100vw, 768px\" \/><\/figure>\n\n\n\n<ul class=\"wp-block-list\">\n<li><strong>M\u00e9daille d&#8217;or:<\/strong> Regula Baschung, L\u00e4derach (Schweiz) AG, Ennenda<br><a href=\"https:\/\/vimeo.com\/showcase\/winner-interviews?video=1121203069\" target=\"_blank\" rel=\"noreferrer noopener\"><em>Interview<\/em>&#8230;\u00bb<\/a><\/li>\n\n\n\n<li><strong>M\u00e9daille d&#8217;argent:<\/strong> Marlene Bruderer, Confiserie Roggwiller AG, St. Gallen<br><a href=\"https:\/\/vimeo.com\/showcase\/winner-interviews?video=1120556539\" target=\"_blank\" rel=\"noreferrer noopener\"><em>Interview&#8230;\u00bb<\/em><\/a><\/li>\n\n\n\n<li><strong>M\u00e9daille de bronze:<\/strong> Sina Plattner, Kunz AG art of sweets, Frick<br><a href=\"https:\/\/vimeo.com\/showcase\/winner-interviews?video=1120555377\" target=\"_blank\" rel=\"noreferrer noopener\"><em>Interview&#8230;\u00bb<\/em><\/a><\/li>\n<\/ul>\n\n\n\n<div style=\"height:36px\" aria-hidden=\"true\" class=\"wp-block-spacer\"><\/div>\n\n\n\n<h3 class=\"wp-block-heading\" id=\"h-gestionnaire-du-commerce-de-detail-cfc-boulangerie-patisserie-confiserie\">Gestionnaire du commerce de d\u00e9tail CFC, boulangerie-p\u00e2tisserie-confiserie<\/h3>\n\n\n\n<figure class=\"wp-block-image size-large is-resized\"><img decoding=\"async\" width=\"768\" height=\"1024\" src=\"https:\/\/swissbaker.ch\/wp-content\/uploads\/2025\/09\/20250920_swissskills_sieger-6-768x1024.jpg\" alt=\"\" class=\"wp-image-127004\" style=\"width:503px;height:auto\" srcset=\"https:\/\/swissbaker.ch\/wp-content\/uploads\/2025\/09\/20250920_swissskills_sieger-6-768x1024.jpg 768w, https:\/\/swissbaker.ch\/wp-content\/uploads\/2025\/09\/20250920_swissskills_sieger-6-1152x1536.jpg 1152w, https:\/\/swissbaker.ch\/wp-content\/uploads\/2025\/09\/20250920_swissskills_sieger-6-1536x2048.jpg 1536w, https:\/\/swissbaker.ch\/wp-content\/uploads\/2025\/09\/20250920_swissskills_sieger-6.jpg 1920w\" sizes=\"(max-width: 768px) 100vw, 768px\" \/><\/figure>\n\n\n\n<ul class=\"wp-block-list\">\n<li><strong>M\u00e9daille d&#8217;or:<\/strong> Anna Putzi, Maron Chur AG, Chur<br><a href=\"https:\/\/vimeo.com\/showcase\/winner-interviews?video=1120557238\" target=\"_blank\" rel=\"noreferrer noopener\"><em>Interview&#8230;\u00bb<\/em><\/a><\/li>\n\n\n\n<li><strong>M\u00e9daille d&#8217;argent:<\/strong> Fabia Stocker, B\u00e4ckerei &amp; Konditorei Schell GmbH, B\u00fcron<br><a href=\"https:\/\/vimeo.com\/showcase\/winner-interviews?video=1120558112\" target=\"_blank\" rel=\"noreferrer noopener\"><em>Interview&#8230;\u00bb<\/em><\/a><\/li>\n\n\n\n<li><strong>M\u00e9daille de bronze:<\/strong> Fabienne Leonie Mohn, Confiserie Spr\u00fcngli AG, Z\u00fcrich<br><a href=\"https:\/\/vimeo.com\/showcase\/winner-interviews?video=1120565288\" target=\"_blank\" rel=\"noreferrer noopener\"><em>Interview&#8230;\u00bb<\/em><\/a><\/li>\n<\/ul>\n\n\n\n<div style=\"height:39px\" aria-hidden=\"true\" class=\"wp-block-spacer\"><\/div>\n\n\n\n<h2 class=\"wp-block-heading\" id=\"h-ceremonie-de-remise-des-prix\">C\u00e9r\u00e9monie de remise des prix<\/h2>\n\n\n\n<figure class=\"wp-block-embed is-type-video is-provider-youtube wp-block-embed-youtube wp-embed-aspect-16-9 wp-has-aspect-ratio\"><div class=\"wp-block-embed__wrapper\">\n<iframe title=\"SwissSkills 2025 Bern - Victory Ceremony\" width=\"800\" height=\"450\" src=\"https:\/\/www.youtube.com\/embed\/Grp4swJxIQI?feature=oembed\" frameborder=\"0\" allow=\"accelerometer; autoplay; clipboard-write; encrypted-media; gyroscope; picture-in-picture; web-share\" referrerpolicy=\"strict-origin-when-cross-origin\" allowfullscreen><\/iframe>\n<\/div><\/figure>\n\n\n\n<p><strong><a href=\"https:\/\/swissbaker.ch\/wp-content\/uploads\/2025\/07\/swissskills_2025_teilnehmende_sbc.pdf\" target=\"_blank\" rel=\"noreferrer noopener\">Liste des participantes avec les jours de comp\u00e9tition\u2026\u00bb<\/a><\/strong><\/p>\n\n\n\n<p><strong>Site officielle<br><a href=\"http:\/\/swiss-skills2025.ch\">swiss-skills2025.ch<\/a><\/strong><\/p>\n","protected":false},"excerpt":{"rendered":"<p>Du 17 au 21 septembre 2025, les SwissSkills 2025 se sont d\u00e9roul\u00e9s \u00e0 Berne.  Au milieu, les meilleurs aux proc\u00e9dures de qualification des boulangers-p\u00e2tissiers-confiseurs CFC dans les orientations boulangerie-p\u00e2tisserie et p\u00e2tisserie-confiserie ainsi que des gestionnaires du commerce de d\u00e9tail CFC se sont disput\u00e9 les titres de champion suisse.\u00a0Nous f\u00e9licitons les m\u00e9daill\u00e9es !<\/p>\n","protected":false},"author":5,"featured_media":127332,"comment_status":"closed","ping_status":"closed","sticky":true,"template":"","format":"standard","meta":{"_acf_changed":false,"footnotes":""},"categories":[43],"tags":[],"class_list":["post-125880","post","type-post","status-publish","format-standard","has-post-thumbnail","hentry","category-concours"],"acf":[],"yoast_head":"<!-- This site is optimized with the Yoast SEO Premium plugin v26.8 (Yoast SEO v26.8) - https:\/\/yoast.com\/product\/yoast-seo-premium-wordpress\/ -->\n<title>SwissSkills 2025 | SBC<\/title>\n<meta name=\"robots\" content=\"index, follow, max-snippet:-1, max-image-preview:large, max-video-preview:-1\" \/>\n<link rel=\"canonical\" href=\"https:\/\/swissbaker.ch\/fr\/panissimo-news\/swissskills-2025\/\" \/>\n<meta property=\"og:locale\" content=\"fr_FR\" \/>\n<meta property=\"og:type\" content=\"article\" \/>\n<meta property=\"og:title\" content=\"SwissSkills 2025\" \/>\n<meta property=\"og:description\" content=\"Du 17 au 21 septembre 2025, les SwissSkills 2025 se sont d\u00e9roul\u00e9s \u00e0 Berne. Au milieu, les meilleurs aux proc\u00e9dures de qualification des boulangers-p\u00e2tissiers-confiseurs CFC dans les orientations boulangerie-p\u00e2tisserie et p\u00e2tisserie-confiserie ainsi que des gestionnaires du commerce de d\u00e9tail CFC se sont disput\u00e9 les titres de champion suisse.\u00a0Nous f\u00e9licitons les m\u00e9daill\u00e9es !\" \/>\n<meta property=\"og:url\" content=\"https:\/\/swissbaker.ch\/fr\/panissimo-news\/swissskills-2025\/\" \/>\n<meta property=\"og:site_name\" content=\"SBC\" \/>\n<meta property=\"article:publisher\" content=\"https:\/\/www.facebook.com\/swissbaker.ch\" \/>\n<meta property=\"article:published_time\" content=\"2025-09-17T11:19:22+00:00\" \/>\n<meta property=\"article:modified_time\" content=\"2025-09-25T11:08:29+00:00\" \/>\n<meta property=\"og:image\" content=\"https:\/\/swissbaker.ch\/wp-content\/uploads\/2025\/09\/anrissbild_swissskills_siegerinnen.jpg\" \/>\n\t<meta property=\"og:image:width\" content=\"1200\" \/>\n\t<meta property=\"og:image:height\" content=\"712\" \/>\n\t<meta property=\"og:image:type\" content=\"image\/jpeg\" \/>\n<meta name=\"author\" content=\"Simon Nussbaum\" \/>\n<meta name=\"twitter:card\" content=\"summary_large_image\" \/>\n<meta name=\"twitter:creator\" content=\"@ch_swissbaker\" \/>\n<meta name=\"twitter:site\" content=\"@ch_swissbaker\" \/>\n<meta name=\"twitter:label1\" content=\"Written by\" \/>\n\t<meta name=\"twitter:data1\" content=\"Simon Nussbaum\" \/>\n\t<meta name=\"twitter:label2\" content=\"Est. reading time\" \/>\n\t<meta name=\"twitter:data2\" content=\"1 minute\" \/>\n<script type=\"application\/ld+json\" class=\"yoast-schema-graph\">{\"@context\":\"https:\/\/schema.org\",\"@graph\":[{\"@type\":\"Article\",\"@id\":\"https:\/\/swissbaker.ch\/fr\/panissimo-news\/swissskills-2025\/#article\",\"isPartOf\":{\"@id\":\"https:\/\/swissbaker.ch\/fr\/panissimo-news\/swissskills-2025\/\"},\"author\":{\"name\":\"Simon Nussbaum\",\"@id\":\"https:\/\/swissbaker.ch\/fr\/#\/schema\/person\/74bd327b08c18ca6042c02ff6f0ed5e2\"},\"headline\":\"SwissSkills 2025\",\"datePublished\":\"2025-09-17T11:19:22+00:00\",\"dateModified\":\"2025-09-25T11:08:29+00:00\",\"mainEntityOfPage\":{\"@id\":\"https:\/\/swissbaker.ch\/fr\/panissimo-news\/swissskills-2025\/\"},\"wordCount\":244,\"publisher\":{\"@id\":\"https:\/\/swissbaker.ch\/fr\/#organization\"},\"image\":{\"@id\":\"https:\/\/swissbaker.ch\/fr\/panissimo-news\/swissskills-2025\/#primaryimage\"},\"thumbnailUrl\":\"https:\/\/swissbaker.ch\/wp-content\/uploads\/2025\/09\/anrissbild_swissskills_siegerinnen.jpg\",\"articleSection\":[\"Concours\"],\"inLanguage\":\"fr-FR\"},{\"@type\":\"WebPage\",\"@id\":\"https:\/\/swissbaker.ch\/fr\/panissimo-news\/swissskills-2025\/\",\"url\":\"https:\/\/swissbaker.ch\/fr\/panissimo-news\/swissskills-2025\/\",\"name\":\"SwissSkills 2025 | SBC\",\"isPartOf\":{\"@id\":\"https:\/\/swissbaker.ch\/fr\/#website\"},\"primaryImageOfPage\":{\"@id\":\"https:\/\/swissbaker.ch\/fr\/panissimo-news\/swissskills-2025\/#primaryimage\"},\"image\":{\"@id\":\"https:\/\/swissbaker.ch\/fr\/panissimo-news\/swissskills-2025\/#primaryimage\"},\"thumbnailUrl\":\"https:\/\/swissbaker.ch\/wp-content\/uploads\/2025\/09\/anrissbild_swissskills_siegerinnen.jpg\",\"datePublished\":\"2025-09-17T11:19:22+00:00\",\"dateModified\":\"2025-09-25T11:08:29+00:00\",\"breadcrumb\":{\"@id\":\"https:\/\/swissbaker.ch\/fr\/panissimo-news\/swissskills-2025\/#breadcrumb\"},\"inLanguage\":\"fr-FR\",\"potentialAction\":[{\"@type\":\"ReadAction\",\"target\":[\"https:\/\/swissbaker.ch\/fr\/panissimo-news\/swissskills-2025\/\"]}]},{\"@type\":\"ImageObject\",\"inLanguage\":\"fr-FR\",\"@id\":\"https:\/\/swissbaker.ch\/fr\/panissimo-news\/swissskills-2025\/#primaryimage\",\"url\":\"https:\/\/swissbaker.ch\/wp-content\/uploads\/2025\/09\/anrissbild_swissskills_siegerinnen.jpg\",\"contentUrl\":\"https:\/\/swissbaker.ch\/wp-content\/uploads\/2025\/09\/anrissbild_swissskills_siegerinnen.jpg\",\"width\":1200,\"height\":712},{\"@type\":\"BreadcrumbList\",\"@id\":\"https:\/\/swissbaker.ch\/fr\/panissimo-news\/swissskills-2025\/#breadcrumb\",\"itemListElement\":[{\"@type\":\"ListItem\",\"position\":1,\"name\":\"\",\"item\":\"https:\/\/swissbaker.ch\/fr\/\"},{\"@type\":\"ListItem\",\"position\":2,\"name\":\"Concours\",\"item\":\"https:\/\/swissbaker.ch\/fr\/panissimo-news\/category\/concours\/\"},{\"@type\":\"ListItem\",\"position\":3,\"name\":\"SwissSkills 2025\"}]},{\"@type\":\"WebSite\",\"@id\":\"https:\/\/swissbaker.ch\/fr\/#website\",\"url\":\"https:\/\/swissbaker.ch\/fr\/\",\"name\":\"SBC\",\"description\":\"\",\"publisher\":{\"@id\":\"https:\/\/swissbaker.ch\/fr\/#organization\"},\"potentialAction\":[{\"@type\":\"SearchAction\",\"target\":{\"@type\":\"EntryPoint\",\"urlTemplate\":\"https:\/\/swissbaker.ch\/fr\/?s={search_term_string}\"},\"query-input\":{\"@type\":\"PropertyValueSpecification\",\"valueRequired\":true,\"valueName\":\"search_term_string\"}}],\"inLanguage\":\"fr-FR\"},{\"@type\":\"Organization\",\"@id\":\"https:\/\/swissbaker.ch\/fr\/#organization\",\"name\":\"Schweizerischer B\u00e4cker-Confiseurmeister-Verband\",\"url\":\"https:\/\/swissbaker.ch\/fr\/\",\"logo\":{\"@type\":\"ImageObject\",\"inLanguage\":\"fr-FR\",\"@id\":\"https:\/\/swissbaker.ch\/fr\/#\/schema\/logo\/image\/\",\"url\":\"https:\/\/swissbaker.ch\/wp-content\/uploads\/2022\/04\/sbc-logo-yoast.jpg\",\"contentUrl\":\"https:\/\/swissbaker.ch\/wp-content\/uploads\/2022\/04\/sbc-logo-yoast.jpg\",\"width\":512,\"height\":512,\"caption\":\"Schweizerischer B\u00e4cker-Confiseurmeister-Verband\"},\"image\":{\"@id\":\"https:\/\/swissbaker.ch\/fr\/#\/schema\/logo\/image\/\"},\"sameAs\":[\"https:\/\/www.facebook.com\/swissbaker.ch\",\"https:\/\/x.com\/ch_swissbaker\"]},{\"@type\":\"Person\",\"@id\":\"https:\/\/swissbaker.ch\/fr\/#\/schema\/person\/74bd327b08c18ca6042c02ff6f0ed5e2\",\"name\":\"Simon Nussbaum\",\"image\":{\"@type\":\"ImageObject\",\"inLanguage\":\"fr-FR\",\"@id\":\"https:\/\/swissbaker.ch\/fr\/#\/schema\/person\/image\/\",\"url\":\"https:\/\/secure.gravatar.com\/avatar\/df0eced3bb556c806cb760cf503ade1ed1df25b4104d80d6fd28d93a9509aa12?s=96&d=mm&r=g\",\"contentUrl\":\"https:\/\/secure.gravatar.com\/avatar\/df0eced3bb556c806cb760cf503ade1ed1df25b4104d80d6fd28d93a9509aa12?s=96&d=mm&r=g\",\"caption\":\"Simon Nussbaum\"},\"url\":\"https:\/\/swissbaker.ch\/fr\/panissimo-news\/author\/simon-nussbaum\/\"}]}<\/script>\n<!-- \/ Yoast SEO Premium plugin. -->","yoast_head_json":{"title":"SwissSkills 2025 | SBC","robots":{"index":"index","follow":"follow","max-snippet":"max-snippet:-1","max-image-preview":"max-image-preview:large","max-video-preview":"max-video-preview:-1"},"canonical":"https:\/\/swissbaker.ch\/fr\/panissimo-news\/swissskills-2025\/","og_locale":"fr_FR","og_type":"article","og_title":"SwissSkills 2025","og_description":"Du 17 au 21 septembre 2025, les SwissSkills 2025 se sont d\u00e9roul\u00e9s \u00e0 Berne. Au milieu, les meilleurs aux proc\u00e9dures de qualification des boulangers-p\u00e2tissiers-confiseurs CFC dans les orientations boulangerie-p\u00e2tisserie et p\u00e2tisserie-confiserie ainsi que des gestionnaires du commerce de d\u00e9tail CFC se sont disput\u00e9 les titres de champion suisse.\u00a0Nous f\u00e9licitons les m\u00e9daill\u00e9es !","og_url":"https:\/\/swissbaker.ch\/fr\/panissimo-news\/swissskills-2025\/","og_site_name":"SBC","article_publisher":"https:\/\/www.facebook.com\/swissbaker.ch","article_published_time":"2025-09-17T11:19:22+00:00","article_modified_time":"2025-09-25T11:08:29+00:00","og_image":[{"width":1200,"height":712,"url":"https:\/\/swissbaker.ch\/wp-content\/uploads\/2025\/09\/anrissbild_swissskills_siegerinnen.jpg","type":"image\/jpeg"}],"author":"Simon Nussbaum","twitter_card":"summary_large_image","twitter_creator":"@ch_swissbaker","twitter_site":"@ch_swissbaker","twitter_misc":{"Written by":"Simon Nussbaum","Est. reading time":"1 minute"},"schema":{"@context":"https:\/\/schema.org","@graph":[{"@type":"Article","@id":"https:\/\/swissbaker.ch\/fr\/panissimo-news\/swissskills-2025\/#article","isPartOf":{"@id":"https:\/\/swissbaker.ch\/fr\/panissimo-news\/swissskills-2025\/"},"author":{"name":"Simon Nussbaum","@id":"https:\/\/swissbaker.ch\/fr\/#\/schema\/person\/74bd327b08c18ca6042c02ff6f0ed5e2"},"headline":"SwissSkills 2025","datePublished":"2025-09-17T11:19:22+00:00","dateModified":"2025-09-25T11:08:29+00:00","mainEntityOfPage":{"@id":"https:\/\/swissbaker.ch\/fr\/panissimo-news\/swissskills-2025\/"},"wordCount":244,"publisher":{"@id":"https:\/\/swissbaker.ch\/fr\/#organization"},"image":{"@id":"https:\/\/swissbaker.ch\/fr\/panissimo-news\/swissskills-2025\/#primaryimage"},"thumbnailUrl":"https:\/\/swissbaker.ch\/wp-content\/uploads\/2025\/09\/anrissbild_swissskills_siegerinnen.jpg","articleSection":["Concours"],"inLanguage":"fr-FR"},{"@type":"WebPage","@id":"https:\/\/swissbaker.ch\/fr\/panissimo-news\/swissskills-2025\/","url":"https:\/\/swissbaker.ch\/fr\/panissimo-news\/swissskills-2025\/","name":"SwissSkills 2025 | SBC","isPartOf":{"@id":"https:\/\/swissbaker.ch\/fr\/#website"},"primaryImageOfPage":{"@id":"https:\/\/swissbaker.ch\/fr\/panissimo-news\/swissskills-2025\/#primaryimage"},"image":{"@id":"https:\/\/swissbaker.ch\/fr\/panissimo-news\/swissskills-2025\/#primaryimage"},"thumbnailUrl":"https:\/\/swissbaker.ch\/wp-content\/uploads\/2025\/09\/anrissbild_swissskills_siegerinnen.jpg","datePublished":"2025-09-17T11:19:22+00:00","dateModified":"2025-09-25T11:08:29+00:00","breadcrumb":{"@id":"https:\/\/swissbaker.ch\/fr\/panissimo-news\/swissskills-2025\/#breadcrumb"},"inLanguage":"fr-FR","potentialAction":[{"@type":"ReadAction","target":["https:\/\/swissbaker.ch\/fr\/panissimo-news\/swissskills-2025\/"]}]},{"@type":"ImageObject","inLanguage":"fr-FR","@id":"https:\/\/swissbaker.ch\/fr\/panissimo-news\/swissskills-2025\/#primaryimage","url":"https:\/\/swissbaker.ch\/wp-content\/uploads\/2025\/09\/anrissbild_swissskills_siegerinnen.jpg","contentUrl":"https:\/\/swissbaker.ch\/wp-content\/uploads\/2025\/09\/anrissbild_swissskills_siegerinnen.jpg","width":1200,"height":712},{"@type":"BreadcrumbList","@id":"https:\/\/swissbaker.ch\/fr\/panissimo-news\/swissskills-2025\/#breadcrumb","itemListElement":[{"@type":"ListItem","position":1,"name":"","item":"https:\/\/swissbaker.ch\/fr\/"},{"@type":"ListItem","position":2,"name":"Concours","item":"https:\/\/swissbaker.ch\/fr\/panissimo-news\/category\/concours\/"},{"@type":"ListItem","position":3,"name":"SwissSkills 2025"}]},{"@type":"WebSite","@id":"https:\/\/swissbaker.ch\/fr\/#website","url":"https:\/\/swissbaker.ch\/fr\/","name":"SBC","description":"","publisher":{"@id":"https:\/\/swissbaker.ch\/fr\/#organization"},"potentialAction":[{"@type":"SearchAction","target":{"@type":"EntryPoint","urlTemplate":"https:\/\/swissbaker.ch\/fr\/?s={search_term_string}"},"query-input":{"@type":"PropertyValueSpecification","valueRequired":true,"valueName":"search_term_string"}}],"inLanguage":"fr-FR"},{"@type":"Organization","@id":"https:\/\/swissbaker.ch\/fr\/#organization","name":"Schweizerischer B\u00e4cker-Confiseurmeister-Verband","url":"https:\/\/swissbaker.ch\/fr\/","logo":{"@type":"ImageObject","inLanguage":"fr-FR","@id":"https:\/\/swissbaker.ch\/fr\/#\/schema\/logo\/image\/","url":"https:\/\/swissbaker.ch\/wp-content\/uploads\/2022\/04\/sbc-logo-yoast.jpg","contentUrl":"https:\/\/swissbaker.ch\/wp-content\/uploads\/2022\/04\/sbc-logo-yoast.jpg","width":512,"height":512,"caption":"Schweizerischer B\u00e4cker-Confiseurmeister-Verband"},"image":{"@id":"https:\/\/swissbaker.ch\/fr\/#\/schema\/logo\/image\/"},"sameAs":["https:\/\/www.facebook.com\/swissbaker.ch","https:\/\/x.com\/ch_swissbaker"]},{"@type":"Person","@id":"https:\/\/swissbaker.ch\/fr\/#\/schema\/person\/74bd327b08c18ca6042c02ff6f0ed5e2","name":"Simon Nussbaum","image":{"@type":"ImageObject","inLanguage":"fr-FR","@id":"https:\/\/swissbaker.ch\/fr\/#\/schema\/person\/image\/","url":"https:\/\/secure.gravatar.com\/avatar\/df0eced3bb556c806cb760cf503ade1ed1df25b4104d80d6fd28d93a9509aa12?s=96&d=mm&r=g","contentUrl":"https:\/\/secure.gravatar.com\/avatar\/df0eced3bb556c806cb760cf503ade1ed1df25b4104d80d6fd28d93a9509aa12?s=96&d=mm&r=g","caption":"Simon Nussbaum"},"url":"https:\/\/swissbaker.ch\/fr\/panissimo-news\/author\/simon-nussbaum\/"}]}},"_links":{"self":[{"href":"https:\/\/swissbaker.ch\/fr\/wp-json\/wp\/v2\/posts\/125880","targetHints":{"allow":["GET"]}}],"collection":[{"href":"https:\/\/swissbaker.ch\/fr\/wp-json\/wp\/v2\/posts"}],"about":[{"href":"https:\/\/swissbaker.ch\/fr\/wp-json\/wp\/v2\/types\/post"}],"author":[{"embeddable":true,"href":"https:\/\/swissbaker.ch\/fr\/wp-json\/wp\/v2\/users\/5"}],"replies":[{"embeddable":true,"href":"https:\/\/swissbaker.ch\/fr\/wp-json\/wp\/v2\/comments?post=125880"}],"version-history":[{"count":0,"href":"https:\/\/swissbaker.ch\/fr\/wp-json\/wp\/v2\/posts\/125880\/revisions"}],"wp:featuredmedia":[{"embeddable":true,"href":"https:\/\/swissbaker.ch\/fr\/wp-json\/wp\/v2\/media\/127332"}],"wp:attachment":[{"href":"https:\/\/swissbaker.ch\/fr\/wp-json\/wp\/v2\/media?parent=125880"}],"wp:term":[{"taxonomy":"category","embeddable":true,"href":"https:\/\/swissbaker.ch\/fr\/wp-json\/wp\/v2\/categories?post=125880"},{"taxonomy":"post_tag","embeddable":true,"href":"https:\/\/swissbaker.ch\/fr\/wp-json\/wp\/v2\/tags?post=125880"}],"curies":[{"name":"wp","href":"https:\/\/api.w.org\/{rel}","templated":true}]}}