{"id":125138,"date":"2025-09-03T11:19:01","date_gmt":"2025-09-03T09:19:01","guid":{"rendered":"https:\/\/swissbaker.ch\/?p=125138"},"modified":"2025-09-04T14:11:20","modified_gmt":"2025-09-04T12:11:20","slug":"fleischli-hors-ligne","status":"publish","type":"post","link":"https:\/\/swissbaker.ch\/fr\/panissimo-news\/fleischli-hors-ligne\/","title":{"rendered":"Fleischli hors ligne"},"content":{"rendered":"\n<p><strong>\u00abNous nous en sommes sortis avec un \u0153il au beurre noir\u00bb, rapporte le propri\u00e9taire Konrad Pfister. En effet, la boulangerie-confiserie Fleischli a \u00e9t\u00e9 victime d\u2019une cyberattaque au d\u00e9but de l\u2019ann\u00e9e. Malgr\u00e9 les pertes financi\u00e8res, l\u2019entreprise en ressort renforc\u00e9e.<\/strong><\/p>\n\n\n\n<p>Konrad Pfister en a fait l\u2019exp\u00e9rience: \u00abIl est illusoire de croire qu\u2019une PME n\u2019est pas une cible int\u00e9ressante pour les cyberattaques, c\u2019est absurde\u2009!\u00bb Une attaque de pirates informatiques a failli co\u00fbter pr\u00e8s de 130\u2009000\u202ffrancs \u00e0 la boulangerie-confiserie Fleischli \u00e0 Niederglatt (ZH).<\/p>\n\n\n\n<p>Tout a commenc\u00e9 par un ordinateur portable. Les pirates ont utilis\u00e9 cet appareil pour acc\u00e9der \u00e0 l\u2019infrastructure informatique de la boulangerie-confiserie Fleischli \u00e0 Niederglatt (ZH). L\u2019attaque a \u00e9t\u00e9 en partie couronn\u00e9e de succ\u00e8s, bien que l\u2019entreprise ait d\u00e9j\u00e0 investi dans la s\u00e9curit\u00e9 de son infrastructure num\u00e9rique. La raison: \u00abNous avons accord\u00e9 des droits d\u2019administrateur local \u00e0 un ordinateur portable pour le t\u00e9l\u00e9chargement de programmes et ne les avons pas supprim\u00e9s par inadvertance\u00bb, explique le propri\u00e9taire Konrad Pfister.<\/p>\n\n\n\n<div style=\"height:26px\" aria-hidden=\"true\" class=\"wp-block-spacer\"><\/div>\n\n\n\n<blockquote class=\"wp-block-quote\">\n<p class=\"has-text-color has-link-color wp-elements-16db863de656f8cadf39b35a0a7d46c7\" style=\"color:#cc9933;font-size:22px;font-style:italic;font-weight:600\">\u00abIl est illusoire de croire qu\u2019une PME n\u2019est pas une cible int\u00e9ressante pour les cyberattaques, c\u2019est absurde!\u00bb<\/p>\n\n\n\n<p class=\"has-text-color has-link-color wp-elements-731c56231679daec5e03c2429416c8cd\" style=\"color:#cc9933\"><strong>Konrad Pfister<\/strong><\/p>\n<\/blockquote>\n\n\n\n<div style=\"height:27px\" aria-hidden=\"true\" class=\"wp-block-spacer\"><\/div>\n\n\n\n<p>Les pirates ont exploit\u00e9 cette faille pour acc\u00e9der aux autres appareils du site principal et crypter toutes les donn\u00e9es. \u00abChaque fichier contenait une adresse Telegram et une adresse e-mail pour prendre contact.\u00bb C\u2019est par ces coordonn\u00e9es qu\u2019ils auraient communiqu\u00e9 le prix de la restauration de tous les documents.<\/p>\n\n\n\n<h2 class=\"wp-block-heading\" id=\"h-mode-d-urgence-analogique\">Mode d\u2019urgence analogique<\/h2>\n\n\n\n<p>La coupure de l\u2019acc\u00e8s \u00e0 internet a n\u00e9cessit\u00e9 une r\u00e9organisation rapide de l\u2019exploitation: \u00abEn quelques minutes, nous avons d\u00fb passer du tout num\u00e9rique \u00e0 l\u2019analogique\u00bb, raconte le propri\u00e9taire. Les plans de production et de distribution ainsi que tous les bons de livraison ont imm\u00e9diatement \u00e9t\u00e9 \u00e9tablis manuellement. Les 34 caisses n\u2019ont heureusement pas \u00e9t\u00e9 touch\u00e9es, \u00absinon, il n\u2019aurait plus \u00e9t\u00e9 possible de payer\u00bb. <\/p>\n\n\n\n<h2 class=\"wp-block-heading\" id=\"h-les-conseils-de-konrad-pfister\">Les conseils de Konrad Pfister<\/h2>\n\n\n\n<ul class=\"wp-block-list\">\n<li><strong>Souscrire une cyberassurance!<\/strong><br><\/li>\n\n\n\n<li><strong>Lors de la souscription de la cyberassurance, remplir le questionnaire avec un sp\u00e9cialiste.<\/strong><br><\/li>\n\n\n\n<li><strong>S\u2019assurer que l\u2019\u00e9quipe sp\u00e9cialis\u00e9e de l\u2019assurance dispose d\u2019une exp\u00e9rience dans la gestion des cyberattaques.<\/strong><br><\/li>\n\n\n\n<li><strong>Prot\u00e9ger particuli\u00e8rement les donn\u00e9es<\/strong> <strong>sensibles, par exemple dans un cloud.<\/strong><br><\/li>\n\n\n\n<li><strong>D\u00e9signer une personne \u00e0 m\u00eame de faire le lien entre la task force et l\u2019entreprise, qui connaisse bien l\u2019exploitation et l\u2019infrastructure informatique de cette derni\u00e8re.<\/strong><br><\/li>\n\n\n\n<li><strong>Ne jamais r\u00e9pondre aux tentatives de contact des cybercriminels et ne surtout pas payer, sinon les pirates reviendront.<\/strong><br><\/li>\n\n\n\n<li><strong>Imm\u00e9diatement signaler tout incident \u00e0 la police et aux autorit\u00e9s f\u00e9d\u00e9rales.<\/strong><br><\/li>\n\n\n\n<li><strong>Pr\u00e9voir un plan d\u2019urgence analogique au cas<\/strong> <strong>o\u00f9 tous les ordinateurs tomberaient en panne.<\/strong><br><\/li>\n\n\n\n<li><strong>Investir dans la cybers\u00e9curit\u00e9: ce ne sont pas des d\u00e9penses, mais des investissements pour l\u2019avenir.<\/strong><\/li>\n<\/ul>\n\n\n\n<p><\/p>\n\n\n\n<p><em>Lisez l&#8217;article complet dans Panissimo du 29 ao\u00fbt<\/em>.<\/p>\n\n\n\n<p><strong><a href=\"http:\/\/fleischli.swiss\" target=\"_blank\" rel=\"noreferrer noopener\">fleischli.swiss<\/a><\/strong><\/p>\n\n\n\n<p class=\"has-text-align-right\"><br><em>Diego Schwerzmann<br>Photo: Konrad Pfister\/zvg<\/em><\/p>\n","protected":false},"excerpt":{"rendered":"<p>\u00abNous nous en sommes sortis avec un \u0153il au beurre noir\u00bb, rapporte le propri\u00e9taire Konrad Pfister. En effet, la boulangerie-confiserie Fleischli a \u00e9t\u00e9 victime d\u2019une cyberattaque au d\u00e9but de l\u2019ann\u00e9e. Malgr\u00e9 les pertes financi\u00e8res, l\u2019entreprise en ressort renforc\u00e9e.<\/p>\n","protected":false},"author":5,"featured_media":125127,"comment_status":"closed","ping_status":"closed","sticky":true,"template":"","format":"standard","meta":{"_acf_changed":false,"footnotes":""},"categories":[42,54],"tags":[],"class_list":["post-125138","post","type-post","status-publish","format-standard","has-post-thumbnail","hentry","category-boulangeries-confiseries","category-conseils"],"acf":[],"yoast_head":"<!-- This site is optimized with the Yoast SEO Premium plugin v26.8 (Yoast SEO v26.8) - https:\/\/yoast.com\/product\/yoast-seo-premium-wordpress\/ -->\n<title>Fleischli hors ligne | SBC<\/title>\n<meta name=\"description\" content=\"La boulangerie-confiserie Fleischli a \u00e9t\u00e9 victime d\u2019une cyberattaque au d\u00e9but de l\u2019ann\u00e9e. Malgr\u00e9 les pertes financi\u00e8res, l\u2019entreprise en ressort renforc\u00e9e.\" \/>\n<meta name=\"robots\" content=\"index, follow, max-snippet:-1, max-image-preview:large, max-video-preview:-1\" \/>\n<link rel=\"canonical\" href=\"https:\/\/swissbaker.ch\/fr\/panissimo-news\/fleischli-hors-ligne\/\" \/>\n<meta property=\"og:locale\" content=\"fr_FR\" \/>\n<meta property=\"og:type\" content=\"article\" \/>\n<meta property=\"og:title\" content=\"Fleischli hors ligne\" \/>\n<meta property=\"og:description\" content=\"La boulangerie-confiserie Fleischli a \u00e9t\u00e9 victime d\u2019une cyberattaque au d\u00e9but de l\u2019ann\u00e9e. Malgr\u00e9 les pertes financi\u00e8res, l\u2019entreprise en ressort renforc\u00e9e.\" \/>\n<meta property=\"og:url\" content=\"https:\/\/swissbaker.ch\/fr\/panissimo-news\/fleischli-hors-ligne\/\" \/>\n<meta property=\"og:site_name\" content=\"SBC\" \/>\n<meta property=\"article:publisher\" content=\"https:\/\/www.facebook.com\/swissbaker.ch\" \/>\n<meta property=\"article:published_time\" content=\"2025-09-03T09:19:01+00:00\" \/>\n<meta property=\"article:modified_time\" content=\"2025-09-04T12:11:20+00:00\" \/>\n<meta property=\"og:image\" content=\"https:\/\/swissbaker.ch\/wp-content\/uploads\/2025\/09\/16_2_fleischli_hackerangriff_konrad_pfister.jpg\" \/>\n\t<meta property=\"og:image:width\" content=\"1200\" \/>\n\t<meta property=\"og:image:height\" content=\"712\" \/>\n\t<meta property=\"og:image:type\" content=\"image\/jpeg\" \/>\n<meta name=\"author\" content=\"Simon Nussbaum\" \/>\n<meta name=\"twitter:card\" content=\"summary_large_image\" \/>\n<meta name=\"twitter:creator\" content=\"@ch_swissbaker\" \/>\n<meta name=\"twitter:site\" content=\"@ch_swissbaker\" \/>\n<meta name=\"twitter:label1\" content=\"Written by\" \/>\n\t<meta name=\"twitter:data1\" content=\"Simon Nussbaum\" \/>\n\t<meta name=\"twitter:label2\" content=\"Est. reading time\" \/>\n\t<meta name=\"twitter:data2\" content=\"3 minutes\" \/>\n<script type=\"application\/ld+json\" class=\"yoast-schema-graph\">{\"@context\":\"https:\/\/schema.org\",\"@graph\":[{\"@type\":\"Article\",\"@id\":\"https:\/\/swissbaker.ch\/fr\/panissimo-news\/fleischli-hors-ligne\/#article\",\"isPartOf\":{\"@id\":\"https:\/\/swissbaker.ch\/fr\/panissimo-news\/fleischli-hors-ligne\/\"},\"author\":{\"name\":\"Simon Nussbaum\",\"@id\":\"https:\/\/swissbaker.ch\/fr\/#\/schema\/person\/74bd327b08c18ca6042c02ff6f0ed5e2\"},\"headline\":\"Fleischli hors ligne\",\"datePublished\":\"2025-09-03T09:19:01+00:00\",\"dateModified\":\"2025-09-04T12:11:20+00:00\",\"mainEntityOfPage\":{\"@id\":\"https:\/\/swissbaker.ch\/fr\/panissimo-news\/fleischli-hors-ligne\/\"},\"wordCount\":505,\"publisher\":{\"@id\":\"https:\/\/swissbaker.ch\/fr\/#organization\"},\"image\":{\"@id\":\"https:\/\/swissbaker.ch\/fr\/panissimo-news\/fleischli-hors-ligne\/#primaryimage\"},\"thumbnailUrl\":\"https:\/\/swissbaker.ch\/wp-content\/uploads\/2025\/09\/16_2_fleischli_hackerangriff_konrad_pfister.jpg\",\"articleSection\":[\"Boulangeries\/Confiseries\",\"Conseils\"],\"inLanguage\":\"fr-FR\"},{\"@type\":\"WebPage\",\"@id\":\"https:\/\/swissbaker.ch\/fr\/panissimo-news\/fleischli-hors-ligne\/\",\"url\":\"https:\/\/swissbaker.ch\/fr\/panissimo-news\/fleischli-hors-ligne\/\",\"name\":\"Fleischli hors ligne | SBC\",\"isPartOf\":{\"@id\":\"https:\/\/swissbaker.ch\/fr\/#website\"},\"primaryImageOfPage\":{\"@id\":\"https:\/\/swissbaker.ch\/fr\/panissimo-news\/fleischli-hors-ligne\/#primaryimage\"},\"image\":{\"@id\":\"https:\/\/swissbaker.ch\/fr\/panissimo-news\/fleischli-hors-ligne\/#primaryimage\"},\"thumbnailUrl\":\"https:\/\/swissbaker.ch\/wp-content\/uploads\/2025\/09\/16_2_fleischli_hackerangriff_konrad_pfister.jpg\",\"datePublished\":\"2025-09-03T09:19:01+00:00\",\"dateModified\":\"2025-09-04T12:11:20+00:00\",\"description\":\"La boulangerie-confiserie Fleischli a \u00e9t\u00e9 victime d\u2019une cyberattaque au d\u00e9but de l\u2019ann\u00e9e. Malgr\u00e9 les pertes financi\u00e8res, l\u2019entreprise en ressort renforc\u00e9e.\",\"breadcrumb\":{\"@id\":\"https:\/\/swissbaker.ch\/fr\/panissimo-news\/fleischli-hors-ligne\/#breadcrumb\"},\"inLanguage\":\"fr-FR\",\"potentialAction\":[{\"@type\":\"ReadAction\",\"target\":[\"https:\/\/swissbaker.ch\/fr\/panissimo-news\/fleischli-hors-ligne\/\"]}]},{\"@type\":\"ImageObject\",\"inLanguage\":\"fr-FR\",\"@id\":\"https:\/\/swissbaker.ch\/fr\/panissimo-news\/fleischli-hors-ligne\/#primaryimage\",\"url\":\"https:\/\/swissbaker.ch\/wp-content\/uploads\/2025\/09\/16_2_fleischli_hackerangriff_konrad_pfister.jpg\",\"contentUrl\":\"https:\/\/swissbaker.ch\/wp-content\/uploads\/2025\/09\/16_2_fleischli_hackerangriff_konrad_pfister.jpg\",\"width\":1200,\"height\":712},{\"@type\":\"BreadcrumbList\",\"@id\":\"https:\/\/swissbaker.ch\/fr\/panissimo-news\/fleischli-hors-ligne\/#breadcrumb\",\"itemListElement\":[{\"@type\":\"ListItem\",\"position\":1,\"name\":\"\",\"item\":\"https:\/\/swissbaker.ch\/fr\/\"},{\"@type\":\"ListItem\",\"position\":2,\"name\":\"Boulangeries\/Confiseries\",\"item\":\"https:\/\/swissbaker.ch\/fr\/panissimo-news\/category\/boulangeries-confiseries\/\"},{\"@type\":\"ListItem\",\"position\":3,\"name\":\"Fleischli hors ligne\"}]},{\"@type\":\"WebSite\",\"@id\":\"https:\/\/swissbaker.ch\/fr\/#website\",\"url\":\"https:\/\/swissbaker.ch\/fr\/\",\"name\":\"SBC\",\"description\":\"\",\"publisher\":{\"@id\":\"https:\/\/swissbaker.ch\/fr\/#organization\"},\"potentialAction\":[{\"@type\":\"SearchAction\",\"target\":{\"@type\":\"EntryPoint\",\"urlTemplate\":\"https:\/\/swissbaker.ch\/fr\/?s={search_term_string}\"},\"query-input\":{\"@type\":\"PropertyValueSpecification\",\"valueRequired\":true,\"valueName\":\"search_term_string\"}}],\"inLanguage\":\"fr-FR\"},{\"@type\":\"Organization\",\"@id\":\"https:\/\/swissbaker.ch\/fr\/#organization\",\"name\":\"Schweizerischer B\u00e4cker-Confiseurmeister-Verband\",\"url\":\"https:\/\/swissbaker.ch\/fr\/\",\"logo\":{\"@type\":\"ImageObject\",\"inLanguage\":\"fr-FR\",\"@id\":\"https:\/\/swissbaker.ch\/fr\/#\/schema\/logo\/image\/\",\"url\":\"https:\/\/swissbaker.ch\/wp-content\/uploads\/2022\/04\/sbc-logo-yoast.jpg\",\"contentUrl\":\"https:\/\/swissbaker.ch\/wp-content\/uploads\/2022\/04\/sbc-logo-yoast.jpg\",\"width\":512,\"height\":512,\"caption\":\"Schweizerischer B\u00e4cker-Confiseurmeister-Verband\"},\"image\":{\"@id\":\"https:\/\/swissbaker.ch\/fr\/#\/schema\/logo\/image\/\"},\"sameAs\":[\"https:\/\/www.facebook.com\/swissbaker.ch\",\"https:\/\/x.com\/ch_swissbaker\"]},{\"@type\":\"Person\",\"@id\":\"https:\/\/swissbaker.ch\/fr\/#\/schema\/person\/74bd327b08c18ca6042c02ff6f0ed5e2\",\"name\":\"Simon Nussbaum\",\"image\":{\"@type\":\"ImageObject\",\"inLanguage\":\"fr-FR\",\"@id\":\"https:\/\/swissbaker.ch\/fr\/#\/schema\/person\/image\/\",\"url\":\"https:\/\/secure.gravatar.com\/avatar\/df0eced3bb556c806cb760cf503ade1ed1df25b4104d80d6fd28d93a9509aa12?s=96&d=mm&r=g\",\"contentUrl\":\"https:\/\/secure.gravatar.com\/avatar\/df0eced3bb556c806cb760cf503ade1ed1df25b4104d80d6fd28d93a9509aa12?s=96&d=mm&r=g\",\"caption\":\"Simon Nussbaum\"},\"url\":\"https:\/\/swissbaker.ch\/fr\/panissimo-news\/author\/simon-nussbaum\/\"}]}<\/script>\n<!-- \/ Yoast SEO Premium plugin. -->","yoast_head_json":{"title":"Fleischli hors ligne | SBC","description":"La boulangerie-confiserie Fleischli a \u00e9t\u00e9 victime d\u2019une cyberattaque au d\u00e9but de l\u2019ann\u00e9e. Malgr\u00e9 les pertes financi\u00e8res, l\u2019entreprise en ressort renforc\u00e9e.","robots":{"index":"index","follow":"follow","max-snippet":"max-snippet:-1","max-image-preview":"max-image-preview:large","max-video-preview":"max-video-preview:-1"},"canonical":"https:\/\/swissbaker.ch\/fr\/panissimo-news\/fleischli-hors-ligne\/","og_locale":"fr_FR","og_type":"article","og_title":"Fleischli hors ligne","og_description":"La boulangerie-confiserie Fleischli a \u00e9t\u00e9 victime d\u2019une cyberattaque au d\u00e9but de l\u2019ann\u00e9e. Malgr\u00e9 les pertes financi\u00e8res, l\u2019entreprise en ressort renforc\u00e9e.","og_url":"https:\/\/swissbaker.ch\/fr\/panissimo-news\/fleischli-hors-ligne\/","og_site_name":"SBC","article_publisher":"https:\/\/www.facebook.com\/swissbaker.ch","article_published_time":"2025-09-03T09:19:01+00:00","article_modified_time":"2025-09-04T12:11:20+00:00","og_image":[{"width":1200,"height":712,"url":"https:\/\/swissbaker.ch\/wp-content\/uploads\/2025\/09\/16_2_fleischli_hackerangriff_konrad_pfister.jpg","type":"image\/jpeg"}],"author":"Simon Nussbaum","twitter_card":"summary_large_image","twitter_creator":"@ch_swissbaker","twitter_site":"@ch_swissbaker","twitter_misc":{"Written by":"Simon Nussbaum","Est. reading time":"3 minutes"},"schema":{"@context":"https:\/\/schema.org","@graph":[{"@type":"Article","@id":"https:\/\/swissbaker.ch\/fr\/panissimo-news\/fleischli-hors-ligne\/#article","isPartOf":{"@id":"https:\/\/swissbaker.ch\/fr\/panissimo-news\/fleischli-hors-ligne\/"},"author":{"name":"Simon Nussbaum","@id":"https:\/\/swissbaker.ch\/fr\/#\/schema\/person\/74bd327b08c18ca6042c02ff6f0ed5e2"},"headline":"Fleischli hors ligne","datePublished":"2025-09-03T09:19:01+00:00","dateModified":"2025-09-04T12:11:20+00:00","mainEntityOfPage":{"@id":"https:\/\/swissbaker.ch\/fr\/panissimo-news\/fleischli-hors-ligne\/"},"wordCount":505,"publisher":{"@id":"https:\/\/swissbaker.ch\/fr\/#organization"},"image":{"@id":"https:\/\/swissbaker.ch\/fr\/panissimo-news\/fleischli-hors-ligne\/#primaryimage"},"thumbnailUrl":"https:\/\/swissbaker.ch\/wp-content\/uploads\/2025\/09\/16_2_fleischli_hackerangriff_konrad_pfister.jpg","articleSection":["Boulangeries\/Confiseries","Conseils"],"inLanguage":"fr-FR"},{"@type":"WebPage","@id":"https:\/\/swissbaker.ch\/fr\/panissimo-news\/fleischli-hors-ligne\/","url":"https:\/\/swissbaker.ch\/fr\/panissimo-news\/fleischli-hors-ligne\/","name":"Fleischli hors ligne | SBC","isPartOf":{"@id":"https:\/\/swissbaker.ch\/fr\/#website"},"primaryImageOfPage":{"@id":"https:\/\/swissbaker.ch\/fr\/panissimo-news\/fleischli-hors-ligne\/#primaryimage"},"image":{"@id":"https:\/\/swissbaker.ch\/fr\/panissimo-news\/fleischli-hors-ligne\/#primaryimage"},"thumbnailUrl":"https:\/\/swissbaker.ch\/wp-content\/uploads\/2025\/09\/16_2_fleischli_hackerangriff_konrad_pfister.jpg","datePublished":"2025-09-03T09:19:01+00:00","dateModified":"2025-09-04T12:11:20+00:00","description":"La boulangerie-confiserie Fleischli a \u00e9t\u00e9 victime d\u2019une cyberattaque au d\u00e9but de l\u2019ann\u00e9e. Malgr\u00e9 les pertes financi\u00e8res, l\u2019entreprise en ressort renforc\u00e9e.","breadcrumb":{"@id":"https:\/\/swissbaker.ch\/fr\/panissimo-news\/fleischli-hors-ligne\/#breadcrumb"},"inLanguage":"fr-FR","potentialAction":[{"@type":"ReadAction","target":["https:\/\/swissbaker.ch\/fr\/panissimo-news\/fleischli-hors-ligne\/"]}]},{"@type":"ImageObject","inLanguage":"fr-FR","@id":"https:\/\/swissbaker.ch\/fr\/panissimo-news\/fleischli-hors-ligne\/#primaryimage","url":"https:\/\/swissbaker.ch\/wp-content\/uploads\/2025\/09\/16_2_fleischli_hackerangriff_konrad_pfister.jpg","contentUrl":"https:\/\/swissbaker.ch\/wp-content\/uploads\/2025\/09\/16_2_fleischli_hackerangriff_konrad_pfister.jpg","width":1200,"height":712},{"@type":"BreadcrumbList","@id":"https:\/\/swissbaker.ch\/fr\/panissimo-news\/fleischli-hors-ligne\/#breadcrumb","itemListElement":[{"@type":"ListItem","position":1,"name":"","item":"https:\/\/swissbaker.ch\/fr\/"},{"@type":"ListItem","position":2,"name":"Boulangeries\/Confiseries","item":"https:\/\/swissbaker.ch\/fr\/panissimo-news\/category\/boulangeries-confiseries\/"},{"@type":"ListItem","position":3,"name":"Fleischli hors ligne"}]},{"@type":"WebSite","@id":"https:\/\/swissbaker.ch\/fr\/#website","url":"https:\/\/swissbaker.ch\/fr\/","name":"SBC","description":"","publisher":{"@id":"https:\/\/swissbaker.ch\/fr\/#organization"},"potentialAction":[{"@type":"SearchAction","target":{"@type":"EntryPoint","urlTemplate":"https:\/\/swissbaker.ch\/fr\/?s={search_term_string}"},"query-input":{"@type":"PropertyValueSpecification","valueRequired":true,"valueName":"search_term_string"}}],"inLanguage":"fr-FR"},{"@type":"Organization","@id":"https:\/\/swissbaker.ch\/fr\/#organization","name":"Schweizerischer B\u00e4cker-Confiseurmeister-Verband","url":"https:\/\/swissbaker.ch\/fr\/","logo":{"@type":"ImageObject","inLanguage":"fr-FR","@id":"https:\/\/swissbaker.ch\/fr\/#\/schema\/logo\/image\/","url":"https:\/\/swissbaker.ch\/wp-content\/uploads\/2022\/04\/sbc-logo-yoast.jpg","contentUrl":"https:\/\/swissbaker.ch\/wp-content\/uploads\/2022\/04\/sbc-logo-yoast.jpg","width":512,"height":512,"caption":"Schweizerischer B\u00e4cker-Confiseurmeister-Verband"},"image":{"@id":"https:\/\/swissbaker.ch\/fr\/#\/schema\/logo\/image\/"},"sameAs":["https:\/\/www.facebook.com\/swissbaker.ch","https:\/\/x.com\/ch_swissbaker"]},{"@type":"Person","@id":"https:\/\/swissbaker.ch\/fr\/#\/schema\/person\/74bd327b08c18ca6042c02ff6f0ed5e2","name":"Simon Nussbaum","image":{"@type":"ImageObject","inLanguage":"fr-FR","@id":"https:\/\/swissbaker.ch\/fr\/#\/schema\/person\/image\/","url":"https:\/\/secure.gravatar.com\/avatar\/df0eced3bb556c806cb760cf503ade1ed1df25b4104d80d6fd28d93a9509aa12?s=96&d=mm&r=g","contentUrl":"https:\/\/secure.gravatar.com\/avatar\/df0eced3bb556c806cb760cf503ade1ed1df25b4104d80d6fd28d93a9509aa12?s=96&d=mm&r=g","caption":"Simon Nussbaum"},"url":"https:\/\/swissbaker.ch\/fr\/panissimo-news\/author\/simon-nussbaum\/"}]}},"_links":{"self":[{"href":"https:\/\/swissbaker.ch\/fr\/wp-json\/wp\/v2\/posts\/125138","targetHints":{"allow":["GET"]}}],"collection":[{"href":"https:\/\/swissbaker.ch\/fr\/wp-json\/wp\/v2\/posts"}],"about":[{"href":"https:\/\/swissbaker.ch\/fr\/wp-json\/wp\/v2\/types\/post"}],"author":[{"embeddable":true,"href":"https:\/\/swissbaker.ch\/fr\/wp-json\/wp\/v2\/users\/5"}],"replies":[{"embeddable":true,"href":"https:\/\/swissbaker.ch\/fr\/wp-json\/wp\/v2\/comments?post=125138"}],"version-history":[{"count":0,"href":"https:\/\/swissbaker.ch\/fr\/wp-json\/wp\/v2\/posts\/125138\/revisions"}],"wp:featuredmedia":[{"embeddable":true,"href":"https:\/\/swissbaker.ch\/fr\/wp-json\/wp\/v2\/media\/125127"}],"wp:attachment":[{"href":"https:\/\/swissbaker.ch\/fr\/wp-json\/wp\/v2\/media?parent=125138"}],"wp:term":[{"taxonomy":"category","embeddable":true,"href":"https:\/\/swissbaker.ch\/fr\/wp-json\/wp\/v2\/categories?post=125138"},{"taxonomy":"post_tag","embeddable":true,"href":"https:\/\/swissbaker.ch\/fr\/wp-json\/wp\/v2\/tags?post=125138"}],"curies":[{"name":"wp","href":"https:\/\/api.w.org\/{rel}","templated":true}]}}