{"id":125120,"date":"2025-09-03T10:42:10","date_gmt":"2025-09-03T08:42:10","guid":{"rendered":"https:\/\/swissbaker.ch\/?p=125120"},"modified":"2025-09-03T10:52:31","modified_gmt":"2025-09-03T08:52:31","slug":"la-protection-des-jeunes-gage-de-reussite-scolaire","status":"publish","type":"post","link":"https:\/\/swissbaker.ch\/fr\/panissimo-news\/la-protection-des-jeunes-gage-de-reussite-scolaire\/","title":{"rendered":"La protection des jeunes, gage de r\u00e9ussite scolaire"},"content":{"rendered":"\n<p><strong>De nombreux mineurs commencent leur formation dans les boulangeries-confiseries. Pour certains travaux typiques de la branche, l\u2019annexe 2 des ordonnances sur la formation d\u00e9finit des mesures d\u2019accompagnement visant \u00e0 garantir leur protection.<\/strong><\/p>\n\n\n\n<p>De nombreux jeunes ont commenc\u00e9 leur apprentissage d\u00e9but ao\u00fbt. Le passage de la vie scolaire \u00e0 la vie professionnelle, avec des horaires matinaux, a sans doute constitu\u00e9 un premier obstacle pour beaucoup d\u2019entre eux. Dans l\u2019entreprise, ils ont d\u00fb se familiariser avec de nouveaux processus et \u00e9quipements. A cela s\u2019ajoute le fait que les jeunes n\u2019ont aucune exp\u00e9rience dans le m\u00e9tier et que leur capacit\u00e9 \u00e0 percevoir les risques ne sera pleinement acquise qu\u2019\u00e0 la fin de la pubert\u00e9.<\/p>\n\n\n\n<h2 class=\"wp-block-heading\" id=\"h-regles-particulieres-pour-les-mineurs-et-mineures\">R\u00e8gles particuli\u00e8res pour les mineurs et mineures<\/h2>\n\n\n\n<p>La loi sur le travail et ses ordonnances contiennent des dispositions particuli\u00e8res visant \u00e0 prot\u00e9ger les jeunes travailleurs. Les travaux particuli\u00e8rement dangereux sont en principe interdits jusqu\u2019\u00e0 l\u2019\u00e2ge de 18 ans r\u00e9volus. Il s\u2019agit des activit\u00e9s qui, de par leur nature ou les conditions dans lesquelles ils s\u2019exercent, sont susceptibles de nuire \u00e0 la sant\u00e9, \u00e0 la formation, \u00e0 la s\u00e9curit\u00e9 des jeunes ou \u00e0 leur d\u00e9veloppement physique et psychique. Cela comprend de nombreuses activit\u00e9s typiques du secteur, telles que l\u2019utilisation d\u2019un p\u00e9trin ou d\u2019un four, ou encore l\u2019utilisation de produits chimiques dangereux pour les travaux de nettoyage\u2009; autant de comp\u00e9tences essentielles pour leur permettre de mener \u00e0 bien leur apprentissage.<\/p>\n\n\n\n<h2 class=\"wp-block-heading\" id=\"h-formation-controle-et-documentation\">Formation, contr\u00f4le et documentation<\/h2>\n\n\n\n<p>Afin de ne pas compromettre la r\u00e9ussite de la formation, des mesures d\u2019accompagnement visant \u00e0 prot\u00e9ger les jeunes sont d\u00e9finies pour chaque plan de formation. L\u2019ex\u00e9cution d\u2019activit\u00e9s particuli\u00e8rement dangereuses est toujours li\u00e9e \u00e0 des mesures de formation et de contr\u00f4le. Il est conseill\u00e9 aux formateurs professionnels de consulter les annexes relatives aux professions enseign\u00e9es et de documenter les mesures d\u2019accompagnement. <\/p>\n\n\n\n<p><strong>Les \u00ab\u2009mesures d\u2019accompagnement\u2009\u00bb se trouvent dans les documents relatifs aux plans<br>de formation\u2009: <a href=\"http:\/\/bit.ly\/mesures-accompagnement\">bit.ly\/mesures-accompagnement<\/a><\/strong><\/p>\n\n\n\n<p class=\"has-text-align-right\"><em>Benjamin Horand, resp. MSST et gestion de la qualit\u00e9<br>Photo: Richemont<\/em><br><\/p>\n","protected":false},"excerpt":{"rendered":"<p>De nombreux mineurs commencent leur formation dans les boulangeries-confiseries. Pour certains travaux typiques de la branche, l\u2019annexe 2 des ordonnances sur la formation d\u00e9finit des mesures d\u2019accompagnement visant \u00e0 garantir leur protection.<\/p>\n","protected":false},"author":5,"featured_media":125118,"comment_status":"closed","ping_status":"closed","sticky":true,"template":"","format":"standard","meta":{"_acf_changed":false,"footnotes":""},"categories":[47,49],"tags":[],"class_list":["post-125120","post","type-post","status-publish","format-standard","has-post-thumbnail","hentry","category-formation-releve","category-sante-securite"],"acf":[],"yoast_head":"<!-- This site is optimized with the Yoast SEO Premium plugin v26.8 (Yoast SEO v26.8) - https:\/\/yoast.com\/product\/yoast-seo-premium-wordpress\/ -->\n<title>La protection des jeunes, gage de r\u00e9ussite scolaire | SBC<\/title>\n<meta name=\"robots\" content=\"index, follow, max-snippet:-1, max-image-preview:large, max-video-preview:-1\" \/>\n<link rel=\"canonical\" href=\"https:\/\/swissbaker.ch\/fr\/panissimo-news\/la-protection-des-jeunes-gage-de-reussite-scolaire\/\" \/>\n<meta property=\"og:locale\" content=\"fr_FR\" \/>\n<meta property=\"og:type\" content=\"article\" \/>\n<meta property=\"og:title\" content=\"La protection des jeunes, gage de r\u00e9ussite scolaire\" \/>\n<meta property=\"og:description\" content=\"De nombreux mineurs commencent leur formation dans les boulangeries-confiseries. Pour certains travaux typiques de la branche, l\u2019annexe 2 des ordonnances sur la formation d\u00e9finit des mesures d\u2019accompagnement visant \u00e0 garantir leur protection.\" \/>\n<meta property=\"og:url\" content=\"https:\/\/swissbaker.ch\/fr\/panissimo-news\/la-protection-des-jeunes-gage-de-reussite-scolaire\/\" \/>\n<meta property=\"og:site_name\" content=\"SBC\" \/>\n<meta property=\"article:publisher\" content=\"https:\/\/www.facebook.com\/swissbaker.ch\" \/>\n<meta property=\"article:published_time\" content=\"2025-09-03T08:42:10+00:00\" \/>\n<meta property=\"article:modified_time\" content=\"2025-09-03T08:52:31+00:00\" \/>\n<meta property=\"og:image\" content=\"https:\/\/swissbaker.ch\/wp-content\/uploads\/2025\/09\/16_2_jugenschutz.jpg\" \/>\n\t<meta property=\"og:image:width\" content=\"1200\" \/>\n\t<meta property=\"og:image:height\" content=\"712\" \/>\n\t<meta property=\"og:image:type\" content=\"image\/jpeg\" \/>\n<meta name=\"author\" content=\"Simon Nussbaum\" \/>\n<meta name=\"twitter:card\" content=\"summary_large_image\" \/>\n<meta name=\"twitter:creator\" content=\"@ch_swissbaker\" \/>\n<meta name=\"twitter:site\" content=\"@ch_swissbaker\" \/>\n<meta name=\"twitter:label1\" content=\"Written by\" \/>\n\t<meta name=\"twitter:data1\" content=\"Simon Nussbaum\" \/>\n\t<meta name=\"twitter:label2\" content=\"Est. reading time\" \/>\n\t<meta name=\"twitter:data2\" content=\"2 minutes\" \/>\n<script type=\"application\/ld+json\" class=\"yoast-schema-graph\">{\"@context\":\"https:\/\/schema.org\",\"@graph\":[{\"@type\":\"Article\",\"@id\":\"https:\/\/swissbaker.ch\/fr\/panissimo-news\/la-protection-des-jeunes-gage-de-reussite-scolaire\/#article\",\"isPartOf\":{\"@id\":\"https:\/\/swissbaker.ch\/fr\/panissimo-news\/la-protection-des-jeunes-gage-de-reussite-scolaire\/\"},\"author\":{\"name\":\"Simon Nussbaum\",\"@id\":\"https:\/\/swissbaker.ch\/fr\/#\/schema\/person\/74bd327b08c18ca6042c02ff6f0ed5e2\"},\"headline\":\"La protection des jeunes, gage de r\u00e9ussite scolaire\",\"datePublished\":\"2025-09-03T08:42:10+00:00\",\"dateModified\":\"2025-09-03T08:52:31+00:00\",\"mainEntityOfPage\":{\"@id\":\"https:\/\/swissbaker.ch\/fr\/panissimo-news\/la-protection-des-jeunes-gage-de-reussite-scolaire\/\"},\"wordCount\":360,\"publisher\":{\"@id\":\"https:\/\/swissbaker.ch\/fr\/#organization\"},\"image\":{\"@id\":\"https:\/\/swissbaker.ch\/fr\/panissimo-news\/la-protection-des-jeunes-gage-de-reussite-scolaire\/#primaryimage\"},\"thumbnailUrl\":\"https:\/\/swissbaker.ch\/wp-content\/uploads\/2025\/09\/16_2_jugenschutz.jpg\",\"articleSection\":[\"Formation\/Rel\u00e8ve\",\"Sant\u00e9\/S\u00e9curit\u00e9\"],\"inLanguage\":\"fr-FR\"},{\"@type\":\"WebPage\",\"@id\":\"https:\/\/swissbaker.ch\/fr\/panissimo-news\/la-protection-des-jeunes-gage-de-reussite-scolaire\/\",\"url\":\"https:\/\/swissbaker.ch\/fr\/panissimo-news\/la-protection-des-jeunes-gage-de-reussite-scolaire\/\",\"name\":\"La protection des jeunes, gage de r\u00e9ussite scolaire | SBC\",\"isPartOf\":{\"@id\":\"https:\/\/swissbaker.ch\/fr\/#website\"},\"primaryImageOfPage\":{\"@id\":\"https:\/\/swissbaker.ch\/fr\/panissimo-news\/la-protection-des-jeunes-gage-de-reussite-scolaire\/#primaryimage\"},\"image\":{\"@id\":\"https:\/\/swissbaker.ch\/fr\/panissimo-news\/la-protection-des-jeunes-gage-de-reussite-scolaire\/#primaryimage\"},\"thumbnailUrl\":\"https:\/\/swissbaker.ch\/wp-content\/uploads\/2025\/09\/16_2_jugenschutz.jpg\",\"datePublished\":\"2025-09-03T08:42:10+00:00\",\"dateModified\":\"2025-09-03T08:52:31+00:00\",\"breadcrumb\":{\"@id\":\"https:\/\/swissbaker.ch\/fr\/panissimo-news\/la-protection-des-jeunes-gage-de-reussite-scolaire\/#breadcrumb\"},\"inLanguage\":\"fr-FR\",\"potentialAction\":[{\"@type\":\"ReadAction\",\"target\":[\"https:\/\/swissbaker.ch\/fr\/panissimo-news\/la-protection-des-jeunes-gage-de-reussite-scolaire\/\"]}]},{\"@type\":\"ImageObject\",\"inLanguage\":\"fr-FR\",\"@id\":\"https:\/\/swissbaker.ch\/fr\/panissimo-news\/la-protection-des-jeunes-gage-de-reussite-scolaire\/#primaryimage\",\"url\":\"https:\/\/swissbaker.ch\/wp-content\/uploads\/2025\/09\/16_2_jugenschutz.jpg\",\"contentUrl\":\"https:\/\/swissbaker.ch\/wp-content\/uploads\/2025\/09\/16_2_jugenschutz.jpg\",\"width\":1200,\"height\":712},{\"@type\":\"BreadcrumbList\",\"@id\":\"https:\/\/swissbaker.ch\/fr\/panissimo-news\/la-protection-des-jeunes-gage-de-reussite-scolaire\/#breadcrumb\",\"itemListElement\":[{\"@type\":\"ListItem\",\"position\":1,\"name\":\"\",\"item\":\"https:\/\/swissbaker.ch\/fr\/\"},{\"@type\":\"ListItem\",\"position\":2,\"name\":\"Sant\u00e9\/S\u00e9curit\u00e9\",\"item\":\"https:\/\/swissbaker.ch\/fr\/panissimo-news\/category\/sante-securite\/\"},{\"@type\":\"ListItem\",\"position\":3,\"name\":\"La protection des jeunes, gage de r\u00e9ussite scolaire\"}]},{\"@type\":\"WebSite\",\"@id\":\"https:\/\/swissbaker.ch\/fr\/#website\",\"url\":\"https:\/\/swissbaker.ch\/fr\/\",\"name\":\"SBC\",\"description\":\"\",\"publisher\":{\"@id\":\"https:\/\/swissbaker.ch\/fr\/#organization\"},\"potentialAction\":[{\"@type\":\"SearchAction\",\"target\":{\"@type\":\"EntryPoint\",\"urlTemplate\":\"https:\/\/swissbaker.ch\/fr\/?s={search_term_string}\"},\"query-input\":{\"@type\":\"PropertyValueSpecification\",\"valueRequired\":true,\"valueName\":\"search_term_string\"}}],\"inLanguage\":\"fr-FR\"},{\"@type\":\"Organization\",\"@id\":\"https:\/\/swissbaker.ch\/fr\/#organization\",\"name\":\"Schweizerischer B\u00e4cker-Confiseurmeister-Verband\",\"url\":\"https:\/\/swissbaker.ch\/fr\/\",\"logo\":{\"@type\":\"ImageObject\",\"inLanguage\":\"fr-FR\",\"@id\":\"https:\/\/swissbaker.ch\/fr\/#\/schema\/logo\/image\/\",\"url\":\"https:\/\/swissbaker.ch\/wp-content\/uploads\/2022\/04\/sbc-logo-yoast.jpg\",\"contentUrl\":\"https:\/\/swissbaker.ch\/wp-content\/uploads\/2022\/04\/sbc-logo-yoast.jpg\",\"width\":512,\"height\":512,\"caption\":\"Schweizerischer B\u00e4cker-Confiseurmeister-Verband\"},\"image\":{\"@id\":\"https:\/\/swissbaker.ch\/fr\/#\/schema\/logo\/image\/\"},\"sameAs\":[\"https:\/\/www.facebook.com\/swissbaker.ch\",\"https:\/\/x.com\/ch_swissbaker\"]},{\"@type\":\"Person\",\"@id\":\"https:\/\/swissbaker.ch\/fr\/#\/schema\/person\/74bd327b08c18ca6042c02ff6f0ed5e2\",\"name\":\"Simon Nussbaum\",\"image\":{\"@type\":\"ImageObject\",\"inLanguage\":\"fr-FR\",\"@id\":\"https:\/\/swissbaker.ch\/fr\/#\/schema\/person\/image\/\",\"url\":\"https:\/\/secure.gravatar.com\/avatar\/df0eced3bb556c806cb760cf503ade1ed1df25b4104d80d6fd28d93a9509aa12?s=96&d=mm&r=g\",\"contentUrl\":\"https:\/\/secure.gravatar.com\/avatar\/df0eced3bb556c806cb760cf503ade1ed1df25b4104d80d6fd28d93a9509aa12?s=96&d=mm&r=g\",\"caption\":\"Simon Nussbaum\"},\"url\":\"https:\/\/swissbaker.ch\/fr\/panissimo-news\/author\/simon-nussbaum\/\"}]}<\/script>\n<!-- \/ Yoast SEO Premium plugin. -->","yoast_head_json":{"title":"La protection des jeunes, gage de r\u00e9ussite scolaire | SBC","robots":{"index":"index","follow":"follow","max-snippet":"max-snippet:-1","max-image-preview":"max-image-preview:large","max-video-preview":"max-video-preview:-1"},"canonical":"https:\/\/swissbaker.ch\/fr\/panissimo-news\/la-protection-des-jeunes-gage-de-reussite-scolaire\/","og_locale":"fr_FR","og_type":"article","og_title":"La protection des jeunes, gage de r\u00e9ussite scolaire","og_description":"De nombreux mineurs commencent leur formation dans les boulangeries-confiseries. Pour certains travaux typiques de la branche, l\u2019annexe 2 des ordonnances sur la formation d\u00e9finit des mesures d\u2019accompagnement visant \u00e0 garantir leur protection.","og_url":"https:\/\/swissbaker.ch\/fr\/panissimo-news\/la-protection-des-jeunes-gage-de-reussite-scolaire\/","og_site_name":"SBC","article_publisher":"https:\/\/www.facebook.com\/swissbaker.ch","article_published_time":"2025-09-03T08:42:10+00:00","article_modified_time":"2025-09-03T08:52:31+00:00","og_image":[{"width":1200,"height":712,"url":"https:\/\/swissbaker.ch\/wp-content\/uploads\/2025\/09\/16_2_jugenschutz.jpg","type":"image\/jpeg"}],"author":"Simon Nussbaum","twitter_card":"summary_large_image","twitter_creator":"@ch_swissbaker","twitter_site":"@ch_swissbaker","twitter_misc":{"Written by":"Simon Nussbaum","Est. reading time":"2 minutes"},"schema":{"@context":"https:\/\/schema.org","@graph":[{"@type":"Article","@id":"https:\/\/swissbaker.ch\/fr\/panissimo-news\/la-protection-des-jeunes-gage-de-reussite-scolaire\/#article","isPartOf":{"@id":"https:\/\/swissbaker.ch\/fr\/panissimo-news\/la-protection-des-jeunes-gage-de-reussite-scolaire\/"},"author":{"name":"Simon Nussbaum","@id":"https:\/\/swissbaker.ch\/fr\/#\/schema\/person\/74bd327b08c18ca6042c02ff6f0ed5e2"},"headline":"La protection des jeunes, gage de r\u00e9ussite scolaire","datePublished":"2025-09-03T08:42:10+00:00","dateModified":"2025-09-03T08:52:31+00:00","mainEntityOfPage":{"@id":"https:\/\/swissbaker.ch\/fr\/panissimo-news\/la-protection-des-jeunes-gage-de-reussite-scolaire\/"},"wordCount":360,"publisher":{"@id":"https:\/\/swissbaker.ch\/fr\/#organization"},"image":{"@id":"https:\/\/swissbaker.ch\/fr\/panissimo-news\/la-protection-des-jeunes-gage-de-reussite-scolaire\/#primaryimage"},"thumbnailUrl":"https:\/\/swissbaker.ch\/wp-content\/uploads\/2025\/09\/16_2_jugenschutz.jpg","articleSection":["Formation\/Rel\u00e8ve","Sant\u00e9\/S\u00e9curit\u00e9"],"inLanguage":"fr-FR"},{"@type":"WebPage","@id":"https:\/\/swissbaker.ch\/fr\/panissimo-news\/la-protection-des-jeunes-gage-de-reussite-scolaire\/","url":"https:\/\/swissbaker.ch\/fr\/panissimo-news\/la-protection-des-jeunes-gage-de-reussite-scolaire\/","name":"La protection des jeunes, gage de r\u00e9ussite scolaire | SBC","isPartOf":{"@id":"https:\/\/swissbaker.ch\/fr\/#website"},"primaryImageOfPage":{"@id":"https:\/\/swissbaker.ch\/fr\/panissimo-news\/la-protection-des-jeunes-gage-de-reussite-scolaire\/#primaryimage"},"image":{"@id":"https:\/\/swissbaker.ch\/fr\/panissimo-news\/la-protection-des-jeunes-gage-de-reussite-scolaire\/#primaryimage"},"thumbnailUrl":"https:\/\/swissbaker.ch\/wp-content\/uploads\/2025\/09\/16_2_jugenschutz.jpg","datePublished":"2025-09-03T08:42:10+00:00","dateModified":"2025-09-03T08:52:31+00:00","breadcrumb":{"@id":"https:\/\/swissbaker.ch\/fr\/panissimo-news\/la-protection-des-jeunes-gage-de-reussite-scolaire\/#breadcrumb"},"inLanguage":"fr-FR","potentialAction":[{"@type":"ReadAction","target":["https:\/\/swissbaker.ch\/fr\/panissimo-news\/la-protection-des-jeunes-gage-de-reussite-scolaire\/"]}]},{"@type":"ImageObject","inLanguage":"fr-FR","@id":"https:\/\/swissbaker.ch\/fr\/panissimo-news\/la-protection-des-jeunes-gage-de-reussite-scolaire\/#primaryimage","url":"https:\/\/swissbaker.ch\/wp-content\/uploads\/2025\/09\/16_2_jugenschutz.jpg","contentUrl":"https:\/\/swissbaker.ch\/wp-content\/uploads\/2025\/09\/16_2_jugenschutz.jpg","width":1200,"height":712},{"@type":"BreadcrumbList","@id":"https:\/\/swissbaker.ch\/fr\/panissimo-news\/la-protection-des-jeunes-gage-de-reussite-scolaire\/#breadcrumb","itemListElement":[{"@type":"ListItem","position":1,"name":"","item":"https:\/\/swissbaker.ch\/fr\/"},{"@type":"ListItem","position":2,"name":"Sant\u00e9\/S\u00e9curit\u00e9","item":"https:\/\/swissbaker.ch\/fr\/panissimo-news\/category\/sante-securite\/"},{"@type":"ListItem","position":3,"name":"La protection des jeunes, gage de r\u00e9ussite scolaire"}]},{"@type":"WebSite","@id":"https:\/\/swissbaker.ch\/fr\/#website","url":"https:\/\/swissbaker.ch\/fr\/","name":"SBC","description":"","publisher":{"@id":"https:\/\/swissbaker.ch\/fr\/#organization"},"potentialAction":[{"@type":"SearchAction","target":{"@type":"EntryPoint","urlTemplate":"https:\/\/swissbaker.ch\/fr\/?s={search_term_string}"},"query-input":{"@type":"PropertyValueSpecification","valueRequired":true,"valueName":"search_term_string"}}],"inLanguage":"fr-FR"},{"@type":"Organization","@id":"https:\/\/swissbaker.ch\/fr\/#organization","name":"Schweizerischer B\u00e4cker-Confiseurmeister-Verband","url":"https:\/\/swissbaker.ch\/fr\/","logo":{"@type":"ImageObject","inLanguage":"fr-FR","@id":"https:\/\/swissbaker.ch\/fr\/#\/schema\/logo\/image\/","url":"https:\/\/swissbaker.ch\/wp-content\/uploads\/2022\/04\/sbc-logo-yoast.jpg","contentUrl":"https:\/\/swissbaker.ch\/wp-content\/uploads\/2022\/04\/sbc-logo-yoast.jpg","width":512,"height":512,"caption":"Schweizerischer B\u00e4cker-Confiseurmeister-Verband"},"image":{"@id":"https:\/\/swissbaker.ch\/fr\/#\/schema\/logo\/image\/"},"sameAs":["https:\/\/www.facebook.com\/swissbaker.ch","https:\/\/x.com\/ch_swissbaker"]},{"@type":"Person","@id":"https:\/\/swissbaker.ch\/fr\/#\/schema\/person\/74bd327b08c18ca6042c02ff6f0ed5e2","name":"Simon Nussbaum","image":{"@type":"ImageObject","inLanguage":"fr-FR","@id":"https:\/\/swissbaker.ch\/fr\/#\/schema\/person\/image\/","url":"https:\/\/secure.gravatar.com\/avatar\/df0eced3bb556c806cb760cf503ade1ed1df25b4104d80d6fd28d93a9509aa12?s=96&d=mm&r=g","contentUrl":"https:\/\/secure.gravatar.com\/avatar\/df0eced3bb556c806cb760cf503ade1ed1df25b4104d80d6fd28d93a9509aa12?s=96&d=mm&r=g","caption":"Simon Nussbaum"},"url":"https:\/\/swissbaker.ch\/fr\/panissimo-news\/author\/simon-nussbaum\/"}]}},"_links":{"self":[{"href":"https:\/\/swissbaker.ch\/fr\/wp-json\/wp\/v2\/posts\/125120","targetHints":{"allow":["GET"]}}],"collection":[{"href":"https:\/\/swissbaker.ch\/fr\/wp-json\/wp\/v2\/posts"}],"about":[{"href":"https:\/\/swissbaker.ch\/fr\/wp-json\/wp\/v2\/types\/post"}],"author":[{"embeddable":true,"href":"https:\/\/swissbaker.ch\/fr\/wp-json\/wp\/v2\/users\/5"}],"replies":[{"embeddable":true,"href":"https:\/\/swissbaker.ch\/fr\/wp-json\/wp\/v2\/comments?post=125120"}],"version-history":[{"count":0,"href":"https:\/\/swissbaker.ch\/fr\/wp-json\/wp\/v2\/posts\/125120\/revisions"}],"wp:featuredmedia":[{"embeddable":true,"href":"https:\/\/swissbaker.ch\/fr\/wp-json\/wp\/v2\/media\/125118"}],"wp:attachment":[{"href":"https:\/\/swissbaker.ch\/fr\/wp-json\/wp\/v2\/media?parent=125120"}],"wp:term":[{"taxonomy":"category","embeddable":true,"href":"https:\/\/swissbaker.ch\/fr\/wp-json\/wp\/v2\/categories?post=125120"},{"taxonomy":"post_tag","embeddable":true,"href":"https:\/\/swissbaker.ch\/fr\/wp-json\/wp\/v2\/tags?post=125120"}],"curies":[{"name":"wp","href":"https:\/\/api.w.org\/{rel}","templated":true}]}}