{"id":123744,"date":"2025-07-10T14:49:42","date_gmt":"2025-07-10T12:49:42","guid":{"rendered":"https:\/\/swissbaker.ch\/?p=123744"},"modified":"2025-07-24T08:10:15","modified_gmt":"2025-07-24T06:10:15","slug":"food-save-interesse","status":"publish","type":"post","link":"https:\/\/swissbaker.ch\/fr\/panissimo-news\/food-save-interesse\/","title":{"rendered":"Food Save int\u00e9resse"},"content":{"rendered":"\n<p><strong>Le nombre de membres de United Against Waste (UAW) ainsi que les nombreux participants et participantes \u00e0 l&#8217;\u00e9v\u00e9nement \u00abFocus Food Save: from vision to action\u00bb qui s&#8217;est tenu fin juin \u00e0 Berne le montrent: la prise de conscience de la n\u00e9cessit\u00e9 de r\u00e9duire le gaspillage alimentaire est en plein essor dans le paysage entrepreneurial suisse.<\/strong><\/p>\n\n\n\n<p>\u00abAvec 190 personnes pr\u00e9sentes lors de la deuxi\u00e8me partie, nous avons accueilli 50 participants de plus que l\u2019ann\u00e9e derni\u00e8re\u00bb, s\u2019est r\u00e9joui Silvan Pfister, pr\u00e9sident d\u2019UAW, lors de l\u2019assembl\u00e9e g\u00e9n\u00e9rale. Celle-ci s\u2019est tenue le 26\u202fjuin \u00e0 Berne, peu avant l\u2019\u00e9v\u00e9nement Focus Food Save 2025. L\u2019organisation peut \u00e9galement se r\u00e9jouir d\u2019une nouvelle croissance: alors qu\u2019elle comptait 207 entreprises membres il y a deux ans, elle en recensait plus de 260 \u00e0 la fin de l\u2019ann\u00e9e 2024. On peut en conclure que les entreprises suisses se pr\u00e9occupent de la question du gaspillage alimentaire.<\/p>\n\n\n\n<h2 class=\"wp-block-heading\" id=\"h-traduction-simultanee-stands-consommateurs\">Traduction simultan\u00e9e, stands, consommateurs<\/h2>\n\n\n\n<p>Markus Hurschler, directeur d\u2019UAW, a qualifi\u00e9 de \u00abpuzzle\u00bb les efforts d\u00e9ploy\u00e9s par l\u2019organisation dans son combat pour r\u00e9duire le gaspillage alimentaire. A cet \u00e9gard, l\u2019association envisage de se concentrer sur trois axes principaux. \u00abNous voulons mieux int\u00e9grer la Suisse romande\u00bb, a-t-il d\u00e9clar\u00e9 en \u00e9voquant le premier point. C\u2019est la raison pour laquelle l\u2019\u00e9v\u00e9nement \u00e9tait traduit simultan\u00e9ment pour la premi\u00e8re fois. Le deuxi\u00e8me \u00e9l\u00e9ment du puzzle \u00e9tait visible sur place: \u00e0 travers les stands des projets issus du programme de promotion Streamup, UAW souhaitait \u00abmettre davantage en \u00e9vidence le potentiel d\u2019innovation dans ce domaine\u00bb. Le troisi\u00e8me th\u00e8me concerne les consommateurs: \u00abEn collaboration avec UAW, nous nous dirigeons vers une semaine d\u2019action\u00bb, a confi\u00e9 Karin Spori, directrice de foodwaste.ch.<\/p>\n\n\n\n<h2 class=\"wp-block-heading\" id=\"h-focus-food-save\">Focus Food Save<\/h2>\n\n\n\n<p>Lors de l\u2019\u00e9v\u00e9nement Focus Food Save, organis\u00e9 apr\u00e8s l\u2019assembl\u00e9e g\u00e9n\u00e9rale sous le slogan \u00abFrom vision to action\u00bb, une partie a \u00e9t\u00e9 consacr\u00e9e aux projets du programme de promotion Streamup. Diff\u00e9rents concepts relatifs aux mati\u00e8res premi\u00e8res, aux processus de fabrication et aux processus d\u2019entreprise ont \u00e9t\u00e9 pr\u00e9sent\u00e9s aux 190 personnes pr\u00e9sentes. Avec Streamup, UAW soutient des projets proposant des solutions pour lutter contre le gaspillage alimentaire.<\/p>\n\n\n\n<p>Le public a \u00e9galement eu plusieurs occasions de s\u2019exprimer. Interrog\u00e9e sur les d\u00e9veloppements futurs, Florence Strebel, de l\u2019Ecole professionnelle Richemont, a soulign\u00e9 l\u2019importance de la formation initiale. En tant que responsable des cours interentreprises, elle est r\u00e9guli\u00e8rement en contact avec des apprentis boulangers-confiseurs. \u00abJe pense que pour r\u00e9soudre ce probl\u00e8me durablement, il faut poser les bases d\u00e8s la formation initiale.\u00bb<\/p>\n\n\n\n<p class=\"has-text-align-right\"><em>Photo et Text: Diego Schwerzmann<\/em><\/p>\n","protected":false},"excerpt":{"rendered":"<p>Le nombre de membres de United Against Waste (UAW) ainsi que les nombreux participants et participantes \u00e0 l&#8217;\u00e9v\u00e9nement \u00abFocus Food Save: from vision to action\u00bb qui s&#8217;est tenu fin juin \u00e0 Berne le montrent: la prise de conscience de la n\u00e9cessit\u00e9 de r\u00e9duire le gaspillage alimentaire est en plein essor dans le paysage entrepreneurial suisse.<\/p>\n","protected":false},"author":5,"featured_media":123237,"comment_status":"closed","ping_status":"closed","sticky":false,"template":"","format":"standard","meta":{"_acf_changed":false,"footnotes":""},"categories":[190],"tags":[],"class_list":["post-123744","post","type-post","status-publish","format-standard","has-post-thumbnail","hentry","category-food-save-fr"],"acf":[],"yoast_head":"<!-- This site is optimized with the Yoast SEO Premium plugin v26.8 (Yoast SEO v26.8) - https:\/\/yoast.com\/product\/yoast-seo-premium-wordpress\/ -->\n<title>Food Save int\u00e9resse | SBC<\/title>\n<meta name=\"description\" content=\"Le nombre de membres de United Against Waste (UAW) ainsi que les nombreux participants et participantes \u00e0 l&#039;\u00e9v\u00e9nement \u00abFocus Food Save: from vision to action\u00bb qui s&#039;est tenu fin juin \u00e0 Berne le montrent:\" \/>\n<meta name=\"robots\" content=\"index, follow, max-snippet:-1, max-image-preview:large, max-video-preview:-1\" \/>\n<link rel=\"canonical\" href=\"https:\/\/swissbaker.ch\/fr\/panissimo-news\/food-save-interesse\/\" \/>\n<meta property=\"og:locale\" content=\"fr_FR\" \/>\n<meta property=\"og:type\" content=\"article\" \/>\n<meta property=\"og:title\" content=\"Food Save int\u00e9resse\" \/>\n<meta property=\"og:description\" content=\"Le nombre de membres de United Against Waste (UAW) ainsi que les nombreux participants et participantes \u00e0 l&#039;\u00e9v\u00e9nement \u00abFocus Food Save: from vision to action\u00bb qui s&#039;est tenu fin juin \u00e0 Berne le montrent:\" \/>\n<meta property=\"og:url\" content=\"https:\/\/swissbaker.ch\/fr\/panissimo-news\/food-save-interesse\/\" \/>\n<meta property=\"og:site_name\" content=\"SBC\" \/>\n<meta property=\"article:publisher\" content=\"https:\/\/www.facebook.com\/swissbaker.ch\" \/>\n<meta property=\"article:published_time\" content=\"2025-07-10T12:49:42+00:00\" \/>\n<meta property=\"article:modified_time\" content=\"2025-07-24T06:10:15+00:00\" \/>\n<meta property=\"og:image\" content=\"https:\/\/swissbaker.ch\/wp-content\/uploads\/2025\/07\/14_1_food_save.jpg\" \/>\n\t<meta property=\"og:image:width\" content=\"1200\" \/>\n\t<meta property=\"og:image:height\" content=\"712\" \/>\n\t<meta property=\"og:image:type\" content=\"image\/jpeg\" \/>\n<meta name=\"author\" content=\"Simon Nussbaum\" \/>\n<meta name=\"twitter:card\" content=\"summary_large_image\" \/>\n<meta name=\"twitter:creator\" content=\"@ch_swissbaker\" \/>\n<meta name=\"twitter:site\" content=\"@ch_swissbaker\" \/>\n<meta name=\"twitter:label1\" content=\"Written by\" \/>\n\t<meta name=\"twitter:data1\" content=\"Simon Nussbaum\" \/>\n\t<meta name=\"twitter:label2\" content=\"Est. reading time\" \/>\n\t<meta name=\"twitter:data2\" content=\"2 minutes\" \/>\n<script type=\"application\/ld+json\" class=\"yoast-schema-graph\">{\"@context\":\"https:\/\/schema.org\",\"@graph\":[{\"@type\":\"Article\",\"@id\":\"https:\/\/swissbaker.ch\/fr\/panissimo-news\/food-save-interesse\/#article\",\"isPartOf\":{\"@id\":\"https:\/\/swissbaker.ch\/fr\/panissimo-news\/food-save-interesse\/\"},\"author\":{\"name\":\"Simon Nussbaum\",\"@id\":\"https:\/\/swissbaker.ch\/fr\/#\/schema\/person\/74bd327b08c18ca6042c02ff6f0ed5e2\"},\"headline\":\"Food Save int\u00e9resse\",\"datePublished\":\"2025-07-10T12:49:42+00:00\",\"dateModified\":\"2025-07-24T06:10:15+00:00\",\"mainEntityOfPage\":{\"@id\":\"https:\/\/swissbaker.ch\/fr\/panissimo-news\/food-save-interesse\/\"},\"wordCount\":465,\"publisher\":{\"@id\":\"https:\/\/swissbaker.ch\/fr\/#organization\"},\"image\":{\"@id\":\"https:\/\/swissbaker.ch\/fr\/panissimo-news\/food-save-interesse\/#primaryimage\"},\"thumbnailUrl\":\"https:\/\/swissbaker.ch\/wp-content\/uploads\/2025\/07\/14_1_food_save.jpg\",\"articleSection\":[\"Food save\"],\"inLanguage\":\"fr-FR\"},{\"@type\":\"WebPage\",\"@id\":\"https:\/\/swissbaker.ch\/fr\/panissimo-news\/food-save-interesse\/\",\"url\":\"https:\/\/swissbaker.ch\/fr\/panissimo-news\/food-save-interesse\/\",\"name\":\"Food Save int\u00e9resse | SBC\",\"isPartOf\":{\"@id\":\"https:\/\/swissbaker.ch\/fr\/#website\"},\"primaryImageOfPage\":{\"@id\":\"https:\/\/swissbaker.ch\/fr\/panissimo-news\/food-save-interesse\/#primaryimage\"},\"image\":{\"@id\":\"https:\/\/swissbaker.ch\/fr\/panissimo-news\/food-save-interesse\/#primaryimage\"},\"thumbnailUrl\":\"https:\/\/swissbaker.ch\/wp-content\/uploads\/2025\/07\/14_1_food_save.jpg\",\"datePublished\":\"2025-07-10T12:49:42+00:00\",\"dateModified\":\"2025-07-24T06:10:15+00:00\",\"description\":\"Le nombre de membres de United Against Waste (UAW) ainsi que les nombreux participants et participantes \u00e0 l'\u00e9v\u00e9nement \u00abFocus Food Save: from vision to action\u00bb qui s'est tenu fin juin \u00e0 Berne le montrent:\",\"breadcrumb\":{\"@id\":\"https:\/\/swissbaker.ch\/fr\/panissimo-news\/food-save-interesse\/#breadcrumb\"},\"inLanguage\":\"fr-FR\",\"potentialAction\":[{\"@type\":\"ReadAction\",\"target\":[\"https:\/\/swissbaker.ch\/fr\/panissimo-news\/food-save-interesse\/\"]}]},{\"@type\":\"ImageObject\",\"inLanguage\":\"fr-FR\",\"@id\":\"https:\/\/swissbaker.ch\/fr\/panissimo-news\/food-save-interesse\/#primaryimage\",\"url\":\"https:\/\/swissbaker.ch\/wp-content\/uploads\/2025\/07\/14_1_food_save.jpg\",\"contentUrl\":\"https:\/\/swissbaker.ch\/wp-content\/uploads\/2025\/07\/14_1_food_save.jpg\",\"width\":1200,\"height\":712},{\"@type\":\"BreadcrumbList\",\"@id\":\"https:\/\/swissbaker.ch\/fr\/panissimo-news\/food-save-interesse\/#breadcrumb\",\"itemListElement\":[{\"@type\":\"ListItem\",\"position\":1,\"name\":\"\",\"item\":\"https:\/\/swissbaker.ch\/fr\/\"},{\"@type\":\"ListItem\",\"position\":2,\"name\":\"Food save\",\"item\":\"https:\/\/swissbaker.ch\/fr\/panissimo-news\/category\/food-save-fr\/\"},{\"@type\":\"ListItem\",\"position\":3,\"name\":\"Food Save int\u00e9resse\"}]},{\"@type\":\"WebSite\",\"@id\":\"https:\/\/swissbaker.ch\/fr\/#website\",\"url\":\"https:\/\/swissbaker.ch\/fr\/\",\"name\":\"SBC\",\"description\":\"\",\"publisher\":{\"@id\":\"https:\/\/swissbaker.ch\/fr\/#organization\"},\"potentialAction\":[{\"@type\":\"SearchAction\",\"target\":{\"@type\":\"EntryPoint\",\"urlTemplate\":\"https:\/\/swissbaker.ch\/fr\/?s={search_term_string}\"},\"query-input\":{\"@type\":\"PropertyValueSpecification\",\"valueRequired\":true,\"valueName\":\"search_term_string\"}}],\"inLanguage\":\"fr-FR\"},{\"@type\":\"Organization\",\"@id\":\"https:\/\/swissbaker.ch\/fr\/#organization\",\"name\":\"Schweizerischer B\u00e4cker-Confiseurmeister-Verband\",\"url\":\"https:\/\/swissbaker.ch\/fr\/\",\"logo\":{\"@type\":\"ImageObject\",\"inLanguage\":\"fr-FR\",\"@id\":\"https:\/\/swissbaker.ch\/fr\/#\/schema\/logo\/image\/\",\"url\":\"https:\/\/swissbaker.ch\/wp-content\/uploads\/2022\/04\/sbc-logo-yoast.jpg\",\"contentUrl\":\"https:\/\/swissbaker.ch\/wp-content\/uploads\/2022\/04\/sbc-logo-yoast.jpg\",\"width\":512,\"height\":512,\"caption\":\"Schweizerischer B\u00e4cker-Confiseurmeister-Verband\"},\"image\":{\"@id\":\"https:\/\/swissbaker.ch\/fr\/#\/schema\/logo\/image\/\"},\"sameAs\":[\"https:\/\/www.facebook.com\/swissbaker.ch\",\"https:\/\/x.com\/ch_swissbaker\"]},{\"@type\":\"Person\",\"@id\":\"https:\/\/swissbaker.ch\/fr\/#\/schema\/person\/74bd327b08c18ca6042c02ff6f0ed5e2\",\"name\":\"Simon Nussbaum\",\"image\":{\"@type\":\"ImageObject\",\"inLanguage\":\"fr-FR\",\"@id\":\"https:\/\/swissbaker.ch\/fr\/#\/schema\/person\/image\/\",\"url\":\"https:\/\/secure.gravatar.com\/avatar\/df0eced3bb556c806cb760cf503ade1ed1df25b4104d80d6fd28d93a9509aa12?s=96&d=mm&r=g\",\"contentUrl\":\"https:\/\/secure.gravatar.com\/avatar\/df0eced3bb556c806cb760cf503ade1ed1df25b4104d80d6fd28d93a9509aa12?s=96&d=mm&r=g\",\"caption\":\"Simon Nussbaum\"},\"url\":\"https:\/\/swissbaker.ch\/fr\/panissimo-news\/author\/simon-nussbaum\/\"}]}<\/script>\n<!-- \/ Yoast SEO Premium plugin. -->","yoast_head_json":{"title":"Food Save int\u00e9resse | SBC","description":"Le nombre de membres de United Against Waste (UAW) ainsi que les nombreux participants et participantes \u00e0 l'\u00e9v\u00e9nement \u00abFocus Food Save: from vision to action\u00bb qui s'est tenu fin juin \u00e0 Berne le montrent:","robots":{"index":"index","follow":"follow","max-snippet":"max-snippet:-1","max-image-preview":"max-image-preview:large","max-video-preview":"max-video-preview:-1"},"canonical":"https:\/\/swissbaker.ch\/fr\/panissimo-news\/food-save-interesse\/","og_locale":"fr_FR","og_type":"article","og_title":"Food Save int\u00e9resse","og_description":"Le nombre de membres de United Against Waste (UAW) ainsi que les nombreux participants et participantes \u00e0 l'\u00e9v\u00e9nement \u00abFocus Food Save: from vision to action\u00bb qui s'est tenu fin juin \u00e0 Berne le montrent:","og_url":"https:\/\/swissbaker.ch\/fr\/panissimo-news\/food-save-interesse\/","og_site_name":"SBC","article_publisher":"https:\/\/www.facebook.com\/swissbaker.ch","article_published_time":"2025-07-10T12:49:42+00:00","article_modified_time":"2025-07-24T06:10:15+00:00","og_image":[{"width":1200,"height":712,"url":"https:\/\/swissbaker.ch\/wp-content\/uploads\/2025\/07\/14_1_food_save.jpg","type":"image\/jpeg"}],"author":"Simon Nussbaum","twitter_card":"summary_large_image","twitter_creator":"@ch_swissbaker","twitter_site":"@ch_swissbaker","twitter_misc":{"Written by":"Simon Nussbaum","Est. reading time":"2 minutes"},"schema":{"@context":"https:\/\/schema.org","@graph":[{"@type":"Article","@id":"https:\/\/swissbaker.ch\/fr\/panissimo-news\/food-save-interesse\/#article","isPartOf":{"@id":"https:\/\/swissbaker.ch\/fr\/panissimo-news\/food-save-interesse\/"},"author":{"name":"Simon Nussbaum","@id":"https:\/\/swissbaker.ch\/fr\/#\/schema\/person\/74bd327b08c18ca6042c02ff6f0ed5e2"},"headline":"Food Save int\u00e9resse","datePublished":"2025-07-10T12:49:42+00:00","dateModified":"2025-07-24T06:10:15+00:00","mainEntityOfPage":{"@id":"https:\/\/swissbaker.ch\/fr\/panissimo-news\/food-save-interesse\/"},"wordCount":465,"publisher":{"@id":"https:\/\/swissbaker.ch\/fr\/#organization"},"image":{"@id":"https:\/\/swissbaker.ch\/fr\/panissimo-news\/food-save-interesse\/#primaryimage"},"thumbnailUrl":"https:\/\/swissbaker.ch\/wp-content\/uploads\/2025\/07\/14_1_food_save.jpg","articleSection":["Food save"],"inLanguage":"fr-FR"},{"@type":"WebPage","@id":"https:\/\/swissbaker.ch\/fr\/panissimo-news\/food-save-interesse\/","url":"https:\/\/swissbaker.ch\/fr\/panissimo-news\/food-save-interesse\/","name":"Food Save int\u00e9resse | SBC","isPartOf":{"@id":"https:\/\/swissbaker.ch\/fr\/#website"},"primaryImageOfPage":{"@id":"https:\/\/swissbaker.ch\/fr\/panissimo-news\/food-save-interesse\/#primaryimage"},"image":{"@id":"https:\/\/swissbaker.ch\/fr\/panissimo-news\/food-save-interesse\/#primaryimage"},"thumbnailUrl":"https:\/\/swissbaker.ch\/wp-content\/uploads\/2025\/07\/14_1_food_save.jpg","datePublished":"2025-07-10T12:49:42+00:00","dateModified":"2025-07-24T06:10:15+00:00","description":"Le nombre de membres de United Against Waste (UAW) ainsi que les nombreux participants et participantes \u00e0 l'\u00e9v\u00e9nement \u00abFocus Food Save: from vision to action\u00bb qui s'est tenu fin juin \u00e0 Berne le montrent:","breadcrumb":{"@id":"https:\/\/swissbaker.ch\/fr\/panissimo-news\/food-save-interesse\/#breadcrumb"},"inLanguage":"fr-FR","potentialAction":[{"@type":"ReadAction","target":["https:\/\/swissbaker.ch\/fr\/panissimo-news\/food-save-interesse\/"]}]},{"@type":"ImageObject","inLanguage":"fr-FR","@id":"https:\/\/swissbaker.ch\/fr\/panissimo-news\/food-save-interesse\/#primaryimage","url":"https:\/\/swissbaker.ch\/wp-content\/uploads\/2025\/07\/14_1_food_save.jpg","contentUrl":"https:\/\/swissbaker.ch\/wp-content\/uploads\/2025\/07\/14_1_food_save.jpg","width":1200,"height":712},{"@type":"BreadcrumbList","@id":"https:\/\/swissbaker.ch\/fr\/panissimo-news\/food-save-interesse\/#breadcrumb","itemListElement":[{"@type":"ListItem","position":1,"name":"","item":"https:\/\/swissbaker.ch\/fr\/"},{"@type":"ListItem","position":2,"name":"Food save","item":"https:\/\/swissbaker.ch\/fr\/panissimo-news\/category\/food-save-fr\/"},{"@type":"ListItem","position":3,"name":"Food Save int\u00e9resse"}]},{"@type":"WebSite","@id":"https:\/\/swissbaker.ch\/fr\/#website","url":"https:\/\/swissbaker.ch\/fr\/","name":"SBC","description":"","publisher":{"@id":"https:\/\/swissbaker.ch\/fr\/#organization"},"potentialAction":[{"@type":"SearchAction","target":{"@type":"EntryPoint","urlTemplate":"https:\/\/swissbaker.ch\/fr\/?s={search_term_string}"},"query-input":{"@type":"PropertyValueSpecification","valueRequired":true,"valueName":"search_term_string"}}],"inLanguage":"fr-FR"},{"@type":"Organization","@id":"https:\/\/swissbaker.ch\/fr\/#organization","name":"Schweizerischer B\u00e4cker-Confiseurmeister-Verband","url":"https:\/\/swissbaker.ch\/fr\/","logo":{"@type":"ImageObject","inLanguage":"fr-FR","@id":"https:\/\/swissbaker.ch\/fr\/#\/schema\/logo\/image\/","url":"https:\/\/swissbaker.ch\/wp-content\/uploads\/2022\/04\/sbc-logo-yoast.jpg","contentUrl":"https:\/\/swissbaker.ch\/wp-content\/uploads\/2022\/04\/sbc-logo-yoast.jpg","width":512,"height":512,"caption":"Schweizerischer B\u00e4cker-Confiseurmeister-Verband"},"image":{"@id":"https:\/\/swissbaker.ch\/fr\/#\/schema\/logo\/image\/"},"sameAs":["https:\/\/www.facebook.com\/swissbaker.ch","https:\/\/x.com\/ch_swissbaker"]},{"@type":"Person","@id":"https:\/\/swissbaker.ch\/fr\/#\/schema\/person\/74bd327b08c18ca6042c02ff6f0ed5e2","name":"Simon Nussbaum","image":{"@type":"ImageObject","inLanguage":"fr-FR","@id":"https:\/\/swissbaker.ch\/fr\/#\/schema\/person\/image\/","url":"https:\/\/secure.gravatar.com\/avatar\/df0eced3bb556c806cb760cf503ade1ed1df25b4104d80d6fd28d93a9509aa12?s=96&d=mm&r=g","contentUrl":"https:\/\/secure.gravatar.com\/avatar\/df0eced3bb556c806cb760cf503ade1ed1df25b4104d80d6fd28d93a9509aa12?s=96&d=mm&r=g","caption":"Simon Nussbaum"},"url":"https:\/\/swissbaker.ch\/fr\/panissimo-news\/author\/simon-nussbaum\/"}]}},"_links":{"self":[{"href":"https:\/\/swissbaker.ch\/fr\/wp-json\/wp\/v2\/posts\/123744","targetHints":{"allow":["GET"]}}],"collection":[{"href":"https:\/\/swissbaker.ch\/fr\/wp-json\/wp\/v2\/posts"}],"about":[{"href":"https:\/\/swissbaker.ch\/fr\/wp-json\/wp\/v2\/types\/post"}],"author":[{"embeddable":true,"href":"https:\/\/swissbaker.ch\/fr\/wp-json\/wp\/v2\/users\/5"}],"replies":[{"embeddable":true,"href":"https:\/\/swissbaker.ch\/fr\/wp-json\/wp\/v2\/comments?post=123744"}],"version-history":[{"count":0,"href":"https:\/\/swissbaker.ch\/fr\/wp-json\/wp\/v2\/posts\/123744\/revisions"}],"wp:featuredmedia":[{"embeddable":true,"href":"https:\/\/swissbaker.ch\/fr\/wp-json\/wp\/v2\/media\/123237"}],"wp:attachment":[{"href":"https:\/\/swissbaker.ch\/fr\/wp-json\/wp\/v2\/media?parent=123744"}],"wp:term":[{"taxonomy":"category","embeddable":true,"href":"https:\/\/swissbaker.ch\/fr\/wp-json\/wp\/v2\/categories?post=123744"},{"taxonomy":"post_tag","embeddable":true,"href":"https:\/\/swissbaker.ch\/fr\/wp-json\/wp\/v2\/tags?post=123744"}],"curies":[{"name":"wp","href":"https:\/\/api.w.org\/{rel}","templated":true}]}}