{"id":123595,"date":"2025-07-15T10:40:42","date_gmt":"2025-07-15T08:40:42","guid":{"rendered":"https:\/\/swissbaker.ch\/?p=123595"},"modified":"2025-08-14T13:48:18","modified_gmt":"2025-08-14T11:48:18","slug":"le-vent-en-poupe-vers-lavenir","status":"publish","type":"post","link":"https:\/\/swissbaker.ch\/fr\/panissimo-news\/le-vent-en-poupe-vers-lavenir\/","title":{"rendered":"Le vent en poupe vers l&#8217;avenir"},"content":{"rendered":"\n<p><strong>La cinqui\u00e8me vague de la campagne de promotion de la rel\u00e8ve de l\u2019Association suisse des patrons boulangers-confiseurs (BCS) sera lanc\u00e9e le 6\u202fao\u00fbt avec de nouveaux formats en ligne passionnants et \u00e9prouv\u00e9s. Elle s\u2019adresse principalement aux jeunes des g\u00e9n\u00e9rations Z et Alpha qui s\u2019appr\u00eatent \u00e0 entrer dans la vie active.<\/strong><\/p>\n\n\n\n<p>Cette ann\u00e9e encore, la promotion de la rel\u00e8ve figure en t\u00eate des priorit\u00e9s de la BCS. Apr\u00e8s une quatri\u00e8me \u00e9dition couronn\u00e9e de succ\u00e8s, la campagne de promotion de la rel\u00e8ve reprendra du 6\u202fao\u00fbt au 3\u202fseptembre 2025. L\u2019objectif est de permettre aux jeunes de d\u00e9couvrir tr\u00e8s t\u00f4t les coulisses des m\u00e9tiers de boulanger-p\u00e2tissier-confiseur\/boulang\u00e8re-p\u00e2tissi\u00e8re-confiseuse CFC et de gestionnaire du commerce de d\u00e9tail CFC en boulangerie-p\u00e2tisserie-confiserie. Mais ce n\u2019est pas tout: nous voulons \u00e9galement mettre en avant l\u2019attractivit\u00e9 de ces m\u00e9tiers et convaincre les jeunes de choisir l\u2019un d\u2019entre eux comme premi\u00e8re \u00e9tape de leur carri\u00e8re professionnelle.<\/p>\n\n\n\n<p>Nous nous concentrons sur les jeunes des g\u00e9n\u00e9rations Z (n\u00e9s entre 1996 et 2010) et Alpha (n\u00e9s \u00e0 partir de 2011). Ce groupe cible s\u2019informera sur les possibilit\u00e9s d\u2019entr\u00e9e dans la vie professionnelle lors des salons des m\u00e9tiers suisses et des SwissSkills centralis\u00e9s \u00e0 Berne, \u00e0 l\u2019\u00e9t\u00e9 et \u00e0 l\u2019automne 2025.<\/p>\n\n\n\n<h2 class=\"wp-block-heading\" id=\"h-that-s-my-job\">That\u2019s my Job<\/h2>\n\n\n\n<p>La campagne de communication de cette ann\u00e9e repose sur un m\u00e9lange \u00e9prouv\u00e9 de th\u00e8mes, de formats et de perspectives. Les formats vid\u00e9o les plus populaires de la derni\u00e8re vague de campagne sont revisit\u00e9s et dot\u00e9s d\u2019une nouvelle ambiance sonore pour leur donner un nouveau souffle. De nouveaux contenus facilement reconnaissables sont cr\u00e9\u00e9s pour une combinaison judicieuse de canaux tels que Facebook, Instagram et TikTok. La s\u00e9rie \u00e0 succ\u00e8s \u00abThat\u2019s my Job\u00bb sera ainsi poursuivie. Elle montre de jeunes personnes en formation dans leur quotidien professionnel, directement sur leur lieu de travail, avec un narratif personnel et authentique. Un format qui fait vivre l\u2019exp\u00e9rience plut\u00f4t que de l\u2019expliquer.<\/p>\n\n\n\n<div class=\"wp-block-buttons\">\n<div class=\"wp-block-button\"><a class=\"wp-block-button__link has-background wp-element-button\" href=\"https:\/\/www.instagram.com\/swissbaker.ch\/\" style=\"background-color:#cc0035\" target=\"_blank\" rel=\"noreferrer noopener\"><strong>Vid\u00e9os sur Instagram&#8230;\u00bb<\/strong><\/a><\/div>\n<\/div>\n\n\n\n<div style=\"height:38px\" aria-hidden=\"true\" class=\"wp-block-spacer\"><\/div>\n\n\n\n<p><br><\/p>\n\n\n\n<h2 class=\"wp-block-heading\" id=\"h-experience-interactive\">Exp\u00e9rience interactive<\/h2>\n\n\n\n<p>En collaboration avec l\u2019Ecole professionnelle Richemont de Lucerne, de nouveaux contenus pour les m\u00e9dias sociaux sont \u00e9galement pr\u00e9vus pour mettre en sc\u00e8ne l\u2019artisanat, avec un souci esth\u00e9tique et un amour du d\u00e9tail.<\/p>\n\n\n\n<p>\u00c0 partir du mois d\u2019ao\u00fbt, les personnes qui pr\u00e9f\u00e8rent une approche ludique trouveront leur bonheur avec la gamification <a href=\"https:\/\/play.skillscity.ch\/swissbaker\" target=\"_blank\" rel=\"noreferrer noopener\">\u00abSkillsCity\u00bb<\/a>. Il s\u2019agit d\u2019une exp\u00e9rience interactive sur le choix professionnel, promue par des vid\u00e9os accrocheuses donnant un aper\u00e7u du quotidien.<\/p>\n\n\n\n<p>Avant le coup d\u2019envoi de la cinqui\u00e8me vague de promotion de la rel\u00e8ve, les apprentis et apprenties peuvent \u00e0 nouveau prendre part \u00e0 la campagne \u00abForme-ton-avenir\u00bb et partager leurs impressions et leur enthousiasme pour leur m\u00e9tier. Nos <a href=\"https:\/\/swissbaker.ch\/wp-content\/uploads\/2025\/04\/factsheet_video-aktion-forme-deine-zukunft_f.pdf\" target=\"_blank\" rel=\"noreferrer noopener\">directives \u00abThat\u2019s my Job\u00bb<\/a> expliquent clairement comment faire.<\/p>\n\n\n\n<p><strong><a href=\"http:\/\/forme-ton-avenir.ch\" target=\"_blank\" rel=\"noreferrer noopener\">forme-ton-avenir.ch<\/a> (Site web officiel de la campagne)<\/strong><\/p>\n\n\n\n<p><a href=\"https:\/\/swissbaker.ch\/fr\/association\/prestations-de-service\/marketing-communication\/campagne-de-releve\/\" target=\"_blank\" rel=\"noreferrer noopener\"><strong>Info et mat\u00e9riel de publicit\u00e9<\/strong><\/a><\/p>\n\n\n\n<p><strong>Postez likez, et partagez nos messages sur vos r\u00e9saux sociaux<\/strong>!<\/p>\n\n\n\n<ul class=\"wp-block-list\">\n<li><a href=\"https:\/\/www.youtube.com\/playlist?list=PLM28xVwynAguqVgGyOncyE67LTMdCNbbp\" target=\"_blank\" rel=\"noreferrer noopener\"><strong>Youtube<\/strong><\/a><\/li>\n\n\n\n<li><a href=\"https:\/\/www.instagram.com\/swissbaker.ch\" target=\"_blank\" rel=\"noreferrer noopener\"><strong>Instagram<\/strong><\/a><\/li>\n\n\n\n<li><a href=\"https:\/\/www.facebook.com\/swissbaker.ch\" target=\"_blank\" rel=\"noreferrer noopener\"><strong>Facebook<\/strong><\/a><\/li>\n\n\n\n<li><a href=\"https:\/\/www.linkedin.com\/company\/swissbaker\/posts\/?feedView=all\" target=\"_blank\" rel=\"noreferrer noopener\"><strong>LinkedIn<\/strong><\/a><\/li>\n<\/ul>\n\n\n\n<p class=\"has-text-align-right\"><em>BCS<\/em><\/p>\n","protected":false},"excerpt":{"rendered":"<p>La cinqui\u00e8me vague de la campagne de promotion de la rel\u00e8ve de l\u2019Association suisse des patrons boulangers-confiseurs (BCS) sera lanc\u00e9e le 6\u202fao\u00fbt avec de nouveaux formats en ligne passionnants et \u00e9prouv\u00e9s. Elle s\u2019adresse principalement aux jeunes des g\u00e9n\u00e9rations Z et Alpha qui s\u2019appr\u00eatent \u00e0 entrer dans la vie active.<\/p>\n","protected":false},"author":5,"featured_media":123596,"comment_status":"closed","ping_status":"closed","sticky":true,"template":"","format":"standard","meta":{"_acf_changed":false,"footnotes":""},"categories":[41,47],"tags":[],"class_list":["post-123595","post","type-post","status-publish","format-standard","has-post-thumbnail","hentry","category-association","category-formation-releve"],"acf":[],"yoast_head":"<!-- This site is optimized with the Yoast SEO Premium plugin v26.8 (Yoast SEO v26.8) - https:\/\/yoast.com\/product\/yoast-seo-premium-wordpress\/ -->\n<title>Le vent en poupe vers l&#039;avenir | SBC<\/title>\n<meta name=\"robots\" content=\"index, follow, max-snippet:-1, max-image-preview:large, max-video-preview:-1\" \/>\n<link rel=\"canonical\" href=\"https:\/\/swissbaker.ch\/fr\/panissimo-news\/le-vent-en-poupe-vers-lavenir\/\" \/>\n<meta property=\"og:locale\" content=\"fr_FR\" \/>\n<meta property=\"og:type\" content=\"article\" \/>\n<meta property=\"og:title\" content=\"Le vent en poupe vers l&#039;avenir\" \/>\n<meta property=\"og:description\" content=\"La cinqui\u00e8me vague de la campagne de promotion de la rel\u00e8ve de l\u2019Association suisse des patrons boulangers-confiseurs (BCS) sera lanc\u00e9e le 6\u202fao\u00fbt avec de nouveaux formats en ligne passionnants et \u00e9prouv\u00e9s. Elle s\u2019adresse principalement aux jeunes des g\u00e9n\u00e9rations Z et Alpha qui s\u2019appr\u00eatent \u00e0 entrer dans la vie active.\" \/>\n<meta property=\"og:url\" content=\"https:\/\/swissbaker.ch\/fr\/panissimo-news\/le-vent-en-poupe-vers-lavenir\/\" \/>\n<meta property=\"og:site_name\" content=\"SBC\" \/>\n<meta property=\"article:publisher\" content=\"https:\/\/www.facebook.com\/swissbaker.ch\" \/>\n<meta property=\"article:published_time\" content=\"2025-07-15T08:40:42+00:00\" \/>\n<meta property=\"article:modified_time\" content=\"2025-08-14T11:48:18+00:00\" \/>\n<meta property=\"og:image\" content=\"https:\/\/swissbaker.ch\/wp-content\/uploads\/2025\/07\/anriss_nachwuchswerbung_confiseur_d.jpg\" \/>\n\t<meta property=\"og:image:width\" content=\"1200\" \/>\n\t<meta property=\"og:image:height\" content=\"712\" \/>\n\t<meta property=\"og:image:type\" content=\"image\/jpeg\" \/>\n<meta name=\"author\" content=\"Simon Nussbaum\" \/>\n<meta name=\"twitter:card\" content=\"summary_large_image\" \/>\n<meta name=\"twitter:creator\" content=\"@ch_swissbaker\" \/>\n<meta name=\"twitter:site\" content=\"@ch_swissbaker\" \/>\n<meta name=\"twitter:label1\" content=\"Written by\" \/>\n\t<meta name=\"twitter:data1\" content=\"Simon Nussbaum\" \/>\n\t<meta name=\"twitter:label2\" content=\"Est. reading time\" \/>\n\t<meta name=\"twitter:data2\" content=\"3 minutes\" \/>\n<script type=\"application\/ld+json\" class=\"yoast-schema-graph\">{\"@context\":\"https:\/\/schema.org\",\"@graph\":[{\"@type\":\"Article\",\"@id\":\"https:\/\/swissbaker.ch\/fr\/panissimo-news\/le-vent-en-poupe-vers-lavenir\/#article\",\"isPartOf\":{\"@id\":\"https:\/\/swissbaker.ch\/fr\/panissimo-news\/le-vent-en-poupe-vers-lavenir\/\"},\"author\":{\"name\":\"Simon Nussbaum\",\"@id\":\"https:\/\/swissbaker.ch\/fr\/#\/schema\/person\/74bd327b08c18ca6042c02ff6f0ed5e2\"},\"headline\":\"Le vent en poupe vers l&#8217;avenir\",\"datePublished\":\"2025-07-15T08:40:42+00:00\",\"dateModified\":\"2025-08-14T11:48:18+00:00\",\"mainEntityOfPage\":{\"@id\":\"https:\/\/swissbaker.ch\/fr\/panissimo-news\/le-vent-en-poupe-vers-lavenir\/\"},\"wordCount\":539,\"publisher\":{\"@id\":\"https:\/\/swissbaker.ch\/fr\/#organization\"},\"image\":{\"@id\":\"https:\/\/swissbaker.ch\/fr\/panissimo-news\/le-vent-en-poupe-vers-lavenir\/#primaryimage\"},\"thumbnailUrl\":\"https:\/\/swissbaker.ch\/wp-content\/uploads\/2025\/07\/anriss_nachwuchswerbung_confiseur_d.jpg\",\"articleSection\":[\"Association\",\"Formation\/Rel\u00e8ve\"],\"inLanguage\":\"fr-FR\"},{\"@type\":\"WebPage\",\"@id\":\"https:\/\/swissbaker.ch\/fr\/panissimo-news\/le-vent-en-poupe-vers-lavenir\/\",\"url\":\"https:\/\/swissbaker.ch\/fr\/panissimo-news\/le-vent-en-poupe-vers-lavenir\/\",\"name\":\"Le vent en poupe vers l'avenir | SBC\",\"isPartOf\":{\"@id\":\"https:\/\/swissbaker.ch\/fr\/#website\"},\"primaryImageOfPage\":{\"@id\":\"https:\/\/swissbaker.ch\/fr\/panissimo-news\/le-vent-en-poupe-vers-lavenir\/#primaryimage\"},\"image\":{\"@id\":\"https:\/\/swissbaker.ch\/fr\/panissimo-news\/le-vent-en-poupe-vers-lavenir\/#primaryimage\"},\"thumbnailUrl\":\"https:\/\/swissbaker.ch\/wp-content\/uploads\/2025\/07\/anriss_nachwuchswerbung_confiseur_d.jpg\",\"datePublished\":\"2025-07-15T08:40:42+00:00\",\"dateModified\":\"2025-08-14T11:48:18+00:00\",\"breadcrumb\":{\"@id\":\"https:\/\/swissbaker.ch\/fr\/panissimo-news\/le-vent-en-poupe-vers-lavenir\/#breadcrumb\"},\"inLanguage\":\"fr-FR\",\"potentialAction\":[{\"@type\":\"ReadAction\",\"target\":[\"https:\/\/swissbaker.ch\/fr\/panissimo-news\/le-vent-en-poupe-vers-lavenir\/\"]}]},{\"@type\":\"ImageObject\",\"inLanguage\":\"fr-FR\",\"@id\":\"https:\/\/swissbaker.ch\/fr\/panissimo-news\/le-vent-en-poupe-vers-lavenir\/#primaryimage\",\"url\":\"https:\/\/swissbaker.ch\/wp-content\/uploads\/2025\/07\/anriss_nachwuchswerbung_confiseur_d.jpg\",\"contentUrl\":\"https:\/\/swissbaker.ch\/wp-content\/uploads\/2025\/07\/anriss_nachwuchswerbung_confiseur_d.jpg\",\"width\":1200,\"height\":712},{\"@type\":\"BreadcrumbList\",\"@id\":\"https:\/\/swissbaker.ch\/fr\/panissimo-news\/le-vent-en-poupe-vers-lavenir\/#breadcrumb\",\"itemListElement\":[{\"@type\":\"ListItem\",\"position\":1,\"name\":\"\",\"item\":\"https:\/\/swissbaker.ch\/fr\/\"},{\"@type\":\"ListItem\",\"position\":2,\"name\":\"Formation\/Rel\u00e8ve\",\"item\":\"https:\/\/swissbaker.ch\/fr\/panissimo-news\/category\/formation-releve\/\"},{\"@type\":\"ListItem\",\"position\":3,\"name\":\"Le vent en poupe vers l&#8217;avenir\"}]},{\"@type\":\"WebSite\",\"@id\":\"https:\/\/swissbaker.ch\/fr\/#website\",\"url\":\"https:\/\/swissbaker.ch\/fr\/\",\"name\":\"SBC\",\"description\":\"\",\"publisher\":{\"@id\":\"https:\/\/swissbaker.ch\/fr\/#organization\"},\"potentialAction\":[{\"@type\":\"SearchAction\",\"target\":{\"@type\":\"EntryPoint\",\"urlTemplate\":\"https:\/\/swissbaker.ch\/fr\/?s={search_term_string}\"},\"query-input\":{\"@type\":\"PropertyValueSpecification\",\"valueRequired\":true,\"valueName\":\"search_term_string\"}}],\"inLanguage\":\"fr-FR\"},{\"@type\":\"Organization\",\"@id\":\"https:\/\/swissbaker.ch\/fr\/#organization\",\"name\":\"Schweizerischer B\u00e4cker-Confiseurmeister-Verband\",\"url\":\"https:\/\/swissbaker.ch\/fr\/\",\"logo\":{\"@type\":\"ImageObject\",\"inLanguage\":\"fr-FR\",\"@id\":\"https:\/\/swissbaker.ch\/fr\/#\/schema\/logo\/image\/\",\"url\":\"https:\/\/swissbaker.ch\/wp-content\/uploads\/2022\/04\/sbc-logo-yoast.jpg\",\"contentUrl\":\"https:\/\/swissbaker.ch\/wp-content\/uploads\/2022\/04\/sbc-logo-yoast.jpg\",\"width\":512,\"height\":512,\"caption\":\"Schweizerischer B\u00e4cker-Confiseurmeister-Verband\"},\"image\":{\"@id\":\"https:\/\/swissbaker.ch\/fr\/#\/schema\/logo\/image\/\"},\"sameAs\":[\"https:\/\/www.facebook.com\/swissbaker.ch\",\"https:\/\/x.com\/ch_swissbaker\"]},{\"@type\":\"Person\",\"@id\":\"https:\/\/swissbaker.ch\/fr\/#\/schema\/person\/74bd327b08c18ca6042c02ff6f0ed5e2\",\"name\":\"Simon Nussbaum\",\"image\":{\"@type\":\"ImageObject\",\"inLanguage\":\"fr-FR\",\"@id\":\"https:\/\/swissbaker.ch\/fr\/#\/schema\/person\/image\/\",\"url\":\"https:\/\/secure.gravatar.com\/avatar\/df0eced3bb556c806cb760cf503ade1ed1df25b4104d80d6fd28d93a9509aa12?s=96&d=mm&r=g\",\"contentUrl\":\"https:\/\/secure.gravatar.com\/avatar\/df0eced3bb556c806cb760cf503ade1ed1df25b4104d80d6fd28d93a9509aa12?s=96&d=mm&r=g\",\"caption\":\"Simon Nussbaum\"},\"url\":\"https:\/\/swissbaker.ch\/fr\/panissimo-news\/author\/simon-nussbaum\/\"}]}<\/script>\n<!-- \/ Yoast SEO Premium plugin. -->","yoast_head_json":{"title":"Le vent en poupe vers l'avenir | SBC","robots":{"index":"index","follow":"follow","max-snippet":"max-snippet:-1","max-image-preview":"max-image-preview:large","max-video-preview":"max-video-preview:-1"},"canonical":"https:\/\/swissbaker.ch\/fr\/panissimo-news\/le-vent-en-poupe-vers-lavenir\/","og_locale":"fr_FR","og_type":"article","og_title":"Le vent en poupe vers l'avenir","og_description":"La cinqui\u00e8me vague de la campagne de promotion de la rel\u00e8ve de l\u2019Association suisse des patrons boulangers-confiseurs (BCS) sera lanc\u00e9e le 6\u202fao\u00fbt avec de nouveaux formats en ligne passionnants et \u00e9prouv\u00e9s. Elle s\u2019adresse principalement aux jeunes des g\u00e9n\u00e9rations Z et Alpha qui s\u2019appr\u00eatent \u00e0 entrer dans la vie active.","og_url":"https:\/\/swissbaker.ch\/fr\/panissimo-news\/le-vent-en-poupe-vers-lavenir\/","og_site_name":"SBC","article_publisher":"https:\/\/www.facebook.com\/swissbaker.ch","article_published_time":"2025-07-15T08:40:42+00:00","article_modified_time":"2025-08-14T11:48:18+00:00","og_image":[{"width":1200,"height":712,"url":"https:\/\/swissbaker.ch\/wp-content\/uploads\/2025\/07\/anriss_nachwuchswerbung_confiseur_d.jpg","type":"image\/jpeg"}],"author":"Simon Nussbaum","twitter_card":"summary_large_image","twitter_creator":"@ch_swissbaker","twitter_site":"@ch_swissbaker","twitter_misc":{"Written by":"Simon Nussbaum","Est. reading time":"3 minutes"},"schema":{"@context":"https:\/\/schema.org","@graph":[{"@type":"Article","@id":"https:\/\/swissbaker.ch\/fr\/panissimo-news\/le-vent-en-poupe-vers-lavenir\/#article","isPartOf":{"@id":"https:\/\/swissbaker.ch\/fr\/panissimo-news\/le-vent-en-poupe-vers-lavenir\/"},"author":{"name":"Simon Nussbaum","@id":"https:\/\/swissbaker.ch\/fr\/#\/schema\/person\/74bd327b08c18ca6042c02ff6f0ed5e2"},"headline":"Le vent en poupe vers l&#8217;avenir","datePublished":"2025-07-15T08:40:42+00:00","dateModified":"2025-08-14T11:48:18+00:00","mainEntityOfPage":{"@id":"https:\/\/swissbaker.ch\/fr\/panissimo-news\/le-vent-en-poupe-vers-lavenir\/"},"wordCount":539,"publisher":{"@id":"https:\/\/swissbaker.ch\/fr\/#organization"},"image":{"@id":"https:\/\/swissbaker.ch\/fr\/panissimo-news\/le-vent-en-poupe-vers-lavenir\/#primaryimage"},"thumbnailUrl":"https:\/\/swissbaker.ch\/wp-content\/uploads\/2025\/07\/anriss_nachwuchswerbung_confiseur_d.jpg","articleSection":["Association","Formation\/Rel\u00e8ve"],"inLanguage":"fr-FR"},{"@type":"WebPage","@id":"https:\/\/swissbaker.ch\/fr\/panissimo-news\/le-vent-en-poupe-vers-lavenir\/","url":"https:\/\/swissbaker.ch\/fr\/panissimo-news\/le-vent-en-poupe-vers-lavenir\/","name":"Le vent en poupe vers l'avenir | SBC","isPartOf":{"@id":"https:\/\/swissbaker.ch\/fr\/#website"},"primaryImageOfPage":{"@id":"https:\/\/swissbaker.ch\/fr\/panissimo-news\/le-vent-en-poupe-vers-lavenir\/#primaryimage"},"image":{"@id":"https:\/\/swissbaker.ch\/fr\/panissimo-news\/le-vent-en-poupe-vers-lavenir\/#primaryimage"},"thumbnailUrl":"https:\/\/swissbaker.ch\/wp-content\/uploads\/2025\/07\/anriss_nachwuchswerbung_confiseur_d.jpg","datePublished":"2025-07-15T08:40:42+00:00","dateModified":"2025-08-14T11:48:18+00:00","breadcrumb":{"@id":"https:\/\/swissbaker.ch\/fr\/panissimo-news\/le-vent-en-poupe-vers-lavenir\/#breadcrumb"},"inLanguage":"fr-FR","potentialAction":[{"@type":"ReadAction","target":["https:\/\/swissbaker.ch\/fr\/panissimo-news\/le-vent-en-poupe-vers-lavenir\/"]}]},{"@type":"ImageObject","inLanguage":"fr-FR","@id":"https:\/\/swissbaker.ch\/fr\/panissimo-news\/le-vent-en-poupe-vers-lavenir\/#primaryimage","url":"https:\/\/swissbaker.ch\/wp-content\/uploads\/2025\/07\/anriss_nachwuchswerbung_confiseur_d.jpg","contentUrl":"https:\/\/swissbaker.ch\/wp-content\/uploads\/2025\/07\/anriss_nachwuchswerbung_confiseur_d.jpg","width":1200,"height":712},{"@type":"BreadcrumbList","@id":"https:\/\/swissbaker.ch\/fr\/panissimo-news\/le-vent-en-poupe-vers-lavenir\/#breadcrumb","itemListElement":[{"@type":"ListItem","position":1,"name":"","item":"https:\/\/swissbaker.ch\/fr\/"},{"@type":"ListItem","position":2,"name":"Formation\/Rel\u00e8ve","item":"https:\/\/swissbaker.ch\/fr\/panissimo-news\/category\/formation-releve\/"},{"@type":"ListItem","position":3,"name":"Le vent en poupe vers l&#8217;avenir"}]},{"@type":"WebSite","@id":"https:\/\/swissbaker.ch\/fr\/#website","url":"https:\/\/swissbaker.ch\/fr\/","name":"SBC","description":"","publisher":{"@id":"https:\/\/swissbaker.ch\/fr\/#organization"},"potentialAction":[{"@type":"SearchAction","target":{"@type":"EntryPoint","urlTemplate":"https:\/\/swissbaker.ch\/fr\/?s={search_term_string}"},"query-input":{"@type":"PropertyValueSpecification","valueRequired":true,"valueName":"search_term_string"}}],"inLanguage":"fr-FR"},{"@type":"Organization","@id":"https:\/\/swissbaker.ch\/fr\/#organization","name":"Schweizerischer B\u00e4cker-Confiseurmeister-Verband","url":"https:\/\/swissbaker.ch\/fr\/","logo":{"@type":"ImageObject","inLanguage":"fr-FR","@id":"https:\/\/swissbaker.ch\/fr\/#\/schema\/logo\/image\/","url":"https:\/\/swissbaker.ch\/wp-content\/uploads\/2022\/04\/sbc-logo-yoast.jpg","contentUrl":"https:\/\/swissbaker.ch\/wp-content\/uploads\/2022\/04\/sbc-logo-yoast.jpg","width":512,"height":512,"caption":"Schweizerischer B\u00e4cker-Confiseurmeister-Verband"},"image":{"@id":"https:\/\/swissbaker.ch\/fr\/#\/schema\/logo\/image\/"},"sameAs":["https:\/\/www.facebook.com\/swissbaker.ch","https:\/\/x.com\/ch_swissbaker"]},{"@type":"Person","@id":"https:\/\/swissbaker.ch\/fr\/#\/schema\/person\/74bd327b08c18ca6042c02ff6f0ed5e2","name":"Simon Nussbaum","image":{"@type":"ImageObject","inLanguage":"fr-FR","@id":"https:\/\/swissbaker.ch\/fr\/#\/schema\/person\/image\/","url":"https:\/\/secure.gravatar.com\/avatar\/df0eced3bb556c806cb760cf503ade1ed1df25b4104d80d6fd28d93a9509aa12?s=96&d=mm&r=g","contentUrl":"https:\/\/secure.gravatar.com\/avatar\/df0eced3bb556c806cb760cf503ade1ed1df25b4104d80d6fd28d93a9509aa12?s=96&d=mm&r=g","caption":"Simon Nussbaum"},"url":"https:\/\/swissbaker.ch\/fr\/panissimo-news\/author\/simon-nussbaum\/"}]}},"_links":{"self":[{"href":"https:\/\/swissbaker.ch\/fr\/wp-json\/wp\/v2\/posts\/123595","targetHints":{"allow":["GET"]}}],"collection":[{"href":"https:\/\/swissbaker.ch\/fr\/wp-json\/wp\/v2\/posts"}],"about":[{"href":"https:\/\/swissbaker.ch\/fr\/wp-json\/wp\/v2\/types\/post"}],"author":[{"embeddable":true,"href":"https:\/\/swissbaker.ch\/fr\/wp-json\/wp\/v2\/users\/5"}],"replies":[{"embeddable":true,"href":"https:\/\/swissbaker.ch\/fr\/wp-json\/wp\/v2\/comments?post=123595"}],"version-history":[{"count":0,"href":"https:\/\/swissbaker.ch\/fr\/wp-json\/wp\/v2\/posts\/123595\/revisions"}],"wp:featuredmedia":[{"embeddable":true,"href":"https:\/\/swissbaker.ch\/fr\/wp-json\/wp\/v2\/media\/123596"}],"wp:attachment":[{"href":"https:\/\/swissbaker.ch\/fr\/wp-json\/wp\/v2\/media?parent=123595"}],"wp:term":[{"taxonomy":"category","embeddable":true,"href":"https:\/\/swissbaker.ch\/fr\/wp-json\/wp\/v2\/categories?post=123595"},{"taxonomy":"post_tag","embeddable":true,"href":"https:\/\/swissbaker.ch\/fr\/wp-json\/wp\/v2\/tags?post=123595"}],"curies":[{"name":"wp","href":"https:\/\/api.w.org\/{rel}","templated":true}]}}