{"id":121598,"date":"2025-06-18T09:37:09","date_gmt":"2025-06-18T07:37:09","guid":{"rendered":"https:\/\/swissbaker.ch\/?p=121598"},"modified":"2025-06-18T10:19:30","modified_gmt":"2025-06-18T08:19:30","slug":"congres-de-la-bcs-elections-et-demissions","status":"publish","type":"post","link":"https:\/\/swissbaker.ch\/fr\/panissimo-news\/congres-de-la-bcs-elections-et-demissions\/","title":{"rendered":"Congr\u00e8s de la BCS: Elections et d\u00e9missions"},"content":{"rendered":"\n<p><strong>Lors de l&#8217;assembl\u00e9e des d\u00e9l\u00e9gu\u00e9s de la BCS le 17 juin \u00e0 Berne, le pr\u00e9sident de l&#8217;association Silvan Hotz et le comit\u00e9 central ont \u00e9t\u00e9 reconduits dans leurs fonctions pour deux ans suppl\u00e9mentaires sous les applaudissements. <\/strong><\/p>\n\n\n\n<p>G\u00e9rard Fornerod, pr\u00e9sident r\u00e9gional de Suisse romande, a \u00e9t\u00e9 \u00e9lu au comit\u00e9. Il occupera d\u00e9sormais le poste de deuxi\u00e8me repr\u00e9sentant de la Suisse romande. Attach\u00e9 \u00e0 sa r\u00e9gion et conscient des d\u00e9fis nationaux, il mettra \u00e0 profit son exp\u00e9rience et sa motivation, a-t-il soulign\u00e9 apr\u00e8s son \u00e9lection, assurant qu&#8217;il d\u00e9fendrait les int\u00e9r\u00eats de la Suisse romande.<\/p>\n\n\n\n<p>L\u2019artisan romand succ\u00e8de \u00e0 Wilhelm Ohnmacht, qui a d\u00e9missionn\u00e9 de ses fonctions. Le si\u00e8ge d&#8217;Edgar Ehrbar, \u00e9galement d\u00e9missionnaire, responsable du d\u00e9partement CCT, reste vacant pour l&#8217;instant. Le pr\u00e9sident de l&#8217;association, Silvan Hotz, a pris cong\u00e9 de ses coll\u00e8gues et les a remerci\u00e9s pour leur engagement de longue date.<\/p>\n\n\n\n<p><em>Vous trouverez un compte-rendu d\u00e9taill\u00e9 dans Panissimo du 27 juin.<\/em><\/p>\n\n\n\n<p><a href=\"https:\/\/swissbaker.ch\/fr\/panissimo-news\/galerie\/sbc-kongress-2025\/\"><strong>Galerie de photos&#8230;\u00bb<\/strong><\/a><\/p>\n\n\n\n<p class=\"has-text-align-right\"><em>BCS<\/em><\/p>\n","protected":false},"excerpt":{"rendered":"<p>Lors de l&#8217;assembl\u00e9e des d\u00e9l\u00e9gu\u00e9s de la BCS le 17 juin \u00e0 Berne, le pr\u00e9sident de l&#8217;association Silvan Hotz et le comit\u00e9 central ont \u00e9t\u00e9 reconduits dans leurs fonctions pour deux ans suppl\u00e9mentaires sous les applaudissements. G\u00e9rard Fornerod, pr\u00e9sident r\u00e9gional de Suisse romande, a \u00e9t\u00e9 \u00e9lu au comit\u00e9.<\/p>\n","protected":false},"author":5,"featured_media":121594,"comment_status":"closed","ping_status":"closed","sticky":true,"template":"","format":"standard","meta":{"_acf_changed":false,"footnotes":""},"categories":[41],"tags":[],"class_list":["post-121598","post","type-post","status-publish","format-standard","has-post-thumbnail","hentry","category-association"],"acf":[],"yoast_head":"<!-- This site is optimized with the Yoast SEO Premium plugin v26.8 (Yoast SEO v26.8) - https:\/\/yoast.com\/product\/yoast-seo-premium-wordpress\/ -->\n<title>Congr\u00e8s de la BCS: Elections et d\u00e9missions | SBC<\/title>\n<meta name=\"robots\" content=\"index, follow, max-snippet:-1, max-image-preview:large, max-video-preview:-1\" \/>\n<link rel=\"canonical\" href=\"https:\/\/swissbaker.ch\/fr\/panissimo-news\/congres-de-la-bcs-elections-et-demissions\/\" \/>\n<meta property=\"og:locale\" content=\"fr_FR\" \/>\n<meta property=\"og:type\" content=\"article\" \/>\n<meta property=\"og:title\" content=\"Congr\u00e8s de la BCS: Elections et d\u00e9missions\" \/>\n<meta property=\"og:description\" content=\"Lors de l&#039;assembl\u00e9e des d\u00e9l\u00e9gu\u00e9s de la BCS le 17 juin \u00e0 Berne, le pr\u00e9sident de l&#039;association Silvan Hotz et le comit\u00e9 central ont \u00e9t\u00e9 reconduits dans leurs fonctions pour deux ans suppl\u00e9mentaires sous les applaudissements. G\u00e9rard Fornerod, pr\u00e9sident r\u00e9gional de Suisse romande, a \u00e9t\u00e9 \u00e9lu au comit\u00e9.\" \/>\n<meta property=\"og:url\" content=\"https:\/\/swissbaker.ch\/fr\/panissimo-news\/congres-de-la-bcs-elections-et-demissions\/\" \/>\n<meta property=\"og:site_name\" content=\"SBC\" \/>\n<meta property=\"article:publisher\" content=\"https:\/\/www.facebook.com\/swissbaker.ch\" \/>\n<meta property=\"article:published_time\" content=\"2025-06-18T07:37:09+00:00\" \/>\n<meta property=\"article:modified_time\" content=\"2025-06-18T08:19:30+00:00\" \/>\n<meta property=\"og:image\" content=\"https:\/\/swissbaker.ch\/wp-content\/uploads\/2025\/06\/12_2_kongress.jpg\" \/>\n\t<meta property=\"og:image:width\" content=\"1200\" \/>\n\t<meta property=\"og:image:height\" content=\"712\" \/>\n\t<meta property=\"og:image:type\" content=\"image\/jpeg\" \/>\n<meta name=\"author\" content=\"Simon Nussbaum\" \/>\n<meta name=\"twitter:card\" content=\"summary_large_image\" \/>\n<meta name=\"twitter:creator\" content=\"@ch_swissbaker\" \/>\n<meta name=\"twitter:site\" content=\"@ch_swissbaker\" \/>\n<meta name=\"twitter:label1\" content=\"Written by\" \/>\n\t<meta name=\"twitter:data1\" content=\"Simon Nussbaum\" \/>\n\t<meta name=\"twitter:label2\" content=\"Est. reading time\" \/>\n\t<meta name=\"twitter:data2\" content=\"1 minute\" \/>\n<script type=\"application\/ld+json\" class=\"yoast-schema-graph\">{\"@context\":\"https:\/\/schema.org\",\"@graph\":[{\"@type\":\"Article\",\"@id\":\"https:\/\/swissbaker.ch\/fr\/panissimo-news\/congres-de-la-bcs-elections-et-demissions\/#article\",\"isPartOf\":{\"@id\":\"https:\/\/swissbaker.ch\/fr\/panissimo-news\/congres-de-la-bcs-elections-et-demissions\/\"},\"author\":{\"name\":\"Simon Nussbaum\",\"@id\":\"https:\/\/swissbaker.ch\/fr\/#\/schema\/person\/74bd327b08c18ca6042c02ff6f0ed5e2\"},\"headline\":\"Congr\u00e8s de la BCS: Elections et d\u00e9missions\",\"datePublished\":\"2025-06-18T07:37:09+00:00\",\"dateModified\":\"2025-06-18T08:19:30+00:00\",\"mainEntityOfPage\":{\"@id\":\"https:\/\/swissbaker.ch\/fr\/panissimo-news\/congres-de-la-bcs-elections-et-demissions\/\"},\"wordCount\":192,\"publisher\":{\"@id\":\"https:\/\/swissbaker.ch\/fr\/#organization\"},\"image\":{\"@id\":\"https:\/\/swissbaker.ch\/fr\/panissimo-news\/congres-de-la-bcs-elections-et-demissions\/#primaryimage\"},\"thumbnailUrl\":\"https:\/\/swissbaker.ch\/wp-content\/uploads\/2025\/06\/12_2_kongress.jpg\",\"articleSection\":[\"Association\"],\"inLanguage\":\"fr-FR\"},{\"@type\":\"WebPage\",\"@id\":\"https:\/\/swissbaker.ch\/fr\/panissimo-news\/congres-de-la-bcs-elections-et-demissions\/\",\"url\":\"https:\/\/swissbaker.ch\/fr\/panissimo-news\/congres-de-la-bcs-elections-et-demissions\/\",\"name\":\"Congr\u00e8s de la BCS: Elections et d\u00e9missions | SBC\",\"isPartOf\":{\"@id\":\"https:\/\/swissbaker.ch\/fr\/#website\"},\"primaryImageOfPage\":{\"@id\":\"https:\/\/swissbaker.ch\/fr\/panissimo-news\/congres-de-la-bcs-elections-et-demissions\/#primaryimage\"},\"image\":{\"@id\":\"https:\/\/swissbaker.ch\/fr\/panissimo-news\/congres-de-la-bcs-elections-et-demissions\/#primaryimage\"},\"thumbnailUrl\":\"https:\/\/swissbaker.ch\/wp-content\/uploads\/2025\/06\/12_2_kongress.jpg\",\"datePublished\":\"2025-06-18T07:37:09+00:00\",\"dateModified\":\"2025-06-18T08:19:30+00:00\",\"breadcrumb\":{\"@id\":\"https:\/\/swissbaker.ch\/fr\/panissimo-news\/congres-de-la-bcs-elections-et-demissions\/#breadcrumb\"},\"inLanguage\":\"fr-FR\",\"potentialAction\":[{\"@type\":\"ReadAction\",\"target\":[\"https:\/\/swissbaker.ch\/fr\/panissimo-news\/congres-de-la-bcs-elections-et-demissions\/\"]}]},{\"@type\":\"ImageObject\",\"inLanguage\":\"fr-FR\",\"@id\":\"https:\/\/swissbaker.ch\/fr\/panissimo-news\/congres-de-la-bcs-elections-et-demissions\/#primaryimage\",\"url\":\"https:\/\/swissbaker.ch\/wp-content\/uploads\/2025\/06\/12_2_kongress.jpg\",\"contentUrl\":\"https:\/\/swissbaker.ch\/wp-content\/uploads\/2025\/06\/12_2_kongress.jpg\",\"width\":1200,\"height\":712},{\"@type\":\"BreadcrumbList\",\"@id\":\"https:\/\/swissbaker.ch\/fr\/panissimo-news\/congres-de-la-bcs-elections-et-demissions\/#breadcrumb\",\"itemListElement\":[{\"@type\":\"ListItem\",\"position\":1,\"name\":\"\",\"item\":\"https:\/\/swissbaker.ch\/fr\/\"},{\"@type\":\"ListItem\",\"position\":2,\"name\":\"Association\",\"item\":\"https:\/\/swissbaker.ch\/fr\/panissimo-news\/category\/association\/\"},{\"@type\":\"ListItem\",\"position\":3,\"name\":\"Congr\u00e8s de la BCS: Elections et d\u00e9missions\"}]},{\"@type\":\"WebSite\",\"@id\":\"https:\/\/swissbaker.ch\/fr\/#website\",\"url\":\"https:\/\/swissbaker.ch\/fr\/\",\"name\":\"SBC\",\"description\":\"\",\"publisher\":{\"@id\":\"https:\/\/swissbaker.ch\/fr\/#organization\"},\"potentialAction\":[{\"@type\":\"SearchAction\",\"target\":{\"@type\":\"EntryPoint\",\"urlTemplate\":\"https:\/\/swissbaker.ch\/fr\/?s={search_term_string}\"},\"query-input\":{\"@type\":\"PropertyValueSpecification\",\"valueRequired\":true,\"valueName\":\"search_term_string\"}}],\"inLanguage\":\"fr-FR\"},{\"@type\":\"Organization\",\"@id\":\"https:\/\/swissbaker.ch\/fr\/#organization\",\"name\":\"Schweizerischer B\u00e4cker-Confiseurmeister-Verband\",\"url\":\"https:\/\/swissbaker.ch\/fr\/\",\"logo\":{\"@type\":\"ImageObject\",\"inLanguage\":\"fr-FR\",\"@id\":\"https:\/\/swissbaker.ch\/fr\/#\/schema\/logo\/image\/\",\"url\":\"https:\/\/swissbaker.ch\/wp-content\/uploads\/2022\/04\/sbc-logo-yoast.jpg\",\"contentUrl\":\"https:\/\/swissbaker.ch\/wp-content\/uploads\/2022\/04\/sbc-logo-yoast.jpg\",\"width\":512,\"height\":512,\"caption\":\"Schweizerischer B\u00e4cker-Confiseurmeister-Verband\"},\"image\":{\"@id\":\"https:\/\/swissbaker.ch\/fr\/#\/schema\/logo\/image\/\"},\"sameAs\":[\"https:\/\/www.facebook.com\/swissbaker.ch\",\"https:\/\/x.com\/ch_swissbaker\"]},{\"@type\":\"Person\",\"@id\":\"https:\/\/swissbaker.ch\/fr\/#\/schema\/person\/74bd327b08c18ca6042c02ff6f0ed5e2\",\"name\":\"Simon Nussbaum\",\"image\":{\"@type\":\"ImageObject\",\"inLanguage\":\"fr-FR\",\"@id\":\"https:\/\/swissbaker.ch\/fr\/#\/schema\/person\/image\/\",\"url\":\"https:\/\/secure.gravatar.com\/avatar\/df0eced3bb556c806cb760cf503ade1ed1df25b4104d80d6fd28d93a9509aa12?s=96&d=mm&r=g\",\"contentUrl\":\"https:\/\/secure.gravatar.com\/avatar\/df0eced3bb556c806cb760cf503ade1ed1df25b4104d80d6fd28d93a9509aa12?s=96&d=mm&r=g\",\"caption\":\"Simon Nussbaum\"},\"url\":\"https:\/\/swissbaker.ch\/fr\/panissimo-news\/author\/simon-nussbaum\/\"}]}<\/script>\n<!-- \/ Yoast SEO Premium plugin. -->","yoast_head_json":{"title":"Congr\u00e8s de la BCS: Elections et d\u00e9missions | SBC","robots":{"index":"index","follow":"follow","max-snippet":"max-snippet:-1","max-image-preview":"max-image-preview:large","max-video-preview":"max-video-preview:-1"},"canonical":"https:\/\/swissbaker.ch\/fr\/panissimo-news\/congres-de-la-bcs-elections-et-demissions\/","og_locale":"fr_FR","og_type":"article","og_title":"Congr\u00e8s de la BCS: Elections et d\u00e9missions","og_description":"Lors de l'assembl\u00e9e des d\u00e9l\u00e9gu\u00e9s de la BCS le 17 juin \u00e0 Berne, le pr\u00e9sident de l'association Silvan Hotz et le comit\u00e9 central ont \u00e9t\u00e9 reconduits dans leurs fonctions pour deux ans suppl\u00e9mentaires sous les applaudissements. G\u00e9rard Fornerod, pr\u00e9sident r\u00e9gional de Suisse romande, a \u00e9t\u00e9 \u00e9lu au comit\u00e9.","og_url":"https:\/\/swissbaker.ch\/fr\/panissimo-news\/congres-de-la-bcs-elections-et-demissions\/","og_site_name":"SBC","article_publisher":"https:\/\/www.facebook.com\/swissbaker.ch","article_published_time":"2025-06-18T07:37:09+00:00","article_modified_time":"2025-06-18T08:19:30+00:00","og_image":[{"width":1200,"height":712,"url":"https:\/\/swissbaker.ch\/wp-content\/uploads\/2025\/06\/12_2_kongress.jpg","type":"image\/jpeg"}],"author":"Simon Nussbaum","twitter_card":"summary_large_image","twitter_creator":"@ch_swissbaker","twitter_site":"@ch_swissbaker","twitter_misc":{"Written by":"Simon Nussbaum","Est. reading time":"1 minute"},"schema":{"@context":"https:\/\/schema.org","@graph":[{"@type":"Article","@id":"https:\/\/swissbaker.ch\/fr\/panissimo-news\/congres-de-la-bcs-elections-et-demissions\/#article","isPartOf":{"@id":"https:\/\/swissbaker.ch\/fr\/panissimo-news\/congres-de-la-bcs-elections-et-demissions\/"},"author":{"name":"Simon Nussbaum","@id":"https:\/\/swissbaker.ch\/fr\/#\/schema\/person\/74bd327b08c18ca6042c02ff6f0ed5e2"},"headline":"Congr\u00e8s de la BCS: Elections et d\u00e9missions","datePublished":"2025-06-18T07:37:09+00:00","dateModified":"2025-06-18T08:19:30+00:00","mainEntityOfPage":{"@id":"https:\/\/swissbaker.ch\/fr\/panissimo-news\/congres-de-la-bcs-elections-et-demissions\/"},"wordCount":192,"publisher":{"@id":"https:\/\/swissbaker.ch\/fr\/#organization"},"image":{"@id":"https:\/\/swissbaker.ch\/fr\/panissimo-news\/congres-de-la-bcs-elections-et-demissions\/#primaryimage"},"thumbnailUrl":"https:\/\/swissbaker.ch\/wp-content\/uploads\/2025\/06\/12_2_kongress.jpg","articleSection":["Association"],"inLanguage":"fr-FR"},{"@type":"WebPage","@id":"https:\/\/swissbaker.ch\/fr\/panissimo-news\/congres-de-la-bcs-elections-et-demissions\/","url":"https:\/\/swissbaker.ch\/fr\/panissimo-news\/congres-de-la-bcs-elections-et-demissions\/","name":"Congr\u00e8s de la BCS: Elections et d\u00e9missions | SBC","isPartOf":{"@id":"https:\/\/swissbaker.ch\/fr\/#website"},"primaryImageOfPage":{"@id":"https:\/\/swissbaker.ch\/fr\/panissimo-news\/congres-de-la-bcs-elections-et-demissions\/#primaryimage"},"image":{"@id":"https:\/\/swissbaker.ch\/fr\/panissimo-news\/congres-de-la-bcs-elections-et-demissions\/#primaryimage"},"thumbnailUrl":"https:\/\/swissbaker.ch\/wp-content\/uploads\/2025\/06\/12_2_kongress.jpg","datePublished":"2025-06-18T07:37:09+00:00","dateModified":"2025-06-18T08:19:30+00:00","breadcrumb":{"@id":"https:\/\/swissbaker.ch\/fr\/panissimo-news\/congres-de-la-bcs-elections-et-demissions\/#breadcrumb"},"inLanguage":"fr-FR","potentialAction":[{"@type":"ReadAction","target":["https:\/\/swissbaker.ch\/fr\/panissimo-news\/congres-de-la-bcs-elections-et-demissions\/"]}]},{"@type":"ImageObject","inLanguage":"fr-FR","@id":"https:\/\/swissbaker.ch\/fr\/panissimo-news\/congres-de-la-bcs-elections-et-demissions\/#primaryimage","url":"https:\/\/swissbaker.ch\/wp-content\/uploads\/2025\/06\/12_2_kongress.jpg","contentUrl":"https:\/\/swissbaker.ch\/wp-content\/uploads\/2025\/06\/12_2_kongress.jpg","width":1200,"height":712},{"@type":"BreadcrumbList","@id":"https:\/\/swissbaker.ch\/fr\/panissimo-news\/congres-de-la-bcs-elections-et-demissions\/#breadcrumb","itemListElement":[{"@type":"ListItem","position":1,"name":"","item":"https:\/\/swissbaker.ch\/fr\/"},{"@type":"ListItem","position":2,"name":"Association","item":"https:\/\/swissbaker.ch\/fr\/panissimo-news\/category\/association\/"},{"@type":"ListItem","position":3,"name":"Congr\u00e8s de la BCS: Elections et d\u00e9missions"}]},{"@type":"WebSite","@id":"https:\/\/swissbaker.ch\/fr\/#website","url":"https:\/\/swissbaker.ch\/fr\/","name":"SBC","description":"","publisher":{"@id":"https:\/\/swissbaker.ch\/fr\/#organization"},"potentialAction":[{"@type":"SearchAction","target":{"@type":"EntryPoint","urlTemplate":"https:\/\/swissbaker.ch\/fr\/?s={search_term_string}"},"query-input":{"@type":"PropertyValueSpecification","valueRequired":true,"valueName":"search_term_string"}}],"inLanguage":"fr-FR"},{"@type":"Organization","@id":"https:\/\/swissbaker.ch\/fr\/#organization","name":"Schweizerischer B\u00e4cker-Confiseurmeister-Verband","url":"https:\/\/swissbaker.ch\/fr\/","logo":{"@type":"ImageObject","inLanguage":"fr-FR","@id":"https:\/\/swissbaker.ch\/fr\/#\/schema\/logo\/image\/","url":"https:\/\/swissbaker.ch\/wp-content\/uploads\/2022\/04\/sbc-logo-yoast.jpg","contentUrl":"https:\/\/swissbaker.ch\/wp-content\/uploads\/2022\/04\/sbc-logo-yoast.jpg","width":512,"height":512,"caption":"Schweizerischer B\u00e4cker-Confiseurmeister-Verband"},"image":{"@id":"https:\/\/swissbaker.ch\/fr\/#\/schema\/logo\/image\/"},"sameAs":["https:\/\/www.facebook.com\/swissbaker.ch","https:\/\/x.com\/ch_swissbaker"]},{"@type":"Person","@id":"https:\/\/swissbaker.ch\/fr\/#\/schema\/person\/74bd327b08c18ca6042c02ff6f0ed5e2","name":"Simon Nussbaum","image":{"@type":"ImageObject","inLanguage":"fr-FR","@id":"https:\/\/swissbaker.ch\/fr\/#\/schema\/person\/image\/","url":"https:\/\/secure.gravatar.com\/avatar\/df0eced3bb556c806cb760cf503ade1ed1df25b4104d80d6fd28d93a9509aa12?s=96&d=mm&r=g","contentUrl":"https:\/\/secure.gravatar.com\/avatar\/df0eced3bb556c806cb760cf503ade1ed1df25b4104d80d6fd28d93a9509aa12?s=96&d=mm&r=g","caption":"Simon Nussbaum"},"url":"https:\/\/swissbaker.ch\/fr\/panissimo-news\/author\/simon-nussbaum\/"}]}},"_links":{"self":[{"href":"https:\/\/swissbaker.ch\/fr\/wp-json\/wp\/v2\/posts\/121598","targetHints":{"allow":["GET"]}}],"collection":[{"href":"https:\/\/swissbaker.ch\/fr\/wp-json\/wp\/v2\/posts"}],"about":[{"href":"https:\/\/swissbaker.ch\/fr\/wp-json\/wp\/v2\/types\/post"}],"author":[{"embeddable":true,"href":"https:\/\/swissbaker.ch\/fr\/wp-json\/wp\/v2\/users\/5"}],"replies":[{"embeddable":true,"href":"https:\/\/swissbaker.ch\/fr\/wp-json\/wp\/v2\/comments?post=121598"}],"version-history":[{"count":0,"href":"https:\/\/swissbaker.ch\/fr\/wp-json\/wp\/v2\/posts\/121598\/revisions"}],"wp:featuredmedia":[{"embeddable":true,"href":"https:\/\/swissbaker.ch\/fr\/wp-json\/wp\/v2\/media\/121594"}],"wp:attachment":[{"href":"https:\/\/swissbaker.ch\/fr\/wp-json\/wp\/v2\/media?parent=121598"}],"wp:term":[{"taxonomy":"category","embeddable":true,"href":"https:\/\/swissbaker.ch\/fr\/wp-json\/wp\/v2\/categories?post=121598"},{"taxonomy":"post_tag","embeddable":true,"href":"https:\/\/swissbaker.ch\/fr\/wp-json\/wp\/v2\/tags?post=121598"}],"curies":[{"name":"wp","href":"https:\/\/api.w.org\/{rel}","templated":true}]}}