{"id":121246,"date":"2025-06-17T18:30:33","date_gmt":"2025-06-17T16:30:33","guid":{"rendered":"https:\/\/swissbaker.ch\/?p=121246"},"modified":"2025-06-18T12:54:53","modified_gmt":"2025-06-18T10:54:53","slug":"la-couronne-boulangere-2025-decernee-a-ackermann-artisan-boulanger-vd","status":"publish","type":"post","link":"https:\/\/swissbaker.ch\/fr\/panissimo-news\/la-couronne-boulangere-2025-decernee-a-ackermann-artisan-boulanger-vd\/","title":{"rendered":"La \u00abcouronne boulang\u00e8re\u00a02025\u00bb d\u00e9cern\u00e9e \u00e0 Ackermann Artisan Boulanger (VD)"},"content":{"rendered":"\n<p><strong>La 13<sup>e<\/sup>&nbsp;distinction nationale <\/strong><strong>du secteur qu\u2019est la \u00abcouronne boulang\u00e8re\u00bb a \u00e9t\u00e9 remise cette ann\u00e9e <\/strong><strong>\u00e0 Ackermann Artisan Boulanger S\u00e0rl, \u00e0 Grandson (VD). Ses trois piliers \u2013 l\u2019authenticit\u00e9, la formation et la communication \u2013, la qualit\u00e9 irr\u00e9prochable de ses produits et l\u2019ensemble de ses activit\u00e9s entrepreneuriales ont convaincu le jury<\/strong><strong>. <\/strong><strong>Les places d\u2019honneur reviennent \u00e0 Caf\u00e9 Gschwend AG, \u00e0 Saint-Gall, et \u00e0 Meier-beck AG, \u00e0 Santa Maria Val M\u00fcstair (GR).<\/strong><\/p>\n\n\n\n<p>L\u2019inventivit\u00e9, le professionnalisme, le talent et l\u2019engagement extraordinaire sont les ma\u00eetres mots de la distinction que repr\u00e9sente la \u00abcouronne boulang\u00e8re\u00bb \u2013 dot\u00e9e d\u2019un prix de 15&nbsp;000&nbsp;francs. L\u2019Association suisse des patrons boulangers-confiseurs (BCS) et l\u2019Union suisse de la levure (SHV) ont, le 17&nbsp;juin&nbsp;2025, d\u00e9cern\u00e9 pour la treizi\u00e8me fois d\u00e9j\u00e0 le prix cr\u00e9\u00e9 par cette derni\u00e8re. Cette distinction r\u00e9compense des id\u00e9es et des actions sociales, \u00e9conomiques, professionnelles ou \u00e9cologiques.<\/p>\n\n\n\n<figure class=\"wp-block-embed is-type-video is-provider-youtube wp-block-embed-youtube wp-embed-aspect-16-9 wp-has-aspect-ratio\"><div class=\"wp-block-embed__wrapper\">\n<iframe title=\"Verleihung der B\u00e4ckerkrone 2025 \/ Remise de la couronne boulang\u00e8re 2025\" width=\"800\" height=\"450\" src=\"https:\/\/www.youtube.com\/embed\/H6R9dZYGQmE?feature=oembed\" frameborder=\"0\" allow=\"accelerometer; autoplay; clipboard-write; encrypted-media; gyroscope; picture-in-picture; web-share\" referrerpolicy=\"strict-origin-when-cross-origin\" allowfullscreen><\/iframe>\n<\/div><\/figure>\n\n\n\n<h2 class=\"wp-block-heading\" id=\"h-un-univers-gourmand-qui-repose-sur-trois-piliers\">Un \u00abunivers gourmand\u00bb qui repose sur trois piliers<\/h2>\n\n\n\n<p>Le grand succ\u00e8s d\u2019Ackermann Artisan Boulanger S\u00e0rl repose sur trois piliers: l\u2019authenticit\u00e9, la formation et la communication. Ces piliers, la qualit\u00e9 irr\u00e9prochable de ses produits et l&#8217;ensemble de ses activit\u00e9s entrepreneuriales ont convaincu le jury de la \u00abcouronne boulang\u00e8re\u00bb. Cette entreprise \u00e0 la fois traditionnelle et innovante produit des cr\u00e9ations uniques de qualit\u00e9 sup\u00e9rieure \u00e0 partir des meilleures mati\u00e8res premi\u00e8res r\u00e9gionales, selon des m\u00e9thodes de fabrication traditionnelles. La num\u00e9risation pouss\u00e9e, notamment avec une application mobile et un site web menant \u00e0 un \u00abunivers gourmand\u00bb, ainsi que l&#8217;identit\u00e9 visuelle audacieuse ont particuli\u00e8rement impressionn\u00e9 le jury. \u00abDans un monde de plus en plus visuel, nous voulions nous pr\u00e9senter sous un visage unique et tr\u00e8s facilement identifiable\u00bb, explique le laur\u00e9at. L&#8217;\u00e9quipe Ackermann s&#8217;engage \u00e9galement chaque jour avec succ\u00e8s dans la formation de la g\u00e9n\u00e9ration future, une cause qui tient particuli\u00e8rement \u00e0 c\u0153ur \u00e0 Christophe Ackermann.<\/p>\n\n\n\n<h2 class=\"wp-block-heading\" id=\"h-le-couronnement\">Le couronnement<\/h2>\n\n\n\n<p>En&nbsp;2019 et&nbsp;2024, la Confr\u00e9rie vaudoise des Chevaliers du Bon Pain a d\u00e9cern\u00e9 le \u00abPain d\u2019or\u00bb \u00e0 cet artisan engag\u00e9, qui a \u00e9galement \u00e9t\u00e9 sacr\u00e9 \u00abSwiss Bakery Champion 2025\/2027\u00bb \u00e0 l\u2019issue du concours national \u00abSwiss Bakery Trophy\u00bb fin novembre&nbsp;2024. La \u00abcouronne boulang\u00e8re\u00bb est donc litt\u00e9ralement le couronnement d\u2019une ann\u00e9e faste.<\/p>\n\n\n<div class=\"wp-block-image\">\n<figure class=\"aligncenter size-full\"><img decoding=\"async\" width=\"604\" height=\"712\" src=\"https:\/\/swissbaker.ch\/wp-content\/uploads\/2025\/06\/ch_j-l_ackermann_baeckerkrone_2025.jpg\" alt=\"\" class=\"wp-image-121458\"\/><figcaption class=\"wp-element-caption\"><em>Le fier gagnant de la couronne du boulanger 2025: Christophe Ackermann avec son p\u00e8re Jean-Louis Ackermann<\/em><\/figcaption><\/figure>\n<\/div>\n\n\n<h2 class=\"wp-block-heading\" id=\"h-un-heritage-de-trois-generations\">Un h\u00e9ritage de trois g\u00e9n\u00e9rations<\/h2>\n\n\n\n<p>\u00abNous&nbsp;sommes&nbsp;fiers&nbsp;de&nbsp;notre&nbsp;h\u00e9ritage&nbsp;et&nbsp;nous&nbsp;cultivons&nbsp;une&nbsp;v\u00e9ritable passion pour notre m\u00e9tier et pour&nbsp;la&nbsp;transmission de ses valeurs\u00bb, souligne le tout nouveau d\u00e9tenteur de la couronne. La Boulangerie-P\u00e2tisserie-Chocolaterie&nbsp;Ackermann&nbsp;b\u00e9n\u00e9ficie en effet&nbsp;d\u2019un h\u00e9ritage de&nbsp;trois&nbsp;g\u00e9n\u00e9rations. Christophe Ackermann dirige Ackermann Artisan Boulanger S\u00e0rl \u00e0 Grandson (VD) depuis&nbsp;2011. La boutique a \u00e9t\u00e9 enti\u00e8rement r\u00e9nov\u00e9e en&nbsp;2012 et un salon de th\u00e9 a \u00e9t\u00e9 cr\u00e9\u00e9. En&nbsp;2023, l\u2019\u00e9quipe Ackermann a ouvert une boutique et un atelier de chocolaterie avec la reprise de la confiserie Nessi \u00e0 Lausanne.<\/p>\n\n\n\n<p>\u00abPour le jury, Ackermann Artisan Boulanger S\u00e0rl est \u00e0 tous \u00e9gards une v\u00e9ritable r\u00e9f\u00e9rence dans le secteur\u00bb, selon la pr\u00e9sidente du jury, Nicole Emmenegger.<\/p>\n\n\n\n<p>Outre Ackermann Artisan Boulanger S\u00e0rl (VD), les deux entreprises ci-apr\u00e8s faisaient \u00e9galement partie des finalistes de la \u00abcouronne boulang\u00e8re&nbsp;2025\u00bb.<\/p>\n\n\n\n<h2 class=\"wp-block-heading\" id=\"h-cafe-gschwend-ag-sg-jung-amp-knusprig\">Caf\u00e9 Gschwend AG (SG) \u2013 \u00abJung &amp; Knusprig\u00bb<\/h2>\n\n\n\n<p>Avec le projet \u00abJung &amp; Knusprig\u00bb du caf\u00e9 Gschwend, situ\u00e9 dans la ville de Saint-Gall, la boulangerie-confiserie prouve une fois de plus son engagement important et fructueux en faveur de la formation professionnelle: chaque samedi, les apprentis et apprenties prennent les r\u00eanes du site de M\u00f6rschwil. De la conception du business plan complet \u00e0 l&#8217;acquisition du mobilier, en passant par une pr\u00e9sence coh\u00e9rente sur les r\u00e9seaux sociaux et un programme d&#8217;\u00e9v\u00e9nements bien rempli, les 17 jeunes professionnels de \u00abJung &amp; Knusprig\u00bb se voient confier toutes les t\u00e2ches, sous la houlette de sp\u00e9cialistes. L&#8217;objectif est de montrer les changements passionnants qui s&#8217;op\u00e8rent dans le secteur de la boulangerie-confiserie. La devise: des apprentis et apprenties pour les apprentis et apprenties, avec des approches innovantes.<\/p>\n\n\n\n<figure class=\"wp-block-image size-large\"><img decoding=\"async\" width=\"1024\" height=\"683\" src=\"https:\/\/swissbaker.ch\/wp-content\/uploads\/2025\/06\/backerkrone-2025_cafe-gschwend-1024x683.jpg\" alt=\"\" class=\"wp-image-121387\" srcset=\"https:\/\/swissbaker.ch\/wp-content\/uploads\/2025\/06\/backerkrone-2025_cafe-gschwend-1024x683.jpg 1024w, https:\/\/swissbaker.ch\/wp-content\/uploads\/2025\/06\/backerkrone-2025_cafe-gschwend-768x512.jpg 768w, https:\/\/swissbaker.ch\/wp-content\/uploads\/2025\/06\/backerkrone-2025_cafe-gschwend-1536x1024.jpg 1536w, https:\/\/swissbaker.ch\/wp-content\/uploads\/2025\/06\/backerkrone-2025_cafe-gschwend-2048x1366.jpg 2048w\" sizes=\"(max-width: 1024px) 100vw, 1024px\" \/><figcaption class=\"wp-element-caption\"><em>Finaliste Caf\u00e9 Gschwend AG: Equipe \u00abJung + Knusprig\u00bb avec la direction<\/em><\/figcaption><\/figure>\n\n\n\n<h2 class=\"wp-block-heading\" id=\"h-meier-beck-ag-gr-au-service-de-la-qualite\">Meier-beck AG (GR) \u2013 au service de la qualit\u00e9<\/h2>\n\n\n\n<p>Dans le village idyllique de Santa Maria (GR), nich\u00e9 dans le Val M\u00fcstair, se trouve depuis 1973 un petit joyau de la boulangerie-confiserie suisse. Les fans de tourte aux noix des Grisons connaissent bien Meier-beck AG. Le couple de propri\u00e9taires, Lucia Meier et Marco De Santis, propose six variantes, de la version v\u00e9g\u00e9talienne \u00e0 la bio en passant par la version sans gluten. Leur credo: \u00abLa qualit\u00e9 n&#8217;est pas le fruit du hasard\u00bb. Fid\u00e8le \u00e0 cette devise, Meier-beck s\u2019engage aupr\u00e8s de Slow Food, de la coop\u00e9rative swissnuss et de l\u2019association r\u00e9gionale alpinavera.<\/p>\n\n\n\n<figure class=\"wp-block-image size-large\"><img decoding=\"async\" width=\"1024\" height=\"683\" src=\"https:\/\/swissbaker.ch\/wp-content\/uploads\/2025\/06\/backerkrone-2025_meier-beck-1024x683.jpg\" alt=\"\" class=\"wp-image-121389\" srcset=\"https:\/\/swissbaker.ch\/wp-content\/uploads\/2025\/06\/backerkrone-2025_meier-beck-1024x683.jpg 1024w, https:\/\/swissbaker.ch\/wp-content\/uploads\/2025\/06\/backerkrone-2025_meier-beck-768x512.jpg 768w, https:\/\/swissbaker.ch\/wp-content\/uploads\/2025\/06\/backerkrone-2025_meier-beck-1536x1024.jpg 1536w, https:\/\/swissbaker.ch\/wp-content\/uploads\/2025\/06\/backerkrone-2025_meier-beck-2048x1366.jpg 2048w\" sizes=\"(max-width: 1024px) 100vw, 1024px\" \/><figcaption class=\"wp-element-caption\"><em>Finaliste Meier-beck AG: De gauche \u00e0 droite Christa Pinggera (cor des alpes); Lucia, Meinrad et Verena Meier, Giancarlo Marco De Santis<\/em><\/figcaption><\/figure>\n\n\n\n<h2 class=\"wp-block-heading\" id=\"h-61-nbsp-boulangeries-confiseries-en-lice\">61&nbsp;boulangeries-confiseries en lice<\/h2>\n\n\n\n<p>Au total, 61 entreprises de boulangerie-confiserie \u00e9taient en lice \u2013 apr\u00e8s nomination par des clients et clientes ou d\u00e9p\u00f4t d\u2019un dossier de candidature. Pr\u00e9sid\u00e9 par Nicole Emmenegger (directrice de SHV), le jury \u2013 compos\u00e9 de Daniel Daepp (directeur de Klipfel Levure SA), Sandro Meier (directeur de Levure Suisse SA), Silvan Hotz (pr\u00e9sident de la BCS), Urs Wellauer-Boschung (directeur de la BCS) et Lisa Frunz (membre du comit\u00e9 central de la BCS) \u2013 s\u2019est rendu dans les entreprises pr\u00e9s\u00e9lectionn\u00e9es en vue de les \u00e9valuer.<\/p>\n\n\n\n<p>La SHV et la BCS f\u00e9licitent le laur\u00e9at de la \u00abcouronne boulang\u00e8re&nbsp;2025\u00bb ainsi que tous les finalistes, et leur souhaitent plein succ\u00e8s pour l\u2019avenir.<\/p>\n\n\n\n<ul class=\"wp-block-list\">\n<li><a href=\"https:\/\/swissbaker.ch\/fr\/panissimo-news\/galerie\/verleihung-der-baeckerkrone-2025\/\"><strong>Galerie de photos<\/strong><\/a><\/li>\n\n\n\n<li><strong><a href=\"https:\/\/swissbaker.ch\/fr\/communique-de-presse\/la-couronne-boulangere-2025-decernee-a-ackermann-artisan-boulanger-vd\/\">Communiqu\u00e9 de presse<\/a><\/strong><\/li>\n\n\n\n<li><strong><a href=\"https:\/\/baeckerkrone.ch\/fr\/die-gewinner\">Vue d\u2019ensemble des laur\u00e9ats et laur\u00e9ates de la \u00abcouronne boulang\u00e8re\u00bb<\/a><\/strong><\/li>\n\n\n\n<li><strong><a href=\"http:\/\/ack.swiss\" target=\"_blank\" rel=\"noreferrer noopener\">Ackermann Artisan Boulanger S\u00e0rl<\/a><\/strong><\/li>\n\n\n\n<li><a href=\"http:\/\/cafe-gschwend.ch\"><strong>Caf\u00e9 <\/strong><\/a><a href=\"http:\/\/cafe-gschwend.ch\" target=\"_blank\" rel=\"noreferrer noopener\"><strong>Gschwend <\/strong><\/a><a href=\"http:\/\/cafe-gschwend.ch\"><strong>AG<\/strong><\/a><\/li>\n\n\n\n<li><a href=\"https:\/\/meierbeck.ch\/\" target=\"_blank\" rel=\"noreferrer noopener\"><strong>Meier-beck AG<\/strong><\/a><\/li>\n<\/ul>\n\n\n\n<p class=\"has-text-align-right\"><em>BCS<\/em><\/p>\n","protected":false},"excerpt":{"rendered":"<p>La 13e\u00a0distinction nationale du secteur qu\u2019est la \u00abcouronne boulang\u00e8re\u00bb a \u00e9t\u00e9 remise cette ann\u00e9e \u00e0 Ackermann Artisan Boulanger S\u00e0rl, \u00e0 Grandson (VD). Ses trois piliers \u2013 l\u2019authenticit\u00e9, la formation et la communication \u2013, la qualit\u00e9 irr\u00e9prochable de ses produits et l\u2019ensemble de ses activit\u00e9s entrepreneuriales ont convaincu le jury. Les places d\u2019honneur reviennent \u00e0 Caf\u00e9 Gschwend AG, \u00e0 Saint-Gall, et \u00e0 Meier-beck AG, \u00e0 Santa Maria Val M\u00fcstair (GR).<\/p>\n","protected":false},"author":5,"featured_media":121383,"comment_status":"closed","ping_status":"closed","sticky":true,"template":"","format":"standard","meta":{"_acf_changed":false,"footnotes":""},"categories":[41,46],"tags":[677,675,985,983],"class_list":["post-121246","post","type-post","status-publish","format-standard","has-post-thumbnail","hentry","category-association","category-evenement","tag-ackermann-artisan-boulanger-sarl-2","tag-christoph-ackermann-2","tag-couronne-boulangere-2025","tag-grandson-2"],"acf":[],"yoast_head":"<!-- This site is optimized with the Yoast SEO Premium plugin v26.8 (Yoast SEO v26.8) - https:\/\/yoast.com\/product\/yoast-seo-premium-wordpress\/ -->\n<title>La \u00abcouronne boulang\u00e8re\u00a02025\u00bb d\u00e9cern\u00e9e \u00e0 Ackermann Artisan Boulanger (VD) | SBC<\/title>\n<meta name=\"description\" content=\"La 13e\u00a0distinction nationale du secteur qu\u2019est la \u00abcouronne boulang\u00e8re\u00bb a \u00e9t\u00e9 remise cette ann\u00e9e \u00e0 Ackermann Artisan Boulanger S\u00e0rl, \u00e0 Grandson (VD).\" \/>\n<meta name=\"robots\" content=\"index, follow, max-snippet:-1, max-image-preview:large, max-video-preview:-1\" \/>\n<link rel=\"canonical\" href=\"https:\/\/swissbaker.ch\/fr\/panissimo-news\/la-couronne-boulangere-2025-decernee-a-ackermann-artisan-boulanger-vd\/\" \/>\n<meta property=\"og:locale\" content=\"fr_FR\" \/>\n<meta property=\"og:type\" content=\"article\" \/>\n<meta property=\"og:title\" content=\"La \u00abcouronne boulang\u00e8re\u00a02025\u00bb d\u00e9cern\u00e9e \u00e0 Ackermann Artisan Boulanger (VD)\" \/>\n<meta property=\"og:description\" content=\"La 13e\u00a0distinction nationale du secteur qu\u2019est la \u00abcouronne boulang\u00e8re\u00bb a \u00e9t\u00e9 remise cette ann\u00e9e \u00e0 Ackermann Artisan Boulanger S\u00e0rl, \u00e0 Grandson (VD).\" \/>\n<meta property=\"og:url\" content=\"https:\/\/swissbaker.ch\/fr\/panissimo-news\/la-couronne-boulangere-2025-decernee-a-ackermann-artisan-boulanger-vd\/\" \/>\n<meta property=\"og:site_name\" content=\"SBC\" \/>\n<meta property=\"article:publisher\" content=\"https:\/\/www.facebook.com\/swissbaker.ch\" \/>\n<meta property=\"article:published_time\" content=\"2025-06-17T16:30:33+00:00\" \/>\n<meta property=\"article:modified_time\" content=\"2025-06-18T10:54:53+00:00\" \/>\n<meta property=\"og:image\" content=\"https:\/\/swissbaker.ch\/wp-content\/uploads\/2025\/06\/12_2_baeckerkrone_ackermann.jpg\" \/>\n\t<meta property=\"og:image:width\" content=\"1200\" \/>\n\t<meta property=\"og:image:height\" content=\"712\" \/>\n\t<meta property=\"og:image:type\" content=\"image\/jpeg\" \/>\n<meta name=\"author\" content=\"Simon Nussbaum\" \/>\n<meta name=\"twitter:card\" content=\"summary_large_image\" \/>\n<meta name=\"twitter:creator\" content=\"@ch_swissbaker\" \/>\n<meta name=\"twitter:site\" content=\"@ch_swissbaker\" \/>\n<meta name=\"twitter:label1\" content=\"Written by\" \/>\n\t<meta name=\"twitter:data1\" content=\"Simon Nussbaum\" \/>\n\t<meta name=\"twitter:label2\" content=\"Est. reading time\" \/>\n\t<meta name=\"twitter:data2\" content=\"5 minutes\" \/>\n<script type=\"application\/ld+json\" class=\"yoast-schema-graph\">{\"@context\":\"https:\/\/schema.org\",\"@graph\":[{\"@type\":\"Article\",\"@id\":\"https:\/\/swissbaker.ch\/fr\/panissimo-news\/la-couronne-boulangere-2025-decernee-a-ackermann-artisan-boulanger-vd\/#article\",\"isPartOf\":{\"@id\":\"https:\/\/swissbaker.ch\/fr\/panissimo-news\/la-couronne-boulangere-2025-decernee-a-ackermann-artisan-boulanger-vd\/\"},\"author\":{\"name\":\"Simon Nussbaum\",\"@id\":\"https:\/\/swissbaker.ch\/fr\/#\/schema\/person\/74bd327b08c18ca6042c02ff6f0ed5e2\"},\"headline\":\"La \u00abcouronne boulang\u00e8re\u00a02025\u00bb d\u00e9cern\u00e9e \u00e0 Ackermann Artisan Boulanger (VD)\",\"datePublished\":\"2025-06-17T16:30:33+00:00\",\"dateModified\":\"2025-06-18T10:54:53+00:00\",\"mainEntityOfPage\":{\"@id\":\"https:\/\/swissbaker.ch\/fr\/panissimo-news\/la-couronne-boulangere-2025-decernee-a-ackermann-artisan-boulanger-vd\/\"},\"wordCount\":1041,\"publisher\":{\"@id\":\"https:\/\/swissbaker.ch\/fr\/#organization\"},\"image\":{\"@id\":\"https:\/\/swissbaker.ch\/fr\/panissimo-news\/la-couronne-boulangere-2025-decernee-a-ackermann-artisan-boulanger-vd\/#primaryimage\"},\"thumbnailUrl\":\"https:\/\/swissbaker.ch\/wp-content\/uploads\/2025\/06\/12_2_baeckerkrone_ackermann.jpg\",\"keywords\":[\"Ackermann Artisan Boulanger S\u00e0rl\",\"Christoph Ackermann\",\"Couronne boulang\u00e8re 2025\",\"Grandson\"],\"articleSection\":[\"Association\",\"Ev\u00e9nement\"],\"inLanguage\":\"fr-FR\"},{\"@type\":\"WebPage\",\"@id\":\"https:\/\/swissbaker.ch\/fr\/panissimo-news\/la-couronne-boulangere-2025-decernee-a-ackermann-artisan-boulanger-vd\/\",\"url\":\"https:\/\/swissbaker.ch\/fr\/panissimo-news\/la-couronne-boulangere-2025-decernee-a-ackermann-artisan-boulanger-vd\/\",\"name\":\"La \u00abcouronne boulang\u00e8re\u00a02025\u00bb d\u00e9cern\u00e9e \u00e0 Ackermann Artisan Boulanger (VD) | SBC\",\"isPartOf\":{\"@id\":\"https:\/\/swissbaker.ch\/fr\/#website\"},\"primaryImageOfPage\":{\"@id\":\"https:\/\/swissbaker.ch\/fr\/panissimo-news\/la-couronne-boulangere-2025-decernee-a-ackermann-artisan-boulanger-vd\/#primaryimage\"},\"image\":{\"@id\":\"https:\/\/swissbaker.ch\/fr\/panissimo-news\/la-couronne-boulangere-2025-decernee-a-ackermann-artisan-boulanger-vd\/#primaryimage\"},\"thumbnailUrl\":\"https:\/\/swissbaker.ch\/wp-content\/uploads\/2025\/06\/12_2_baeckerkrone_ackermann.jpg\",\"datePublished\":\"2025-06-17T16:30:33+00:00\",\"dateModified\":\"2025-06-18T10:54:53+00:00\",\"description\":\"La 13e\u00a0distinction nationale du secteur qu\u2019est la \u00abcouronne boulang\u00e8re\u00bb a \u00e9t\u00e9 remise cette ann\u00e9e \u00e0 Ackermann Artisan Boulanger S\u00e0rl, \u00e0 Grandson (VD).\",\"breadcrumb\":{\"@id\":\"https:\/\/swissbaker.ch\/fr\/panissimo-news\/la-couronne-boulangere-2025-decernee-a-ackermann-artisan-boulanger-vd\/#breadcrumb\"},\"inLanguage\":\"fr-FR\",\"potentialAction\":[{\"@type\":\"ReadAction\",\"target\":[\"https:\/\/swissbaker.ch\/fr\/panissimo-news\/la-couronne-boulangere-2025-decernee-a-ackermann-artisan-boulanger-vd\/\"]}]},{\"@type\":\"ImageObject\",\"inLanguage\":\"fr-FR\",\"@id\":\"https:\/\/swissbaker.ch\/fr\/panissimo-news\/la-couronne-boulangere-2025-decernee-a-ackermann-artisan-boulanger-vd\/#primaryimage\",\"url\":\"https:\/\/swissbaker.ch\/wp-content\/uploads\/2025\/06\/12_2_baeckerkrone_ackermann.jpg\",\"contentUrl\":\"https:\/\/swissbaker.ch\/wp-content\/uploads\/2025\/06\/12_2_baeckerkrone_ackermann.jpg\",\"width\":1200,\"height\":712},{\"@type\":\"BreadcrumbList\",\"@id\":\"https:\/\/swissbaker.ch\/fr\/panissimo-news\/la-couronne-boulangere-2025-decernee-a-ackermann-artisan-boulanger-vd\/#breadcrumb\",\"itemListElement\":[{\"@type\":\"ListItem\",\"position\":1,\"name\":\"\",\"item\":\"https:\/\/swissbaker.ch\/fr\/\"},{\"@type\":\"ListItem\",\"position\":2,\"name\":\"Ev\u00e9nement\",\"item\":\"https:\/\/swissbaker.ch\/fr\/panissimo-news\/category\/evenement\/\"},{\"@type\":\"ListItem\",\"position\":3,\"name\":\"La \u00abcouronne boulang\u00e8re\u00a02025\u00bb d\u00e9cern\u00e9e \u00e0 Ackermann Artisan Boulanger (VD)\"}]},{\"@type\":\"WebSite\",\"@id\":\"https:\/\/swissbaker.ch\/fr\/#website\",\"url\":\"https:\/\/swissbaker.ch\/fr\/\",\"name\":\"SBC\",\"description\":\"\",\"publisher\":{\"@id\":\"https:\/\/swissbaker.ch\/fr\/#organization\"},\"potentialAction\":[{\"@type\":\"SearchAction\",\"target\":{\"@type\":\"EntryPoint\",\"urlTemplate\":\"https:\/\/swissbaker.ch\/fr\/?s={search_term_string}\"},\"query-input\":{\"@type\":\"PropertyValueSpecification\",\"valueRequired\":true,\"valueName\":\"search_term_string\"}}],\"inLanguage\":\"fr-FR\"},{\"@type\":\"Organization\",\"@id\":\"https:\/\/swissbaker.ch\/fr\/#organization\",\"name\":\"Schweizerischer B\u00e4cker-Confiseurmeister-Verband\",\"url\":\"https:\/\/swissbaker.ch\/fr\/\",\"logo\":{\"@type\":\"ImageObject\",\"inLanguage\":\"fr-FR\",\"@id\":\"https:\/\/swissbaker.ch\/fr\/#\/schema\/logo\/image\/\",\"url\":\"https:\/\/swissbaker.ch\/wp-content\/uploads\/2022\/04\/sbc-logo-yoast.jpg\",\"contentUrl\":\"https:\/\/swissbaker.ch\/wp-content\/uploads\/2022\/04\/sbc-logo-yoast.jpg\",\"width\":512,\"height\":512,\"caption\":\"Schweizerischer B\u00e4cker-Confiseurmeister-Verband\"},\"image\":{\"@id\":\"https:\/\/swissbaker.ch\/fr\/#\/schema\/logo\/image\/\"},\"sameAs\":[\"https:\/\/www.facebook.com\/swissbaker.ch\",\"https:\/\/x.com\/ch_swissbaker\"]},{\"@type\":\"Person\",\"@id\":\"https:\/\/swissbaker.ch\/fr\/#\/schema\/person\/74bd327b08c18ca6042c02ff6f0ed5e2\",\"name\":\"Simon Nussbaum\",\"image\":{\"@type\":\"ImageObject\",\"inLanguage\":\"fr-FR\",\"@id\":\"https:\/\/swissbaker.ch\/fr\/#\/schema\/person\/image\/\",\"url\":\"https:\/\/secure.gravatar.com\/avatar\/df0eced3bb556c806cb760cf503ade1ed1df25b4104d80d6fd28d93a9509aa12?s=96&d=mm&r=g\",\"contentUrl\":\"https:\/\/secure.gravatar.com\/avatar\/df0eced3bb556c806cb760cf503ade1ed1df25b4104d80d6fd28d93a9509aa12?s=96&d=mm&r=g\",\"caption\":\"Simon Nussbaum\"},\"url\":\"https:\/\/swissbaker.ch\/fr\/panissimo-news\/author\/simon-nussbaum\/\"}]}<\/script>\n<!-- \/ Yoast SEO Premium plugin. -->","yoast_head_json":{"title":"La \u00abcouronne boulang\u00e8re\u00a02025\u00bb d\u00e9cern\u00e9e \u00e0 Ackermann Artisan Boulanger (VD) | SBC","description":"La 13e\u00a0distinction nationale du secteur qu\u2019est la \u00abcouronne boulang\u00e8re\u00bb a \u00e9t\u00e9 remise cette ann\u00e9e \u00e0 Ackermann Artisan Boulanger S\u00e0rl, \u00e0 Grandson (VD).","robots":{"index":"index","follow":"follow","max-snippet":"max-snippet:-1","max-image-preview":"max-image-preview:large","max-video-preview":"max-video-preview:-1"},"canonical":"https:\/\/swissbaker.ch\/fr\/panissimo-news\/la-couronne-boulangere-2025-decernee-a-ackermann-artisan-boulanger-vd\/","og_locale":"fr_FR","og_type":"article","og_title":"La \u00abcouronne boulang\u00e8re\u00a02025\u00bb d\u00e9cern\u00e9e \u00e0 Ackermann Artisan Boulanger (VD)","og_description":"La 13e\u00a0distinction nationale du secteur qu\u2019est la \u00abcouronne boulang\u00e8re\u00bb a \u00e9t\u00e9 remise cette ann\u00e9e \u00e0 Ackermann Artisan Boulanger S\u00e0rl, \u00e0 Grandson (VD).","og_url":"https:\/\/swissbaker.ch\/fr\/panissimo-news\/la-couronne-boulangere-2025-decernee-a-ackermann-artisan-boulanger-vd\/","og_site_name":"SBC","article_publisher":"https:\/\/www.facebook.com\/swissbaker.ch","article_published_time":"2025-06-17T16:30:33+00:00","article_modified_time":"2025-06-18T10:54:53+00:00","og_image":[{"width":1200,"height":712,"url":"https:\/\/swissbaker.ch\/wp-content\/uploads\/2025\/06\/12_2_baeckerkrone_ackermann.jpg","type":"image\/jpeg"}],"author":"Simon Nussbaum","twitter_card":"summary_large_image","twitter_creator":"@ch_swissbaker","twitter_site":"@ch_swissbaker","twitter_misc":{"Written by":"Simon Nussbaum","Est. reading time":"5 minutes"},"schema":{"@context":"https:\/\/schema.org","@graph":[{"@type":"Article","@id":"https:\/\/swissbaker.ch\/fr\/panissimo-news\/la-couronne-boulangere-2025-decernee-a-ackermann-artisan-boulanger-vd\/#article","isPartOf":{"@id":"https:\/\/swissbaker.ch\/fr\/panissimo-news\/la-couronne-boulangere-2025-decernee-a-ackermann-artisan-boulanger-vd\/"},"author":{"name":"Simon Nussbaum","@id":"https:\/\/swissbaker.ch\/fr\/#\/schema\/person\/74bd327b08c18ca6042c02ff6f0ed5e2"},"headline":"La \u00abcouronne boulang\u00e8re\u00a02025\u00bb d\u00e9cern\u00e9e \u00e0 Ackermann Artisan Boulanger (VD)","datePublished":"2025-06-17T16:30:33+00:00","dateModified":"2025-06-18T10:54:53+00:00","mainEntityOfPage":{"@id":"https:\/\/swissbaker.ch\/fr\/panissimo-news\/la-couronne-boulangere-2025-decernee-a-ackermann-artisan-boulanger-vd\/"},"wordCount":1041,"publisher":{"@id":"https:\/\/swissbaker.ch\/fr\/#organization"},"image":{"@id":"https:\/\/swissbaker.ch\/fr\/panissimo-news\/la-couronne-boulangere-2025-decernee-a-ackermann-artisan-boulanger-vd\/#primaryimage"},"thumbnailUrl":"https:\/\/swissbaker.ch\/wp-content\/uploads\/2025\/06\/12_2_baeckerkrone_ackermann.jpg","keywords":["Ackermann Artisan Boulanger S\u00e0rl","Christoph Ackermann","Couronne boulang\u00e8re 2025","Grandson"],"articleSection":["Association","Ev\u00e9nement"],"inLanguage":"fr-FR"},{"@type":"WebPage","@id":"https:\/\/swissbaker.ch\/fr\/panissimo-news\/la-couronne-boulangere-2025-decernee-a-ackermann-artisan-boulanger-vd\/","url":"https:\/\/swissbaker.ch\/fr\/panissimo-news\/la-couronne-boulangere-2025-decernee-a-ackermann-artisan-boulanger-vd\/","name":"La \u00abcouronne boulang\u00e8re\u00a02025\u00bb d\u00e9cern\u00e9e \u00e0 Ackermann Artisan Boulanger (VD) | SBC","isPartOf":{"@id":"https:\/\/swissbaker.ch\/fr\/#website"},"primaryImageOfPage":{"@id":"https:\/\/swissbaker.ch\/fr\/panissimo-news\/la-couronne-boulangere-2025-decernee-a-ackermann-artisan-boulanger-vd\/#primaryimage"},"image":{"@id":"https:\/\/swissbaker.ch\/fr\/panissimo-news\/la-couronne-boulangere-2025-decernee-a-ackermann-artisan-boulanger-vd\/#primaryimage"},"thumbnailUrl":"https:\/\/swissbaker.ch\/wp-content\/uploads\/2025\/06\/12_2_baeckerkrone_ackermann.jpg","datePublished":"2025-06-17T16:30:33+00:00","dateModified":"2025-06-18T10:54:53+00:00","description":"La 13e\u00a0distinction nationale du secteur qu\u2019est la \u00abcouronne boulang\u00e8re\u00bb a \u00e9t\u00e9 remise cette ann\u00e9e \u00e0 Ackermann Artisan Boulanger S\u00e0rl, \u00e0 Grandson (VD).","breadcrumb":{"@id":"https:\/\/swissbaker.ch\/fr\/panissimo-news\/la-couronne-boulangere-2025-decernee-a-ackermann-artisan-boulanger-vd\/#breadcrumb"},"inLanguage":"fr-FR","potentialAction":[{"@type":"ReadAction","target":["https:\/\/swissbaker.ch\/fr\/panissimo-news\/la-couronne-boulangere-2025-decernee-a-ackermann-artisan-boulanger-vd\/"]}]},{"@type":"ImageObject","inLanguage":"fr-FR","@id":"https:\/\/swissbaker.ch\/fr\/panissimo-news\/la-couronne-boulangere-2025-decernee-a-ackermann-artisan-boulanger-vd\/#primaryimage","url":"https:\/\/swissbaker.ch\/wp-content\/uploads\/2025\/06\/12_2_baeckerkrone_ackermann.jpg","contentUrl":"https:\/\/swissbaker.ch\/wp-content\/uploads\/2025\/06\/12_2_baeckerkrone_ackermann.jpg","width":1200,"height":712},{"@type":"BreadcrumbList","@id":"https:\/\/swissbaker.ch\/fr\/panissimo-news\/la-couronne-boulangere-2025-decernee-a-ackermann-artisan-boulanger-vd\/#breadcrumb","itemListElement":[{"@type":"ListItem","position":1,"name":"","item":"https:\/\/swissbaker.ch\/fr\/"},{"@type":"ListItem","position":2,"name":"Ev\u00e9nement","item":"https:\/\/swissbaker.ch\/fr\/panissimo-news\/category\/evenement\/"},{"@type":"ListItem","position":3,"name":"La \u00abcouronne boulang\u00e8re\u00a02025\u00bb d\u00e9cern\u00e9e \u00e0 Ackermann Artisan Boulanger (VD)"}]},{"@type":"WebSite","@id":"https:\/\/swissbaker.ch\/fr\/#website","url":"https:\/\/swissbaker.ch\/fr\/","name":"SBC","description":"","publisher":{"@id":"https:\/\/swissbaker.ch\/fr\/#organization"},"potentialAction":[{"@type":"SearchAction","target":{"@type":"EntryPoint","urlTemplate":"https:\/\/swissbaker.ch\/fr\/?s={search_term_string}"},"query-input":{"@type":"PropertyValueSpecification","valueRequired":true,"valueName":"search_term_string"}}],"inLanguage":"fr-FR"},{"@type":"Organization","@id":"https:\/\/swissbaker.ch\/fr\/#organization","name":"Schweizerischer B\u00e4cker-Confiseurmeister-Verband","url":"https:\/\/swissbaker.ch\/fr\/","logo":{"@type":"ImageObject","inLanguage":"fr-FR","@id":"https:\/\/swissbaker.ch\/fr\/#\/schema\/logo\/image\/","url":"https:\/\/swissbaker.ch\/wp-content\/uploads\/2022\/04\/sbc-logo-yoast.jpg","contentUrl":"https:\/\/swissbaker.ch\/wp-content\/uploads\/2022\/04\/sbc-logo-yoast.jpg","width":512,"height":512,"caption":"Schweizerischer B\u00e4cker-Confiseurmeister-Verband"},"image":{"@id":"https:\/\/swissbaker.ch\/fr\/#\/schema\/logo\/image\/"},"sameAs":["https:\/\/www.facebook.com\/swissbaker.ch","https:\/\/x.com\/ch_swissbaker"]},{"@type":"Person","@id":"https:\/\/swissbaker.ch\/fr\/#\/schema\/person\/74bd327b08c18ca6042c02ff6f0ed5e2","name":"Simon Nussbaum","image":{"@type":"ImageObject","inLanguage":"fr-FR","@id":"https:\/\/swissbaker.ch\/fr\/#\/schema\/person\/image\/","url":"https:\/\/secure.gravatar.com\/avatar\/df0eced3bb556c806cb760cf503ade1ed1df25b4104d80d6fd28d93a9509aa12?s=96&d=mm&r=g","contentUrl":"https:\/\/secure.gravatar.com\/avatar\/df0eced3bb556c806cb760cf503ade1ed1df25b4104d80d6fd28d93a9509aa12?s=96&d=mm&r=g","caption":"Simon Nussbaum"},"url":"https:\/\/swissbaker.ch\/fr\/panissimo-news\/author\/simon-nussbaum\/"}]}},"_links":{"self":[{"href":"https:\/\/swissbaker.ch\/fr\/wp-json\/wp\/v2\/posts\/121246","targetHints":{"allow":["GET"]}}],"collection":[{"href":"https:\/\/swissbaker.ch\/fr\/wp-json\/wp\/v2\/posts"}],"about":[{"href":"https:\/\/swissbaker.ch\/fr\/wp-json\/wp\/v2\/types\/post"}],"author":[{"embeddable":true,"href":"https:\/\/swissbaker.ch\/fr\/wp-json\/wp\/v2\/users\/5"}],"replies":[{"embeddable":true,"href":"https:\/\/swissbaker.ch\/fr\/wp-json\/wp\/v2\/comments?post=121246"}],"version-history":[{"count":0,"href":"https:\/\/swissbaker.ch\/fr\/wp-json\/wp\/v2\/posts\/121246\/revisions"}],"wp:featuredmedia":[{"embeddable":true,"href":"https:\/\/swissbaker.ch\/fr\/wp-json\/wp\/v2\/media\/121383"}],"wp:attachment":[{"href":"https:\/\/swissbaker.ch\/fr\/wp-json\/wp\/v2\/media?parent=121246"}],"wp:term":[{"taxonomy":"category","embeddable":true,"href":"https:\/\/swissbaker.ch\/fr\/wp-json\/wp\/v2\/categories?post=121246"},{"taxonomy":"post_tag","embeddable":true,"href":"https:\/\/swissbaker.ch\/fr\/wp-json\/wp\/v2\/tags?post=121246"}],"curies":[{"name":"wp","href":"https:\/\/api.w.org\/{rel}","templated":true}]}}