{"id":121078,"date":"2025-06-11T15:59:12","date_gmt":"2025-06-11T13:59:12","guid":{"rendered":"https:\/\/swissbaker.ch\/?p=121078"},"modified":"2025-06-11T16:00:18","modified_gmt":"2025-06-11T14:00:18","slug":"meme-pas-peur-vaste-debat","status":"publish","type":"post","link":"https:\/\/swissbaker.ch\/fr\/panissimo-news\/meme-pas-peur-vaste-debat\/","title":{"rendered":"M\u00eame pas peur, vaste d\u00e9bat!"},"content":{"rendered":"\n<p>Tout ceci part d\u2019une petite figurine achet\u00e9e \u00e0 une artisane en Alsace. C\u2019est l\u2019histoire du M\u00eame pas peur qui est faite d\u2019une petite figurine en plomb avec en son centre un grain. Vous allez me dire: \u00abMais de quoi veut parler notre chevalier?\u00bb Question l\u00e9gitime, il est vrai!<\/p>\n\n\n\n<p>Ce petit objet, qui para\u00eet anodin, ouvre pourtant de multiples pistes de r\u00e9flexions sur la peur ou nos peurs. Ceci va pourtant beaucoup plus loin avec la notion symbolique du grain qui se trouve en son centre. En effet, le M\u00eame pas peur, une fois la carapace de plomb enlev\u00e9e, lib\u00e8re le grain qui, jet\u00e9 en terre, va pouvoir dans le temps apporter la venue des merveilleux \u00e9pis. Mais il serait simpliste de s\u2019arr\u00eater \u00e0 cela naturellement.<\/p>\n\n\n\n<p>Cet objet nous indique le chemin pour chasser nos peurs et les d\u00e9passer, mais pour cela, il faut d\u00e9j\u00e0 les conna\u00eetre, sachant que les peurs g\u00e9n\u00e8rent les peurs et parfois paralysent les actions qui doivent servir \u00e0 les faire dispara\u00eetre. Chasser nos peurs n\u2019est certes pas simple, celles de nos capacit\u00e9s, celles des difficult\u00e9s, celles des d\u00e9cisions, celles des introspections et remises en question entre autres sont pourtant indispensables pour avancer. Chasser ses peurs et \u00e9valuer ce qu\u2019il y a \u00e0 faire pour qu\u2019elles disparaissent, c\u2019est oser remettre en question ses comp\u00e9tences, celles de son entreprise et de ceux qui la composent et se donner les moyens de lutter pour avancer avec des armes diverses et nos valeurs.<\/p>\n\n\n\n<p>Une fois tout cela fait des \u00e9clairages plus grands et des visions plus fortes vont vous permettre d\u2019affronter les d\u00e9fis de demain et ceux d\u2019aujourd\u2019hui avec une certitude qui permettra de dire: \u00abJe n\u2019ai m\u00eame pas peur.\u00bb L\u00e0, vous serez gagnant et il restera \u00e0 b\u00e2tir le futur en jetant le grain en terre celui de votre avenir qui va produire le plus bel \u00e9pi qui se nommera succ\u00e8s et r\u00e9ussites.<\/p>\n\n\n\n<p>Alors oui comme quoi une petite figurine peut ouvrir des chemins ceux de jeter les peurs.<br><\/p>\n\n\n\n<p class=\"has-text-align-right\"><em>Bernard Pignat, Chevalier d\u2019honneur<br>de la Confr\u00e9rie valaisanne des chevaliers du bon pain<\/em><\/p>\n\n\n\n<p><\/p>\n","protected":false},"excerpt":{"rendered":"<p>Tout ceci part d\u2019une petite figurine achet\u00e9e \u00e0 une artisane en Alsace. C\u2019est l\u2019histoire du M\u00eame pas peur qui est faite d\u2019une petite figurine en plomb avec en son centre un grain. Vous allez me dire: \u00abMais de quoi veut parler notre chevalier?\u00bb Question l\u00e9gitime, il est vrai! Ce petit objet, qui para\u00eet anodin, ouvre pourtant de multiples pistes de [&hellip;]<\/p>\n","protected":false},"author":5,"featured_media":118780,"comment_status":"closed","ping_status":"closed","sticky":false,"template":"","format":"standard","meta":{"_acf_changed":false,"footnotes":""},"categories":[39],"tags":[],"class_list":["post-121078","post","type-post","status-publish","format-standard","has-post-thumbnail","hentry","category-de-la-branche"],"acf":[],"yoast_head":"<!-- This site is optimized with the Yoast SEO Premium plugin v26.8 (Yoast SEO v26.8) - https:\/\/yoast.com\/product\/yoast-seo-premium-wordpress\/ -->\n<title>M\u00eame pas peur, vaste d\u00e9bat! | SBC<\/title>\n<meta name=\"robots\" content=\"index, follow, max-snippet:-1, max-image-preview:large, max-video-preview:-1\" \/>\n<link rel=\"canonical\" href=\"https:\/\/swissbaker.ch\/fr\/panissimo-news\/meme-pas-peur-vaste-debat\/\" \/>\n<meta property=\"og:locale\" content=\"fr_FR\" \/>\n<meta property=\"og:type\" content=\"article\" \/>\n<meta property=\"og:title\" content=\"M\u00eame pas peur, vaste d\u00e9bat!\" \/>\n<meta property=\"og:description\" content=\"Tout ceci part d\u2019une petite figurine achet\u00e9e \u00e0 une artisane en Alsace. C\u2019est l\u2019histoire du M\u00eame pas peur qui est faite d\u2019une petite figurine en plomb avec en son centre un grain. Vous allez me dire: \u00abMais de quoi veut parler notre chevalier?\u00bb Question l\u00e9gitime, il est vrai! Ce petit objet, qui para\u00eet anodin, ouvre pourtant de multiples pistes de [&hellip;]\" \/>\n<meta property=\"og:url\" content=\"https:\/\/swissbaker.ch\/fr\/panissimo-news\/meme-pas-peur-vaste-debat\/\" \/>\n<meta property=\"og:site_name\" content=\"SBC\" \/>\n<meta property=\"article:publisher\" content=\"https:\/\/www.facebook.com\/swissbaker.ch\" \/>\n<meta property=\"article:published_time\" content=\"2025-06-11T13:59:12+00:00\" \/>\n<meta property=\"article:modified_time\" content=\"2025-06-11T14:00:18+00:00\" \/>\n<meta property=\"og:image\" content=\"https:\/\/swissbaker.ch\/wp-content\/uploads\/2025\/03\/bernard_pignat_2025.jpg\" \/>\n\t<meta property=\"og:image:width\" content=\"1200\" \/>\n\t<meta property=\"og:image:height\" content=\"712\" \/>\n\t<meta property=\"og:image:type\" content=\"image\/jpeg\" \/>\n<meta name=\"author\" content=\"Simon Nussbaum\" \/>\n<meta name=\"twitter:card\" content=\"summary_large_image\" \/>\n<meta name=\"twitter:creator\" content=\"@ch_swissbaker\" \/>\n<meta name=\"twitter:site\" content=\"@ch_swissbaker\" \/>\n<meta name=\"twitter:label1\" content=\"Written by\" \/>\n\t<meta name=\"twitter:data1\" content=\"Simon Nussbaum\" \/>\n\t<meta name=\"twitter:label2\" content=\"Est. reading time\" \/>\n\t<meta name=\"twitter:data2\" content=\"2 minutes\" \/>\n<script type=\"application\/ld+json\" class=\"yoast-schema-graph\">{\"@context\":\"https:\/\/schema.org\",\"@graph\":[{\"@type\":\"Article\",\"@id\":\"https:\/\/swissbaker.ch\/fr\/panissimo-news\/meme-pas-peur-vaste-debat\/#article\",\"isPartOf\":{\"@id\":\"https:\/\/swissbaker.ch\/fr\/panissimo-news\/meme-pas-peur-vaste-debat\/\"},\"author\":{\"name\":\"Simon Nussbaum\",\"@id\":\"https:\/\/swissbaker.ch\/fr\/#\/schema\/person\/74bd327b08c18ca6042c02ff6f0ed5e2\"},\"headline\":\"M\u00eame pas peur, vaste d\u00e9bat!\",\"datePublished\":\"2025-06-11T13:59:12+00:00\",\"dateModified\":\"2025-06-11T14:00:18+00:00\",\"mainEntityOfPage\":{\"@id\":\"https:\/\/swissbaker.ch\/fr\/panissimo-news\/meme-pas-peur-vaste-debat\/\"},\"wordCount\":383,\"publisher\":{\"@id\":\"https:\/\/swissbaker.ch\/fr\/#organization\"},\"image\":{\"@id\":\"https:\/\/swissbaker.ch\/fr\/panissimo-news\/meme-pas-peur-vaste-debat\/#primaryimage\"},\"thumbnailUrl\":\"https:\/\/swissbaker.ch\/wp-content\/uploads\/2025\/03\/bernard_pignat_2025.jpg\",\"articleSection\":[\"De la branche\"],\"inLanguage\":\"fr-FR\"},{\"@type\":\"WebPage\",\"@id\":\"https:\/\/swissbaker.ch\/fr\/panissimo-news\/meme-pas-peur-vaste-debat\/\",\"url\":\"https:\/\/swissbaker.ch\/fr\/panissimo-news\/meme-pas-peur-vaste-debat\/\",\"name\":\"M\u00eame pas peur, vaste d\u00e9bat! | SBC\",\"isPartOf\":{\"@id\":\"https:\/\/swissbaker.ch\/fr\/#website\"},\"primaryImageOfPage\":{\"@id\":\"https:\/\/swissbaker.ch\/fr\/panissimo-news\/meme-pas-peur-vaste-debat\/#primaryimage\"},\"image\":{\"@id\":\"https:\/\/swissbaker.ch\/fr\/panissimo-news\/meme-pas-peur-vaste-debat\/#primaryimage\"},\"thumbnailUrl\":\"https:\/\/swissbaker.ch\/wp-content\/uploads\/2025\/03\/bernard_pignat_2025.jpg\",\"datePublished\":\"2025-06-11T13:59:12+00:00\",\"dateModified\":\"2025-06-11T14:00:18+00:00\",\"breadcrumb\":{\"@id\":\"https:\/\/swissbaker.ch\/fr\/panissimo-news\/meme-pas-peur-vaste-debat\/#breadcrumb\"},\"inLanguage\":\"fr-FR\",\"potentialAction\":[{\"@type\":\"ReadAction\",\"target\":[\"https:\/\/swissbaker.ch\/fr\/panissimo-news\/meme-pas-peur-vaste-debat\/\"]}]},{\"@type\":\"ImageObject\",\"inLanguage\":\"fr-FR\",\"@id\":\"https:\/\/swissbaker.ch\/fr\/panissimo-news\/meme-pas-peur-vaste-debat\/#primaryimage\",\"url\":\"https:\/\/swissbaker.ch\/wp-content\/uploads\/2025\/03\/bernard_pignat_2025.jpg\",\"contentUrl\":\"https:\/\/swissbaker.ch\/wp-content\/uploads\/2025\/03\/bernard_pignat_2025.jpg\",\"width\":1200,\"height\":712},{\"@type\":\"BreadcrumbList\",\"@id\":\"https:\/\/swissbaker.ch\/fr\/panissimo-news\/meme-pas-peur-vaste-debat\/#breadcrumb\",\"itemListElement\":[{\"@type\":\"ListItem\",\"position\":1,\"name\":\"\",\"item\":\"https:\/\/swissbaker.ch\/fr\/\"},{\"@type\":\"ListItem\",\"position\":2,\"name\":\"De la branche\",\"item\":\"https:\/\/swissbaker.ch\/fr\/panissimo-news\/category\/de-la-branche\/\"},{\"@type\":\"ListItem\",\"position\":3,\"name\":\"M\u00eame pas peur, vaste d\u00e9bat!\"}]},{\"@type\":\"WebSite\",\"@id\":\"https:\/\/swissbaker.ch\/fr\/#website\",\"url\":\"https:\/\/swissbaker.ch\/fr\/\",\"name\":\"SBC\",\"description\":\"\",\"publisher\":{\"@id\":\"https:\/\/swissbaker.ch\/fr\/#organization\"},\"potentialAction\":[{\"@type\":\"SearchAction\",\"target\":{\"@type\":\"EntryPoint\",\"urlTemplate\":\"https:\/\/swissbaker.ch\/fr\/?s={search_term_string}\"},\"query-input\":{\"@type\":\"PropertyValueSpecification\",\"valueRequired\":true,\"valueName\":\"search_term_string\"}}],\"inLanguage\":\"fr-FR\"},{\"@type\":\"Organization\",\"@id\":\"https:\/\/swissbaker.ch\/fr\/#organization\",\"name\":\"Schweizerischer B\u00e4cker-Confiseurmeister-Verband\",\"url\":\"https:\/\/swissbaker.ch\/fr\/\",\"logo\":{\"@type\":\"ImageObject\",\"inLanguage\":\"fr-FR\",\"@id\":\"https:\/\/swissbaker.ch\/fr\/#\/schema\/logo\/image\/\",\"url\":\"https:\/\/swissbaker.ch\/wp-content\/uploads\/2022\/04\/sbc-logo-yoast.jpg\",\"contentUrl\":\"https:\/\/swissbaker.ch\/wp-content\/uploads\/2022\/04\/sbc-logo-yoast.jpg\",\"width\":512,\"height\":512,\"caption\":\"Schweizerischer B\u00e4cker-Confiseurmeister-Verband\"},\"image\":{\"@id\":\"https:\/\/swissbaker.ch\/fr\/#\/schema\/logo\/image\/\"},\"sameAs\":[\"https:\/\/www.facebook.com\/swissbaker.ch\",\"https:\/\/x.com\/ch_swissbaker\"]},{\"@type\":\"Person\",\"@id\":\"https:\/\/swissbaker.ch\/fr\/#\/schema\/person\/74bd327b08c18ca6042c02ff6f0ed5e2\",\"name\":\"Simon Nussbaum\",\"image\":{\"@type\":\"ImageObject\",\"inLanguage\":\"fr-FR\",\"@id\":\"https:\/\/swissbaker.ch\/fr\/#\/schema\/person\/image\/\",\"url\":\"https:\/\/secure.gravatar.com\/avatar\/df0eced3bb556c806cb760cf503ade1ed1df25b4104d80d6fd28d93a9509aa12?s=96&d=mm&r=g\",\"contentUrl\":\"https:\/\/secure.gravatar.com\/avatar\/df0eced3bb556c806cb760cf503ade1ed1df25b4104d80d6fd28d93a9509aa12?s=96&d=mm&r=g\",\"caption\":\"Simon Nussbaum\"},\"url\":\"https:\/\/swissbaker.ch\/fr\/panissimo-news\/author\/simon-nussbaum\/\"}]}<\/script>\n<!-- \/ Yoast SEO Premium plugin. -->","yoast_head_json":{"title":"M\u00eame pas peur, vaste d\u00e9bat! | SBC","robots":{"index":"index","follow":"follow","max-snippet":"max-snippet:-1","max-image-preview":"max-image-preview:large","max-video-preview":"max-video-preview:-1"},"canonical":"https:\/\/swissbaker.ch\/fr\/panissimo-news\/meme-pas-peur-vaste-debat\/","og_locale":"fr_FR","og_type":"article","og_title":"M\u00eame pas peur, vaste d\u00e9bat!","og_description":"Tout ceci part d\u2019une petite figurine achet\u00e9e \u00e0 une artisane en Alsace. C\u2019est l\u2019histoire du M\u00eame pas peur qui est faite d\u2019une petite figurine en plomb avec en son centre un grain. Vous allez me dire: \u00abMais de quoi veut parler notre chevalier?\u00bb Question l\u00e9gitime, il est vrai! Ce petit objet, qui para\u00eet anodin, ouvre pourtant de multiples pistes de [&hellip;]","og_url":"https:\/\/swissbaker.ch\/fr\/panissimo-news\/meme-pas-peur-vaste-debat\/","og_site_name":"SBC","article_publisher":"https:\/\/www.facebook.com\/swissbaker.ch","article_published_time":"2025-06-11T13:59:12+00:00","article_modified_time":"2025-06-11T14:00:18+00:00","og_image":[{"width":1200,"height":712,"url":"https:\/\/swissbaker.ch\/wp-content\/uploads\/2025\/03\/bernard_pignat_2025.jpg","type":"image\/jpeg"}],"author":"Simon Nussbaum","twitter_card":"summary_large_image","twitter_creator":"@ch_swissbaker","twitter_site":"@ch_swissbaker","twitter_misc":{"Written by":"Simon Nussbaum","Est. reading time":"2 minutes"},"schema":{"@context":"https:\/\/schema.org","@graph":[{"@type":"Article","@id":"https:\/\/swissbaker.ch\/fr\/panissimo-news\/meme-pas-peur-vaste-debat\/#article","isPartOf":{"@id":"https:\/\/swissbaker.ch\/fr\/panissimo-news\/meme-pas-peur-vaste-debat\/"},"author":{"name":"Simon Nussbaum","@id":"https:\/\/swissbaker.ch\/fr\/#\/schema\/person\/74bd327b08c18ca6042c02ff6f0ed5e2"},"headline":"M\u00eame pas peur, vaste d\u00e9bat!","datePublished":"2025-06-11T13:59:12+00:00","dateModified":"2025-06-11T14:00:18+00:00","mainEntityOfPage":{"@id":"https:\/\/swissbaker.ch\/fr\/panissimo-news\/meme-pas-peur-vaste-debat\/"},"wordCount":383,"publisher":{"@id":"https:\/\/swissbaker.ch\/fr\/#organization"},"image":{"@id":"https:\/\/swissbaker.ch\/fr\/panissimo-news\/meme-pas-peur-vaste-debat\/#primaryimage"},"thumbnailUrl":"https:\/\/swissbaker.ch\/wp-content\/uploads\/2025\/03\/bernard_pignat_2025.jpg","articleSection":["De la branche"],"inLanguage":"fr-FR"},{"@type":"WebPage","@id":"https:\/\/swissbaker.ch\/fr\/panissimo-news\/meme-pas-peur-vaste-debat\/","url":"https:\/\/swissbaker.ch\/fr\/panissimo-news\/meme-pas-peur-vaste-debat\/","name":"M\u00eame pas peur, vaste d\u00e9bat! | SBC","isPartOf":{"@id":"https:\/\/swissbaker.ch\/fr\/#website"},"primaryImageOfPage":{"@id":"https:\/\/swissbaker.ch\/fr\/panissimo-news\/meme-pas-peur-vaste-debat\/#primaryimage"},"image":{"@id":"https:\/\/swissbaker.ch\/fr\/panissimo-news\/meme-pas-peur-vaste-debat\/#primaryimage"},"thumbnailUrl":"https:\/\/swissbaker.ch\/wp-content\/uploads\/2025\/03\/bernard_pignat_2025.jpg","datePublished":"2025-06-11T13:59:12+00:00","dateModified":"2025-06-11T14:00:18+00:00","breadcrumb":{"@id":"https:\/\/swissbaker.ch\/fr\/panissimo-news\/meme-pas-peur-vaste-debat\/#breadcrumb"},"inLanguage":"fr-FR","potentialAction":[{"@type":"ReadAction","target":["https:\/\/swissbaker.ch\/fr\/panissimo-news\/meme-pas-peur-vaste-debat\/"]}]},{"@type":"ImageObject","inLanguage":"fr-FR","@id":"https:\/\/swissbaker.ch\/fr\/panissimo-news\/meme-pas-peur-vaste-debat\/#primaryimage","url":"https:\/\/swissbaker.ch\/wp-content\/uploads\/2025\/03\/bernard_pignat_2025.jpg","contentUrl":"https:\/\/swissbaker.ch\/wp-content\/uploads\/2025\/03\/bernard_pignat_2025.jpg","width":1200,"height":712},{"@type":"BreadcrumbList","@id":"https:\/\/swissbaker.ch\/fr\/panissimo-news\/meme-pas-peur-vaste-debat\/#breadcrumb","itemListElement":[{"@type":"ListItem","position":1,"name":"","item":"https:\/\/swissbaker.ch\/fr\/"},{"@type":"ListItem","position":2,"name":"De la branche","item":"https:\/\/swissbaker.ch\/fr\/panissimo-news\/category\/de-la-branche\/"},{"@type":"ListItem","position":3,"name":"M\u00eame pas peur, vaste d\u00e9bat!"}]},{"@type":"WebSite","@id":"https:\/\/swissbaker.ch\/fr\/#website","url":"https:\/\/swissbaker.ch\/fr\/","name":"SBC","description":"","publisher":{"@id":"https:\/\/swissbaker.ch\/fr\/#organization"},"potentialAction":[{"@type":"SearchAction","target":{"@type":"EntryPoint","urlTemplate":"https:\/\/swissbaker.ch\/fr\/?s={search_term_string}"},"query-input":{"@type":"PropertyValueSpecification","valueRequired":true,"valueName":"search_term_string"}}],"inLanguage":"fr-FR"},{"@type":"Organization","@id":"https:\/\/swissbaker.ch\/fr\/#organization","name":"Schweizerischer B\u00e4cker-Confiseurmeister-Verband","url":"https:\/\/swissbaker.ch\/fr\/","logo":{"@type":"ImageObject","inLanguage":"fr-FR","@id":"https:\/\/swissbaker.ch\/fr\/#\/schema\/logo\/image\/","url":"https:\/\/swissbaker.ch\/wp-content\/uploads\/2022\/04\/sbc-logo-yoast.jpg","contentUrl":"https:\/\/swissbaker.ch\/wp-content\/uploads\/2022\/04\/sbc-logo-yoast.jpg","width":512,"height":512,"caption":"Schweizerischer B\u00e4cker-Confiseurmeister-Verband"},"image":{"@id":"https:\/\/swissbaker.ch\/fr\/#\/schema\/logo\/image\/"},"sameAs":["https:\/\/www.facebook.com\/swissbaker.ch","https:\/\/x.com\/ch_swissbaker"]},{"@type":"Person","@id":"https:\/\/swissbaker.ch\/fr\/#\/schema\/person\/74bd327b08c18ca6042c02ff6f0ed5e2","name":"Simon Nussbaum","image":{"@type":"ImageObject","inLanguage":"fr-FR","@id":"https:\/\/swissbaker.ch\/fr\/#\/schema\/person\/image\/","url":"https:\/\/secure.gravatar.com\/avatar\/df0eced3bb556c806cb760cf503ade1ed1df25b4104d80d6fd28d93a9509aa12?s=96&d=mm&r=g","contentUrl":"https:\/\/secure.gravatar.com\/avatar\/df0eced3bb556c806cb760cf503ade1ed1df25b4104d80d6fd28d93a9509aa12?s=96&d=mm&r=g","caption":"Simon Nussbaum"},"url":"https:\/\/swissbaker.ch\/fr\/panissimo-news\/author\/simon-nussbaum\/"}]}},"_links":{"self":[{"href":"https:\/\/swissbaker.ch\/fr\/wp-json\/wp\/v2\/posts\/121078","targetHints":{"allow":["GET"]}}],"collection":[{"href":"https:\/\/swissbaker.ch\/fr\/wp-json\/wp\/v2\/posts"}],"about":[{"href":"https:\/\/swissbaker.ch\/fr\/wp-json\/wp\/v2\/types\/post"}],"author":[{"embeddable":true,"href":"https:\/\/swissbaker.ch\/fr\/wp-json\/wp\/v2\/users\/5"}],"replies":[{"embeddable":true,"href":"https:\/\/swissbaker.ch\/fr\/wp-json\/wp\/v2\/comments?post=121078"}],"version-history":[{"count":0,"href":"https:\/\/swissbaker.ch\/fr\/wp-json\/wp\/v2\/posts\/121078\/revisions"}],"wp:featuredmedia":[{"embeddable":true,"href":"https:\/\/swissbaker.ch\/fr\/wp-json\/wp\/v2\/media\/118780"}],"wp:attachment":[{"href":"https:\/\/swissbaker.ch\/fr\/wp-json\/wp\/v2\/media?parent=121078"}],"wp:term":[{"taxonomy":"category","embeddable":true,"href":"https:\/\/swissbaker.ch\/fr\/wp-json\/wp\/v2\/categories?post=121078"},{"taxonomy":"post_tag","embeddable":true,"href":"https:\/\/swissbaker.ch\/fr\/wp-json\/wp\/v2\/tags?post=121078"}],"curies":[{"name":"wp","href":"https:\/\/api.w.org\/{rel}","templated":true}]}}